{"id":91097,"date":"2022-06-13T01:19:00","date_gmt":"2022-06-13T06:19:00","guid":{"rendered":"https:\/\/lospoliticosveracruz.com.mx\/?p=91097"},"modified":"2022-06-12T23:10:17","modified_gmt":"2022-06-13T04:10:17","slug":"alcoholimetro","status":"publish","type":"post","link":"https:\/\/lospoliticosveracruz.com\/?p=91097","title":{"rendered":"Alcohol\u00edmetro"},"content":{"rendered":"\n<p><strong>Guadalupe H. Mar<br><\/strong><em>Mira Pol\u00edtica<\/em><\/p>\n\n\n\n<p>CONDUCTOR DESIGNADO \u2026 All\u00e1 en el municipio de Poza Rica de Hidalgo, zona petrolera de la zona norte del estado de Veracruz, donde una gran avenida \u2013 la 20- es la barra de cantina m\u00e1s grande de la ciudad, como lo es el bulevar \u201c\u00c1vila Camacho\u201d en la ciudad de Veracruz, las autoridades encargadas de la vialidad, as\u00ed como las de seguridad del gobierno del estado y el ayuntamiento, implementaron el operativo alcohol\u00edmetro desde el pasado jueves y al primero que detuvieron le aplicaron en principio una multa por 11 mil 75 pesos, a los que se sumar\u00e1n los gastos del corral\u00f3n.<\/p>\n\n\n\n<figure class=\"wp-block-image size-full\"><a href=\"https:\/\/lospoliticosveracruz.com.mx\/wp-content\/uploads\/2022\/05\/Seguro-Julio-Cerecedo.jpg\"><img decoding=\"async\" src=\"https:\/\/lospoliticosveracruz.com.mx\/wp-content\/uploads\/2022\/05\/Seguro-Julio-Cerecedo.jpg\" alt=\"\" class=\"wp-image-90414\"\/><\/a><\/figure>\n\n\n\n<p><br>Ya se hab\u00eda anunciado que el alcohol\u00edmetro se aplicar\u00eda en Poza Rica de Hidalgo, es m\u00e1s, se dijo el d\u00eda y la hora y aun as\u00ed los paisanos desafiaron a la autoridad.<br>Lo del alcohol\u00edmetro ya era inminente, pues no est\u00e1 usted para saberlo, pero Poza Rica, junto con Xalapa, Coatzacoalcos y Minatitl\u00e1n, son las ciudades de la entidad veracruzana con m\u00e1s accidentes automovil\u00edsticos provocados por el abuso de bebidas embriagantes.<br>En VeraBoca no cantan mal las rancheras, pero aqu\u00ed los motopatrulleros de Tr\u00e1nsito municipales que trabajan incansablemente y con alto sentido de la responsabilidad las 24 horas del d\u00eda, traen a raya a los conductores ebrios.<br>Con estos operativos se fomenta la campa\u00f1a de conductor designado o resignado, quien al final es el que mejor come.<br>ALGO QUIEREN \u2026 Hace unos d\u00edas el titular de la Secretar\u00eda de Educaci\u00f3n de Veracruz (SEV), el maestro en Ciencias de la Educaci\u00f3n y doctor Honoris Causa, dio a conocer que estaba muy contento porque \u00bfqu\u00e9 creen amables lectores?, la empresa Constellation Brands, que se instalar\u00e1 en el municipio porte\u00f1o que gobierna la panperredista Patricia Lobeira Rodr\u00edguez, anunci\u00f3 que entregar\u00e1 500 becas a estudiantes de educaci\u00f3n media superior y superior de esta regi\u00f3n.<br>\u201cConstellation Brands\u201d, empresa fabricante de las cervezas Corona, Modelo Especial, Negra Modelo, Pac\u00edfico, que se destinan para la exportaci\u00f3n, o sea, los mercados internacionales, invertir\u00eda mil 300 millones de d\u00f3lares en este proyecto que originalmente se desarrollaba en Mexicali, Baja California, pero desisti\u00f3 porque los habitantes de aquella regi\u00f3n la rechazaron por la simple y sencilla raz\u00f3n de que los dejar\u00eda sin suministro de agua.<br>Por ello y en agradecimiento porque los veracruzanos le daremos agua de la que nos sobra, a decir de los gobernantes federal y estatal, otorgar\u00e1 500 becas mejores de las de \u201cBienestar\u201d, porque ser\u00e1n tambi\u00e9n para manutenci\u00f3n.<br>Tanta bondad inquieta \u00bfo no?<br>SE VE, SE SIENTE \u2026 Muy bien por el din\u00e1mico Jos\u00e9 Uriel Rosas Mart\u00ednez, presidente del Club de Periodistas de M\u00e9xico Delegaci\u00f3n Veracruz, quien, por varias d\u00e9cadas, ya m\u00e1s de cuatro, ha organizado en la ciudad de Xalapa los convivios y entrega de reconocimientos a comunicadores de la entidad veracruzana.<br>En el evento de este a\u00f1o, Rosas Mart\u00ednez cont\u00f3 con la asistencia de Jes\u00fas Ram\u00edrez Cuevas, Coordinador General de Comunicaci\u00f3n Social del Gobierno de la Rep\u00fablica y vocero del presidente Andr\u00e9s Manuel L\u00f3pez Obrador.<br>El foro ah\u00ed estuvo, al igual que la excelente oportunidad para tender puentes, sin embargo y como dec\u00eda la abuela Nila, no hay peor ciego, que el que no quiere ver.<br>D\u00cdGALO SIN MIEDO I \u2026 A la ya conocida problem\u00e1tica que enfrenta la Fiscal\u00eda General del Estado de Veracruz (FGEVER), se suma la que generan sus propios integrantes que como en la \u00e9poca de los neoliberales y conservadores procuran hacer justicia a modo cuando se trata de asuntos personales.<br>Aqu\u00ed en la zona conurbada Veracruz \u2013 Boca del R\u00edo, el martes pasado se sucedi\u00f3 una acalorada ri\u00f1a entre dos se\u00f1oras, luego de un percance vehicular, asunto que bien pudieron haber resuelto los representantes de las aseguradoras y los abogados de cada una de ellas.<br>Sin embargo, una de las rijosas result\u00f3 estar emparentada con un fiscal de la FGEVER en VeraBoca, quien dispuso que fuera arrestada la otra se\u00f1ora, aislada en los separos policiacos, ante el reclamo de sus contrapartes de la polic\u00eda preventiva, pues los protocolos indican que, en caso de ri\u00f1a, se arresta a los presuntamente afectados, agresores y viceversa.<br>Ante tal arbitrariedad, la se\u00f1ora que fue arrestada en tanto la otra persona era escudada por su fiscal en casa, present\u00f3 la demanda con n\u00famero de carpeta de investigaci\u00f3n 826\/2022, confiando que la procuraci\u00f3n de justicia sea eso, justa y no como en los tiempos pasados. Aguas.<br>D\u00cdGALO SIN MIEDO \u2026 Al correo electr\u00f3nico guadalupehmar@yahoo.com<\/p>\n","protected":false},"excerpt":{"rendered":"<p>Guadalupe H. MarMira Pol\u00edtica CONDUCTOR DESIGNADO \u2026 All\u00e1 en el municipio de Poza Rica de Hidalgo, zona petrolera de la zona norte del estado de Veracruz, donde una gran avenida \u2013 la 20- es la barra de cantina m\u00e1s grande de la ciudad, como lo es el bulevar \u201c\u00c1vila Camacho\u201d en la ciudad de Veracruz, [&hellip;]<\/p>\n","protected":false},"author":2,"featured_media":0,"comment_status":"closed","ping_status":"closed","sticky":false,"template":"","format":"standard","meta":{"tdm_status":"","tdm_grid_status":"","footnotes":""},"categories":[70],"tags":[17316,24159,18453,33675,28179,2432,33674],"class_list":{"0":"post-91097","1":"post","2":"type-post","3":"status-publish","4":"format-standard","6":"category-de-opinion","7":"tag-constellation-brands","8":"tag-fiscalia-general-del-estado-de-veracruz","9":"tag-jesus-ramirez-cuevas","10":"tag-jose-uriel-rosas-martinez","11":"tag-patricia-lobeira-rodriguez","12":"tag-secretaria-de-educacion-de-veracruz","13":"tag-transito-municipal-2"},"yoast_head":"<!-- This site is optimized with the Yoast SEO plugin v27.4 - https:\/\/yoast.com\/product\/yoast-seo-wordpress\/ -->\n<title>Alcohol\u00edmetro - Los pol\u00edticos Veracruz<\/title>\n<meta name=\"robots\" content=\"index, follow, max-snippet:-1, max-image-preview:large, max-video-preview:-1\" \/>\n<link rel=\"canonical\" href=\"https:\/\/lospoliticosveracruz.com\/?p=91097\" \/>\n<meta property=\"og:locale\" content=\"es_ES\" \/>\n<meta property=\"og:type\" content=\"article\" \/>\n<meta property=\"og:title\" content=\"Alcohol\u00edmetro - Los pol\u00edticos Veracruz\" \/>\n<meta property=\"og:description\" content=\"Guadalupe H. MarMira Pol\u00edtica CONDUCTOR DESIGNADO \u2026 All\u00e1 en el municipio de Poza Rica de Hidalgo, zona petrolera de la zona norte del estado de Veracruz, donde una gran avenida \u2013 la 20- es la barra de cantina m\u00e1s grande de la ciudad, como lo es el bulevar \u201c\u00c1vila Camacho\u201d en la ciudad de Veracruz, [&hellip;]\" \/>\n<meta property=\"og:url\" content=\"https:\/\/lospoliticosveracruz.com\/?p=91097\" \/>\n<meta property=\"og:site_name\" content=\"Los pol\u00edticos Veracruz\" \/>\n<meta property=\"article:publisher\" content=\"https:\/\/www.facebook.com\/people\/Notimemes-de-los-Polticos\/61565672886568\/\" \/>\n<meta property=\"article:published_time\" content=\"2022-06-13T06:19:00+00:00\" \/>\n<meta property=\"og:image\" content=\"https:\/\/lospoliticosveracruz.com.mx\/wp-content\/uploads\/2022\/05\/Seguro-Julio-Cerecedo.jpg\" \/>\n<meta name=\"author\" content=\"Lo viste en Los Pol\u00edticos\" \/>\n<meta name=\"twitter:card\" content=\"summary_large_image\" \/>\n<meta name=\"twitter:creator\" content=\"@LosPoliticosVer\" \/>\n<meta name=\"twitter:site\" content=\"@LosPoliticosVer\" \/>\n<meta name=\"twitter:label1\" content=\"Escrito por\" \/>\n\t<meta name=\"twitter:data1\" content=\"Lo viste en Los Pol\u00edticos\" \/>\n\t<meta name=\"twitter:label2\" content=\"Tiempo de lectura\" \/>\n\t<meta name=\"twitter:data2\" content=\"4 minutos\" \/>\n<script type=\"application\/ld+json\" class=\"yoast-schema-graph\">{\"@context\":\"https:\\\/\\\/schema.org\",\"@graph\":[{\"@type\":\"Article\",\"@id\":\"https:\\\/\\\/lospoliticosveracruz.com\\\/?p=91097#article\",\"isPartOf\":{\"@id\":\"https:\\\/\\\/lospoliticosveracruz.com\\\/?p=91097\"},\"author\":{\"name\":\"Lo viste en Los Pol\u00edticos\",\"@id\":\"https:\\\/\\\/lospoliticosveracruz.com\\\/#\\\/schema\\\/person\\\/b8702bb0e538456e6efd07080bf2a4a2\"},\"headline\":\"Alcohol\u00edmetro\",\"datePublished\":\"2022-06-13T06:19:00+00:00\",\"mainEntityOfPage\":{\"@id\":\"https:\\\/\\\/lospoliticosveracruz.com\\\/?p=91097\"},\"wordCount\":791,\"publisher\":{\"@id\":\"https:\\\/\\\/lospoliticosveracruz.com\\\/#organization\"},\"image\":{\"@id\":\"https:\\\/\\\/lospoliticosveracruz.com\\\/?p=91097#primaryimage\"},\"thumbnailUrl\":\"https:\\\/\\\/lospoliticosveracruz.com.mx\\\/wp-content\\\/uploads\\\/2022\\\/05\\\/Seguro-Julio-Cerecedo.jpg\",\"keywords\":[\"Constellation Brands\",\"Fiscal\u00eda General del Estado de Veracruz\",\"Jes\u00fas Ram\u00edrez Cuevas\",\"Jos\u00e9 Uriel Rosas Mart\u00ednez\",\"Patricia Lobeira Rodr\u00edguez\",\"Secretar\u00eda de Educaci\u00f3n de Veracruz\",\"Transito municipal\"],\"articleSection\":[\"De Opini\u00f3n\"],\"inLanguage\":\"es\"},{\"@type\":\"WebPage\",\"@id\":\"https:\\\/\\\/lospoliticosveracruz.com\\\/?p=91097\",\"url\":\"https:\\\/\\\/lospoliticosveracruz.com\\\/?p=91097\",\"name\":\"Alcohol\u00edmetro - Los pol\u00edticos Veracruz\",\"isPartOf\":{\"@id\":\"https:\\\/\\\/lospoliticosveracruz.com\\\/#website\"},\"primaryImageOfPage\":{\"@id\":\"https:\\\/\\\/lospoliticosveracruz.com\\\/?p=91097#primaryimage\"},\"image\":{\"@id\":\"https:\\\/\\\/lospoliticosveracruz.com\\\/?p=91097#primaryimage\"},\"thumbnailUrl\":\"https:\\\/\\\/lospoliticosveracruz.com.mx\\\/wp-content\\\/uploads\\\/2022\\\/05\\\/Seguro-Julio-Cerecedo.jpg\",\"datePublished\":\"2022-06-13T06:19:00+00:00\",\"breadcrumb\":{\"@id\":\"https:\\\/\\\/lospoliticosveracruz.com\\\/?p=91097#breadcrumb\"},\"inLanguage\":\"es\",\"potentialAction\":[{\"@type\":\"ReadAction\",\"target\":[\"https:\\\/\\\/lospoliticosveracruz.com\\\/?p=91097\"]}]},{\"@type\":\"ImageObject\",\"inLanguage\":\"es\",\"@id\":\"https:\\\/\\\/lospoliticosveracruz.com\\\/?p=91097#primaryimage\",\"url\":\"https:\\\/\\\/lospoliticosveracruz.com.mx\\\/wp-content\\\/uploads\\\/2022\\\/05\\\/Seguro-Julio-Cerecedo.jpg\",\"contentUrl\":\"https:\\\/\\\/lospoliticosveracruz.com.mx\\\/wp-content\\\/uploads\\\/2022\\\/05\\\/Seguro-Julio-Cerecedo.jpg\"},{\"@type\":\"BreadcrumbList\",\"@id\":\"https:\\\/\\\/lospoliticosveracruz.com\\\/?p=91097#breadcrumb\",\"itemListElement\":[{\"@type\":\"ListItem\",\"position\":1,\"name\":\"Portada\",\"item\":\"https:\\\/\\\/lospoliticosveracruz.com\\\/\"},{\"@type\":\"ListItem\",\"position\":2,\"name\":\"Alcohol\u00edmetro\"}]},{\"@type\":\"WebSite\",\"@id\":\"https:\\\/\\\/lospoliticosveracruz.com\\\/#website\",\"url\":\"https:\\\/\\\/lospoliticosveracruz.com\\\/\",\"name\":\"Los pol\u00edticos Veracruz\",\"description\":\"\",\"publisher\":{\"@id\":\"https:\\\/\\\/lospoliticosveracruz.com\\\/#organization\"},\"potentialAction\":[{\"@type\":\"SearchAction\",\"target\":{\"@type\":\"EntryPoint\",\"urlTemplate\":\"https:\\\/\\\/lospoliticosveracruz.com\\\/?s={search_term_string}\"},\"query-input\":{\"@type\":\"PropertyValueSpecification\",\"valueRequired\":true,\"valueName\":\"search_term_string\"}}],\"inLanguage\":\"es\"},{\"@type\":\"Organization\",\"@id\":\"https:\\\/\\\/lospoliticosveracruz.com\\\/#organization\",\"name\":\"Los pol\u00edticos Veracruz\",\"url\":\"https:\\\/\\\/lospoliticosveracruz.com\\\/\",\"logo\":{\"@type\":\"ImageObject\",\"inLanguage\":\"es\",\"@id\":\"https:\\\/\\\/lospoliticosveracruz.com\\\/#\\\/schema\\\/logo\\\/image\\\/\",\"url\":\"https:\\\/\\\/lospoliticosveracruz.com\\\/wp-content\\\/uploads\\\/2025\\\/12\\\/Logo-Nuevo-LOS-POLITICOS-1.jpg\",\"contentUrl\":\"https:\\\/\\\/lospoliticosveracruz.com\\\/wp-content\\\/uploads\\\/2025\\\/12\\\/Logo-Nuevo-LOS-POLITICOS-1.jpg\",\"width\":260,\"height\":70,\"caption\":\"Los pol\u00edticos Veracruz\"},\"image\":{\"@id\":\"https:\\\/\\\/lospoliticosveracruz.com\\\/#\\\/schema\\\/logo\\\/image\\\/\"},\"sameAs\":[\"https:\\\/\\\/www.facebook.com\\\/people\\\/Notimemes-de-los-Polticos\\\/61565672886568\\\/\",\"https:\\\/\\\/x.com\\\/LosPoliticosVer\"]},{\"@type\":\"Person\",\"@id\":\"https:\\\/\\\/lospoliticosveracruz.com\\\/#\\\/schema\\\/person\\\/b8702bb0e538456e6efd07080bf2a4a2\",\"name\":\"Lo viste en Los Pol\u00edticos\",\"image\":{\"@type\":\"ImageObject\",\"inLanguage\":\"es\",\"@id\":\"https:\\\/\\\/secure.gravatar.com\\\/avatar\\\/3a8de04a2656d44082be478bd6c086daa447c4651605818287b9532d3d0bd435?s=96&d=mm&r=g\",\"url\":\"https:\\\/\\\/secure.gravatar.com\\\/avatar\\\/3a8de04a2656d44082be478bd6c086daa447c4651605818287b9532d3d0bd435?s=96&d=mm&r=g\",\"contentUrl\":\"https:\\\/\\\/secure.gravatar.com\\\/avatar\\\/3a8de04a2656d44082be478bd6c086daa447c4651605818287b9532d3d0bd435?s=96&d=mm&r=g\",\"caption\":\"Lo viste en Los Pol\u00edticos\"},\"url\":\"https:\\\/\\\/lospoliticosveracruz.com\\\/?author=2\"}]}<\/script>\n<!-- \/ Yoast SEO plugin. -->","yoast_head_json":{"title":"Alcohol\u00edmetro - Los pol\u00edticos Veracruz","robots":{"index":"index","follow":"follow","max-snippet":"max-snippet:-1","max-image-preview":"max-image-preview:large","max-video-preview":"max-video-preview:-1"},"canonical":"https:\/\/lospoliticosveracruz.com\/?p=91097","og_locale":"es_ES","og_type":"article","og_title":"Alcohol\u00edmetro - Los pol\u00edticos Veracruz","og_description":"Guadalupe H. MarMira Pol\u00edtica CONDUCTOR DESIGNADO \u2026 All\u00e1 en el municipio de Poza Rica de Hidalgo, zona petrolera de la zona norte del estado de Veracruz, donde una gran avenida \u2013 la 20- es la barra de cantina m\u00e1s grande de la ciudad, como lo es el bulevar \u201c\u00c1vila Camacho\u201d en la ciudad de Veracruz, [&hellip;]","og_url":"https:\/\/lospoliticosveracruz.com\/?p=91097","og_site_name":"Los pol\u00edticos Veracruz","article_publisher":"https:\/\/www.facebook.com\/people\/Notimemes-de-los-Polticos\/61565672886568\/","article_published_time":"2022-06-13T06:19:00+00:00","og_image":[{"url":"https:\/\/lospoliticosveracruz.com.mx\/wp-content\/uploads\/2022\/05\/Seguro-Julio-Cerecedo.jpg","type":"","width":"","height":""}],"author":"Lo viste en Los Pol\u00edticos","twitter_card":"summary_large_image","twitter_creator":"@LosPoliticosVer","twitter_site":"@LosPoliticosVer","twitter_misc":{"Escrito por":"Lo viste en Los Pol\u00edticos","Tiempo de lectura":"4 minutos"},"schema":{"@context":"https:\/\/schema.org","@graph":[{"@type":"Article","@id":"https:\/\/lospoliticosveracruz.com\/?p=91097#article","isPartOf":{"@id":"https:\/\/lospoliticosveracruz.com\/?p=91097"},"author":{"name":"Lo viste en Los Pol\u00edticos","@id":"https:\/\/lospoliticosveracruz.com\/#\/schema\/person\/b8702bb0e538456e6efd07080bf2a4a2"},"headline":"Alcohol\u00edmetro","datePublished":"2022-06-13T06:19:00+00:00","mainEntityOfPage":{"@id":"https:\/\/lospoliticosveracruz.com\/?p=91097"},"wordCount":791,"publisher":{"@id":"https:\/\/lospoliticosveracruz.com\/#organization"},"image":{"@id":"https:\/\/lospoliticosveracruz.com\/?p=91097#primaryimage"},"thumbnailUrl":"https:\/\/lospoliticosveracruz.com.mx\/wp-content\/uploads\/2022\/05\/Seguro-Julio-Cerecedo.jpg","keywords":["Constellation Brands","Fiscal\u00eda General del Estado de Veracruz","Jes\u00fas Ram\u00edrez Cuevas","Jos\u00e9 Uriel Rosas Mart\u00ednez","Patricia Lobeira Rodr\u00edguez","Secretar\u00eda de Educaci\u00f3n de Veracruz","Transito municipal"],"articleSection":["De Opini\u00f3n"],"inLanguage":"es"},{"@type":"WebPage","@id":"https:\/\/lospoliticosveracruz.com\/?p=91097","url":"https:\/\/lospoliticosveracruz.com\/?p=91097","name":"Alcohol\u00edmetro - Los pol\u00edticos Veracruz","isPartOf":{"@id":"https:\/\/lospoliticosveracruz.com\/#website"},"primaryImageOfPage":{"@id":"https:\/\/lospoliticosveracruz.com\/?p=91097#primaryimage"},"image":{"@id":"https:\/\/lospoliticosveracruz.com\/?p=91097#primaryimage"},"thumbnailUrl":"https:\/\/lospoliticosveracruz.com.mx\/wp-content\/uploads\/2022\/05\/Seguro-Julio-Cerecedo.jpg","datePublished":"2022-06-13T06:19:00+00:00","breadcrumb":{"@id":"https:\/\/lospoliticosveracruz.com\/?p=91097#breadcrumb"},"inLanguage":"es","potentialAction":[{"@type":"ReadAction","target":["https:\/\/lospoliticosveracruz.com\/?p=91097"]}]},{"@type":"ImageObject","inLanguage":"es","@id":"https:\/\/lospoliticosveracruz.com\/?p=91097#primaryimage","url":"https:\/\/lospoliticosveracruz.com.mx\/wp-content\/uploads\/2022\/05\/Seguro-Julio-Cerecedo.jpg","contentUrl":"https:\/\/lospoliticosveracruz.com.mx\/wp-content\/uploads\/2022\/05\/Seguro-Julio-Cerecedo.jpg"},{"@type":"BreadcrumbList","@id":"https:\/\/lospoliticosveracruz.com\/?p=91097#breadcrumb","itemListElement":[{"@type":"ListItem","position":1,"name":"Portada","item":"https:\/\/lospoliticosveracruz.com\/"},{"@type":"ListItem","position":2,"name":"Alcohol\u00edmetro"}]},{"@type":"WebSite","@id":"https:\/\/lospoliticosveracruz.com\/#website","url":"https:\/\/lospoliticosveracruz.com\/","name":"Los pol\u00edticos Veracruz","description":"","publisher":{"@id":"https:\/\/lospoliticosveracruz.com\/#organization"},"potentialAction":[{"@type":"SearchAction","target":{"@type":"EntryPoint","urlTemplate":"https:\/\/lospoliticosveracruz.com\/?s={search_term_string}"},"query-input":{"@type":"PropertyValueSpecification","valueRequired":true,"valueName":"search_term_string"}}],"inLanguage":"es"},{"@type":"Organization","@id":"https:\/\/lospoliticosveracruz.com\/#organization","name":"Los pol\u00edticos Veracruz","url":"https:\/\/lospoliticosveracruz.com\/","logo":{"@type":"ImageObject","inLanguage":"es","@id":"https:\/\/lospoliticosveracruz.com\/#\/schema\/logo\/image\/","url":"https:\/\/lospoliticosveracruz.com\/wp-content\/uploads\/2025\/12\/Logo-Nuevo-LOS-POLITICOS-1.jpg","contentUrl":"https:\/\/lospoliticosveracruz.com\/wp-content\/uploads\/2025\/12\/Logo-Nuevo-LOS-POLITICOS-1.jpg","width":260,"height":70,"caption":"Los pol\u00edticos Veracruz"},"image":{"@id":"https:\/\/lospoliticosveracruz.com\/#\/schema\/logo\/image\/"},"sameAs":["https:\/\/www.facebook.com\/people\/Notimemes-de-los-Polticos\/61565672886568\/","https:\/\/x.com\/LosPoliticosVer"]},{"@type":"Person","@id":"https:\/\/lospoliticosveracruz.com\/#\/schema\/person\/b8702bb0e538456e6efd07080bf2a4a2","name":"Lo viste en Los Pol\u00edticos","image":{"@type":"ImageObject","inLanguage":"es","@id":"https:\/\/secure.gravatar.com\/avatar\/3a8de04a2656d44082be478bd6c086daa447c4651605818287b9532d3d0bd435?s=96&d=mm&r=g","url":"https:\/\/secure.gravatar.com\/avatar\/3a8de04a2656d44082be478bd6c086daa447c4651605818287b9532d3d0bd435?s=96&d=mm&r=g","contentUrl":"https:\/\/secure.gravatar.com\/avatar\/3a8de04a2656d44082be478bd6c086daa447c4651605818287b9532d3d0bd435?s=96&d=mm&r=g","caption":"Lo viste en Los Pol\u00edticos"},"url":"https:\/\/lospoliticosveracruz.com\/?author=2"}]}},"_links":{"self":[{"href":"https:\/\/lospoliticosveracruz.com\/index.php?rest_route=\/wp\/v2\/posts\/91097","targetHints":{"allow":["GET"]}}],"collection":[{"href":"https:\/\/lospoliticosveracruz.com\/index.php?rest_route=\/wp\/v2\/posts"}],"about":[{"href":"https:\/\/lospoliticosveracruz.com\/index.php?rest_route=\/wp\/v2\/types\/post"}],"author":[{"embeddable":true,"href":"https:\/\/lospoliticosveracruz.com\/index.php?rest_route=\/wp\/v2\/users\/2"}],"replies":[{"embeddable":true,"href":"https:\/\/lospoliticosveracruz.com\/index.php?rest_route=%2Fwp%2Fv2%2Fcomments&post=91097"}],"version-history":[{"count":1,"href":"https:\/\/lospoliticosveracruz.com\/index.php?rest_route=\/wp\/v2\/posts\/91097\/revisions"}],"predecessor-version":[{"id":91101,"href":"https:\/\/lospoliticosveracruz.com\/index.php?rest_route=\/wp\/v2\/posts\/91097\/revisions\/91101"}],"wp:attachment":[{"href":"https:\/\/lospoliticosveracruz.com\/index.php?rest_route=%2Fwp%2Fv2%2Fmedia&parent=91097"}],"wp:term":[{"taxonomy":"category","embeddable":true,"href":"https:\/\/lospoliticosveracruz.com\/index.php?rest_route=%2Fwp%2Fv2%2Fcategories&post=91097"},{"taxonomy":"post_tag","embeddable":true,"href":"https:\/\/lospoliticosveracruz.com\/index.php?rest_route=%2Fwp%2Fv2%2Ftags&post=91097"}],"curies":[{"name":"wp","href":"https:\/\/api.w.org\/{rel}","templated":true}]}}