{"id":91106,"date":"2022-06-13T06:59:45","date_gmt":"2022-06-13T11:59:45","guid":{"rendered":"https:\/\/lospoliticosveracruz.com.mx\/?p=91106"},"modified":"2022-06-13T06:59:56","modified_gmt":"2022-06-13T11:59:56","slug":"sergio-y-adan","status":"publish","type":"post","link":"https:\/\/lospoliticosveracruz.com\/?p=91106","title":{"rendered":"Sergio y Ad\u00e1n"},"content":{"rendered":"\n<p><\/p>\n\n\n\n<p><br><strong>Ricardo Ch\u00faa<\/strong><br><em>Sale y Vale<\/em><\/p>\n\n\n\n<p>Ayer el evento de MORENA en Toluca, Estado de M\u00e9xico\u2026 Ha quedado claro qui\u00e9n la juega con qui\u00e9n\u2026 Y \u00abfuera m\u00e1scaras\u00bb\u2026 Tal como lo hizo Sergio Guti\u00e9rrez Luna, presidente de la Mesa Directiva de la c\u00e1mara de diputados federales, qui\u00e9n de manera abierta, ya trae puesta la \u00abcamiseta\u00bb del secretario de Gobernaci\u00f3n, Ad\u00e1n Augusto L\u00f3pez Hern\u00e1ndez, para que este sea el candidato Presidencial de los Morenos en la elecci\u00f3n federal del 2024\u2026 En abierto\u2026Esto, le va a traer conflictos \u00aben abierto\u00bb con MORENA en Veracruz\u2026<\/p>\n\n\n\n<figure class=\"wp-block-image size-full\"><a href=\"https:\/\/lospoliticosveracruz.com.mx\/wp-content\/uploads\/2022\/05\/Seguro-Julio-Cerecedo.jpg\"><img decoding=\"async\" src=\"https:\/\/lospoliticosveracruz.com.mx\/wp-content\/uploads\/2022\/05\/Seguro-Julio-Cerecedo.jpg\" alt=\"\" class=\"wp-image-90414\"\/><\/a><\/figure>\n\n\n\n<p>Sobre todo los Morenos, que son auspiciados por el Gobierno del Estado.. Debido a que el gobernador, Cuitl\u00e1huac Garc\u00eda, es un personaje que est\u00e1 en abierto a favor de la candidatura Presidencial de la Jefa de Gobierno de CDMX, Claudia Sheinbaum\u2026 Aqu\u00ed nadie podr\u00e1 decirse sorprendido\u2026 Cada uno ya tiene equipo\u2026 S\u00f3lo hay que esperar las \u00abpatadas debajo de la mesa\u00bb\u2026 Y a ver qui\u00e9n pierde y quien gana\u2026 En un a\u00f1o m\u00e1s o menos se sabr\u00e1, los que quedar\u00e1n fuera de la \u00abjugada\u00bb\u2026 AMEN<\/p>\n\n\n\n<p>EXCLUSIVA\u2026 ENCUESTAS, MORENA Y LOS YUNES \u00abAZULES\u00bb\u2026 Nos cuenta \u00abGarganta Profunda\u00bb que Palacio de Gobierno de Xalapa tienen una ENCUESTA que no han dado a conocer y qui\u00e9n sabe si la har\u00e1n p\u00fablica\u2026 Un sondeo hecho de manera formal, no inventada y que se\u00f1ala como se encuentran electoralmente aspirantes a gobernador y partidos pol\u00edticos, tanto MORENA como de oposici\u00f3n\u2026 Los resultados no son como lo pensaban\u2026 Un adversario que lo cre\u00edan \u00abfuera de la jugada\u00bb est\u00e1 de regreso y es del PAN\u2026<\/p>\n\n\n\n<p>Seg\u00fan \u00abGarganta Profunda\u00bb altos funcionarios estatales GRITABAN de alegr\u00eda cuando se enteraron que Roc\u00edo Nahle, la titular de SENER, hab\u00eda salido bien en 11 distritos electorales locales de 30 que hay en Veracruz\u2026 Y que Sergio Guti\u00e9rrez Luna, s\u00f3lo hab\u00eda ganado 2 demarcaciones, pero no estaba lejos de Nahle en los dem\u00e1s distritos\u2026 Pero con encuesta en manos\u2026 Desde Palacio de Gobierno podr\u00edan \u00abMANIPULAR\u00bb resultados y hacer ver al diputado federal como un aspirante de \u00abpoca fuerza\u00bb.. Las iban a \u00abmaquillar\u00bb\u2026<\/p>\n\n\n\n<p>Pero \u00abGarganta Profunda\u00bb se\u00f1al\u00f3 que en Palacio de Gobierno.. Se quedaron pasmados si publicaban la encuesta con todo y datos \u00abmaquilados\u00bb porque el sondeo les arroj\u00f3 un resultado que no esperaban y los puso a dudar\u2026 Y es que en, al menos, 14 distritos electorales locales de los 30\u2026 Miguel \u00c1ngel Yunes M\u00e1rquez, \u00abChiquiYunes\u00bb, qued\u00f3 bien posicionado\u2026 Y en 12 demarcaciones la sociedad le dio el PRIMER LUGAR en las encuestas\u2026 Por encima todos hasta de su hermano, Fernando Yunes\u2026 TOMALA<\/p>\n\n\n\n<p>Es decir, si quer\u00edan \u00abecharle encima la maquinaria\u00bb a Sergio Guti\u00e9rrez \u00abmaquillando\u00bb cifras y se\u00f1alando que todo el poder pol\u00edtico de MORENA estaba con Nahle para la gubernatura\u2026 Lo pensaron porque no se esperaron, que la encuesta arrojara el dato que \u00abChiquiYunes\u00bb en 14 distritos est\u00e1 muy poderoso y en su mayor\u00eda por encima de los Morenos\u2026 Algo natural si s\u00f3lo recuerdan que Yunes M\u00e1rquez en 2018, obtuvo un mill\u00f3n 400 mil votos con todo y efecto de Andr\u00e9s Manuel L\u00f3pez Obrador en Veracruz\u2026 As\u00ed que raro, no lo es\u2026<\/p>\n\n\n\n<p>As\u00ed que si quer\u00edan \u00abfiltrar\u00bb la encuesta donde \u00absupuestamente\u00bb Guti\u00e9rrez Luna s\u00f3lo gana 2 distritos\u2026 Roc\u00edo Nahle junto con Ricardo Ahued, cada uno gana 11 distritos.. Dejando supuestamente a Miguel Yunes ganar 6 distritos.. Cuando \u00abGarganta Profunda\u00bb se\u00f1ala Yunes gan\u00f3 5 m\u00e1s\u2026 Lo van a pensar antes de lanzarla\u2026 Ya que no saben si ser\u00eda contraproducente, ya que donde se hace el problema es la INTENCI\u00d3N DE VOTO por partido pol\u00edtico\u2026 Ah\u00ed MORENA se va muy por ARRIBA de los dem\u00e1s\u2026Pero hacerlo es un albur\u2026<\/p>\n\n\n\n<p>Con la encuesta quer\u00edan \u00abpart\u00edrsela\u00bb al Minatitleco dentro de MORENA\u2026 Pero nunca pensaron que Yunes junior saliera bien posicionado\u2026 Sobre todo en la zona norte y centro del Estado\u2026 Ah\u00ed le fue muy mal a Roc\u00edo Nahle\u2026 Pero le va bien como partido a los Morenos.. El otro asunto fue que a Ricardo Ahued le va bien pero como candidato sin partido\u2026 Con MORENA identifican m\u00e1s a Nahle\u2026 Pero en Palacio de Gobierno digan lo que digan no quieren al \u00abRey del Pl\u00e1stico\u00bb\u2026 Le hacen \u00abfuchi\u00bb\u2026<\/p>\n\n\n\n<p>Donde Roc\u00edo Nahle trae fuerza es en el sur de la entidad\u2026 Esta bien posicionada pero eso no garantiza triunfo\u2026 M\u00e1s con la fuerza que sali\u00f3 Miguel Yunes junior en el sondeo\u2026 Eso es lo preocupante\u2026Ya que si Dante Delgado y Movimiento Ciudadano logran convencer a Ricardo Ahued o Yunes que se vaya de su candidato\u2026 PARTE A MORENA\u2026 Y sin Sergio Guti\u00e9rrez como opci\u00f3n real dentro de los Morenos\u2026 Ser\u00e1 un hecho que Cuitl\u00e1huac le entregar\u00eda el poder a Los Yunes Azules y al PAN\u2026 6 a\u00f1os despu\u00e9s\u2026 QUI\u00c9N DIR\u00cdA\u2026<\/p>\n\n\n\n<p>As\u00ed que Cuitl\u00e1huac sabe que los Yunes no est\u00e1n \u00abmuertos\u00bb pol\u00edticamente\u2026 La sociedad los trae\u2026 Si le cierran el paso a Sergio Guti\u00e9rrez y Ricardo Ahued se puede venir un \u00abCISMA\u00bb en MORENA.. M\u00e1s si la oposici\u00f3n (PAN, PRD, PAN) junto con MC los hacen candidatos porque, entonces, no habr\u00eda duda que con Ricardo, Sergio o Miguel \u00abarrasar\u00edan\u00bb la elecci\u00f3n a gobernador\u2026 Dante no se equivocar\u00eda si se lleva a uno de estos tres de candidato\u2026 Y Cuitl\u00e1huac, lo sabe\u2026 \u00bfQU\u00c9 HAR\u00c1?\u2026 Se aferrar\u00e1 a Roc\u00edo o PACTA con Sergio\u2026 AMEN\u2026<\/p>\n\n\n\n<p>OJO\u2026 Esta encuesta, dice \u00abGarganta Profunda\u00bb, queda m\u00e1s clara para Veracruz, si se dan cuenta que ayer en Toluca\u2026 Qui\u00e9n gan\u00f3 la plaza para la candidatura Presidencial del 2024 fue Marcelo Ebrard\u2026 Hizo una movilizaci\u00f3n \u00abcabrona\u00bb, lo que nunca hab\u00eda hecho y respondi\u00f3 a los ataques hechos en su contra por Claudia Sheinbaum\u2026 Que trat\u00f3 de \u00abDESCARRILARLO\u00bb\u2026 Pero ayer no pudo\u2026 Y Claudia junto con Cuitl\u00e1huac apoyan a Roc\u00edo Nahle para Veracruz\u2026 Ah\u00ed el dilema si el candidato Presidencial es Ebrard\u2026<\/p>\n\n\n\n<p>Ayer Marcelo \u00abaplast\u00f3\u00bb a la Sheinbaum que fue \u00abborrada\u00bb en EDOMEX\u2026 Ad\u00e1n Augusto quiso hacer lo mismo, pero se qued\u00f3 corto y Ricardo Monreal muy inteligente no fue por su evento con su hermano, David Monreal, gobernador de Zacatecas, en CDMX\u2026 Pero el zacatecano sabe muy bien de tiempos y trae un 14 por ciento de aceptaci\u00f3n en MORENA, a pesar que no tiene la aprobaci\u00f3n de Palacio Nacional aun as\u00ed est\u00e1 \u00abca\u00f1\u00f3n\u00bb\u2026 No est\u00e1 \u00abmuerto\u00bb\u2026 Y eso no le conviene a Claudia, Nahle y Cuitl\u00e1hauc\u2026 EL QUE ENTENDI\u00d3, ENTENDI\u00d3\u2026 TAN\u2026 TAN\u2026<\/p>\n","protected":false},"excerpt":{"rendered":"<p>Ricardo Ch\u00faaSale y Vale Ayer el evento de MORENA en Toluca, Estado de M\u00e9xico\u2026 Ha quedado claro qui\u00e9n la juega con qui\u00e9n\u2026 Y \u00abfuera m\u00e1scaras\u00bb\u2026 Tal como lo hizo Sergio Guti\u00e9rrez Luna, presidente de la Mesa Directiva de la c\u00e1mara de diputados federales, qui\u00e9n de manera abierta, ya trae puesta la \u00abcamiseta\u00bb del secretario de [&hellip;]<\/p>\n","protected":false},"author":2,"featured_media":0,"comment_status":"closed","ping_status":"closed","sticky":false,"template":"","format":"standard","meta":{"tdm_status":"","tdm_grid_status":"","footnotes":""},"categories":[70],"tags":[9627,1563,14703,536,1026,2812,31833,3578,16147,195],"class_list":{"0":"post-91106","1":"post","2":"type-post","3":"status-publish","4":"format-standard","6":"category-de-opinion","7":"tag-claudia-sheinbaum","8":"tag-cuitlahuac-garcia-jimenez","9":"tag-marcelo-ebrard","10":"tag-miguel-angel-yunes-marquez","11":"tag-morena","12":"tag-ricardo-ahued-bardahuil","13":"tag-ricardo-chua-agama","14":"tag-rocio-nahle","15":"tag-sergio-gutierrez-luna","16":"tag-veracruz"},"yoast_head":"<!-- This site is optimized with the Yoast SEO plugin v27.4 - https:\/\/yoast.com\/product\/yoast-seo-wordpress\/ -->\n<title>Sergio y Ad\u00e1n - Los pol\u00edticos Veracruz<\/title>\n<meta name=\"robots\" content=\"index, follow, max-snippet:-1, max-image-preview:large, max-video-preview:-1\" \/>\n<link rel=\"canonical\" href=\"https:\/\/lospoliticosveracruz.com\/?p=91106\" \/>\n<meta property=\"og:locale\" content=\"es_ES\" \/>\n<meta property=\"og:type\" content=\"article\" \/>\n<meta property=\"og:title\" content=\"Sergio y Ad\u00e1n - Los pol\u00edticos Veracruz\" \/>\n<meta property=\"og:description\" content=\"Ricardo Ch\u00faaSale y Vale Ayer el evento de MORENA en Toluca, Estado de M\u00e9xico\u2026 Ha quedado claro qui\u00e9n la juega con qui\u00e9n\u2026 Y \u00abfuera m\u00e1scaras\u00bb\u2026 Tal como lo hizo Sergio Guti\u00e9rrez Luna, presidente de la Mesa Directiva de la c\u00e1mara de diputados federales, qui\u00e9n de manera abierta, ya trae puesta la \u00abcamiseta\u00bb del secretario de [&hellip;]\" \/>\n<meta property=\"og:url\" content=\"https:\/\/lospoliticosveracruz.com\/?p=91106\" \/>\n<meta property=\"og:site_name\" content=\"Los pol\u00edticos Veracruz\" \/>\n<meta property=\"article:publisher\" content=\"https:\/\/www.facebook.com\/people\/Notimemes-de-los-Polticos\/61565672886568\/\" \/>\n<meta property=\"article:published_time\" content=\"2022-06-13T11:59:45+00:00\" \/>\n<meta property=\"article:modified_time\" content=\"2022-06-13T11:59:56+00:00\" \/>\n<meta property=\"og:image\" content=\"https:\/\/lospoliticosveracruz.com.mx\/wp-content\/uploads\/2022\/05\/Seguro-Julio-Cerecedo.jpg\" \/>\n<meta name=\"author\" content=\"Lo viste en Los Pol\u00edticos\" \/>\n<meta name=\"twitter:card\" content=\"summary_large_image\" \/>\n<meta name=\"twitter:creator\" content=\"@LosPoliticosVer\" \/>\n<meta name=\"twitter:site\" content=\"@LosPoliticosVer\" \/>\n<meta name=\"twitter:label1\" content=\"Escrito por\" \/>\n\t<meta name=\"twitter:data1\" content=\"Lo viste en Los Pol\u00edticos\" \/>\n\t<meta name=\"twitter:label2\" content=\"Tiempo de lectura\" \/>\n\t<meta name=\"twitter:data2\" content=\"6 minutos\" \/>\n<script type=\"application\/ld+json\" class=\"yoast-schema-graph\">{\"@context\":\"https:\\\/\\\/schema.org\",\"@graph\":[{\"@type\":\"Article\",\"@id\":\"https:\\\/\\\/lospoliticosveracruz.com\\\/?p=91106#article\",\"isPartOf\":{\"@id\":\"https:\\\/\\\/lospoliticosveracruz.com\\\/?p=91106\"},\"author\":{\"name\":\"Lo viste en Los Pol\u00edticos\",\"@id\":\"https:\\\/\\\/lospoliticosveracruz.com\\\/#\\\/schema\\\/person\\\/b8702bb0e538456e6efd07080bf2a4a2\"},\"headline\":\"Sergio y Ad\u00e1n\",\"datePublished\":\"2022-06-13T11:59:45+00:00\",\"dateModified\":\"2022-06-13T11:59:56+00:00\",\"mainEntityOfPage\":{\"@id\":\"https:\\\/\\\/lospoliticosveracruz.com\\\/?p=91106\"},\"wordCount\":1121,\"publisher\":{\"@id\":\"https:\\\/\\\/lospoliticosveracruz.com\\\/#organization\"},\"image\":{\"@id\":\"https:\\\/\\\/lospoliticosveracruz.com\\\/?p=91106#primaryimage\"},\"thumbnailUrl\":\"https:\\\/\\\/lospoliticosveracruz.com.mx\\\/wp-content\\\/uploads\\\/2022\\\/05\\\/Seguro-Julio-Cerecedo.jpg\",\"keywords\":[\"Claudia Sheinbaum\",\"Cuitl\u00e1huac Garc\u00eda Jim\u00e9nez\",\"Marcelo Ebrard\",\"Miguel \u00c1ngel Yunes M\u00e1rquez\",\"Morena\",\"Ricardo Ahued Bardahuil\",\"Ricardo Ch\u00faa Agama\",\"Roc\u00edo Nahle\",\"Sergio Guti\u00e9rrez Luna\",\"Veracruz\"],\"articleSection\":[\"De Opini\u00f3n\"],\"inLanguage\":\"es\"},{\"@type\":\"WebPage\",\"@id\":\"https:\\\/\\\/lospoliticosveracruz.com\\\/?p=91106\",\"url\":\"https:\\\/\\\/lospoliticosveracruz.com\\\/?p=91106\",\"name\":\"Sergio y Ad\u00e1n - Los pol\u00edticos Veracruz\",\"isPartOf\":{\"@id\":\"https:\\\/\\\/lospoliticosveracruz.com\\\/#website\"},\"primaryImageOfPage\":{\"@id\":\"https:\\\/\\\/lospoliticosveracruz.com\\\/?p=91106#primaryimage\"},\"image\":{\"@id\":\"https:\\\/\\\/lospoliticosveracruz.com\\\/?p=91106#primaryimage\"},\"thumbnailUrl\":\"https:\\\/\\\/lospoliticosveracruz.com.mx\\\/wp-content\\\/uploads\\\/2022\\\/05\\\/Seguro-Julio-Cerecedo.jpg\",\"datePublished\":\"2022-06-13T11:59:45+00:00\",\"dateModified\":\"2022-06-13T11:59:56+00:00\",\"breadcrumb\":{\"@id\":\"https:\\\/\\\/lospoliticosveracruz.com\\\/?p=91106#breadcrumb\"},\"inLanguage\":\"es\",\"potentialAction\":[{\"@type\":\"ReadAction\",\"target\":[\"https:\\\/\\\/lospoliticosveracruz.com\\\/?p=91106\"]}]},{\"@type\":\"ImageObject\",\"inLanguage\":\"es\",\"@id\":\"https:\\\/\\\/lospoliticosveracruz.com\\\/?p=91106#primaryimage\",\"url\":\"https:\\\/\\\/lospoliticosveracruz.com.mx\\\/wp-content\\\/uploads\\\/2022\\\/05\\\/Seguro-Julio-Cerecedo.jpg\",\"contentUrl\":\"https:\\\/\\\/lospoliticosveracruz.com.mx\\\/wp-content\\\/uploads\\\/2022\\\/05\\\/Seguro-Julio-Cerecedo.jpg\"},{\"@type\":\"BreadcrumbList\",\"@id\":\"https:\\\/\\\/lospoliticosveracruz.com\\\/?p=91106#breadcrumb\",\"itemListElement\":[{\"@type\":\"ListItem\",\"position\":1,\"name\":\"Portada\",\"item\":\"https:\\\/\\\/lospoliticosveracruz.com\\\/\"},{\"@type\":\"ListItem\",\"position\":2,\"name\":\"Sergio y Ad\u00e1n\"}]},{\"@type\":\"WebSite\",\"@id\":\"https:\\\/\\\/lospoliticosveracruz.com\\\/#website\",\"url\":\"https:\\\/\\\/lospoliticosveracruz.com\\\/\",\"name\":\"Los pol\u00edticos Veracruz\",\"description\":\"\",\"publisher\":{\"@id\":\"https:\\\/\\\/lospoliticosveracruz.com\\\/#organization\"},\"potentialAction\":[{\"@type\":\"SearchAction\",\"target\":{\"@type\":\"EntryPoint\",\"urlTemplate\":\"https:\\\/\\\/lospoliticosveracruz.com\\\/?s={search_term_string}\"},\"query-input\":{\"@type\":\"PropertyValueSpecification\",\"valueRequired\":true,\"valueName\":\"search_term_string\"}}],\"inLanguage\":\"es\"},{\"@type\":\"Organization\",\"@id\":\"https:\\\/\\\/lospoliticosveracruz.com\\\/#organization\",\"name\":\"Los pol\u00edticos Veracruz\",\"url\":\"https:\\\/\\\/lospoliticosveracruz.com\\\/\",\"logo\":{\"@type\":\"ImageObject\",\"inLanguage\":\"es\",\"@id\":\"https:\\\/\\\/lospoliticosveracruz.com\\\/#\\\/schema\\\/logo\\\/image\\\/\",\"url\":\"https:\\\/\\\/lospoliticosveracruz.com\\\/wp-content\\\/uploads\\\/2025\\\/12\\\/Logo-Nuevo-LOS-POLITICOS-1.jpg\",\"contentUrl\":\"https:\\\/\\\/lospoliticosveracruz.com\\\/wp-content\\\/uploads\\\/2025\\\/12\\\/Logo-Nuevo-LOS-POLITICOS-1.jpg\",\"width\":260,\"height\":70,\"caption\":\"Los pol\u00edticos Veracruz\"},\"image\":{\"@id\":\"https:\\\/\\\/lospoliticosveracruz.com\\\/#\\\/schema\\\/logo\\\/image\\\/\"},\"sameAs\":[\"https:\\\/\\\/www.facebook.com\\\/people\\\/Notimemes-de-los-Polticos\\\/61565672886568\\\/\",\"https:\\\/\\\/x.com\\\/LosPoliticosVer\"]},{\"@type\":\"Person\",\"@id\":\"https:\\\/\\\/lospoliticosveracruz.com\\\/#\\\/schema\\\/person\\\/b8702bb0e538456e6efd07080bf2a4a2\",\"name\":\"Lo viste en Los Pol\u00edticos\",\"image\":{\"@type\":\"ImageObject\",\"inLanguage\":\"es\",\"@id\":\"https:\\\/\\\/secure.gravatar.com\\\/avatar\\\/3a8de04a2656d44082be478bd6c086daa447c4651605818287b9532d3d0bd435?s=96&d=mm&r=g\",\"url\":\"https:\\\/\\\/secure.gravatar.com\\\/avatar\\\/3a8de04a2656d44082be478bd6c086daa447c4651605818287b9532d3d0bd435?s=96&d=mm&r=g\",\"contentUrl\":\"https:\\\/\\\/secure.gravatar.com\\\/avatar\\\/3a8de04a2656d44082be478bd6c086daa447c4651605818287b9532d3d0bd435?s=96&d=mm&r=g\",\"caption\":\"Lo viste en Los Pol\u00edticos\"},\"url\":\"https:\\\/\\\/lospoliticosveracruz.com\\\/?author=2\"}]}<\/script>\n<!-- \/ Yoast SEO plugin. -->","yoast_head_json":{"title":"Sergio y Ad\u00e1n - Los pol\u00edticos Veracruz","robots":{"index":"index","follow":"follow","max-snippet":"max-snippet:-1","max-image-preview":"max-image-preview:large","max-video-preview":"max-video-preview:-1"},"canonical":"https:\/\/lospoliticosveracruz.com\/?p=91106","og_locale":"es_ES","og_type":"article","og_title":"Sergio y Ad\u00e1n - Los pol\u00edticos Veracruz","og_description":"Ricardo Ch\u00faaSale y Vale Ayer el evento de MORENA en Toluca, Estado de M\u00e9xico\u2026 Ha quedado claro qui\u00e9n la juega con qui\u00e9n\u2026 Y \u00abfuera m\u00e1scaras\u00bb\u2026 Tal como lo hizo Sergio Guti\u00e9rrez Luna, presidente de la Mesa Directiva de la c\u00e1mara de diputados federales, qui\u00e9n de manera abierta, ya trae puesta la \u00abcamiseta\u00bb del secretario de [&hellip;]","og_url":"https:\/\/lospoliticosveracruz.com\/?p=91106","og_site_name":"Los pol\u00edticos Veracruz","article_publisher":"https:\/\/www.facebook.com\/people\/Notimemes-de-los-Polticos\/61565672886568\/","article_published_time":"2022-06-13T11:59:45+00:00","article_modified_time":"2022-06-13T11:59:56+00:00","og_image":[{"url":"https:\/\/lospoliticosveracruz.com.mx\/wp-content\/uploads\/2022\/05\/Seguro-Julio-Cerecedo.jpg","type":"","width":"","height":""}],"author":"Lo viste en Los Pol\u00edticos","twitter_card":"summary_large_image","twitter_creator":"@LosPoliticosVer","twitter_site":"@LosPoliticosVer","twitter_misc":{"Escrito por":"Lo viste en Los Pol\u00edticos","Tiempo de lectura":"6 minutos"},"schema":{"@context":"https:\/\/schema.org","@graph":[{"@type":"Article","@id":"https:\/\/lospoliticosveracruz.com\/?p=91106#article","isPartOf":{"@id":"https:\/\/lospoliticosveracruz.com\/?p=91106"},"author":{"name":"Lo viste en Los Pol\u00edticos","@id":"https:\/\/lospoliticosveracruz.com\/#\/schema\/person\/b8702bb0e538456e6efd07080bf2a4a2"},"headline":"Sergio y Ad\u00e1n","datePublished":"2022-06-13T11:59:45+00:00","dateModified":"2022-06-13T11:59:56+00:00","mainEntityOfPage":{"@id":"https:\/\/lospoliticosveracruz.com\/?p=91106"},"wordCount":1121,"publisher":{"@id":"https:\/\/lospoliticosveracruz.com\/#organization"},"image":{"@id":"https:\/\/lospoliticosveracruz.com\/?p=91106#primaryimage"},"thumbnailUrl":"https:\/\/lospoliticosveracruz.com.mx\/wp-content\/uploads\/2022\/05\/Seguro-Julio-Cerecedo.jpg","keywords":["Claudia Sheinbaum","Cuitl\u00e1huac Garc\u00eda Jim\u00e9nez","Marcelo Ebrard","Miguel \u00c1ngel Yunes M\u00e1rquez","Morena","Ricardo Ahued Bardahuil","Ricardo Ch\u00faa Agama","Roc\u00edo Nahle","Sergio Guti\u00e9rrez Luna","Veracruz"],"articleSection":["De Opini\u00f3n"],"inLanguage":"es"},{"@type":"WebPage","@id":"https:\/\/lospoliticosveracruz.com\/?p=91106","url":"https:\/\/lospoliticosveracruz.com\/?p=91106","name":"Sergio y Ad\u00e1n - Los pol\u00edticos Veracruz","isPartOf":{"@id":"https:\/\/lospoliticosveracruz.com\/#website"},"primaryImageOfPage":{"@id":"https:\/\/lospoliticosveracruz.com\/?p=91106#primaryimage"},"image":{"@id":"https:\/\/lospoliticosveracruz.com\/?p=91106#primaryimage"},"thumbnailUrl":"https:\/\/lospoliticosveracruz.com.mx\/wp-content\/uploads\/2022\/05\/Seguro-Julio-Cerecedo.jpg","datePublished":"2022-06-13T11:59:45+00:00","dateModified":"2022-06-13T11:59:56+00:00","breadcrumb":{"@id":"https:\/\/lospoliticosveracruz.com\/?p=91106#breadcrumb"},"inLanguage":"es","potentialAction":[{"@type":"ReadAction","target":["https:\/\/lospoliticosveracruz.com\/?p=91106"]}]},{"@type":"ImageObject","inLanguage":"es","@id":"https:\/\/lospoliticosveracruz.com\/?p=91106#primaryimage","url":"https:\/\/lospoliticosveracruz.com.mx\/wp-content\/uploads\/2022\/05\/Seguro-Julio-Cerecedo.jpg","contentUrl":"https:\/\/lospoliticosveracruz.com.mx\/wp-content\/uploads\/2022\/05\/Seguro-Julio-Cerecedo.jpg"},{"@type":"BreadcrumbList","@id":"https:\/\/lospoliticosveracruz.com\/?p=91106#breadcrumb","itemListElement":[{"@type":"ListItem","position":1,"name":"Portada","item":"https:\/\/lospoliticosveracruz.com\/"},{"@type":"ListItem","position":2,"name":"Sergio y Ad\u00e1n"}]},{"@type":"WebSite","@id":"https:\/\/lospoliticosveracruz.com\/#website","url":"https:\/\/lospoliticosveracruz.com\/","name":"Los pol\u00edticos Veracruz","description":"","publisher":{"@id":"https:\/\/lospoliticosveracruz.com\/#organization"},"potentialAction":[{"@type":"SearchAction","target":{"@type":"EntryPoint","urlTemplate":"https:\/\/lospoliticosveracruz.com\/?s={search_term_string}"},"query-input":{"@type":"PropertyValueSpecification","valueRequired":true,"valueName":"search_term_string"}}],"inLanguage":"es"},{"@type":"Organization","@id":"https:\/\/lospoliticosveracruz.com\/#organization","name":"Los pol\u00edticos Veracruz","url":"https:\/\/lospoliticosveracruz.com\/","logo":{"@type":"ImageObject","inLanguage":"es","@id":"https:\/\/lospoliticosveracruz.com\/#\/schema\/logo\/image\/","url":"https:\/\/lospoliticosveracruz.com\/wp-content\/uploads\/2025\/12\/Logo-Nuevo-LOS-POLITICOS-1.jpg","contentUrl":"https:\/\/lospoliticosveracruz.com\/wp-content\/uploads\/2025\/12\/Logo-Nuevo-LOS-POLITICOS-1.jpg","width":260,"height":70,"caption":"Los pol\u00edticos Veracruz"},"image":{"@id":"https:\/\/lospoliticosveracruz.com\/#\/schema\/logo\/image\/"},"sameAs":["https:\/\/www.facebook.com\/people\/Notimemes-de-los-Polticos\/61565672886568\/","https:\/\/x.com\/LosPoliticosVer"]},{"@type":"Person","@id":"https:\/\/lospoliticosveracruz.com\/#\/schema\/person\/b8702bb0e538456e6efd07080bf2a4a2","name":"Lo viste en Los Pol\u00edticos","image":{"@type":"ImageObject","inLanguage":"es","@id":"https:\/\/secure.gravatar.com\/avatar\/3a8de04a2656d44082be478bd6c086daa447c4651605818287b9532d3d0bd435?s=96&d=mm&r=g","url":"https:\/\/secure.gravatar.com\/avatar\/3a8de04a2656d44082be478bd6c086daa447c4651605818287b9532d3d0bd435?s=96&d=mm&r=g","contentUrl":"https:\/\/secure.gravatar.com\/avatar\/3a8de04a2656d44082be478bd6c086daa447c4651605818287b9532d3d0bd435?s=96&d=mm&r=g","caption":"Lo viste en Los Pol\u00edticos"},"url":"https:\/\/lospoliticosveracruz.com\/?author=2"}]}},"_links":{"self":[{"href":"https:\/\/lospoliticosveracruz.com\/index.php?rest_route=\/wp\/v2\/posts\/91106","targetHints":{"allow":["GET"]}}],"collection":[{"href":"https:\/\/lospoliticosveracruz.com\/index.php?rest_route=\/wp\/v2\/posts"}],"about":[{"href":"https:\/\/lospoliticosveracruz.com\/index.php?rest_route=\/wp\/v2\/types\/post"}],"author":[{"embeddable":true,"href":"https:\/\/lospoliticosveracruz.com\/index.php?rest_route=\/wp\/v2\/users\/2"}],"replies":[{"embeddable":true,"href":"https:\/\/lospoliticosveracruz.com\/index.php?rest_route=%2Fwp%2Fv2%2Fcomments&post=91106"}],"version-history":[{"count":1,"href":"https:\/\/lospoliticosveracruz.com\/index.php?rest_route=\/wp\/v2\/posts\/91106\/revisions"}],"predecessor-version":[{"id":91108,"href":"https:\/\/lospoliticosveracruz.com\/index.php?rest_route=\/wp\/v2\/posts\/91106\/revisions\/91108"}],"wp:attachment":[{"href":"https:\/\/lospoliticosveracruz.com\/index.php?rest_route=%2Fwp%2Fv2%2Fmedia&parent=91106"}],"wp:term":[{"taxonomy":"category","embeddable":true,"href":"https:\/\/lospoliticosveracruz.com\/index.php?rest_route=%2Fwp%2Fv2%2Fcategories&post=91106"},{"taxonomy":"post_tag","embeddable":true,"href":"https:\/\/lospoliticosveracruz.com\/index.php?rest_route=%2Fwp%2Fv2%2Ftags&post=91106"}],"curies":[{"name":"wp","href":"https:\/\/api.w.org\/{rel}","templated":true}]}}