{"id":91220,"date":"2022-06-15T09:01:34","date_gmt":"2022-06-15T14:01:34","guid":{"rendered":"https:\/\/lospoliticosveracruz.com.mx\/?p=91220"},"modified":"2022-06-15T09:01:41","modified_gmt":"2022-06-15T14:01:41","slug":"la-oposicion-y-sus-escenarios-rumbo-a-2024","status":"publish","type":"post","link":"https:\/\/lospoliticosveracruz.com\/?p=91220","title":{"rendered":"La oposici\u00f3n y sus escenarios rumbo a 2024"},"content":{"rendered":"\n<p><strong>Luis Alberto Romero<\/strong><\/p>\n\n\n\n<p><em>Hora cero<\/em><\/p>\n\n\n\n<p>En los comicios de 2018 para gobernador de Veracruz, la suma de los partidos opositores super\u00f3 el 53 por ciento de los sufragios totales; el abanderado de la coalici\u00f3n \u201cJuntos haremos historia\u201d, Cuitl\u00e1huac Garc\u00eda, gan\u00f3 la contienda con un resultado hist\u00f3rico: m\u00e1s de un mill\u00f3n 667 mil votos, 44.02 por ciento.<\/p>\n\n\n\n<p>Dividida, la oposici\u00f3n no tuvo posibilidad alguna y fue derrotada por el efecto L\u00f3pez Obrador, que pint\u00f3 de guinda Veracruz; fue la segunda alternancia en el estado en dos a\u00f1os.<\/p>\n\n\n\n<p>En menos de un lustro, la entidad veracruzana tuvo tres gobernadores de tres partidos diferentes: Javier Duarte, del PRI, Miguel \u00c1ngel Yunes, del PAN; y Cuitl\u00e1huac Garc\u00eda, de Morena.<\/p>\n\n\n\n<p>En la elecci\u00f3n anterior, la de 2016, no fue necesaria una gran alianza de fuerzas pol\u00edticas, dado que Yunes Linares se impuso sin mayores problemas; pero si se sumaran los votos de PAN, PRD, MC y PRI, esos partidos hubieran alcanzado el 65 por ciento; m\u00e1s de dos millones de votos, contando un mill\u00f3n 50 mil del panista; y 930 mil de H\u00e9ctor Yunes Landa, de la coalici\u00f3n \u201cPara mejorar Veracruz\u201d.<\/p>\n\n\n\n<p>Hoy, los partidos de oposici\u00f3n en Veracruz se encuentran en la disyuntiva de enfrentar separados las elecciones por la sucesi\u00f3n de 2024; o hacerlo en bloque contra Morena.<\/p>\n\n\n\n<p>La decisi\u00f3n, sin embargo, no quedar\u00e1 en manos de las dirigencias estatales de esos partidos, sino que ser\u00e1 producto de una negociaci\u00f3n nacional.<\/p>\n\n\n\n<p>El PRI llegar\u00e1 a esos acuerdos en su peor momento pol\u00edtico; la actual dirigencia nacional del partido, con Alejandro Moreno, ha perdido pr\u00e1cticamente todas las posiciones que ten\u00eda, salvo el estado de Durango, donde Esteban Villegas triunf\u00f3 por holgado margen.&nbsp;<\/p>\n\n\n\n<p>Tomando en cuenta los recientes resultados electorales, el PAN, principal fuerza opositora, llevar\u00eda mano en la selecci\u00f3n del candidato al gobierno estatal; dos cartas azules roban c\u00e1mara, el ex alcalde de puerto, Fernando Yunes M\u00e1rquez; y el senador Julen Rementer\u00eda.<\/p>\n\n\n\n<p>Sin embargo, como parte de una negociaci\u00f3n nacional no se podr\u00eda descartar que sea el Movimiento Ciudadano y no Acci\u00f3n Nacional el partido que postule al abanderado en la entidad; si ello ocurre, el ex gobernador Dante Delgado ser\u00e1 una voz determinante.&nbsp;<\/p>\n\n\n\n<p>Otro actor que podr\u00eda convertirse en protagonista es el diputado Jos\u00e9 Francisco Yunes, de las pocas cartas rescatables y de proyecci\u00f3n estatal que tiene el PRI. Alejado de la polarizaci\u00f3n y el esc\u00e1ndalo, Yunes Zorrilla ha dicho que sin importar si aparece o no en las boletas de 2024, est\u00e1 decidido a participar y sumarse al frente contra Morena.<\/p>\n\n\n\n<p>La oposici\u00f3n en Veracruz llegar\u00e1 disminuida a 2024.&nbsp; En la entidad, una de las cinco m\u00e1s importantes del pa\u00eds en t\u00e9rminos demogr\u00e1ficos y electorales, Morena inicia la carrera sucesoria con aparente ventaja.<\/p>\n\n\n\n<p>El primer reto de las fuerzas opositoras ser\u00e1 establecer una coalici\u00f3n y definir sus t\u00e9rminos; si los partidos no logran ponerse de acuerdo, sus posibilidades se diluir\u00e1n poco a poco, porque sin esa unidad les ser\u00e1 muy complicado competir con probabilidades de \u00e9xito contra un partido cuya principal fuerza est\u00e1 en Palacio Nacional. @luisromero85<\/p>\n","protected":false},"excerpt":{"rendered":"<p>Luis Alberto Romero Hora cero En los comicios de 2018 para gobernador de Veracruz, la suma de los partidos opositores super\u00f3 el 53 por ciento de los sufragios totales; el abanderado de la coalici\u00f3n \u201cJuntos haremos historia\u201d, Cuitl\u00e1huac Garc\u00eda, gan\u00f3 la contienda con un resultado hist\u00f3rico: m\u00e1s de un mill\u00f3n 667 mil votos, 44.02 por [&hellip;]<\/p>\n","protected":false},"author":2,"featured_media":0,"comment_status":"closed","ping_status":"closed","sticky":false,"template":"","format":"standard","meta":{"tdm_status":"","tdm_grid_status":"","footnotes":""},"categories":[70],"tags":[27562,33723,266,107,161],"class_list":{"0":"post-91220","1":"post","2":"type-post","3":"status-publish","4":"format-standard","6":"category-de-opinion","7":"tag-hector-yunes-landa-2","8":"tag-mc-y-pri","9":"tag-pan","10":"tag-prd","11":"tag-yunes-linares"},"yoast_head":"<!-- This site is optimized with the Yoast SEO plugin v27.4 - https:\/\/yoast.com\/product\/yoast-seo-wordpress\/ -->\n<title>La oposici\u00f3n y sus escenarios rumbo a 2024 - Los pol\u00edticos Veracruz<\/title>\n<meta name=\"robots\" content=\"index, follow, max-snippet:-1, max-image-preview:large, max-video-preview:-1\" \/>\n<link rel=\"canonical\" href=\"https:\/\/lospoliticosveracruz.com\/?p=91220\" \/>\n<meta property=\"og:locale\" content=\"es_ES\" \/>\n<meta property=\"og:type\" content=\"article\" \/>\n<meta property=\"og:title\" content=\"La oposici\u00f3n y sus escenarios rumbo a 2024 - Los pol\u00edticos Veracruz\" \/>\n<meta property=\"og:description\" content=\"Luis Alberto Romero Hora cero En los comicios de 2018 para gobernador de Veracruz, la suma de los partidos opositores super\u00f3 el 53 por ciento de los sufragios totales; el abanderado de la coalici\u00f3n \u201cJuntos haremos historia\u201d, Cuitl\u00e1huac Garc\u00eda, gan\u00f3 la contienda con un resultado hist\u00f3rico: m\u00e1s de un mill\u00f3n 667 mil votos, 44.02 por [&hellip;]\" \/>\n<meta property=\"og:url\" content=\"https:\/\/lospoliticosveracruz.com\/?p=91220\" \/>\n<meta property=\"og:site_name\" content=\"Los pol\u00edticos Veracruz\" \/>\n<meta property=\"article:publisher\" content=\"https:\/\/www.facebook.com\/people\/Notimemes-de-los-Polticos\/61565672886568\/\" \/>\n<meta property=\"article:published_time\" content=\"2022-06-15T14:01:34+00:00\" \/>\n<meta property=\"article:modified_time\" content=\"2022-06-15T14:01:41+00:00\" \/>\n<meta property=\"og:image\" content=\"https:\/\/lospoliticosveracruz.com\/wp-content\/uploads\/2016\/07\/Logo-Dor.jpg\" \/>\n\t<meta property=\"og:image:width\" content=\"200\" \/>\n\t<meta property=\"og:image:height\" content=\"200\" \/>\n\t<meta property=\"og:image:type\" content=\"image\/jpeg\" \/>\n<meta name=\"author\" content=\"Lo viste en Los Pol\u00edticos\" \/>\n<meta name=\"twitter:card\" content=\"summary_large_image\" \/>\n<meta name=\"twitter:creator\" content=\"@LosPoliticosVer\" \/>\n<meta name=\"twitter:site\" content=\"@LosPoliticosVer\" \/>\n<meta name=\"twitter:label1\" content=\"Escrito por\" \/>\n\t<meta name=\"twitter:data1\" content=\"Lo viste en Los Pol\u00edticos\" \/>\n\t<meta name=\"twitter:label2\" content=\"Tiempo de lectura\" \/>\n\t<meta name=\"twitter:data2\" content=\"3 minutos\" \/>\n<script type=\"application\/ld+json\" class=\"yoast-schema-graph\">{\"@context\":\"https:\\\/\\\/schema.org\",\"@graph\":[{\"@type\":\"Article\",\"@id\":\"https:\\\/\\\/lospoliticosveracruz.com\\\/?p=91220#article\",\"isPartOf\":{\"@id\":\"https:\\\/\\\/lospoliticosveracruz.com\\\/?p=91220\"},\"author\":{\"name\":\"Lo viste en Los Pol\u00edticos\",\"@id\":\"https:\\\/\\\/lospoliticosveracruz.com\\\/#\\\/schema\\\/person\\\/b8702bb0e538456e6efd07080bf2a4a2\"},\"headline\":\"La oposici\u00f3n y sus escenarios rumbo a 2024\",\"datePublished\":\"2022-06-15T14:01:34+00:00\",\"dateModified\":\"2022-06-15T14:01:41+00:00\",\"mainEntityOfPage\":{\"@id\":\"https:\\\/\\\/lospoliticosveracruz.com\\\/?p=91220\"},\"wordCount\":548,\"publisher\":{\"@id\":\"https:\\\/\\\/lospoliticosveracruz.com\\\/#organization\"},\"keywords\":[\"Hector Yunes Landa\",\"MC y PRI\",\"PAN\",\"PRD\",\"Yunes Linares\"],\"articleSection\":[\"De Opini\u00f3n\"],\"inLanguage\":\"es\"},{\"@type\":\"WebPage\",\"@id\":\"https:\\\/\\\/lospoliticosveracruz.com\\\/?p=91220\",\"url\":\"https:\\\/\\\/lospoliticosveracruz.com\\\/?p=91220\",\"name\":\"La oposici\u00f3n y sus escenarios rumbo a 2024 - Los pol\u00edticos Veracruz\",\"isPartOf\":{\"@id\":\"https:\\\/\\\/lospoliticosveracruz.com\\\/#website\"},\"datePublished\":\"2022-06-15T14:01:34+00:00\",\"dateModified\":\"2022-06-15T14:01:41+00:00\",\"breadcrumb\":{\"@id\":\"https:\\\/\\\/lospoliticosveracruz.com\\\/?p=91220#breadcrumb\"},\"inLanguage\":\"es\",\"potentialAction\":[{\"@type\":\"ReadAction\",\"target\":[\"https:\\\/\\\/lospoliticosveracruz.com\\\/?p=91220\"]}]},{\"@type\":\"BreadcrumbList\",\"@id\":\"https:\\\/\\\/lospoliticosveracruz.com\\\/?p=91220#breadcrumb\",\"itemListElement\":[{\"@type\":\"ListItem\",\"position\":1,\"name\":\"Portada\",\"item\":\"https:\\\/\\\/lospoliticosveracruz.com\\\/\"},{\"@type\":\"ListItem\",\"position\":2,\"name\":\"La oposici\u00f3n y sus escenarios rumbo a 2024\"}]},{\"@type\":\"WebSite\",\"@id\":\"https:\\\/\\\/lospoliticosveracruz.com\\\/#website\",\"url\":\"https:\\\/\\\/lospoliticosveracruz.com\\\/\",\"name\":\"Los pol\u00edticos Veracruz\",\"description\":\"\",\"publisher\":{\"@id\":\"https:\\\/\\\/lospoliticosveracruz.com\\\/#organization\"},\"potentialAction\":[{\"@type\":\"SearchAction\",\"target\":{\"@type\":\"EntryPoint\",\"urlTemplate\":\"https:\\\/\\\/lospoliticosveracruz.com\\\/?s={search_term_string}\"},\"query-input\":{\"@type\":\"PropertyValueSpecification\",\"valueRequired\":true,\"valueName\":\"search_term_string\"}}],\"inLanguage\":\"es\"},{\"@type\":\"Organization\",\"@id\":\"https:\\\/\\\/lospoliticosveracruz.com\\\/#organization\",\"name\":\"Los pol\u00edticos Veracruz\",\"url\":\"https:\\\/\\\/lospoliticosveracruz.com\\\/\",\"logo\":{\"@type\":\"ImageObject\",\"inLanguage\":\"es\",\"@id\":\"https:\\\/\\\/lospoliticosveracruz.com\\\/#\\\/schema\\\/logo\\\/image\\\/\",\"url\":\"https:\\\/\\\/lospoliticosveracruz.com\\\/wp-content\\\/uploads\\\/2025\\\/12\\\/Logo-Nuevo-LOS-POLITICOS-1.jpg\",\"contentUrl\":\"https:\\\/\\\/lospoliticosveracruz.com\\\/wp-content\\\/uploads\\\/2025\\\/12\\\/Logo-Nuevo-LOS-POLITICOS-1.jpg\",\"width\":260,\"height\":70,\"caption\":\"Los pol\u00edticos Veracruz\"},\"image\":{\"@id\":\"https:\\\/\\\/lospoliticosveracruz.com\\\/#\\\/schema\\\/logo\\\/image\\\/\"},\"sameAs\":[\"https:\\\/\\\/www.facebook.com\\\/people\\\/Notimemes-de-los-Polticos\\\/61565672886568\\\/\",\"https:\\\/\\\/x.com\\\/LosPoliticosVer\"]},{\"@type\":\"Person\",\"@id\":\"https:\\\/\\\/lospoliticosveracruz.com\\\/#\\\/schema\\\/person\\\/b8702bb0e538456e6efd07080bf2a4a2\",\"name\":\"Lo viste en Los Pol\u00edticos\",\"image\":{\"@type\":\"ImageObject\",\"inLanguage\":\"es\",\"@id\":\"https:\\\/\\\/secure.gravatar.com\\\/avatar\\\/3a8de04a2656d44082be478bd6c086daa447c4651605818287b9532d3d0bd435?s=96&d=mm&r=g\",\"url\":\"https:\\\/\\\/secure.gravatar.com\\\/avatar\\\/3a8de04a2656d44082be478bd6c086daa447c4651605818287b9532d3d0bd435?s=96&d=mm&r=g\",\"contentUrl\":\"https:\\\/\\\/secure.gravatar.com\\\/avatar\\\/3a8de04a2656d44082be478bd6c086daa447c4651605818287b9532d3d0bd435?s=96&d=mm&r=g\",\"caption\":\"Lo viste en Los Pol\u00edticos\"},\"url\":\"https:\\\/\\\/lospoliticosveracruz.com\\\/?author=2\"}]}<\/script>\n<!-- \/ Yoast SEO plugin. -->","yoast_head_json":{"title":"La oposici\u00f3n y sus escenarios rumbo a 2024 - Los pol\u00edticos Veracruz","robots":{"index":"index","follow":"follow","max-snippet":"max-snippet:-1","max-image-preview":"max-image-preview:large","max-video-preview":"max-video-preview:-1"},"canonical":"https:\/\/lospoliticosveracruz.com\/?p=91220","og_locale":"es_ES","og_type":"article","og_title":"La oposici\u00f3n y sus escenarios rumbo a 2024 - Los pol\u00edticos Veracruz","og_description":"Luis Alberto Romero Hora cero En los comicios de 2018 para gobernador de Veracruz, la suma de los partidos opositores super\u00f3 el 53 por ciento de los sufragios totales; el abanderado de la coalici\u00f3n \u201cJuntos haremos historia\u201d, Cuitl\u00e1huac Garc\u00eda, gan\u00f3 la contienda con un resultado hist\u00f3rico: m\u00e1s de un mill\u00f3n 667 mil votos, 44.02 por [&hellip;]","og_url":"https:\/\/lospoliticosveracruz.com\/?p=91220","og_site_name":"Los pol\u00edticos Veracruz","article_publisher":"https:\/\/www.facebook.com\/people\/Notimemes-de-los-Polticos\/61565672886568\/","article_published_time":"2022-06-15T14:01:34+00:00","article_modified_time":"2022-06-15T14:01:41+00:00","og_image":[{"width":200,"height":200,"url":"https:\/\/lospoliticosveracruz.com\/wp-content\/uploads\/2016\/07\/Logo-Dor.jpg","type":"image\/jpeg"}],"author":"Lo viste en Los Pol\u00edticos","twitter_card":"summary_large_image","twitter_creator":"@LosPoliticosVer","twitter_site":"@LosPoliticosVer","twitter_misc":{"Escrito por":"Lo viste en Los Pol\u00edticos","Tiempo de lectura":"3 minutos"},"schema":{"@context":"https:\/\/schema.org","@graph":[{"@type":"Article","@id":"https:\/\/lospoliticosveracruz.com\/?p=91220#article","isPartOf":{"@id":"https:\/\/lospoliticosveracruz.com\/?p=91220"},"author":{"name":"Lo viste en Los Pol\u00edticos","@id":"https:\/\/lospoliticosveracruz.com\/#\/schema\/person\/b8702bb0e538456e6efd07080bf2a4a2"},"headline":"La oposici\u00f3n y sus escenarios rumbo a 2024","datePublished":"2022-06-15T14:01:34+00:00","dateModified":"2022-06-15T14:01:41+00:00","mainEntityOfPage":{"@id":"https:\/\/lospoliticosveracruz.com\/?p=91220"},"wordCount":548,"publisher":{"@id":"https:\/\/lospoliticosveracruz.com\/#organization"},"keywords":["Hector Yunes Landa","MC y PRI","PAN","PRD","Yunes Linares"],"articleSection":["De Opini\u00f3n"],"inLanguage":"es"},{"@type":"WebPage","@id":"https:\/\/lospoliticosveracruz.com\/?p=91220","url":"https:\/\/lospoliticosveracruz.com\/?p=91220","name":"La oposici\u00f3n y sus escenarios rumbo a 2024 - Los pol\u00edticos Veracruz","isPartOf":{"@id":"https:\/\/lospoliticosveracruz.com\/#website"},"datePublished":"2022-06-15T14:01:34+00:00","dateModified":"2022-06-15T14:01:41+00:00","breadcrumb":{"@id":"https:\/\/lospoliticosveracruz.com\/?p=91220#breadcrumb"},"inLanguage":"es","potentialAction":[{"@type":"ReadAction","target":["https:\/\/lospoliticosveracruz.com\/?p=91220"]}]},{"@type":"BreadcrumbList","@id":"https:\/\/lospoliticosveracruz.com\/?p=91220#breadcrumb","itemListElement":[{"@type":"ListItem","position":1,"name":"Portada","item":"https:\/\/lospoliticosveracruz.com\/"},{"@type":"ListItem","position":2,"name":"La oposici\u00f3n y sus escenarios rumbo a 2024"}]},{"@type":"WebSite","@id":"https:\/\/lospoliticosveracruz.com\/#website","url":"https:\/\/lospoliticosveracruz.com\/","name":"Los pol\u00edticos Veracruz","description":"","publisher":{"@id":"https:\/\/lospoliticosveracruz.com\/#organization"},"potentialAction":[{"@type":"SearchAction","target":{"@type":"EntryPoint","urlTemplate":"https:\/\/lospoliticosveracruz.com\/?s={search_term_string}"},"query-input":{"@type":"PropertyValueSpecification","valueRequired":true,"valueName":"search_term_string"}}],"inLanguage":"es"},{"@type":"Organization","@id":"https:\/\/lospoliticosveracruz.com\/#organization","name":"Los pol\u00edticos Veracruz","url":"https:\/\/lospoliticosveracruz.com\/","logo":{"@type":"ImageObject","inLanguage":"es","@id":"https:\/\/lospoliticosveracruz.com\/#\/schema\/logo\/image\/","url":"https:\/\/lospoliticosveracruz.com\/wp-content\/uploads\/2025\/12\/Logo-Nuevo-LOS-POLITICOS-1.jpg","contentUrl":"https:\/\/lospoliticosveracruz.com\/wp-content\/uploads\/2025\/12\/Logo-Nuevo-LOS-POLITICOS-1.jpg","width":260,"height":70,"caption":"Los pol\u00edticos Veracruz"},"image":{"@id":"https:\/\/lospoliticosveracruz.com\/#\/schema\/logo\/image\/"},"sameAs":["https:\/\/www.facebook.com\/people\/Notimemes-de-los-Polticos\/61565672886568\/","https:\/\/x.com\/LosPoliticosVer"]},{"@type":"Person","@id":"https:\/\/lospoliticosveracruz.com\/#\/schema\/person\/b8702bb0e538456e6efd07080bf2a4a2","name":"Lo viste en Los Pol\u00edticos","image":{"@type":"ImageObject","inLanguage":"es","@id":"https:\/\/secure.gravatar.com\/avatar\/3a8de04a2656d44082be478bd6c086daa447c4651605818287b9532d3d0bd435?s=96&d=mm&r=g","url":"https:\/\/secure.gravatar.com\/avatar\/3a8de04a2656d44082be478bd6c086daa447c4651605818287b9532d3d0bd435?s=96&d=mm&r=g","contentUrl":"https:\/\/secure.gravatar.com\/avatar\/3a8de04a2656d44082be478bd6c086daa447c4651605818287b9532d3d0bd435?s=96&d=mm&r=g","caption":"Lo viste en Los Pol\u00edticos"},"url":"https:\/\/lospoliticosveracruz.com\/?author=2"}]}},"_links":{"self":[{"href":"https:\/\/lospoliticosveracruz.com\/index.php?rest_route=\/wp\/v2\/posts\/91220","targetHints":{"allow":["GET"]}}],"collection":[{"href":"https:\/\/lospoliticosveracruz.com\/index.php?rest_route=\/wp\/v2\/posts"}],"about":[{"href":"https:\/\/lospoliticosveracruz.com\/index.php?rest_route=\/wp\/v2\/types\/post"}],"author":[{"embeddable":true,"href":"https:\/\/lospoliticosveracruz.com\/index.php?rest_route=\/wp\/v2\/users\/2"}],"replies":[{"embeddable":true,"href":"https:\/\/lospoliticosveracruz.com\/index.php?rest_route=%2Fwp%2Fv2%2Fcomments&post=91220"}],"version-history":[{"count":1,"href":"https:\/\/lospoliticosveracruz.com\/index.php?rest_route=\/wp\/v2\/posts\/91220\/revisions"}],"predecessor-version":[{"id":91222,"href":"https:\/\/lospoliticosveracruz.com\/index.php?rest_route=\/wp\/v2\/posts\/91220\/revisions\/91222"}],"wp:attachment":[{"href":"https:\/\/lospoliticosveracruz.com\/index.php?rest_route=%2Fwp%2Fv2%2Fmedia&parent=91220"}],"wp:term":[{"taxonomy":"category","embeddable":true,"href":"https:\/\/lospoliticosveracruz.com\/index.php?rest_route=%2Fwp%2Fv2%2Fcategories&post=91220"},{"taxonomy":"post_tag","embeddable":true,"href":"https:\/\/lospoliticosveracruz.com\/index.php?rest_route=%2Fwp%2Fv2%2Ftags&post=91220"}],"curies":[{"name":"wp","href":"https:\/\/api.w.org\/{rel}","templated":true}]}}