{"id":91312,"date":"2022-06-17T08:33:48","date_gmt":"2022-06-17T13:33:48","guid":{"rendered":"https:\/\/lospoliticosveracruz.com.mx\/?p=91312"},"modified":"2022-06-17T08:33:54","modified_gmt":"2022-06-17T13:33:54","slug":"hablemos-de-la-oposicion","status":"publish","type":"post","link":"https:\/\/lospoliticosveracruz.com\/?p=91312","title":{"rendered":"Hablemos de la oposici\u00f3n"},"content":{"rendered":"\n<p><\/p>\n\n\n\n<p><strong>Felipe de Jes\u00fas Fern\u00e1ndez Basilio<\/strong><br><em>Desde A Janela<\/em><br>\u200b\u200b<br><\/p>\n\n\n\n<p>En esta columna se han se\u00f1alado con mucha frecuencia los desatinos y los atracos cometidos por L\u00f3pez Obrador y sus secuaces, resultando esa tarea bastante dolorosa y frustrante, al ver como se est\u00e1n acabando al pa\u00eds y destruyendo lo que con tantos a\u00f1os y esfuerzo se ha ido construyendo poco a poco, y no sin dificultades, en materia de democracia, de libre mercado, de servicios p\u00fablicos de salud y de educaci\u00f3n, de energ\u00edas limpias y eficientes y de modernizaci\u00f3n de la econom\u00eda y la infraestructura p\u00fablica; entre otras muchas cosas que en menos de cuatro a\u00f1os han sido destruidas, anuladas o est\u00e1n siendo sujetas a las embestidas de Palacio Nacional.<br>Tambi\u00e9n se ha dicho, y con raz\u00f3n, que cada vez m\u00e1s mexicanos se est\u00e1n dando cuenta de que el cambio prometido, s\u00ed llego, pero fue para empeorar las cosas en pr\u00e1cticamente todos los \u00e1mbitos en los que el gobierno interviene, lo que hace m\u00e1s dif\u00edcil, la de por s\u00ed ya dif\u00edcil vida del mexicano com\u00fan y corriente; ya que la inflaci\u00f3n, la inseguridad, la falta de servicios p\u00fablicos medianamente competentes, entre otras tantas cosas que el Estado prove\u00eda y que ahora ya no lo hace, dificulta en extremo la vida cotidiana de muchas familias mexicanas.<br>Esa poblaci\u00f3n muestra su rechazo al gobierno actual en pl\u00e1ticas, en redes sociales, en parodias y principalmente lo hizo al retirarle la mayor\u00eda absoluta al oficialismo en la C\u00e1mara de Diputados del Congreso de la Uni\u00f3n, con lo cual le mand\u00f3 al presidente un mensaje de que el pa\u00eds no es suyo y, en consecuencia, no puede hacer lo que quiera con \u00e9l.<br>Siendo este \u00faltimo mandato popular (hay que empezar a quitarle al presidente el monopolio del uso de esta palabra) el indicador m\u00e1s importante de que la borrachera del 18 se est\u00e1 pasando y ahora comienza a sentirse la resaca que con crudeza muestra a muchos mexicanos el grand\u00edsimo error cometido en aquel a\u00f1o.<br>Como hemos visto, la sociedad empieza a despertar y a darse cuenta que el gobierno solo se dedica a destruir y saquear al Estado mexicano y, en consecuencia, comienza a retirarle su apoyo, siendo as\u00ed que, en las \u00faltimas elecciones, entre m\u00e1s concurridas han sido, los resultados para el partido oficialista han sido muy cerrados o francamente adversos.<br>Pese a todo lo anterior, el problema que existe en este pa\u00eds y del cual se aprovecha el presidente, es que todo ese rechazo social al gobierno no encuentra una manera efectiva de encauzarse y eso se debe a que los de la \u201ctienda de enfrente\u201d, o sea, los partidos de oposici\u00f3n, no saben en donde est\u00e1n parados ni qu\u00e9 hacer para cumplir su misi\u00f3n que no es m\u00e1s que conquistar el poder.<br>Efectivamente, los partidos de oposici\u00f3n siguen creyendo que se encuentran en los tiempos de democracia y alternancia que se vivieron en las dos primeras d\u00e9cadas del presente siglo, en las que s\u00f3lo bastaba que el gobierno aburriera al electorado o que se presentara un candidato muy carism\u00e1tico, para que se cambiara al partido en el gobierno.<br>Tiempos en los que hab\u00eda tres fuerzas pr\u00e1cticamente iguales y que, salvo excepciones como el propio L\u00f3pez Obrador, respetaban tanto las leyes electorales como las funciones que el Estado tiene que cumplir.<br>Sin embargo, nunca entendieron que ese equilibrio se rompi\u00f3 cuando la \u00faltima versi\u00f3n del PRI en el poder (Pe\u00f1a Nieto) se dedic\u00f3 al saqueo y a la frivolidad (mismo error en el que ahora incurre MRN), situaci\u00f3n que fue aprovechada por el populista que durante 18 a\u00f1os se mantuvo al acecho y que para colmo de males, ese PRI le entreg\u00f3 el pa\u00eds; ya que el gobierno de Pe\u00f1a se encarg\u00f3 de descarrilar al candidato que m\u00e1s pod\u00eda darle batalla a L\u00f3pez (Anaya) y a su vez, postul\u00f3 a un candidato (Meade) que era el s\u00edmbolo de la corrupci\u00f3n de ese gobierno, Meade siempre estuvo en medio de los esc\u00e1ndalos relacionados con la corrupci\u00f3n de ese sexenio.<br>Actualmente y por incre\u00edble que parezca, la situaci\u00f3n actual de los tres principales partidos de la oposici\u00f3n, PAN, PRI y PRD es muy parecida a la del 18, ya que el PAN sigue siendo la \u00fanica fuerza electoral que verdaderamente es capaz de enfrentar y hasta de triunfar, si es que logra con un buen candidato(a) atraer a la gran mayor\u00eda de los descontentos con el gobierno, bas\u00e1ndose en la singularidad que le da su posici\u00f3n hist\u00f3rica de ser el gran opositor a un r\u00e9gimen cuasi-todopoderoso, tal y como lo era el viejo PRI y como pretende serlo su m\u00e1s nueva versi\u00f3n MRN, pero para ello tendr\u00e1n que pensar muy bien sus jugadas y analizar con seriedad si les conviene ir solos, acompa\u00f1ados o mal acompa\u00f1ados (con candidatos del PRI).<br>Por su parte el PRI es un partido que al igual que en el 18, juega en favor de L\u00f3pez O., ya que haga lo que haga, le da ventajas a su partido; ya que en donde se entregan, la ganancia morenista es obvia al formarse un gobierno de ese partido y si van con el PAN ahuyentan a votantes propios y extra\u00f1os; y es que hist\u00f3ricamente el PAN y el PRI son como el agua y el aceite y a un votante de uno esos partidos, muchas veces le resulta insultante votar por un candidato del otro y desv\u00edan su voto a un tercero o se quedan sin votar; quiz\u00e1 ya es hora de que los pri\u00edstas que quedan (muchos de ellos gente pensante) entiendan que la cuarta transformaci\u00f3n en realidad se dio en su partido, ya que la gran mayor\u00eda de sus cuadros ahora son la columna vertebral de MRN y se decidan de una vez por todas a disolver su partido e integrarse a alg\u00fan otro que sea af\u00edn a sus ideales; creo que la gran mayor\u00eda en el PRD estar\u00edan bien representados.<br>Y hablando del PRD, tenemos que es el \u00fanico partido de izquierda genuina que existe en M\u00e9xico, ya que en \u00e9l militan verdaderos intelectuales que son de esa corriente de pensamiento pero que enfrenta el gran problema de que masivamente MRN le rob\u00f3 su membrete como verdadera izquierda; sin embargo y si no quieren quedarse como un partido peque\u00f1o y elitista (tambi\u00e9n eso existe en la izquierda), su principal labor debiera de ser enfrentar y desenmascarar el plagio del que fueron v\u00edctimas y vaya que hay muchos ejemplos para ello.<br>En suma, los partidos tradicionales deben de mirar su historia para encontrar las claves que los lleven al \u00e9xito, el PAN decidi\u00e9ndose a ser el principal opositor y ser valiente para enfrentar incluso s\u00f3lo al MRN-gobierno, el PRI reconociendo que sus tiempos con ese nombre ya pasaron y sus cuadros asimil\u00e1ndose en los partidos que vayan de acuerdo a su ideolog\u00eda y el PRD recuperando su fuerza como principal fuerza de oposici\u00f3n.<br>De MC y otras creaciones relativamente nuevas, hablaremos en otra ocasi\u00f3n.<br>felfebas@gmail.com<br>Twitter: @FelipeFBasilio<\/p>\n","protected":false},"excerpt":{"rendered":"<p>Felipe de Jes\u00fas Fern\u00e1ndez BasilioDesde A Janela\u200b\u200b En esta columna se han se\u00f1alado con mucha frecuencia los desatinos y los atracos cometidos por L\u00f3pez Obrador y sus secuaces, resultando esa tarea bastante dolorosa y frustrante, al ver como se est\u00e1n acabando al pa\u00eds y destruyendo lo que con tantos a\u00f1os y esfuerzo se ha ido [&hellip;]<\/p>\n","protected":false},"author":2,"featured_media":0,"comment_status":"closed","ping_status":"closed","sticky":false,"template":"","format":"standard","meta":{"tdm_status":"","tdm_grid_status":"","footnotes":""},"categories":[70],"tags":[618,1026,266,94,107,251,3135,195],"class_list":{"0":"post-91312","1":"post","2":"type-post","3":"status-publish","4":"format-standard","6":"category-de-opinion","7":"tag-andres-manuel-lopez-obrador","8":"tag-morena","9":"tag-pan","10":"tag-pena-nieto","11":"tag-prd","12":"tag-pri","13":"tag-ricardo-anaya-cortes","14":"tag-veracruz"},"yoast_head":"<!-- This site is optimized with the Yoast SEO plugin v27.4 - https:\/\/yoast.com\/product\/yoast-seo-wordpress\/ -->\n<title>Hablemos de la oposici\u00f3n - Los pol\u00edticos Veracruz<\/title>\n<meta name=\"robots\" content=\"index, follow, max-snippet:-1, max-image-preview:large, max-video-preview:-1\" \/>\n<link rel=\"canonical\" href=\"https:\/\/lospoliticosveracruz.com\/?p=91312\" \/>\n<meta property=\"og:locale\" content=\"es_ES\" \/>\n<meta property=\"og:type\" content=\"article\" \/>\n<meta property=\"og:title\" content=\"Hablemos de la oposici\u00f3n - Los pol\u00edticos Veracruz\" \/>\n<meta property=\"og:description\" content=\"Felipe de Jes\u00fas Fern\u00e1ndez BasilioDesde A Janela\u200b\u200b En esta columna se han se\u00f1alado con mucha frecuencia los desatinos y los atracos cometidos por L\u00f3pez Obrador y sus secuaces, resultando esa tarea bastante dolorosa y frustrante, al ver como se est\u00e1n acabando al pa\u00eds y destruyendo lo que con tantos a\u00f1os y esfuerzo se ha ido [&hellip;]\" \/>\n<meta property=\"og:url\" content=\"https:\/\/lospoliticosveracruz.com\/?p=91312\" \/>\n<meta property=\"og:site_name\" content=\"Los pol\u00edticos Veracruz\" \/>\n<meta property=\"article:publisher\" content=\"https:\/\/www.facebook.com\/people\/Notimemes-de-los-Polticos\/61565672886568\/\" \/>\n<meta property=\"article:published_time\" content=\"2022-06-17T13:33:48+00:00\" \/>\n<meta property=\"article:modified_time\" content=\"2022-06-17T13:33:54+00:00\" \/>\n<meta property=\"og:image\" content=\"https:\/\/lospoliticosveracruz.com\/wp-content\/uploads\/2016\/07\/Logo-Dor.jpg\" \/>\n\t<meta property=\"og:image:width\" content=\"200\" \/>\n\t<meta property=\"og:image:height\" content=\"200\" \/>\n\t<meta property=\"og:image:type\" content=\"image\/jpeg\" \/>\n<meta name=\"author\" content=\"Lo viste en Los Pol\u00edticos\" \/>\n<meta name=\"twitter:card\" content=\"summary_large_image\" \/>\n<meta name=\"twitter:creator\" content=\"@LosPoliticosVer\" \/>\n<meta name=\"twitter:site\" content=\"@LosPoliticosVer\" \/>\n<meta name=\"twitter:label1\" content=\"Escrito por\" \/>\n\t<meta name=\"twitter:data1\" content=\"Lo viste en Los Pol\u00edticos\" \/>\n\t<meta name=\"twitter:label2\" content=\"Tiempo de lectura\" \/>\n\t<meta name=\"twitter:data2\" content=\"6 minutos\" \/>\n<script type=\"application\/ld+json\" class=\"yoast-schema-graph\">{\"@context\":\"https:\\\/\\\/schema.org\",\"@graph\":[{\"@type\":\"Article\",\"@id\":\"https:\\\/\\\/lospoliticosveracruz.com\\\/?p=91312#article\",\"isPartOf\":{\"@id\":\"https:\\\/\\\/lospoliticosveracruz.com\\\/?p=91312\"},\"author\":{\"name\":\"Lo viste en Los Pol\u00edticos\",\"@id\":\"https:\\\/\\\/lospoliticosveracruz.com\\\/#\\\/schema\\\/person\\\/b8702bb0e538456e6efd07080bf2a4a2\"},\"headline\":\"Hablemos de la oposici\u00f3n\",\"datePublished\":\"2022-06-17T13:33:48+00:00\",\"dateModified\":\"2022-06-17T13:33:54+00:00\",\"mainEntityOfPage\":{\"@id\":\"https:\\\/\\\/lospoliticosveracruz.com\\\/?p=91312\"},\"wordCount\":1256,\"publisher\":{\"@id\":\"https:\\\/\\\/lospoliticosveracruz.com\\\/#organization\"},\"keywords\":[\"Andr\u00e9s Manuel L\u00f3pez Obrador\",\"Morena\",\"PAN\",\"Pe\u00f1a Nieto\",\"PRD\",\"PRI\",\"Ricardo Anaya Cort\u00e9s\",\"Veracruz\"],\"articleSection\":[\"De Opini\u00f3n\"],\"inLanguage\":\"es\"},{\"@type\":\"WebPage\",\"@id\":\"https:\\\/\\\/lospoliticosveracruz.com\\\/?p=91312\",\"url\":\"https:\\\/\\\/lospoliticosveracruz.com\\\/?p=91312\",\"name\":\"Hablemos de la oposici\u00f3n - Los pol\u00edticos Veracruz\",\"isPartOf\":{\"@id\":\"https:\\\/\\\/lospoliticosveracruz.com\\\/#website\"},\"datePublished\":\"2022-06-17T13:33:48+00:00\",\"dateModified\":\"2022-06-17T13:33:54+00:00\",\"breadcrumb\":{\"@id\":\"https:\\\/\\\/lospoliticosveracruz.com\\\/?p=91312#breadcrumb\"},\"inLanguage\":\"es\",\"potentialAction\":[{\"@type\":\"ReadAction\",\"target\":[\"https:\\\/\\\/lospoliticosveracruz.com\\\/?p=91312\"]}]},{\"@type\":\"BreadcrumbList\",\"@id\":\"https:\\\/\\\/lospoliticosveracruz.com\\\/?p=91312#breadcrumb\",\"itemListElement\":[{\"@type\":\"ListItem\",\"position\":1,\"name\":\"Portada\",\"item\":\"https:\\\/\\\/lospoliticosveracruz.com\\\/\"},{\"@type\":\"ListItem\",\"position\":2,\"name\":\"Hablemos de la oposici\u00f3n\"}]},{\"@type\":\"WebSite\",\"@id\":\"https:\\\/\\\/lospoliticosveracruz.com\\\/#website\",\"url\":\"https:\\\/\\\/lospoliticosveracruz.com\\\/\",\"name\":\"Los pol\u00edticos Veracruz\",\"description\":\"\",\"publisher\":{\"@id\":\"https:\\\/\\\/lospoliticosveracruz.com\\\/#organization\"},\"potentialAction\":[{\"@type\":\"SearchAction\",\"target\":{\"@type\":\"EntryPoint\",\"urlTemplate\":\"https:\\\/\\\/lospoliticosveracruz.com\\\/?s={search_term_string}\"},\"query-input\":{\"@type\":\"PropertyValueSpecification\",\"valueRequired\":true,\"valueName\":\"search_term_string\"}}],\"inLanguage\":\"es\"},{\"@type\":\"Organization\",\"@id\":\"https:\\\/\\\/lospoliticosveracruz.com\\\/#organization\",\"name\":\"Los pol\u00edticos Veracruz\",\"url\":\"https:\\\/\\\/lospoliticosveracruz.com\\\/\",\"logo\":{\"@type\":\"ImageObject\",\"inLanguage\":\"es\",\"@id\":\"https:\\\/\\\/lospoliticosveracruz.com\\\/#\\\/schema\\\/logo\\\/image\\\/\",\"url\":\"https:\\\/\\\/lospoliticosveracruz.com\\\/wp-content\\\/uploads\\\/2025\\\/12\\\/Logo-Nuevo-LOS-POLITICOS-1.jpg\",\"contentUrl\":\"https:\\\/\\\/lospoliticosveracruz.com\\\/wp-content\\\/uploads\\\/2025\\\/12\\\/Logo-Nuevo-LOS-POLITICOS-1.jpg\",\"width\":260,\"height\":70,\"caption\":\"Los pol\u00edticos Veracruz\"},\"image\":{\"@id\":\"https:\\\/\\\/lospoliticosveracruz.com\\\/#\\\/schema\\\/logo\\\/image\\\/\"},\"sameAs\":[\"https:\\\/\\\/www.facebook.com\\\/people\\\/Notimemes-de-los-Polticos\\\/61565672886568\\\/\",\"https:\\\/\\\/x.com\\\/LosPoliticosVer\"]},{\"@type\":\"Person\",\"@id\":\"https:\\\/\\\/lospoliticosveracruz.com\\\/#\\\/schema\\\/person\\\/b8702bb0e538456e6efd07080bf2a4a2\",\"name\":\"Lo viste en Los Pol\u00edticos\",\"image\":{\"@type\":\"ImageObject\",\"inLanguage\":\"es\",\"@id\":\"https:\\\/\\\/secure.gravatar.com\\\/avatar\\\/3a8de04a2656d44082be478bd6c086daa447c4651605818287b9532d3d0bd435?s=96&d=mm&r=g\",\"url\":\"https:\\\/\\\/secure.gravatar.com\\\/avatar\\\/3a8de04a2656d44082be478bd6c086daa447c4651605818287b9532d3d0bd435?s=96&d=mm&r=g\",\"contentUrl\":\"https:\\\/\\\/secure.gravatar.com\\\/avatar\\\/3a8de04a2656d44082be478bd6c086daa447c4651605818287b9532d3d0bd435?s=96&d=mm&r=g\",\"caption\":\"Lo viste en Los Pol\u00edticos\"},\"url\":\"https:\\\/\\\/lospoliticosveracruz.com\\\/?author=2\"}]}<\/script>\n<!-- \/ Yoast SEO plugin. -->","yoast_head_json":{"title":"Hablemos de la oposici\u00f3n - Los pol\u00edticos Veracruz","robots":{"index":"index","follow":"follow","max-snippet":"max-snippet:-1","max-image-preview":"max-image-preview:large","max-video-preview":"max-video-preview:-1"},"canonical":"https:\/\/lospoliticosveracruz.com\/?p=91312","og_locale":"es_ES","og_type":"article","og_title":"Hablemos de la oposici\u00f3n - Los pol\u00edticos Veracruz","og_description":"Felipe de Jes\u00fas Fern\u00e1ndez BasilioDesde A Janela\u200b\u200b En esta columna se han se\u00f1alado con mucha frecuencia los desatinos y los atracos cometidos por L\u00f3pez Obrador y sus secuaces, resultando esa tarea bastante dolorosa y frustrante, al ver como se est\u00e1n acabando al pa\u00eds y destruyendo lo que con tantos a\u00f1os y esfuerzo se ha ido [&hellip;]","og_url":"https:\/\/lospoliticosveracruz.com\/?p=91312","og_site_name":"Los pol\u00edticos Veracruz","article_publisher":"https:\/\/www.facebook.com\/people\/Notimemes-de-los-Polticos\/61565672886568\/","article_published_time":"2022-06-17T13:33:48+00:00","article_modified_time":"2022-06-17T13:33:54+00:00","og_image":[{"width":200,"height":200,"url":"https:\/\/lospoliticosveracruz.com\/wp-content\/uploads\/2016\/07\/Logo-Dor.jpg","type":"image\/jpeg"}],"author":"Lo viste en Los Pol\u00edticos","twitter_card":"summary_large_image","twitter_creator":"@LosPoliticosVer","twitter_site":"@LosPoliticosVer","twitter_misc":{"Escrito por":"Lo viste en Los Pol\u00edticos","Tiempo de lectura":"6 minutos"},"schema":{"@context":"https:\/\/schema.org","@graph":[{"@type":"Article","@id":"https:\/\/lospoliticosveracruz.com\/?p=91312#article","isPartOf":{"@id":"https:\/\/lospoliticosveracruz.com\/?p=91312"},"author":{"name":"Lo viste en Los Pol\u00edticos","@id":"https:\/\/lospoliticosveracruz.com\/#\/schema\/person\/b8702bb0e538456e6efd07080bf2a4a2"},"headline":"Hablemos de la oposici\u00f3n","datePublished":"2022-06-17T13:33:48+00:00","dateModified":"2022-06-17T13:33:54+00:00","mainEntityOfPage":{"@id":"https:\/\/lospoliticosveracruz.com\/?p=91312"},"wordCount":1256,"publisher":{"@id":"https:\/\/lospoliticosveracruz.com\/#organization"},"keywords":["Andr\u00e9s Manuel L\u00f3pez Obrador","Morena","PAN","Pe\u00f1a Nieto","PRD","PRI","Ricardo Anaya Cort\u00e9s","Veracruz"],"articleSection":["De Opini\u00f3n"],"inLanguage":"es"},{"@type":"WebPage","@id":"https:\/\/lospoliticosveracruz.com\/?p=91312","url":"https:\/\/lospoliticosveracruz.com\/?p=91312","name":"Hablemos de la oposici\u00f3n - Los pol\u00edticos Veracruz","isPartOf":{"@id":"https:\/\/lospoliticosveracruz.com\/#website"},"datePublished":"2022-06-17T13:33:48+00:00","dateModified":"2022-06-17T13:33:54+00:00","breadcrumb":{"@id":"https:\/\/lospoliticosveracruz.com\/?p=91312#breadcrumb"},"inLanguage":"es","potentialAction":[{"@type":"ReadAction","target":["https:\/\/lospoliticosveracruz.com\/?p=91312"]}]},{"@type":"BreadcrumbList","@id":"https:\/\/lospoliticosveracruz.com\/?p=91312#breadcrumb","itemListElement":[{"@type":"ListItem","position":1,"name":"Portada","item":"https:\/\/lospoliticosveracruz.com\/"},{"@type":"ListItem","position":2,"name":"Hablemos de la oposici\u00f3n"}]},{"@type":"WebSite","@id":"https:\/\/lospoliticosveracruz.com\/#website","url":"https:\/\/lospoliticosveracruz.com\/","name":"Los pol\u00edticos Veracruz","description":"","publisher":{"@id":"https:\/\/lospoliticosveracruz.com\/#organization"},"potentialAction":[{"@type":"SearchAction","target":{"@type":"EntryPoint","urlTemplate":"https:\/\/lospoliticosveracruz.com\/?s={search_term_string}"},"query-input":{"@type":"PropertyValueSpecification","valueRequired":true,"valueName":"search_term_string"}}],"inLanguage":"es"},{"@type":"Organization","@id":"https:\/\/lospoliticosveracruz.com\/#organization","name":"Los pol\u00edticos Veracruz","url":"https:\/\/lospoliticosveracruz.com\/","logo":{"@type":"ImageObject","inLanguage":"es","@id":"https:\/\/lospoliticosveracruz.com\/#\/schema\/logo\/image\/","url":"https:\/\/lospoliticosveracruz.com\/wp-content\/uploads\/2025\/12\/Logo-Nuevo-LOS-POLITICOS-1.jpg","contentUrl":"https:\/\/lospoliticosveracruz.com\/wp-content\/uploads\/2025\/12\/Logo-Nuevo-LOS-POLITICOS-1.jpg","width":260,"height":70,"caption":"Los pol\u00edticos Veracruz"},"image":{"@id":"https:\/\/lospoliticosveracruz.com\/#\/schema\/logo\/image\/"},"sameAs":["https:\/\/www.facebook.com\/people\/Notimemes-de-los-Polticos\/61565672886568\/","https:\/\/x.com\/LosPoliticosVer"]},{"@type":"Person","@id":"https:\/\/lospoliticosveracruz.com\/#\/schema\/person\/b8702bb0e538456e6efd07080bf2a4a2","name":"Lo viste en Los Pol\u00edticos","image":{"@type":"ImageObject","inLanguage":"es","@id":"https:\/\/secure.gravatar.com\/avatar\/3a8de04a2656d44082be478bd6c086daa447c4651605818287b9532d3d0bd435?s=96&d=mm&r=g","url":"https:\/\/secure.gravatar.com\/avatar\/3a8de04a2656d44082be478bd6c086daa447c4651605818287b9532d3d0bd435?s=96&d=mm&r=g","contentUrl":"https:\/\/secure.gravatar.com\/avatar\/3a8de04a2656d44082be478bd6c086daa447c4651605818287b9532d3d0bd435?s=96&d=mm&r=g","caption":"Lo viste en Los Pol\u00edticos"},"url":"https:\/\/lospoliticosveracruz.com\/?author=2"}]}},"_links":{"self":[{"href":"https:\/\/lospoliticosveracruz.com\/index.php?rest_route=\/wp\/v2\/posts\/91312","targetHints":{"allow":["GET"]}}],"collection":[{"href":"https:\/\/lospoliticosveracruz.com\/index.php?rest_route=\/wp\/v2\/posts"}],"about":[{"href":"https:\/\/lospoliticosveracruz.com\/index.php?rest_route=\/wp\/v2\/types\/post"}],"author":[{"embeddable":true,"href":"https:\/\/lospoliticosveracruz.com\/index.php?rest_route=\/wp\/v2\/users\/2"}],"replies":[{"embeddable":true,"href":"https:\/\/lospoliticosveracruz.com\/index.php?rest_route=%2Fwp%2Fv2%2Fcomments&post=91312"}],"version-history":[{"count":1,"href":"https:\/\/lospoliticosveracruz.com\/index.php?rest_route=\/wp\/v2\/posts\/91312\/revisions"}],"predecessor-version":[{"id":91314,"href":"https:\/\/lospoliticosveracruz.com\/index.php?rest_route=\/wp\/v2\/posts\/91312\/revisions\/91314"}],"wp:attachment":[{"href":"https:\/\/lospoliticosveracruz.com\/index.php?rest_route=%2Fwp%2Fv2%2Fmedia&parent=91312"}],"wp:term":[{"taxonomy":"category","embeddable":true,"href":"https:\/\/lospoliticosveracruz.com\/index.php?rest_route=%2Fwp%2Fv2%2Fcategories&post=91312"},{"taxonomy":"post_tag","embeddable":true,"href":"https:\/\/lospoliticosveracruz.com\/index.php?rest_route=%2Fwp%2Fv2%2Ftags&post=91312"}],"curies":[{"name":"wp","href":"https:\/\/api.w.org\/{rel}","templated":true}]}}