{"id":91538,"date":"2022-06-24T01:49:00","date_gmt":"2022-06-24T06:49:00","guid":{"rendered":"https:\/\/lospoliticosveracruz.com.mx\/?p=91538"},"modified":"2022-06-23T13:08:40","modified_gmt":"2022-06-23T18:08:40","slug":"jaurias-y-manadas","status":"publish","type":"post","link":"https:\/\/lospoliticosveracruz.com\/?p=91538","title":{"rendered":"Jaur\u00edas y manadas"},"content":{"rendered":"\n<p><\/p>\n\n\n\n<p><br><strong>Salvador Mu\u00f1oz<\/strong><br><em>Los Pol\u00edticos<\/em><\/p>\n\n\n\n<p>Ac\u00e1, por su barrio, en las calles donde vivo, tengo identificadas a tres jaur\u00edas: una compuesta por tres canes; otra, por dos; y una m\u00e1s, por tres. Su objetivo, atacar a los gatos callejeros que pululan por mi vecindario.<br>He bajado en ocasiones a amedrentarlos en compa\u00f1\u00eda de Nina y Lucky, que a pesar de ser talla mediana, no se amedrentan ni por el n\u00famero ni el tama\u00f1o de los otros perros \u00a1y los corretean!<br>Hace dos d\u00edas, cuando la lluv\u00eda azotaba la Xalapa, los vecinos de la calle Privada de Ferrocarril Interoce\u00e1nico, fueron testigos del ataque de una cuarta jaur\u00eda, pero \u00e9sta no era de perros, y tampoco s\u00e9 si llamarla de personas\u2026<\/p>\n\n\n\n<figure class=\"wp-block-embed is-type-video is-provider-youtube wp-block-embed-youtube wp-embed-aspect-16-9 wp-has-aspect-ratio\"><div class=\"wp-block-embed__wrapper\">\n<iframe loading=\"lazy\" title=\"Cluster Coworking\" width=\"696\" height=\"392\" src=\"https:\/\/www.youtube.com\/embed\/Nxe-vxf8GuY?feature=oembed\" frameborder=\"0\" allow=\"accelerometer; autoplay; clipboard-write; encrypted-media; gyroscope; picture-in-picture; web-share\" referrerpolicy=\"strict-origin-when-cross-origin\" allowfullscreen><\/iframe>\n<\/div><\/figure>\n\n\n\n<p><br>Los trabajadores que realizan obra de pavimentaci\u00f3n de esa calle, encontraron en un tlacuache el objeto de su diversi\u00f3n\u2026 pongo aqu\u00ed el comentario de los vecinos:<br>\u201cEsta foto fue proporcionada por vecinos de Jardines de Xalapa. (Exponen a seis individuos en la gr\u00e1fica acompa\u00f1ados de un perro tipo Pastor Belga) Estas bestias que se les llama humanos, pero no hay tantita humanidad, tienen el alma podrida. Ellos atraparon, torturaron a un indefenso tlacuachito. Uno de ellos lo aplast\u00f3 con su bota. Se divert\u00edan viendo sufrir al indefenso animal. (Los vecinos) llamaron y lleg\u00f3 la polic\u00eda, pero no fue de mucha ayuda. Nos comentan que iban a dejar al peque\u00f1o igual en la calle, cuando necesitaba de atenci\u00f3n m\u00e9dica. \u00bfPor qu\u00e9 tanta maldad, tanta crueldad? \u00bfqu\u00e9 les hac\u00eda el pobre animal? Su delito: estar cerca de esos tipos. Ellos son alba\u00f1iles que est\u00e1n en la obra de la calle Ferrocarril Interoce\u00e1nico, atr\u00e1s de Jardines de Xalapa\u201d.<br>Es seguro que algo est\u00e1 mal en el comportamiento de estos individuos, incluso en el Jefe de Obra para haber permitido un acto tan hijo\u2019eputa\u2026<br>El asunto es el comportamiento en manada, en jaur\u00eda de estos individuos que se cobijan entre ellos en una falsa solidaridad con m\u00e1s tintes de complicidad.<\/p>\n\n\n\n<figure class=\"wp-block-image size-full\"><a href=\"https:\/\/lospoliticosveracruz.com.mx\/wp-content\/uploads\/2022\/05\/Seguro-Julio-Cerecedo.jpg\"><img decoding=\"async\" src=\"https:\/\/lospoliticosveracruz.com.mx\/wp-content\/uploads\/2022\/05\/Seguro-Julio-Cerecedo.jpg\" alt=\"\" class=\"wp-image-90414\"\/><\/a><\/figure>\n\n\n\n<p><br>A muchos les puede parecer exagerada la comparaci\u00f3n de las jaur\u00edas de perros que asuelan el vecindario con el ataque de estos sujetos contra un tlacuache\u2026<br>Pero, volvamos a lo mismo: a diferencia de los perros que act\u00faan por instinto y si quiere ser simplista, \u201cpor animales\u201d, estas personas atacan a un tlacuache porque hay en ellos un halo de impunidad que les invita a someter, en diversas formas, a un ser indefenso, a un ser d\u00e9bil ante ellos\u2026<br>Han de disculpar, pero m\u00e1s all\u00e1 de una malsana diversi\u00f3n y maltrato animal, percibo una v\u00e1lvula en una olla express al rojo vivo\u2026 \u00bfqu\u00e9 dir\u00e1 cada uno de estos personajes a su esposa, a sus hijos, cuando llega a casa? \u00bfPatee a un tlacuache? \u00bfCasi lo mato? El peor escenario es que no diga nada y solamente lo anide en su pecho, porque quiz\u00e1s el tlacuache es la despresurizaci\u00f3n de lo que no puede hacer en su casa\u2026 hasta el momento.<br>De la Polic\u00eda, que se supone est\u00e1 para salvaguardar el orden, simplemente cosific\u00f3 al tlacuache para llevarlo al monte, abandonarlo a su suerte que \u00e9l no busc\u00f3\u2026 sin tres dedos de frente para pensar que hay un Centro de Atenci\u00f3n Animal, una asociaci\u00f3n llamada Regalemos un Paraizoo A.C. o bien, en el cerro del Macuilt\u00e9petl donde pudieron recibirlo\u2026 pero era m\u00e1s f\u00e1cil deshacerse de \u00e9l, con la facilidad que tiene la gente de tirar basura en la calle\u2026<br>Si usted lleg\u00f3 hasta ac\u00e1 y piensa que exagero con las jaur\u00edas del vecindario y la manada de obreros, puede que s\u00ed\u2026 y quiz\u00e1s considere que debiera ocuparme de las otras manadas de bestias, como la que atac\u00f3, viol\u00f3, golpe\u00f3 e intent\u00f3 quemar viva, a la joven de 23 a\u00f1os, Elvia, all\u00e1 en Nuevo Le\u00f3n\u2026 por citar un caso de manadas de bestias\u2026 y le doy la raz\u00f3n, bajo una condici\u00f3n: \u00bfest\u00e1 de acuerdo que hoy en d\u00eda nos preocupamos por estar delgados, por vernos bellos, por vernos m\u00e1s j\u00f3venes, evitando la vejez? Y nuestras autoridades, luchando contra la obesidad, contra el c\u00e1ncer, contra la diabetes\u2026 pero creo que a nadie le importa atender la salud mental\u2026 \u00bfo acaso la empresa encargada de la obra en esta calle cercana a mi vecindario se preocupa por saber qu\u00e9 pasa en la cabeza de esta manada que atac\u00f3 a un inofensivo tlacuache? \u00bfO no es evidente que s\u00f3lo desequilibrados mentales pueden atacar a una joven, violarla e intentar matarla prendi\u00e9ndole fuego? Y ojo, esto no es locura\u2026 es algo m\u00e1s all\u00e1 que debe preocuparnos: \u00bfQu\u00e9 poder hace que tres sujetos se unan contra un ser a todas luces, indefenso ante sus embates? Lo dije al principio\u2026 saben que pueden hacerlo sin temor a represalias y eso nada m\u00e1s tiene un nombre: impunidad, el pan nuestro de M\u00e9xico.<\/p>\n\n\n\n<p>smcainito@gmail.com<\/p>\n","protected":false},"excerpt":{"rendered":"<p>Salvador Mu\u00f1ozLos Pol\u00edticos Ac\u00e1, por su barrio, en las calles donde vivo, tengo identificadas a tres jaur\u00edas: una compuesta por tres canes; otra, por dos; y una m\u00e1s, por tres. Su objetivo, atacar a los gatos callejeros que pululan por mi vecindario.He bajado en ocasiones a amedrentarlos en compa\u00f1\u00eda de Nina y Lucky, que a [&hellip;]<\/p>\n","protected":false},"author":2,"featured_media":0,"comment_status":"closed","ping_status":"closed","sticky":false,"template":"","format":"standard","meta":{"tdm_status":"","tdm_grid_status":"","footnotes":""},"categories":[70],"tags":[33833,2536,16166,12767,2646,12769],"class_list":{"0":"post-91538","1":"post","2":"type-post","3":"status-publish","4":"format-standard","6":"category-de-opinion","7":"tag-centro-de-atencion-animal","8":"tag-jardines-de-xalapa","9":"tag-lucky","10":"tag-nina","11":"tag-salvador-munoz","12":"tag-tlacuache"},"yoast_head":"<!-- This site is optimized with the Yoast SEO plugin v27.4 - https:\/\/yoast.com\/product\/yoast-seo-wordpress\/ -->\n<title>Jaur\u00edas y manadas - Los pol\u00edticos Veracruz<\/title>\n<meta name=\"robots\" content=\"index, follow, max-snippet:-1, max-image-preview:large, max-video-preview:-1\" \/>\n<link rel=\"canonical\" href=\"https:\/\/lospoliticosveracruz.com\/?p=91538\" \/>\n<meta property=\"og:locale\" content=\"es_ES\" \/>\n<meta property=\"og:type\" content=\"article\" \/>\n<meta property=\"og:title\" content=\"Jaur\u00edas y manadas - Los pol\u00edticos Veracruz\" \/>\n<meta property=\"og:description\" content=\"Salvador Mu\u00f1ozLos Pol\u00edticos Ac\u00e1, por su barrio, en las calles donde vivo, tengo identificadas a tres jaur\u00edas: una compuesta por tres canes; otra, por dos; y una m\u00e1s, por tres. Su objetivo, atacar a los gatos callejeros que pululan por mi vecindario.He bajado en ocasiones a amedrentarlos en compa\u00f1\u00eda de Nina y Lucky, que a [&hellip;]\" \/>\n<meta property=\"og:url\" content=\"https:\/\/lospoliticosveracruz.com\/?p=91538\" \/>\n<meta property=\"og:site_name\" content=\"Los pol\u00edticos Veracruz\" \/>\n<meta property=\"article:publisher\" content=\"https:\/\/www.facebook.com\/people\/Notimemes-de-los-Polticos\/61565672886568\/\" \/>\n<meta property=\"article:published_time\" content=\"2022-06-24T06:49:00+00:00\" \/>\n<meta property=\"og:image\" content=\"https:\/\/lospoliticosveracruz.com.mx\/wp-content\/uploads\/2022\/05\/Seguro-Julio-Cerecedo.jpg\" \/>\n<meta name=\"author\" content=\"Lo viste en Los Pol\u00edticos\" \/>\n<meta name=\"twitter:card\" content=\"summary_large_image\" \/>\n<meta name=\"twitter:creator\" content=\"@LosPoliticosVer\" \/>\n<meta name=\"twitter:site\" content=\"@LosPoliticosVer\" \/>\n<meta name=\"twitter:label1\" content=\"Escrito por\" \/>\n\t<meta name=\"twitter:data1\" content=\"Lo viste en Los Pol\u00edticos\" \/>\n\t<meta name=\"twitter:label2\" content=\"Tiempo de lectura\" \/>\n\t<meta name=\"twitter:data2\" content=\"4 minutos\" \/>\n<script type=\"application\/ld+json\" class=\"yoast-schema-graph\">{\"@context\":\"https:\\\/\\\/schema.org\",\"@graph\":[{\"@type\":\"Article\",\"@id\":\"https:\\\/\\\/lospoliticosveracruz.com\\\/?p=91538#article\",\"isPartOf\":{\"@id\":\"https:\\\/\\\/lospoliticosveracruz.com\\\/?p=91538\"},\"author\":{\"name\":\"Lo viste en Los Pol\u00edticos\",\"@id\":\"https:\\\/\\\/lospoliticosveracruz.com\\\/#\\\/schema\\\/person\\\/b8702bb0e538456e6efd07080bf2a4a2\"},\"headline\":\"Jaur\u00edas y manadas\",\"datePublished\":\"2022-06-24T06:49:00+00:00\",\"mainEntityOfPage\":{\"@id\":\"https:\\\/\\\/lospoliticosveracruz.com\\\/?p=91538\"},\"wordCount\":857,\"publisher\":{\"@id\":\"https:\\\/\\\/lospoliticosveracruz.com\\\/#organization\"},\"image\":{\"@id\":\"https:\\\/\\\/lospoliticosveracruz.com\\\/?p=91538#primaryimage\"},\"thumbnailUrl\":\"https:\\\/\\\/lospoliticosveracruz.com.mx\\\/wp-content\\\/uploads\\\/2022\\\/05\\\/Seguro-Julio-Cerecedo.jpg\",\"keywords\":[\"Centro de Atenci\u00f3n Animal\",\"Jardines de Xalapa\",\"Lucky\",\"Nina\",\"Salvador Mu\u00f1oz\",\"tlacuache\"],\"articleSection\":[\"De Opini\u00f3n\"],\"inLanguage\":\"es\"},{\"@type\":\"WebPage\",\"@id\":\"https:\\\/\\\/lospoliticosveracruz.com\\\/?p=91538\",\"url\":\"https:\\\/\\\/lospoliticosveracruz.com\\\/?p=91538\",\"name\":\"Jaur\u00edas y manadas - Los pol\u00edticos Veracruz\",\"isPartOf\":{\"@id\":\"https:\\\/\\\/lospoliticosveracruz.com\\\/#website\"},\"primaryImageOfPage\":{\"@id\":\"https:\\\/\\\/lospoliticosveracruz.com\\\/?p=91538#primaryimage\"},\"image\":{\"@id\":\"https:\\\/\\\/lospoliticosveracruz.com\\\/?p=91538#primaryimage\"},\"thumbnailUrl\":\"https:\\\/\\\/lospoliticosveracruz.com.mx\\\/wp-content\\\/uploads\\\/2022\\\/05\\\/Seguro-Julio-Cerecedo.jpg\",\"datePublished\":\"2022-06-24T06:49:00+00:00\",\"breadcrumb\":{\"@id\":\"https:\\\/\\\/lospoliticosveracruz.com\\\/?p=91538#breadcrumb\"},\"inLanguage\":\"es\",\"potentialAction\":[{\"@type\":\"ReadAction\",\"target\":[\"https:\\\/\\\/lospoliticosveracruz.com\\\/?p=91538\"]}]},{\"@type\":\"ImageObject\",\"inLanguage\":\"es\",\"@id\":\"https:\\\/\\\/lospoliticosveracruz.com\\\/?p=91538#primaryimage\",\"url\":\"https:\\\/\\\/lospoliticosveracruz.com.mx\\\/wp-content\\\/uploads\\\/2022\\\/05\\\/Seguro-Julio-Cerecedo.jpg\",\"contentUrl\":\"https:\\\/\\\/lospoliticosveracruz.com.mx\\\/wp-content\\\/uploads\\\/2022\\\/05\\\/Seguro-Julio-Cerecedo.jpg\"},{\"@type\":\"BreadcrumbList\",\"@id\":\"https:\\\/\\\/lospoliticosveracruz.com\\\/?p=91538#breadcrumb\",\"itemListElement\":[{\"@type\":\"ListItem\",\"position\":1,\"name\":\"Portada\",\"item\":\"https:\\\/\\\/lospoliticosveracruz.com\\\/\"},{\"@type\":\"ListItem\",\"position\":2,\"name\":\"Jaur\u00edas y manadas\"}]},{\"@type\":\"WebSite\",\"@id\":\"https:\\\/\\\/lospoliticosveracruz.com\\\/#website\",\"url\":\"https:\\\/\\\/lospoliticosveracruz.com\\\/\",\"name\":\"Los pol\u00edticos Veracruz\",\"description\":\"\",\"publisher\":{\"@id\":\"https:\\\/\\\/lospoliticosveracruz.com\\\/#organization\"},\"potentialAction\":[{\"@type\":\"SearchAction\",\"target\":{\"@type\":\"EntryPoint\",\"urlTemplate\":\"https:\\\/\\\/lospoliticosveracruz.com\\\/?s={search_term_string}\"},\"query-input\":{\"@type\":\"PropertyValueSpecification\",\"valueRequired\":true,\"valueName\":\"search_term_string\"}}],\"inLanguage\":\"es\"},{\"@type\":\"Organization\",\"@id\":\"https:\\\/\\\/lospoliticosveracruz.com\\\/#organization\",\"name\":\"Los pol\u00edticos Veracruz\",\"url\":\"https:\\\/\\\/lospoliticosveracruz.com\\\/\",\"logo\":{\"@type\":\"ImageObject\",\"inLanguage\":\"es\",\"@id\":\"https:\\\/\\\/lospoliticosveracruz.com\\\/#\\\/schema\\\/logo\\\/image\\\/\",\"url\":\"https:\\\/\\\/lospoliticosveracruz.com\\\/wp-content\\\/uploads\\\/2025\\\/12\\\/Logo-Nuevo-LOS-POLITICOS-1.jpg\",\"contentUrl\":\"https:\\\/\\\/lospoliticosveracruz.com\\\/wp-content\\\/uploads\\\/2025\\\/12\\\/Logo-Nuevo-LOS-POLITICOS-1.jpg\",\"width\":260,\"height\":70,\"caption\":\"Los pol\u00edticos Veracruz\"},\"image\":{\"@id\":\"https:\\\/\\\/lospoliticosveracruz.com\\\/#\\\/schema\\\/logo\\\/image\\\/\"},\"sameAs\":[\"https:\\\/\\\/www.facebook.com\\\/people\\\/Notimemes-de-los-Polticos\\\/61565672886568\\\/\",\"https:\\\/\\\/x.com\\\/LosPoliticosVer\"]},{\"@type\":\"Person\",\"@id\":\"https:\\\/\\\/lospoliticosveracruz.com\\\/#\\\/schema\\\/person\\\/b8702bb0e538456e6efd07080bf2a4a2\",\"name\":\"Lo viste en Los Pol\u00edticos\",\"image\":{\"@type\":\"ImageObject\",\"inLanguage\":\"es\",\"@id\":\"https:\\\/\\\/secure.gravatar.com\\\/avatar\\\/3a8de04a2656d44082be478bd6c086daa447c4651605818287b9532d3d0bd435?s=96&d=mm&r=g\",\"url\":\"https:\\\/\\\/secure.gravatar.com\\\/avatar\\\/3a8de04a2656d44082be478bd6c086daa447c4651605818287b9532d3d0bd435?s=96&d=mm&r=g\",\"contentUrl\":\"https:\\\/\\\/secure.gravatar.com\\\/avatar\\\/3a8de04a2656d44082be478bd6c086daa447c4651605818287b9532d3d0bd435?s=96&d=mm&r=g\",\"caption\":\"Lo viste en Los Pol\u00edticos\"},\"url\":\"https:\\\/\\\/lospoliticosveracruz.com\\\/?author=2\"}]}<\/script>\n<!-- \/ Yoast SEO plugin. -->","yoast_head_json":{"title":"Jaur\u00edas y manadas - Los pol\u00edticos Veracruz","robots":{"index":"index","follow":"follow","max-snippet":"max-snippet:-1","max-image-preview":"max-image-preview:large","max-video-preview":"max-video-preview:-1"},"canonical":"https:\/\/lospoliticosveracruz.com\/?p=91538","og_locale":"es_ES","og_type":"article","og_title":"Jaur\u00edas y manadas - Los pol\u00edticos Veracruz","og_description":"Salvador Mu\u00f1ozLos Pol\u00edticos Ac\u00e1, por su barrio, en las calles donde vivo, tengo identificadas a tres jaur\u00edas: una compuesta por tres canes; otra, por dos; y una m\u00e1s, por tres. Su objetivo, atacar a los gatos callejeros que pululan por mi vecindario.He bajado en ocasiones a amedrentarlos en compa\u00f1\u00eda de Nina y Lucky, que a [&hellip;]","og_url":"https:\/\/lospoliticosveracruz.com\/?p=91538","og_site_name":"Los pol\u00edticos Veracruz","article_publisher":"https:\/\/www.facebook.com\/people\/Notimemes-de-los-Polticos\/61565672886568\/","article_published_time":"2022-06-24T06:49:00+00:00","og_image":[{"url":"https:\/\/lospoliticosveracruz.com.mx\/wp-content\/uploads\/2022\/05\/Seguro-Julio-Cerecedo.jpg","type":"","width":"","height":""}],"author":"Lo viste en Los Pol\u00edticos","twitter_card":"summary_large_image","twitter_creator":"@LosPoliticosVer","twitter_site":"@LosPoliticosVer","twitter_misc":{"Escrito por":"Lo viste en Los Pol\u00edticos","Tiempo de lectura":"4 minutos"},"schema":{"@context":"https:\/\/schema.org","@graph":[{"@type":"Article","@id":"https:\/\/lospoliticosveracruz.com\/?p=91538#article","isPartOf":{"@id":"https:\/\/lospoliticosveracruz.com\/?p=91538"},"author":{"name":"Lo viste en Los Pol\u00edticos","@id":"https:\/\/lospoliticosveracruz.com\/#\/schema\/person\/b8702bb0e538456e6efd07080bf2a4a2"},"headline":"Jaur\u00edas y manadas","datePublished":"2022-06-24T06:49:00+00:00","mainEntityOfPage":{"@id":"https:\/\/lospoliticosveracruz.com\/?p=91538"},"wordCount":857,"publisher":{"@id":"https:\/\/lospoliticosveracruz.com\/#organization"},"image":{"@id":"https:\/\/lospoliticosveracruz.com\/?p=91538#primaryimage"},"thumbnailUrl":"https:\/\/lospoliticosveracruz.com.mx\/wp-content\/uploads\/2022\/05\/Seguro-Julio-Cerecedo.jpg","keywords":["Centro de Atenci\u00f3n Animal","Jardines de Xalapa","Lucky","Nina","Salvador Mu\u00f1oz","tlacuache"],"articleSection":["De Opini\u00f3n"],"inLanguage":"es"},{"@type":"WebPage","@id":"https:\/\/lospoliticosveracruz.com\/?p=91538","url":"https:\/\/lospoliticosveracruz.com\/?p=91538","name":"Jaur\u00edas y manadas - Los pol\u00edticos Veracruz","isPartOf":{"@id":"https:\/\/lospoliticosveracruz.com\/#website"},"primaryImageOfPage":{"@id":"https:\/\/lospoliticosveracruz.com\/?p=91538#primaryimage"},"image":{"@id":"https:\/\/lospoliticosveracruz.com\/?p=91538#primaryimage"},"thumbnailUrl":"https:\/\/lospoliticosveracruz.com.mx\/wp-content\/uploads\/2022\/05\/Seguro-Julio-Cerecedo.jpg","datePublished":"2022-06-24T06:49:00+00:00","breadcrumb":{"@id":"https:\/\/lospoliticosveracruz.com\/?p=91538#breadcrumb"},"inLanguage":"es","potentialAction":[{"@type":"ReadAction","target":["https:\/\/lospoliticosveracruz.com\/?p=91538"]}]},{"@type":"ImageObject","inLanguage":"es","@id":"https:\/\/lospoliticosveracruz.com\/?p=91538#primaryimage","url":"https:\/\/lospoliticosveracruz.com.mx\/wp-content\/uploads\/2022\/05\/Seguro-Julio-Cerecedo.jpg","contentUrl":"https:\/\/lospoliticosveracruz.com.mx\/wp-content\/uploads\/2022\/05\/Seguro-Julio-Cerecedo.jpg"},{"@type":"BreadcrumbList","@id":"https:\/\/lospoliticosveracruz.com\/?p=91538#breadcrumb","itemListElement":[{"@type":"ListItem","position":1,"name":"Portada","item":"https:\/\/lospoliticosveracruz.com\/"},{"@type":"ListItem","position":2,"name":"Jaur\u00edas y manadas"}]},{"@type":"WebSite","@id":"https:\/\/lospoliticosveracruz.com\/#website","url":"https:\/\/lospoliticosveracruz.com\/","name":"Los pol\u00edticos Veracruz","description":"","publisher":{"@id":"https:\/\/lospoliticosveracruz.com\/#organization"},"potentialAction":[{"@type":"SearchAction","target":{"@type":"EntryPoint","urlTemplate":"https:\/\/lospoliticosveracruz.com\/?s={search_term_string}"},"query-input":{"@type":"PropertyValueSpecification","valueRequired":true,"valueName":"search_term_string"}}],"inLanguage":"es"},{"@type":"Organization","@id":"https:\/\/lospoliticosveracruz.com\/#organization","name":"Los pol\u00edticos Veracruz","url":"https:\/\/lospoliticosveracruz.com\/","logo":{"@type":"ImageObject","inLanguage":"es","@id":"https:\/\/lospoliticosveracruz.com\/#\/schema\/logo\/image\/","url":"https:\/\/lospoliticosveracruz.com\/wp-content\/uploads\/2025\/12\/Logo-Nuevo-LOS-POLITICOS-1.jpg","contentUrl":"https:\/\/lospoliticosveracruz.com\/wp-content\/uploads\/2025\/12\/Logo-Nuevo-LOS-POLITICOS-1.jpg","width":260,"height":70,"caption":"Los pol\u00edticos Veracruz"},"image":{"@id":"https:\/\/lospoliticosveracruz.com\/#\/schema\/logo\/image\/"},"sameAs":["https:\/\/www.facebook.com\/people\/Notimemes-de-los-Polticos\/61565672886568\/","https:\/\/x.com\/LosPoliticosVer"]},{"@type":"Person","@id":"https:\/\/lospoliticosveracruz.com\/#\/schema\/person\/b8702bb0e538456e6efd07080bf2a4a2","name":"Lo viste en Los Pol\u00edticos","image":{"@type":"ImageObject","inLanguage":"es","@id":"https:\/\/secure.gravatar.com\/avatar\/3a8de04a2656d44082be478bd6c086daa447c4651605818287b9532d3d0bd435?s=96&d=mm&r=g","url":"https:\/\/secure.gravatar.com\/avatar\/3a8de04a2656d44082be478bd6c086daa447c4651605818287b9532d3d0bd435?s=96&d=mm&r=g","contentUrl":"https:\/\/secure.gravatar.com\/avatar\/3a8de04a2656d44082be478bd6c086daa447c4651605818287b9532d3d0bd435?s=96&d=mm&r=g","caption":"Lo viste en Los Pol\u00edticos"},"url":"https:\/\/lospoliticosveracruz.com\/?author=2"}]}},"_links":{"self":[{"href":"https:\/\/lospoliticosveracruz.com\/index.php?rest_route=\/wp\/v2\/posts\/91538","targetHints":{"allow":["GET"]}}],"collection":[{"href":"https:\/\/lospoliticosveracruz.com\/index.php?rest_route=\/wp\/v2\/posts"}],"about":[{"href":"https:\/\/lospoliticosveracruz.com\/index.php?rest_route=\/wp\/v2\/types\/post"}],"author":[{"embeddable":true,"href":"https:\/\/lospoliticosveracruz.com\/index.php?rest_route=\/wp\/v2\/users\/2"}],"replies":[{"embeddable":true,"href":"https:\/\/lospoliticosveracruz.com\/index.php?rest_route=%2Fwp%2Fv2%2Fcomments&post=91538"}],"version-history":[{"count":3,"href":"https:\/\/lospoliticosveracruz.com\/index.php?rest_route=\/wp\/v2\/posts\/91538\/revisions"}],"predecessor-version":[{"id":91542,"href":"https:\/\/lospoliticosveracruz.com\/index.php?rest_route=\/wp\/v2\/posts\/91538\/revisions\/91542"}],"wp:attachment":[{"href":"https:\/\/lospoliticosveracruz.com\/index.php?rest_route=%2Fwp%2Fv2%2Fmedia&parent=91538"}],"wp:term":[{"taxonomy":"category","embeddable":true,"href":"https:\/\/lospoliticosveracruz.com\/index.php?rest_route=%2Fwp%2Fv2%2Fcategories&post=91538"},{"taxonomy":"post_tag","embeddable":true,"href":"https:\/\/lospoliticosveracruz.com\/index.php?rest_route=%2Fwp%2Fv2%2Ftags&post=91538"}],"curies":[{"name":"wp","href":"https:\/\/api.w.org\/{rel}","templated":true}]}}