{"id":91578,"date":"2022-06-24T08:35:52","date_gmt":"2022-06-24T13:35:52","guid":{"rendered":"https:\/\/lospoliticosveracruz.com.mx\/?p=91578"},"modified":"2022-06-24T08:36:01","modified_gmt":"2022-06-24T13:36:01","slug":"xalapa-y-si-un-dia-abrimos-la-llave-y-nunca-mas-sale-el-agua","status":"publish","type":"post","link":"https:\/\/lospoliticosveracruz.com\/?p=91578","title":{"rendered":"Xalapa: \u00bfY si un d\u00eda abrimos la llave y nunca m\u00e1s sale el agua?"},"content":{"rendered":"\n<p><\/p>\n\n\n\n<p><br><strong>Alan Sayago Ram\u00edrez<\/strong><br><em>Una visi\u00f3n ciudadana<\/em><\/p>\n\n\n\n<p><\/p>\n\n\n\n<p>Hoy, estamos siendo afectados por un gran desaf\u00edo de salud p\u00fablica que est\u00e1 poniendo en jaque no s\u00f3lo a los gobiernos de los distintos pa\u00edses del planeta, sino a todas sus instituciones y sociedades, como dice un refr\u00e1n popular \u201cNadie sabe lo que tiene hasta que lo pierde\u201d. En los \u00faltimos a\u00f1os el tema del acceso al agua se ha agravado de manera considerable en nuestro pa\u00eds.<\/p>\n\n\n\n<figure class=\"wp-block-embed is-type-video is-provider-youtube wp-block-embed-youtube wp-embed-aspect-16-9 wp-has-aspect-ratio\"><div class=\"wp-block-embed__wrapper\">\n<iframe loading=\"lazy\" title=\"Cluster Coworking\" width=\"696\" height=\"392\" src=\"https:\/\/www.youtube.com\/embed\/Nxe-vxf8GuY?feature=oembed\" frameborder=\"0\" allow=\"accelerometer; autoplay; clipboard-write; encrypted-media; gyroscope; picture-in-picture; web-share\" referrerpolicy=\"strict-origin-when-cross-origin\" allowfullscreen><\/iframe>\n<\/div><\/figure>\n\n\n\n<p>Actualmente el pa\u00eds est\u00e1 sufriendo \u201cEstr\u00e9s H\u00eddrico\u201d as\u00ed se llama al fen\u00f3meno cuando la demanda del agua potable aumenta y hay menos de la disponible, el gran ejemplo es el Estado de Nuevo Le\u00f3n. Esta misma situaci\u00f3n empieza sentirse en la Atenas Veracruzana, debido a que la falta de agua ya est\u00e1 comenzando a notarse en colonias en donde antes abundaba.<\/p>\n\n\n\n<p>Este problema social sobre la escasez se deriva porque el hombre utiliza grandes cantidades de agua para sus actividades cotidianas como beber, cocinar, lavar, ir al ba\u00f1o, aseo personal e industrias las cuales utilizan enormes cantidades de este vital l\u00edquido, etc., el agua es elemental porque constituye gran parte de la composici\u00f3n de los tejidos de nuestro cuerpo y de todos los seres vivos, el 60 % de agua para realizar de manera adecuada nuestros procesos fisiol\u00f3gicos, el cuerpo de un ni\u00f1o contiene un poco m\u00e1s alrededor de 75 % de agua.<\/p>\n\n\n\n<div class=\"wp-block-image\"><figure class=\"alignleft size-medium\"><a href=\"https:\/\/lospoliticosveracruz.com.mx\/wp-content\/uploads\/2021\/10\/WhatsApp-Image-2021-10-02-at-15.20.25.jpeg\"><img loading=\"lazy\" decoding=\"async\" width=\"212\" height=\"300\" src=\"https:\/\/lospoliticosveracruz.com.mx\/wp-content\/uploads\/2021\/10\/WhatsApp-Image-2021-10-02-at-15.20.25-212x300.jpeg\" alt=\"\" class=\"wp-image-80177\" srcset=\"https:\/\/lospoliticosveracruz.com\/wp-content\/uploads\/2021\/10\/WhatsApp-Image-2021-10-02-at-15.20.25-212x300.jpeg 212w, https:\/\/lospoliticosveracruz.com\/wp-content\/uploads\/2021\/10\/WhatsApp-Image-2021-10-02-at-15.20.25-724x1024.jpeg 724w, https:\/\/lospoliticosveracruz.com\/wp-content\/uploads\/2021\/10\/WhatsApp-Image-2021-10-02-at-15.20.25-768x1086.jpeg 768w, https:\/\/lospoliticosveracruz.com\/wp-content\/uploads\/2021\/10\/WhatsApp-Image-2021-10-02-at-15.20.25.jpeg 905w\" sizes=\"auto, (max-width: 212px) 100vw, 212px\" \/><\/a><\/figure><\/div>\n\n\n\n<p>Hoy en d\u00eda la humanidad dispone de una cantidad muy baja de agua dulce, debido a que la disponibilidad de agua promedio anual en el mundo es de aproximadamente 1,386 millones de km3, de los cuales el 97.5% es agua salada y s\u00f3lo el 2.5%, es agua dulce. De esta cantidad casi el 70% no est\u00e1 disponible para consumo humano debido a que se encuentra en forma de glaciares, nieve o hielo de acuerdo a datos de CONAGUA (Comisi\u00f3n Nacional del Agua)<\/p>\n\n\n\n<p>En la actualidad la escasez de agua es uno de los principales problemas que nos est\u00e1 afectando, incluso en nuestro Estado Veracruz, donde las autoridades deben de tomar medidas mediante pol\u00edticas p\u00fablicas, estas se deben entender como aquellas decisiones y acciones de gobierno que definen las problem\u00e1ticas p\u00fablicas espec\u00edficas a solucionar y los mecanismos particulares a utilizar para ello.<\/p>\n\n\n\n<p>Con este simple concepto las acciones de gobierno que se puede ver en el Plan Veracruzano de Desarrollo 2019 \u2013 2024 y el Plan Municipal de Desarrollo Xalapa 2022 \u2013 2025. Todo lo anterior previniendo que tanto el Estado y el municipio libre deben garantizar un suministro asequible, accesible, permanente, suficiente e inocuo de agua potable a la poblaci\u00f3n.<\/p>\n\n\n\n<p>Se sabe que hoy en d\u00eda constituye unos retos para los estados y los municipios, que implica no solo la soluci\u00f3n de un problema de car\u00e1cter h\u00eddrico, sino reducir los \u00edndices de marginalidad de gran parte de sus habitantes, esto se puede analizar a nivel internacional en el p\u00e1rrafo 1 del art\u00edculo 11 del Pacto Internacional de Derechos Econ\u00f3micos, Sociales y Culturales; el cual establece que el derecho humano al agua es el derecho de todos, a disponer de agua suficiente, salubre, aceptable, accesible y asequible para el uso personal y dom\u00e9stico.<\/p>\n\n\n\n<p>En M\u00e9xico nuestro derecho est\u00e1 consagrado en el los Art\u00edculos 1\u00b0, 4\u00ba y 27\u00b0 de la \u201cConstituci\u00f3n Pol\u00edtica de los Estados Unidos Mexicanos\u201d, adem\u00e1s de lo establecido en el art\u00edculo 115 de la Ley de Aguas Nacionales.<\/p>\n\n\n\n<p>A nivel Municipal en el art\u00edculo 115, fracci\u00f3n III, de la Constituci\u00f3n Pol\u00edtica de los Estados Unidos Mexicanos, menciona la facultad que tienen los municipios para la prestaci\u00f3n de los servicios de agua potable, alcantarillado y saneamiento. Es decir, en el art\u00edculo 35\u00b0 fracci\u00f3n XXV inciso A. Sin olvidar el Art\u00edculo 56\u00b0 de la Ley Org\u00e1nica del Municipio Libre, en donde se encuentran esas atribuciones.<\/p>\n\n\n\n<p>Son nulas las acciones que han implementado los dos gobiernos, a nivel estatal, en el plan veracruzano de desarrollo 2019-2024 menciona que es urgente elevar la producci\u00f3n y productividad acu\u00edcola y pesquera, avanzando hacia modelos de asignaci\u00f3n de valor agregado a los diversos productos para incrementar su consumo.<\/p>\n\n\n\n<p>Aunque el plan veracruzano de desarrollo 2019-2024 menciona ejes transversales importantes como el tema de la austeridad, cultura de paz y derechos humanos, no plantea las pol\u00edticas o estrategias a realizar, solo presenta datos, pero a\u00fan no se ven los hechos.<\/p>\n\n\n\n<p>A nivel municipal se convoc\u00f3 a un foro para para atacar el tema del agua, intentando cumplir con los 17 Objetivos de Desarrollo Sostenible (ODS) adoptados por la Organizaci\u00f3n de las Naciones Unidas en 2015. A pesar de que ellos mismos afirman que \u201ces necesario repensar cu\u00e1les son las alternativas m\u00e1s viables para dotar a Xalapa del vital l\u00edquido\u201d se ve una mejor estrategia para el tema del agua. Aunque la realidad es otra con los tandeos de CMAS Xalapa.<\/p>\n\n\n\n<p>Hasta el d\u00eda de hoy no ha habido una respuesta concreta que se traduzca en hechos, y en nuestra capital las acciones no han sido suficientes: se debe reconocer que este problema de desabasto, ya rebas\u00f3 las pol\u00edticas p\u00fablicas planteadas por los gobiernos, por lo cual es necesario replantear sus planes de desarrollo, sus pol\u00edticas p\u00fablicas y sus presupuestos anuales, tanto municipales como estatales.<\/p>\n\n\n\n<p>Alan Sayago Ram\u00edrez<br>Activista Social, licenciado en Derecho, Maestro en pol\u00edtica y gesti\u00f3n p\u00fablica.<br>Redes Sociales: @alansayagor<\/p>\n","protected":false},"excerpt":{"rendered":"<p>Alan Sayago Ram\u00edrezUna visi\u00f3n ciudadana Hoy, estamos siendo afectados por un gran desaf\u00edo de salud p\u00fablica que est\u00e1 poniendo en jaque no s\u00f3lo a los gobiernos de los distintos pa\u00edses del planeta, sino a todas sus instituciones y sociedades, como dice un refr\u00e1n popular \u201cNadie sabe lo que tiene hasta que lo pierde\u201d. En los [&hellip;]<\/p>\n","protected":false},"author":2,"featured_media":0,"comment_status":"closed","ping_status":"closed","sticky":false,"template":"","format":"standard","meta":{"tdm_status":"","tdm_grid_status":"","footnotes":""},"categories":[70],"tags":[205,33844,96],"class_list":{"0":"post-91578","1":"post","2":"type-post","3":"status-publish","4":"format-standard","6":"category-de-opinion","7":"tag-conagua","8":"tag-estres-hidrico","9":"tag-xalapa"},"yoast_head":"<!-- This site is optimized with the Yoast SEO plugin v27.4 - https:\/\/yoast.com\/product\/yoast-seo-wordpress\/ -->\n<title>Xalapa: \u00bfY si un d\u00eda abrimos la llave y nunca m\u00e1s sale el agua? - Los pol\u00edticos Veracruz<\/title>\n<meta name=\"robots\" content=\"index, follow, max-snippet:-1, max-image-preview:large, max-video-preview:-1\" \/>\n<link rel=\"canonical\" href=\"https:\/\/lospoliticosveracruz.com\/?p=91578\" \/>\n<meta property=\"og:locale\" content=\"es_ES\" \/>\n<meta property=\"og:type\" content=\"article\" \/>\n<meta property=\"og:title\" content=\"Xalapa: \u00bfY si un d\u00eda abrimos la llave y nunca m\u00e1s sale el agua? - Los pol\u00edticos Veracruz\" \/>\n<meta property=\"og:description\" content=\"Alan Sayago Ram\u00edrezUna visi\u00f3n ciudadana Hoy, estamos siendo afectados por un gran desaf\u00edo de salud p\u00fablica que est\u00e1 poniendo en jaque no s\u00f3lo a los gobiernos de los distintos pa\u00edses del planeta, sino a todas sus instituciones y sociedades, como dice un refr\u00e1n popular \u201cNadie sabe lo que tiene hasta que lo pierde\u201d. En los [&hellip;]\" \/>\n<meta property=\"og:url\" content=\"https:\/\/lospoliticosveracruz.com\/?p=91578\" \/>\n<meta property=\"og:site_name\" content=\"Los pol\u00edticos Veracruz\" \/>\n<meta property=\"article:publisher\" content=\"https:\/\/www.facebook.com\/people\/Notimemes-de-los-Polticos\/61565672886568\/\" \/>\n<meta property=\"article:published_time\" content=\"2022-06-24T13:35:52+00:00\" \/>\n<meta property=\"article:modified_time\" content=\"2022-06-24T13:36:01+00:00\" \/>\n<meta property=\"og:image\" content=\"https:\/\/lospoliticosveracruz.com.mx\/wp-content\/uploads\/2021\/10\/WhatsApp-Image-2021-10-02-at-15.20.25-212x300.jpeg\" \/>\n<meta name=\"author\" content=\"Lo viste en Los Pol\u00edticos\" \/>\n<meta name=\"twitter:card\" content=\"summary_large_image\" \/>\n<meta name=\"twitter:creator\" content=\"@LosPoliticosVer\" \/>\n<meta name=\"twitter:site\" content=\"@LosPoliticosVer\" \/>\n<meta name=\"twitter:label1\" content=\"Escrito por\" \/>\n\t<meta name=\"twitter:data1\" content=\"Lo viste en Los Pol\u00edticos\" \/>\n\t<meta name=\"twitter:label2\" content=\"Tiempo de lectura\" \/>\n\t<meta name=\"twitter:data2\" content=\"5 minutos\" \/>\n<script type=\"application\/ld+json\" class=\"yoast-schema-graph\">{\"@context\":\"https:\\\/\\\/schema.org\",\"@graph\":[{\"@type\":\"Article\",\"@id\":\"https:\\\/\\\/lospoliticosveracruz.com\\\/?p=91578#article\",\"isPartOf\":{\"@id\":\"https:\\\/\\\/lospoliticosveracruz.com\\\/?p=91578\"},\"author\":{\"name\":\"Lo viste en Los Pol\u00edticos\",\"@id\":\"https:\\\/\\\/lospoliticosveracruz.com\\\/#\\\/schema\\\/person\\\/b8702bb0e538456e6efd07080bf2a4a2\"},\"headline\":\"Xalapa: \u00bfY si un d\u00eda abrimos la llave y nunca m\u00e1s sale el agua?\",\"datePublished\":\"2022-06-24T13:35:52+00:00\",\"dateModified\":\"2022-06-24T13:36:01+00:00\",\"mainEntityOfPage\":{\"@id\":\"https:\\\/\\\/lospoliticosveracruz.com\\\/?p=91578\"},\"wordCount\":936,\"publisher\":{\"@id\":\"https:\\\/\\\/lospoliticosveracruz.com\\\/#organization\"},\"image\":{\"@id\":\"https:\\\/\\\/lospoliticosveracruz.com\\\/?p=91578#primaryimage\"},\"thumbnailUrl\":\"https:\\\/\\\/lospoliticosveracruz.com.mx\\\/wp-content\\\/uploads\\\/2021\\\/10\\\/WhatsApp-Image-2021-10-02-at-15.20.25-212x300.jpeg\",\"keywords\":[\"Conagua\",\"Estr\u00e9s H\u00eddrico\",\"Xalapa\"],\"articleSection\":[\"De Opini\u00f3n\"],\"inLanguage\":\"es\"},{\"@type\":\"WebPage\",\"@id\":\"https:\\\/\\\/lospoliticosveracruz.com\\\/?p=91578\",\"url\":\"https:\\\/\\\/lospoliticosveracruz.com\\\/?p=91578\",\"name\":\"Xalapa: \u00bfY si un d\u00eda abrimos la llave y nunca m\u00e1s sale el agua? - Los pol\u00edticos Veracruz\",\"isPartOf\":{\"@id\":\"https:\\\/\\\/lospoliticosveracruz.com\\\/#website\"},\"primaryImageOfPage\":{\"@id\":\"https:\\\/\\\/lospoliticosveracruz.com\\\/?p=91578#primaryimage\"},\"image\":{\"@id\":\"https:\\\/\\\/lospoliticosveracruz.com\\\/?p=91578#primaryimage\"},\"thumbnailUrl\":\"https:\\\/\\\/lospoliticosveracruz.com.mx\\\/wp-content\\\/uploads\\\/2021\\\/10\\\/WhatsApp-Image-2021-10-02-at-15.20.25-212x300.jpeg\",\"datePublished\":\"2022-06-24T13:35:52+00:00\",\"dateModified\":\"2022-06-24T13:36:01+00:00\",\"breadcrumb\":{\"@id\":\"https:\\\/\\\/lospoliticosveracruz.com\\\/?p=91578#breadcrumb\"},\"inLanguage\":\"es\",\"potentialAction\":[{\"@type\":\"ReadAction\",\"target\":[\"https:\\\/\\\/lospoliticosveracruz.com\\\/?p=91578\"]}]},{\"@type\":\"ImageObject\",\"inLanguage\":\"es\",\"@id\":\"https:\\\/\\\/lospoliticosveracruz.com\\\/?p=91578#primaryimage\",\"url\":\"https:\\\/\\\/lospoliticosveracruz.com.mx\\\/wp-content\\\/uploads\\\/2021\\\/10\\\/WhatsApp-Image-2021-10-02-at-15.20.25-212x300.jpeg\",\"contentUrl\":\"https:\\\/\\\/lospoliticosveracruz.com.mx\\\/wp-content\\\/uploads\\\/2021\\\/10\\\/WhatsApp-Image-2021-10-02-at-15.20.25-212x300.jpeg\"},{\"@type\":\"BreadcrumbList\",\"@id\":\"https:\\\/\\\/lospoliticosveracruz.com\\\/?p=91578#breadcrumb\",\"itemListElement\":[{\"@type\":\"ListItem\",\"position\":1,\"name\":\"Portada\",\"item\":\"https:\\\/\\\/lospoliticosveracruz.com\\\/\"},{\"@type\":\"ListItem\",\"position\":2,\"name\":\"Xalapa: \u00bfY si un d\u00eda abrimos la llave y nunca m\u00e1s sale el agua?\"}]},{\"@type\":\"WebSite\",\"@id\":\"https:\\\/\\\/lospoliticosveracruz.com\\\/#website\",\"url\":\"https:\\\/\\\/lospoliticosveracruz.com\\\/\",\"name\":\"Los pol\u00edticos Veracruz\",\"description\":\"\",\"publisher\":{\"@id\":\"https:\\\/\\\/lospoliticosveracruz.com\\\/#organization\"},\"potentialAction\":[{\"@type\":\"SearchAction\",\"target\":{\"@type\":\"EntryPoint\",\"urlTemplate\":\"https:\\\/\\\/lospoliticosveracruz.com\\\/?s={search_term_string}\"},\"query-input\":{\"@type\":\"PropertyValueSpecification\",\"valueRequired\":true,\"valueName\":\"search_term_string\"}}],\"inLanguage\":\"es\"},{\"@type\":\"Organization\",\"@id\":\"https:\\\/\\\/lospoliticosveracruz.com\\\/#organization\",\"name\":\"Los pol\u00edticos Veracruz\",\"url\":\"https:\\\/\\\/lospoliticosveracruz.com\\\/\",\"logo\":{\"@type\":\"ImageObject\",\"inLanguage\":\"es\",\"@id\":\"https:\\\/\\\/lospoliticosveracruz.com\\\/#\\\/schema\\\/logo\\\/image\\\/\",\"url\":\"https:\\\/\\\/lospoliticosveracruz.com\\\/wp-content\\\/uploads\\\/2025\\\/12\\\/Logo-Nuevo-LOS-POLITICOS-1.jpg\",\"contentUrl\":\"https:\\\/\\\/lospoliticosveracruz.com\\\/wp-content\\\/uploads\\\/2025\\\/12\\\/Logo-Nuevo-LOS-POLITICOS-1.jpg\",\"width\":260,\"height\":70,\"caption\":\"Los pol\u00edticos Veracruz\"},\"image\":{\"@id\":\"https:\\\/\\\/lospoliticosveracruz.com\\\/#\\\/schema\\\/logo\\\/image\\\/\"},\"sameAs\":[\"https:\\\/\\\/www.facebook.com\\\/people\\\/Notimemes-de-los-Polticos\\\/61565672886568\\\/\",\"https:\\\/\\\/x.com\\\/LosPoliticosVer\"]},{\"@type\":\"Person\",\"@id\":\"https:\\\/\\\/lospoliticosveracruz.com\\\/#\\\/schema\\\/person\\\/b8702bb0e538456e6efd07080bf2a4a2\",\"name\":\"Lo viste en Los Pol\u00edticos\",\"image\":{\"@type\":\"ImageObject\",\"inLanguage\":\"es\",\"@id\":\"https:\\\/\\\/secure.gravatar.com\\\/avatar\\\/3a8de04a2656d44082be478bd6c086daa447c4651605818287b9532d3d0bd435?s=96&d=mm&r=g\",\"url\":\"https:\\\/\\\/secure.gravatar.com\\\/avatar\\\/3a8de04a2656d44082be478bd6c086daa447c4651605818287b9532d3d0bd435?s=96&d=mm&r=g\",\"contentUrl\":\"https:\\\/\\\/secure.gravatar.com\\\/avatar\\\/3a8de04a2656d44082be478bd6c086daa447c4651605818287b9532d3d0bd435?s=96&d=mm&r=g\",\"caption\":\"Lo viste en Los Pol\u00edticos\"},\"url\":\"https:\\\/\\\/lospoliticosveracruz.com\\\/?author=2\"}]}<\/script>\n<!-- \/ Yoast SEO plugin. -->","yoast_head_json":{"title":"Xalapa: \u00bfY si un d\u00eda abrimos la llave y nunca m\u00e1s sale el agua? - Los pol\u00edticos Veracruz","robots":{"index":"index","follow":"follow","max-snippet":"max-snippet:-1","max-image-preview":"max-image-preview:large","max-video-preview":"max-video-preview:-1"},"canonical":"https:\/\/lospoliticosveracruz.com\/?p=91578","og_locale":"es_ES","og_type":"article","og_title":"Xalapa: \u00bfY si un d\u00eda abrimos la llave y nunca m\u00e1s sale el agua? - Los pol\u00edticos Veracruz","og_description":"Alan Sayago Ram\u00edrezUna visi\u00f3n ciudadana Hoy, estamos siendo afectados por un gran desaf\u00edo de salud p\u00fablica que est\u00e1 poniendo en jaque no s\u00f3lo a los gobiernos de los distintos pa\u00edses del planeta, sino a todas sus instituciones y sociedades, como dice un refr\u00e1n popular \u201cNadie sabe lo que tiene hasta que lo pierde\u201d. En los [&hellip;]","og_url":"https:\/\/lospoliticosveracruz.com\/?p=91578","og_site_name":"Los pol\u00edticos Veracruz","article_publisher":"https:\/\/www.facebook.com\/people\/Notimemes-de-los-Polticos\/61565672886568\/","article_published_time":"2022-06-24T13:35:52+00:00","article_modified_time":"2022-06-24T13:36:01+00:00","og_image":[{"url":"https:\/\/lospoliticosveracruz.com.mx\/wp-content\/uploads\/2021\/10\/WhatsApp-Image-2021-10-02-at-15.20.25-212x300.jpeg","type":"","width":"","height":""}],"author":"Lo viste en Los Pol\u00edticos","twitter_card":"summary_large_image","twitter_creator":"@LosPoliticosVer","twitter_site":"@LosPoliticosVer","twitter_misc":{"Escrito por":"Lo viste en Los Pol\u00edticos","Tiempo de lectura":"5 minutos"},"schema":{"@context":"https:\/\/schema.org","@graph":[{"@type":"Article","@id":"https:\/\/lospoliticosveracruz.com\/?p=91578#article","isPartOf":{"@id":"https:\/\/lospoliticosveracruz.com\/?p=91578"},"author":{"name":"Lo viste en Los Pol\u00edticos","@id":"https:\/\/lospoliticosveracruz.com\/#\/schema\/person\/b8702bb0e538456e6efd07080bf2a4a2"},"headline":"Xalapa: \u00bfY si un d\u00eda abrimos la llave y nunca m\u00e1s sale el agua?","datePublished":"2022-06-24T13:35:52+00:00","dateModified":"2022-06-24T13:36:01+00:00","mainEntityOfPage":{"@id":"https:\/\/lospoliticosveracruz.com\/?p=91578"},"wordCount":936,"publisher":{"@id":"https:\/\/lospoliticosveracruz.com\/#organization"},"image":{"@id":"https:\/\/lospoliticosveracruz.com\/?p=91578#primaryimage"},"thumbnailUrl":"https:\/\/lospoliticosveracruz.com.mx\/wp-content\/uploads\/2021\/10\/WhatsApp-Image-2021-10-02-at-15.20.25-212x300.jpeg","keywords":["Conagua","Estr\u00e9s H\u00eddrico","Xalapa"],"articleSection":["De Opini\u00f3n"],"inLanguage":"es"},{"@type":"WebPage","@id":"https:\/\/lospoliticosveracruz.com\/?p=91578","url":"https:\/\/lospoliticosveracruz.com\/?p=91578","name":"Xalapa: \u00bfY si un d\u00eda abrimos la llave y nunca m\u00e1s sale el agua? - Los pol\u00edticos Veracruz","isPartOf":{"@id":"https:\/\/lospoliticosveracruz.com\/#website"},"primaryImageOfPage":{"@id":"https:\/\/lospoliticosveracruz.com\/?p=91578#primaryimage"},"image":{"@id":"https:\/\/lospoliticosveracruz.com\/?p=91578#primaryimage"},"thumbnailUrl":"https:\/\/lospoliticosveracruz.com.mx\/wp-content\/uploads\/2021\/10\/WhatsApp-Image-2021-10-02-at-15.20.25-212x300.jpeg","datePublished":"2022-06-24T13:35:52+00:00","dateModified":"2022-06-24T13:36:01+00:00","breadcrumb":{"@id":"https:\/\/lospoliticosveracruz.com\/?p=91578#breadcrumb"},"inLanguage":"es","potentialAction":[{"@type":"ReadAction","target":["https:\/\/lospoliticosveracruz.com\/?p=91578"]}]},{"@type":"ImageObject","inLanguage":"es","@id":"https:\/\/lospoliticosveracruz.com\/?p=91578#primaryimage","url":"https:\/\/lospoliticosveracruz.com.mx\/wp-content\/uploads\/2021\/10\/WhatsApp-Image-2021-10-02-at-15.20.25-212x300.jpeg","contentUrl":"https:\/\/lospoliticosveracruz.com.mx\/wp-content\/uploads\/2021\/10\/WhatsApp-Image-2021-10-02-at-15.20.25-212x300.jpeg"},{"@type":"BreadcrumbList","@id":"https:\/\/lospoliticosveracruz.com\/?p=91578#breadcrumb","itemListElement":[{"@type":"ListItem","position":1,"name":"Portada","item":"https:\/\/lospoliticosveracruz.com\/"},{"@type":"ListItem","position":2,"name":"Xalapa: \u00bfY si un d\u00eda abrimos la llave y nunca m\u00e1s sale el agua?"}]},{"@type":"WebSite","@id":"https:\/\/lospoliticosveracruz.com\/#website","url":"https:\/\/lospoliticosveracruz.com\/","name":"Los pol\u00edticos Veracruz","description":"","publisher":{"@id":"https:\/\/lospoliticosveracruz.com\/#organization"},"potentialAction":[{"@type":"SearchAction","target":{"@type":"EntryPoint","urlTemplate":"https:\/\/lospoliticosveracruz.com\/?s={search_term_string}"},"query-input":{"@type":"PropertyValueSpecification","valueRequired":true,"valueName":"search_term_string"}}],"inLanguage":"es"},{"@type":"Organization","@id":"https:\/\/lospoliticosveracruz.com\/#organization","name":"Los pol\u00edticos Veracruz","url":"https:\/\/lospoliticosveracruz.com\/","logo":{"@type":"ImageObject","inLanguage":"es","@id":"https:\/\/lospoliticosveracruz.com\/#\/schema\/logo\/image\/","url":"https:\/\/lospoliticosveracruz.com\/wp-content\/uploads\/2025\/12\/Logo-Nuevo-LOS-POLITICOS-1.jpg","contentUrl":"https:\/\/lospoliticosveracruz.com\/wp-content\/uploads\/2025\/12\/Logo-Nuevo-LOS-POLITICOS-1.jpg","width":260,"height":70,"caption":"Los pol\u00edticos Veracruz"},"image":{"@id":"https:\/\/lospoliticosveracruz.com\/#\/schema\/logo\/image\/"},"sameAs":["https:\/\/www.facebook.com\/people\/Notimemes-de-los-Polticos\/61565672886568\/","https:\/\/x.com\/LosPoliticosVer"]},{"@type":"Person","@id":"https:\/\/lospoliticosveracruz.com\/#\/schema\/person\/b8702bb0e538456e6efd07080bf2a4a2","name":"Lo viste en Los Pol\u00edticos","image":{"@type":"ImageObject","inLanguage":"es","@id":"https:\/\/secure.gravatar.com\/avatar\/3a8de04a2656d44082be478bd6c086daa447c4651605818287b9532d3d0bd435?s=96&d=mm&r=g","url":"https:\/\/secure.gravatar.com\/avatar\/3a8de04a2656d44082be478bd6c086daa447c4651605818287b9532d3d0bd435?s=96&d=mm&r=g","contentUrl":"https:\/\/secure.gravatar.com\/avatar\/3a8de04a2656d44082be478bd6c086daa447c4651605818287b9532d3d0bd435?s=96&d=mm&r=g","caption":"Lo viste en Los Pol\u00edticos"},"url":"https:\/\/lospoliticosveracruz.com\/?author=2"}]}},"_links":{"self":[{"href":"https:\/\/lospoliticosveracruz.com\/index.php?rest_route=\/wp\/v2\/posts\/91578","targetHints":{"allow":["GET"]}}],"collection":[{"href":"https:\/\/lospoliticosveracruz.com\/index.php?rest_route=\/wp\/v2\/posts"}],"about":[{"href":"https:\/\/lospoliticosveracruz.com\/index.php?rest_route=\/wp\/v2\/types\/post"}],"author":[{"embeddable":true,"href":"https:\/\/lospoliticosveracruz.com\/index.php?rest_route=\/wp\/v2\/users\/2"}],"replies":[{"embeddable":true,"href":"https:\/\/lospoliticosveracruz.com\/index.php?rest_route=%2Fwp%2Fv2%2Fcomments&post=91578"}],"version-history":[{"count":1,"href":"https:\/\/lospoliticosveracruz.com\/index.php?rest_route=\/wp\/v2\/posts\/91578\/revisions"}],"predecessor-version":[{"id":91580,"href":"https:\/\/lospoliticosveracruz.com\/index.php?rest_route=\/wp\/v2\/posts\/91578\/revisions\/91580"}],"wp:attachment":[{"href":"https:\/\/lospoliticosveracruz.com\/index.php?rest_route=%2Fwp%2Fv2%2Fmedia&parent=91578"}],"wp:term":[{"taxonomy":"category","embeddable":true,"href":"https:\/\/lospoliticosveracruz.com\/index.php?rest_route=%2Fwp%2Fv2%2Fcategories&post=91578"},{"taxonomy":"post_tag","embeddable":true,"href":"https:\/\/lospoliticosveracruz.com\/index.php?rest_route=%2Fwp%2Fv2%2Ftags&post=91578"}],"curies":[{"name":"wp","href":"https:\/\/api.w.org\/{rel}","templated":true}]}}