{"id":91581,"date":"2022-06-24T10:10:44","date_gmt":"2022-06-24T15:10:44","guid":{"rendered":"https:\/\/lospoliticosveracruz.com.mx\/?p=91581"},"modified":"2022-06-24T10:10:49","modified_gmt":"2022-06-24T15:10:49","slug":"lizzete-y-alvarado","status":"publish","type":"post","link":"https:\/\/lospoliticosveracruz.com\/?p=91581","title":{"rendered":"Lizzete y Alvarado"},"content":{"rendered":"\n<p><\/p>\n\n\n\n<p><strong>Omar Z\u00fa\u00f1iga<\/strong><br><em>De Primera Mano Taj\u00edn<\/em><\/p>\n\n\n\n<p>El municipio de Alvarado reviste especial importancia por su desarrollo inmobiliario que es el de mayor plusval\u00eda del estado, por ubicaci\u00f3n geogr\u00e1fica e infraestructura instalada, al contar con astilleros en operaci\u00f3n, cuna del reconocido constructor de barcos \u00d3scar Camarero, quien construy\u00f3 La Marigalante, r\u00e9plica de la carabela La Santa Mar\u00eda, aquella embarcaci\u00f3n en que Crist\u00f3bal Col\u00f3n lleg\u00f3 a Am\u00e9rica en 1492, cuyo \u00faltimo proyecto importante en los astilleros alvarade\u00f1os, fue el Zamn\u00e1 en 2009, un trimar\u00e1n extraordinario con una inversi\u00f3n de 2.5 millones de d\u00f3lares.<\/p>\n\n\n\n<figure class=\"wp-block-embed is-type-video is-provider-youtube wp-block-embed-youtube wp-embed-aspect-16-9 wp-has-aspect-ratio\"><div class=\"wp-block-embed__wrapper\">\n<iframe loading=\"lazy\" title=\"Cluster Coworking\" width=\"696\" height=\"392\" src=\"https:\/\/www.youtube.com\/embed\/Nxe-vxf8GuY?feature=oembed\" frameborder=\"0\" allow=\"accelerometer; autoplay; clipboard-write; encrypted-media; gyroscope; picture-in-picture; web-share\" referrerpolicy=\"strict-origin-when-cross-origin\" allowfullscreen><\/iframe>\n<\/div><\/figure>\n\n\n\n<p><br>Pues bueno, en la elecci\u00f3n del a\u00f1o pasado, Lizzete \u00c1lvarez Vera, licenciada en Educaci\u00f3n Preescolar de profesi\u00f3n, empresaria pesquera por vocaci\u00f3n y abanderada por el PVEM en coalici\u00f3n con Morena y PT, le arrebata la alcald\u00eda a Bogar Ruiz Rosas y le gana a Octavio Ruiz, de repente se volvi\u00f3 enemiga del gobierno del Estado y la empiezan a hostigar.<br>En este contexto, la misma Lizzete revela, a pregunta expresa, que con trabajo, con hechos, demuestra que ella quiere lo mejor para Alvarado, \u201ccon mucho respeto siempre para nuestro gobernador del Estado, para nuestras autoridades, para nuestro secretario de Gobierno, para nuestro Presidente de la Rep\u00fablica. Alvarado en su casa siempre, en todo momento han tenido las puertas abiertas de nuestro municipio\u201d.<br>Y reitera que lo \u00fanico que ella quiere es que este municipio avance, pues lo encontr\u00f3 muy mal econ\u00f3micamente, con las arcas municipales \u201cmuy afectadas, no s\u00f3lo por la anterior administraci\u00f3n, sino por las que precedieron\u201d.<\/p>\n\n\n\n<div class=\"wp-block-image\"><figure class=\"alignleft size-medium\"><a href=\"https:\/\/lospoliticosveracruz.com.mx\/wp-content\/uploads\/2021\/10\/Zacauilt.jpg\"><img decoding=\"async\" src=\"https:\/\/lospoliticosveracruz.com.mx\/wp-content\/uploads\/2021\/10\/Zacauilt-150x300.jpg\" alt=\"\" class=\"wp-image-80558\"\/><\/a><\/figure><\/div>\n\n\n\n<p><br>El desgaste lleg\u00f3 incluso a choques muy fuertes con el s\u00edndico Jaime Abel Tiburcio Herrera, quien interpuso una denuncia y se hizo un escandalito medi\u00e1tico, que oblig\u00f3 la intervenci\u00f3n del presidente de la Junta de Coordinaci\u00f3n Pol\u00edtica Juan Javier G\u00f3mez Cazar\u00edn, quien destrab\u00f3 el entuerto, a grado tal que actualmente toda la comuna trabaja cordialmente, de manera coordinada, con un solo objetivo enfrente: Alvarado.<br>Es decir, que con voluntad pol\u00edtica, teniendo claro lo que se busca, es posible trabajar a pesar de las posibles diferencias ideol\u00f3gicas, pues de eso se trata la pol\u00edtica.<br>Es as\u00ed que Lizzete \u00c1lvarez se convierte poco a poco en un personaje de relevancia, que incluso dicen los que saben, debe trabajar con la protecci\u00f3n de la justicia federal ante las denuncias del Ejecutivo, que no ha terminado de entender que necesita hoy, y los va a necesitar ma\u00f1ana, de aliados que puedan apoyarlo (protegerlo).<br>Se les olvida que estos alcaldes son los que van a operar la elecci\u00f3n 2024 y trascienden a su sexenio, los que no lo entendieron en su momento han terminado en la c\u00e1rcel.<br>Por v\u00eda de mientras, Alvarado se fortalece, con una Riviera Veracruzana en desarrollo, el apoyo desde Avenida Encanto, proyectos federales importantes y denuncias ante Orfis y FGE contra quienes lo saquearon.<\/p>\n\n\n\n<hr class=\"wp-block-separator\"\/>\n\n\n\n<p>Y para documentar el optimismo, adem\u00e1s de lo que significa en t\u00e9rminos legales y jur\u00eddicos la liberaci\u00f3n de Jos\u00e9 Manuel del R\u00edo Virgen, secretario t\u00e9cnico de la Jucopo del Senado de la Rep\u00fablica para Veracruz, su gobierno y sus instituciones de impartici\u00f3n y procuraci\u00f3n de justicia, est\u00e1 el tema pol\u00edtico.<br>Y es que el asunto no va a ser f\u00e1cil para nadie, porque esta coyuntura, la torpeza basada en el revanchismo, le dio a Movimiento Ciudadano un candidato natural para la gubernatura de Veracruz en 2024, pues a pesar de la percepci\u00f3n generalizada de que Dante Delgado a\u00fan suspiraba por sentarse nuevamente en la oficina principal de Palacio de Gobierno, la realidad es muy diferente.<br>Ahora, Del R\u00edo aparece en la palestra estatal y nacional como el candidato natural a Veracruz y pone nuevamente a temblar a la alianza opositora, pues el mismo Dante ha dicho que \u00e9l y su Movimiento Ciudadano NO se van a sumar a un frente, peeero, ese frente es posible y que vayan juntos, si y s\u00f3lo si, los dem\u00e1s partidos de la oposici\u00f3n se suman a ellos.<br>Y ahora, al menos en Veracruz, podr\u00eda estarse gestando este frente opositor llevando de candidato a Jos\u00e9 Manuel R\u00edo Virgen por Movimiento Ciudadano, que adem\u00e1s de todo, es gente cercan\u00edsima \u201cal doctor\u201d, Ricardo Monreal \u00c1vila.<br>Ser\u00e1 que se concreten las aspiraciones de Monreal de ser candidato presidencial, es pregunta.<\/p>\n\n\n\n<p>Hay Tiro<\/p>\n\n\n\n<p><\/p>\n\n\n\n<p>\u00a1Qu\u00e9 barbaridad!<br>deprimera.mano2020@gmail.com<\/p>\n","protected":false},"excerpt":{"rendered":"<p>Omar Z\u00fa\u00f1igaDe Primera Mano Taj\u00edn El municipio de Alvarado reviste especial importancia por su desarrollo inmobiliario que es el de mayor plusval\u00eda del estado, por ubicaci\u00f3n geogr\u00e1fica e infraestructura instalada, al contar con astilleros en operaci\u00f3n, cuna del reconocido constructor de barcos \u00d3scar Camarero, quien construy\u00f3 La Marigalante, r\u00e9plica de la carabela La Santa Mar\u00eda, [&hellip;]<\/p>\n","protected":false},"author":2,"featured_media":0,"comment_status":"closed","ping_status":"closed","sticky":false,"template":"","format":"standard","meta":{"tdm_status":"","tdm_grid_status":"","footnotes":""},"categories":[70],"tags":[7909,28095,1026,31869,2289,711],"class_list":{"0":"post-91581","1":"post","2":"type-post","3":"status-publish","4":"format-standard","6":"category-de-opinion","7":"tag-jose-manuel-del-rio-virgen","8":"tag-lizzette-alvarez","9":"tag-morena","10":"tag-omar-zuniga-adan","11":"tag-pt","12":"tag-senado"},"yoast_head":"<!-- This site is optimized with the Yoast SEO plugin v27.4 - https:\/\/yoast.com\/product\/yoast-seo-wordpress\/ -->\n<title>Lizzete y Alvarado - Los pol\u00edticos Veracruz<\/title>\n<meta name=\"robots\" content=\"index, follow, max-snippet:-1, max-image-preview:large, max-video-preview:-1\" \/>\n<link rel=\"canonical\" href=\"https:\/\/lospoliticosveracruz.com\/?p=91581\" \/>\n<meta property=\"og:locale\" content=\"es_ES\" \/>\n<meta property=\"og:type\" content=\"article\" \/>\n<meta property=\"og:title\" content=\"Lizzete y Alvarado - Los pol\u00edticos Veracruz\" \/>\n<meta property=\"og:description\" content=\"Omar Z\u00fa\u00f1igaDe Primera Mano Taj\u00edn El municipio de Alvarado reviste especial importancia por su desarrollo inmobiliario que es el de mayor plusval\u00eda del estado, por ubicaci\u00f3n geogr\u00e1fica e infraestructura instalada, al contar con astilleros en operaci\u00f3n, cuna del reconocido constructor de barcos \u00d3scar Camarero, quien construy\u00f3 La Marigalante, r\u00e9plica de la carabela La Santa Mar\u00eda, [&hellip;]\" \/>\n<meta property=\"og:url\" content=\"https:\/\/lospoliticosveracruz.com\/?p=91581\" \/>\n<meta property=\"og:site_name\" content=\"Los pol\u00edticos Veracruz\" \/>\n<meta property=\"article:publisher\" content=\"https:\/\/www.facebook.com\/people\/Notimemes-de-los-Polticos\/61565672886568\/\" \/>\n<meta property=\"article:published_time\" content=\"2022-06-24T15:10:44+00:00\" \/>\n<meta property=\"article:modified_time\" content=\"2022-06-24T15:10:49+00:00\" \/>\n<meta property=\"og:image\" content=\"https:\/\/lospoliticosveracruz.com.mx\/wp-content\/uploads\/2021\/10\/Zacauilt-150x300.jpg\" \/>\n<meta name=\"author\" content=\"Lo viste en Los Pol\u00edticos\" \/>\n<meta name=\"twitter:card\" content=\"summary_large_image\" \/>\n<meta name=\"twitter:creator\" content=\"@LosPoliticosVer\" \/>\n<meta name=\"twitter:site\" content=\"@LosPoliticosVer\" \/>\n<meta name=\"twitter:label1\" content=\"Escrito por\" \/>\n\t<meta name=\"twitter:data1\" content=\"Lo viste en Los Pol\u00edticos\" \/>\n\t<meta name=\"twitter:label2\" content=\"Tiempo de lectura\" \/>\n\t<meta name=\"twitter:data2\" content=\"4 minutos\" \/>\n<script type=\"application\/ld+json\" class=\"yoast-schema-graph\">{\"@context\":\"https:\\\/\\\/schema.org\",\"@graph\":[{\"@type\":\"Article\",\"@id\":\"https:\\\/\\\/lospoliticosveracruz.com\\\/?p=91581#article\",\"isPartOf\":{\"@id\":\"https:\\\/\\\/lospoliticosveracruz.com\\\/?p=91581\"},\"author\":{\"name\":\"Lo viste en Los Pol\u00edticos\",\"@id\":\"https:\\\/\\\/lospoliticosveracruz.com\\\/#\\\/schema\\\/person\\\/b8702bb0e538456e6efd07080bf2a4a2\"},\"headline\":\"Lizzete y Alvarado\",\"datePublished\":\"2022-06-24T15:10:44+00:00\",\"dateModified\":\"2022-06-24T15:10:49+00:00\",\"mainEntityOfPage\":{\"@id\":\"https:\\\/\\\/lospoliticosveracruz.com\\\/?p=91581\"},\"wordCount\":768,\"publisher\":{\"@id\":\"https:\\\/\\\/lospoliticosveracruz.com\\\/#organization\"},\"image\":{\"@id\":\"https:\\\/\\\/lospoliticosveracruz.com\\\/?p=91581#primaryimage\"},\"thumbnailUrl\":\"https:\\\/\\\/lospoliticosveracruz.com.mx\\\/wp-content\\\/uploads\\\/2021\\\/10\\\/Zacauilt-150x300.jpg\",\"keywords\":[\"Jos\u00e9 Manuel del R\u00edo Virgen\",\"Lizzette Alvarez\",\"Morena\",\"Omar Z\u00fa\u00f1iga Ad\u00e1n\",\"PT\",\"Senado\"],\"articleSection\":[\"De Opini\u00f3n\"],\"inLanguage\":\"es\"},{\"@type\":\"WebPage\",\"@id\":\"https:\\\/\\\/lospoliticosveracruz.com\\\/?p=91581\",\"url\":\"https:\\\/\\\/lospoliticosveracruz.com\\\/?p=91581\",\"name\":\"Lizzete y Alvarado - Los pol\u00edticos Veracruz\",\"isPartOf\":{\"@id\":\"https:\\\/\\\/lospoliticosveracruz.com\\\/#website\"},\"primaryImageOfPage\":{\"@id\":\"https:\\\/\\\/lospoliticosveracruz.com\\\/?p=91581#primaryimage\"},\"image\":{\"@id\":\"https:\\\/\\\/lospoliticosveracruz.com\\\/?p=91581#primaryimage\"},\"thumbnailUrl\":\"https:\\\/\\\/lospoliticosveracruz.com.mx\\\/wp-content\\\/uploads\\\/2021\\\/10\\\/Zacauilt-150x300.jpg\",\"datePublished\":\"2022-06-24T15:10:44+00:00\",\"dateModified\":\"2022-06-24T15:10:49+00:00\",\"breadcrumb\":{\"@id\":\"https:\\\/\\\/lospoliticosveracruz.com\\\/?p=91581#breadcrumb\"},\"inLanguage\":\"es\",\"potentialAction\":[{\"@type\":\"ReadAction\",\"target\":[\"https:\\\/\\\/lospoliticosveracruz.com\\\/?p=91581\"]}]},{\"@type\":\"ImageObject\",\"inLanguage\":\"es\",\"@id\":\"https:\\\/\\\/lospoliticosveracruz.com\\\/?p=91581#primaryimage\",\"url\":\"https:\\\/\\\/lospoliticosveracruz.com.mx\\\/wp-content\\\/uploads\\\/2021\\\/10\\\/Zacauilt-150x300.jpg\",\"contentUrl\":\"https:\\\/\\\/lospoliticosveracruz.com.mx\\\/wp-content\\\/uploads\\\/2021\\\/10\\\/Zacauilt-150x300.jpg\"},{\"@type\":\"BreadcrumbList\",\"@id\":\"https:\\\/\\\/lospoliticosveracruz.com\\\/?p=91581#breadcrumb\",\"itemListElement\":[{\"@type\":\"ListItem\",\"position\":1,\"name\":\"Portada\",\"item\":\"https:\\\/\\\/lospoliticosveracruz.com\\\/\"},{\"@type\":\"ListItem\",\"position\":2,\"name\":\"Lizzete y Alvarado\"}]},{\"@type\":\"WebSite\",\"@id\":\"https:\\\/\\\/lospoliticosveracruz.com\\\/#website\",\"url\":\"https:\\\/\\\/lospoliticosveracruz.com\\\/\",\"name\":\"Los pol\u00edticos Veracruz\",\"description\":\"\",\"publisher\":{\"@id\":\"https:\\\/\\\/lospoliticosveracruz.com\\\/#organization\"},\"potentialAction\":[{\"@type\":\"SearchAction\",\"target\":{\"@type\":\"EntryPoint\",\"urlTemplate\":\"https:\\\/\\\/lospoliticosveracruz.com\\\/?s={search_term_string}\"},\"query-input\":{\"@type\":\"PropertyValueSpecification\",\"valueRequired\":true,\"valueName\":\"search_term_string\"}}],\"inLanguage\":\"es\"},{\"@type\":\"Organization\",\"@id\":\"https:\\\/\\\/lospoliticosveracruz.com\\\/#organization\",\"name\":\"Los pol\u00edticos Veracruz\",\"url\":\"https:\\\/\\\/lospoliticosveracruz.com\\\/\",\"logo\":{\"@type\":\"ImageObject\",\"inLanguage\":\"es\",\"@id\":\"https:\\\/\\\/lospoliticosveracruz.com\\\/#\\\/schema\\\/logo\\\/image\\\/\",\"url\":\"https:\\\/\\\/lospoliticosveracruz.com\\\/wp-content\\\/uploads\\\/2025\\\/12\\\/Logo-Nuevo-LOS-POLITICOS-1.jpg\",\"contentUrl\":\"https:\\\/\\\/lospoliticosveracruz.com\\\/wp-content\\\/uploads\\\/2025\\\/12\\\/Logo-Nuevo-LOS-POLITICOS-1.jpg\",\"width\":260,\"height\":70,\"caption\":\"Los pol\u00edticos Veracruz\"},\"image\":{\"@id\":\"https:\\\/\\\/lospoliticosveracruz.com\\\/#\\\/schema\\\/logo\\\/image\\\/\"},\"sameAs\":[\"https:\\\/\\\/www.facebook.com\\\/people\\\/Notimemes-de-los-Polticos\\\/61565672886568\\\/\",\"https:\\\/\\\/x.com\\\/LosPoliticosVer\"]},{\"@type\":\"Person\",\"@id\":\"https:\\\/\\\/lospoliticosveracruz.com\\\/#\\\/schema\\\/person\\\/b8702bb0e538456e6efd07080bf2a4a2\",\"name\":\"Lo viste en Los Pol\u00edticos\",\"image\":{\"@type\":\"ImageObject\",\"inLanguage\":\"es\",\"@id\":\"https:\\\/\\\/secure.gravatar.com\\\/avatar\\\/3a8de04a2656d44082be478bd6c086daa447c4651605818287b9532d3d0bd435?s=96&d=mm&r=g\",\"url\":\"https:\\\/\\\/secure.gravatar.com\\\/avatar\\\/3a8de04a2656d44082be478bd6c086daa447c4651605818287b9532d3d0bd435?s=96&d=mm&r=g\",\"contentUrl\":\"https:\\\/\\\/secure.gravatar.com\\\/avatar\\\/3a8de04a2656d44082be478bd6c086daa447c4651605818287b9532d3d0bd435?s=96&d=mm&r=g\",\"caption\":\"Lo viste en Los Pol\u00edticos\"},\"url\":\"https:\\\/\\\/lospoliticosveracruz.com\\\/?author=2\"}]}<\/script>\n<!-- \/ Yoast SEO plugin. -->","yoast_head_json":{"title":"Lizzete y Alvarado - Los pol\u00edticos Veracruz","robots":{"index":"index","follow":"follow","max-snippet":"max-snippet:-1","max-image-preview":"max-image-preview:large","max-video-preview":"max-video-preview:-1"},"canonical":"https:\/\/lospoliticosveracruz.com\/?p=91581","og_locale":"es_ES","og_type":"article","og_title":"Lizzete y Alvarado - Los pol\u00edticos Veracruz","og_description":"Omar Z\u00fa\u00f1igaDe Primera Mano Taj\u00edn El municipio de Alvarado reviste especial importancia por su desarrollo inmobiliario que es el de mayor plusval\u00eda del estado, por ubicaci\u00f3n geogr\u00e1fica e infraestructura instalada, al contar con astilleros en operaci\u00f3n, cuna del reconocido constructor de barcos \u00d3scar Camarero, quien construy\u00f3 La Marigalante, r\u00e9plica de la carabela La Santa Mar\u00eda, [&hellip;]","og_url":"https:\/\/lospoliticosveracruz.com\/?p=91581","og_site_name":"Los pol\u00edticos Veracruz","article_publisher":"https:\/\/www.facebook.com\/people\/Notimemes-de-los-Polticos\/61565672886568\/","article_published_time":"2022-06-24T15:10:44+00:00","article_modified_time":"2022-06-24T15:10:49+00:00","og_image":[{"url":"https:\/\/lospoliticosveracruz.com.mx\/wp-content\/uploads\/2021\/10\/Zacauilt-150x300.jpg","type":"","width":"","height":""}],"author":"Lo viste en Los Pol\u00edticos","twitter_card":"summary_large_image","twitter_creator":"@LosPoliticosVer","twitter_site":"@LosPoliticosVer","twitter_misc":{"Escrito por":"Lo viste en Los Pol\u00edticos","Tiempo de lectura":"4 minutos"},"schema":{"@context":"https:\/\/schema.org","@graph":[{"@type":"Article","@id":"https:\/\/lospoliticosveracruz.com\/?p=91581#article","isPartOf":{"@id":"https:\/\/lospoliticosveracruz.com\/?p=91581"},"author":{"name":"Lo viste en Los Pol\u00edticos","@id":"https:\/\/lospoliticosveracruz.com\/#\/schema\/person\/b8702bb0e538456e6efd07080bf2a4a2"},"headline":"Lizzete y Alvarado","datePublished":"2022-06-24T15:10:44+00:00","dateModified":"2022-06-24T15:10:49+00:00","mainEntityOfPage":{"@id":"https:\/\/lospoliticosveracruz.com\/?p=91581"},"wordCount":768,"publisher":{"@id":"https:\/\/lospoliticosveracruz.com\/#organization"},"image":{"@id":"https:\/\/lospoliticosveracruz.com\/?p=91581#primaryimage"},"thumbnailUrl":"https:\/\/lospoliticosveracruz.com.mx\/wp-content\/uploads\/2021\/10\/Zacauilt-150x300.jpg","keywords":["Jos\u00e9 Manuel del R\u00edo Virgen","Lizzette Alvarez","Morena","Omar Z\u00fa\u00f1iga Ad\u00e1n","PT","Senado"],"articleSection":["De Opini\u00f3n"],"inLanguage":"es"},{"@type":"WebPage","@id":"https:\/\/lospoliticosveracruz.com\/?p=91581","url":"https:\/\/lospoliticosveracruz.com\/?p=91581","name":"Lizzete y Alvarado - Los pol\u00edticos Veracruz","isPartOf":{"@id":"https:\/\/lospoliticosveracruz.com\/#website"},"primaryImageOfPage":{"@id":"https:\/\/lospoliticosveracruz.com\/?p=91581#primaryimage"},"image":{"@id":"https:\/\/lospoliticosveracruz.com\/?p=91581#primaryimage"},"thumbnailUrl":"https:\/\/lospoliticosveracruz.com.mx\/wp-content\/uploads\/2021\/10\/Zacauilt-150x300.jpg","datePublished":"2022-06-24T15:10:44+00:00","dateModified":"2022-06-24T15:10:49+00:00","breadcrumb":{"@id":"https:\/\/lospoliticosveracruz.com\/?p=91581#breadcrumb"},"inLanguage":"es","potentialAction":[{"@type":"ReadAction","target":["https:\/\/lospoliticosveracruz.com\/?p=91581"]}]},{"@type":"ImageObject","inLanguage":"es","@id":"https:\/\/lospoliticosveracruz.com\/?p=91581#primaryimage","url":"https:\/\/lospoliticosveracruz.com.mx\/wp-content\/uploads\/2021\/10\/Zacauilt-150x300.jpg","contentUrl":"https:\/\/lospoliticosveracruz.com.mx\/wp-content\/uploads\/2021\/10\/Zacauilt-150x300.jpg"},{"@type":"BreadcrumbList","@id":"https:\/\/lospoliticosveracruz.com\/?p=91581#breadcrumb","itemListElement":[{"@type":"ListItem","position":1,"name":"Portada","item":"https:\/\/lospoliticosveracruz.com\/"},{"@type":"ListItem","position":2,"name":"Lizzete y Alvarado"}]},{"@type":"WebSite","@id":"https:\/\/lospoliticosveracruz.com\/#website","url":"https:\/\/lospoliticosveracruz.com\/","name":"Los pol\u00edticos Veracruz","description":"","publisher":{"@id":"https:\/\/lospoliticosveracruz.com\/#organization"},"potentialAction":[{"@type":"SearchAction","target":{"@type":"EntryPoint","urlTemplate":"https:\/\/lospoliticosveracruz.com\/?s={search_term_string}"},"query-input":{"@type":"PropertyValueSpecification","valueRequired":true,"valueName":"search_term_string"}}],"inLanguage":"es"},{"@type":"Organization","@id":"https:\/\/lospoliticosveracruz.com\/#organization","name":"Los pol\u00edticos Veracruz","url":"https:\/\/lospoliticosveracruz.com\/","logo":{"@type":"ImageObject","inLanguage":"es","@id":"https:\/\/lospoliticosveracruz.com\/#\/schema\/logo\/image\/","url":"https:\/\/lospoliticosveracruz.com\/wp-content\/uploads\/2025\/12\/Logo-Nuevo-LOS-POLITICOS-1.jpg","contentUrl":"https:\/\/lospoliticosveracruz.com\/wp-content\/uploads\/2025\/12\/Logo-Nuevo-LOS-POLITICOS-1.jpg","width":260,"height":70,"caption":"Los pol\u00edticos Veracruz"},"image":{"@id":"https:\/\/lospoliticosveracruz.com\/#\/schema\/logo\/image\/"},"sameAs":["https:\/\/www.facebook.com\/people\/Notimemes-de-los-Polticos\/61565672886568\/","https:\/\/x.com\/LosPoliticosVer"]},{"@type":"Person","@id":"https:\/\/lospoliticosveracruz.com\/#\/schema\/person\/b8702bb0e538456e6efd07080bf2a4a2","name":"Lo viste en Los Pol\u00edticos","image":{"@type":"ImageObject","inLanguage":"es","@id":"https:\/\/secure.gravatar.com\/avatar\/3a8de04a2656d44082be478bd6c086daa447c4651605818287b9532d3d0bd435?s=96&d=mm&r=g","url":"https:\/\/secure.gravatar.com\/avatar\/3a8de04a2656d44082be478bd6c086daa447c4651605818287b9532d3d0bd435?s=96&d=mm&r=g","contentUrl":"https:\/\/secure.gravatar.com\/avatar\/3a8de04a2656d44082be478bd6c086daa447c4651605818287b9532d3d0bd435?s=96&d=mm&r=g","caption":"Lo viste en Los Pol\u00edticos"},"url":"https:\/\/lospoliticosveracruz.com\/?author=2"}]}},"_links":{"self":[{"href":"https:\/\/lospoliticosveracruz.com\/index.php?rest_route=\/wp\/v2\/posts\/91581","targetHints":{"allow":["GET"]}}],"collection":[{"href":"https:\/\/lospoliticosveracruz.com\/index.php?rest_route=\/wp\/v2\/posts"}],"about":[{"href":"https:\/\/lospoliticosveracruz.com\/index.php?rest_route=\/wp\/v2\/types\/post"}],"author":[{"embeddable":true,"href":"https:\/\/lospoliticosveracruz.com\/index.php?rest_route=\/wp\/v2\/users\/2"}],"replies":[{"embeddable":true,"href":"https:\/\/lospoliticosveracruz.com\/index.php?rest_route=%2Fwp%2Fv2%2Fcomments&post=91581"}],"version-history":[{"count":1,"href":"https:\/\/lospoliticosveracruz.com\/index.php?rest_route=\/wp\/v2\/posts\/91581\/revisions"}],"predecessor-version":[{"id":91583,"href":"https:\/\/lospoliticosveracruz.com\/index.php?rest_route=\/wp\/v2\/posts\/91581\/revisions\/91583"}],"wp:attachment":[{"href":"https:\/\/lospoliticosveracruz.com\/index.php?rest_route=%2Fwp%2Fv2%2Fmedia&parent=91581"}],"wp:term":[{"taxonomy":"category","embeddable":true,"href":"https:\/\/lospoliticosveracruz.com\/index.php?rest_route=%2Fwp%2Fv2%2Fcategories&post=91581"},{"taxonomy":"post_tag","embeddable":true,"href":"https:\/\/lospoliticosveracruz.com\/index.php?rest_route=%2Fwp%2Fv2%2Ftags&post=91581"}],"curies":[{"name":"wp","href":"https:\/\/api.w.org\/{rel}","templated":true}]}}