{"id":91674,"date":"2022-06-27T10:10:41","date_gmt":"2022-06-27T15:10:41","guid":{"rendered":"https:\/\/lospoliticosveracruz.com.mx\/?p=91674"},"modified":"2022-06-27T10:10:51","modified_gmt":"2022-06-27T15:10:51","slug":"borregazos-en-el-ople","status":"publish","type":"post","link":"https:\/\/lospoliticosveracruz.com\/?p=91674","title":{"rendered":"Borregazos en el OPLE"},"content":{"rendered":"\n<p><\/p>\n\n\n\n<p><br><strong>Ignacio Alvarez<\/strong><br><em>Pluma Negra<\/em><\/p>\n\n\n\n<p>Hasta \u00e9ste lunes por la ma\u00f1ana sesionar\u00e1 la comisi\u00f3n de vinculaci\u00f3n del INE para elaborar el dictamen de las propuestas para ocupar las vacantes de consejeros en varios organismos electorales, pero desde el fin de semana hubo borregazos respecto a la supuesta designaci\u00f3n de Marisol Delgadillo para sustituir a Alejandro Bonilla Bonilla.<\/p>\n\n\n\n<p>Dicen los enterados que son patadas de ahogado, pues una a una se han ido cayendo las cartas de quien orquest\u00f3 \u00e9ste operativo, incluso a cambio de pagos, y que no es otro que el consejero del INE, Roberto Ruiz Salda\u00f1a, ese que en el 2021 se postul\u00f3 para ocupar la rector\u00eda de la Universidad Veracruzana (UV), pero mordi\u00f3 el polvo en la recta final.<\/p>\n\n\n\n<figure class=\"wp-block-embed is-type-video is-provider-youtube wp-block-embed-youtube wp-embed-aspect-16-9 wp-has-aspect-ratio\"><div class=\"wp-block-embed__wrapper\">\n<iframe loading=\"lazy\" title=\"Cluster Coworking\" width=\"696\" height=\"392\" src=\"https:\/\/www.youtube.com\/embed\/Nxe-vxf8GuY?feature=oembed\" frameborder=\"0\" allow=\"accelerometer; autoplay; clipboard-write; encrypted-media; gyroscope; picture-in-picture; web-share\" referrerpolicy=\"strict-origin-when-cross-origin\" allowfullscreen><\/iframe>\n<\/div><\/figure>\n\n\n\n<p>No falt\u00f3 quien mordiera el anzuelo y en sus notas period\u00edsticas citan un supuesto acuerdo \u201cpublicado\u201d por el INE que en realidad no se public\u00f3 en ning\u00fan lado porque se elaborar\u00e1 hasta \u00e9ste lunes.<\/p>\n\n\n\n<p>Ruiz Salda\u00f1a trae un pleito casado con el Gobierno de Veracruz y ha echado toda la carne al asador para poder manejar el OPLE de Veracruz con alguien a modo para desahogar su frustraci\u00f3n en contra de la 4T.<\/p>\n\n\n\n<p>Marisol Delgadillo ha sido operadora adem\u00e1s de Veracruz, hoy se perfilar\u00e1n los finalistas para ocupar consejeros en Baja California Sur, Estado de M\u00e9xico, Hidalgo Nuevo Le\u00f3n, Quer\u00e9taro y Tabasco, la votaci\u00f3n de \u00e9stos acuerdos se llevar\u00e1 a acabo hasta el jueves 30 de junio.<\/p>\n\n\n\n<p><strong>Llama iglesia al Dialogo por la Seguridad<\/strong><\/p>\n\n\n\n<p>Tras el asesinato de dos sacerdotes jesuitas y un gu\u00eda de turistas en el municipio de Urique del estado de Chihuahua, el pasado 20 de junio, los obispos mexicanos se unieron para hacer un llamado en la homil\u00eda dominical para que se organice el gobierno y la sociedad en un dialogo por la paz y que se reviertan las condiciones de inseguridad que prevalecen en diversos puntos del pa\u00eds.<\/p>\n\n\n\n<p>En Veracruz que no escapa a las estadistas nacionales de violencia y cr\u00edmenes de todos tama\u00f1os, desde Xalapa, el Arzobispo Carlos Patr\u00f3n Wong y su Obispo Auxiliar, Rafael Palma Capetillo, reconocieron que la iglesia no ha hecho lo suficiente en la evangelizaci\u00f3n de los pueblos para privilegiar el respeto y la vida, pero tambi\u00e9n es tiempo de revisar la estrategia de seguridad del gobierno.<\/p>\n\n\n\n<p>El mensaje que se multiplic\u00f3 en todas las iglesias del pa\u00eds, hace el llamado para que el gobierno escuche a los miles de familiares de las v\u00edctimas de asesinato y desaparecidos, a los cuerpos policiacos maltratados por el crimen, a los investigadores y acad\u00e9micos, de todas las fuerzas pol\u00edticas del pa\u00eds, a las asociaciones religiosas, a la sociedad organizada y a los medios de comunicaci\u00f3n por que no es \u00fatil negar la realidad y tampoco culpar al pasado de lo que ahora toca resolver.<\/p>\n\n\n\n<p>La insistencia de la iglesia es para un Dialogo Nacional incluyente con el argumento de que, \u201ctodos los mexicanos necesitamos vivir en paz y concordia. Es responsabilidad de los gobernantes aplicar la ley con justicia para erradicar la impunidad, respetando los derechos humanos, pero procurando la seguridad de los ciudadanos y la paz social\u201d.<\/p>\n\n\n\n<p>Y es que los medios de informaci\u00f3n dan cuenta de cada vez m\u00e1s cr\u00edmenes en el pa\u00eds y en el estado, en Nuevo Le\u00f3n seis polic\u00edas murieron el fin de semana tras una emboscada e grupos armados, en Nogales aparecieron los cuerpos desmembrados de una pareja de novios que hab\u00edan sido reportados como desparecidos, en Xalapa el pasado s\u00e1bado se registr\u00f3 una balacera frente a Plaza Am\u00e9ricas, solo por mencionar los hechos violentos m\u00e1s escandalosos del fin de semana.<\/p>\n","protected":false},"excerpt":{"rendered":"<p>Ignacio AlvarezPluma Negra Hasta \u00e9ste lunes por la ma\u00f1ana sesionar\u00e1 la comisi\u00f3n de vinculaci\u00f3n del INE para elaborar el dictamen de las propuestas para ocupar las vacantes de consejeros en varios organismos electorales, pero desde el fin de semana hubo borregazos respecto a la supuesta designaci\u00f3n de Marisol Delgadillo para sustituir a Alejandro Bonilla Bonilla. [&hellip;]<\/p>\n","protected":false},"author":2,"featured_media":0,"comment_status":"closed","ping_status":"closed","sticky":false,"template":"","format":"standard","meta":{"tdm_status":"","tdm_grid_status":"","footnotes":""},"categories":[70],"tags":[319,554,196,33871,4509,29241],"class_list":{"0":"post-91674","1":"post","2":"type-post","3":"status-publish","4":"format-standard","6":"category-de-opinion","7":"tag-iglesia","8":"tag-ine","9":"tag-inseguridad","10":"tag-marisol-delgadillo","11":"tag-ople-de-veracruz","12":"tag-roberto-ruiz-saldana"},"yoast_head":"<!-- This site is optimized with the Yoast SEO plugin v27.4 - https:\/\/yoast.com\/product\/yoast-seo-wordpress\/ -->\n<title>Borregazos en el OPLE - Los pol\u00edticos Veracruz<\/title>\n<meta name=\"robots\" content=\"index, follow, max-snippet:-1, max-image-preview:large, max-video-preview:-1\" \/>\n<link rel=\"canonical\" href=\"https:\/\/lospoliticosveracruz.com\/?p=91674\" \/>\n<meta property=\"og:locale\" content=\"es_ES\" \/>\n<meta property=\"og:type\" content=\"article\" \/>\n<meta property=\"og:title\" content=\"Borregazos en el OPLE - Los pol\u00edticos Veracruz\" \/>\n<meta property=\"og:description\" content=\"Ignacio AlvarezPluma Negra Hasta \u00e9ste lunes por la ma\u00f1ana sesionar\u00e1 la comisi\u00f3n de vinculaci\u00f3n del INE para elaborar el dictamen de las propuestas para ocupar las vacantes de consejeros en varios organismos electorales, pero desde el fin de semana hubo borregazos respecto a la supuesta designaci\u00f3n de Marisol Delgadillo para sustituir a Alejandro Bonilla Bonilla. [&hellip;]\" \/>\n<meta property=\"og:url\" content=\"https:\/\/lospoliticosveracruz.com\/?p=91674\" \/>\n<meta property=\"og:site_name\" content=\"Los pol\u00edticos Veracruz\" \/>\n<meta property=\"article:publisher\" content=\"https:\/\/www.facebook.com\/people\/Notimemes-de-los-Polticos\/61565672886568\/\" \/>\n<meta property=\"article:published_time\" content=\"2022-06-27T15:10:41+00:00\" \/>\n<meta property=\"article:modified_time\" content=\"2022-06-27T15:10:51+00:00\" \/>\n<meta property=\"og:image\" content=\"https:\/\/lospoliticosveracruz.com\/wp-content\/uploads\/2016\/07\/Logo-Dor.jpg\" \/>\n\t<meta property=\"og:image:width\" content=\"200\" \/>\n\t<meta property=\"og:image:height\" content=\"200\" \/>\n\t<meta property=\"og:image:type\" content=\"image\/jpeg\" \/>\n<meta name=\"author\" content=\"Lo viste en Los Pol\u00edticos\" \/>\n<meta name=\"twitter:card\" content=\"summary_large_image\" \/>\n<meta name=\"twitter:creator\" content=\"@LosPoliticosVer\" \/>\n<meta name=\"twitter:site\" content=\"@LosPoliticosVer\" \/>\n<meta name=\"twitter:label1\" content=\"Escrito por\" \/>\n\t<meta name=\"twitter:data1\" content=\"Lo viste en Los Pol\u00edticos\" \/>\n\t<meta name=\"twitter:label2\" content=\"Tiempo de lectura\" \/>\n\t<meta name=\"twitter:data2\" content=\"3 minutos\" \/>\n<script type=\"application\/ld+json\" class=\"yoast-schema-graph\">{\"@context\":\"https:\\\/\\\/schema.org\",\"@graph\":[{\"@type\":\"Article\",\"@id\":\"https:\\\/\\\/lospoliticosveracruz.com\\\/?p=91674#article\",\"isPartOf\":{\"@id\":\"https:\\\/\\\/lospoliticosveracruz.com\\\/?p=91674\"},\"author\":{\"name\":\"Lo viste en Los Pol\u00edticos\",\"@id\":\"https:\\\/\\\/lospoliticosveracruz.com\\\/#\\\/schema\\\/person\\\/b8702bb0e538456e6efd07080bf2a4a2\"},\"headline\":\"Borregazos en el OPLE\",\"datePublished\":\"2022-06-27T15:10:41+00:00\",\"dateModified\":\"2022-06-27T15:10:51+00:00\",\"mainEntityOfPage\":{\"@id\":\"https:\\\/\\\/lospoliticosveracruz.com\\\/?p=91674\"},\"wordCount\":641,\"publisher\":{\"@id\":\"https:\\\/\\\/lospoliticosveracruz.com\\\/#organization\"},\"keywords\":[\"Iglesia\",\"INE\",\"inseguridad\",\"Marisol Delgadillo\",\"Ople de Veracruz\",\"Roberto Ruiz Salda\u00f1a\"],\"articleSection\":[\"De Opini\u00f3n\"],\"inLanguage\":\"es\"},{\"@type\":\"WebPage\",\"@id\":\"https:\\\/\\\/lospoliticosveracruz.com\\\/?p=91674\",\"url\":\"https:\\\/\\\/lospoliticosveracruz.com\\\/?p=91674\",\"name\":\"Borregazos en el OPLE - Los pol\u00edticos Veracruz\",\"isPartOf\":{\"@id\":\"https:\\\/\\\/lospoliticosveracruz.com\\\/#website\"},\"datePublished\":\"2022-06-27T15:10:41+00:00\",\"dateModified\":\"2022-06-27T15:10:51+00:00\",\"breadcrumb\":{\"@id\":\"https:\\\/\\\/lospoliticosveracruz.com\\\/?p=91674#breadcrumb\"},\"inLanguage\":\"es\",\"potentialAction\":[{\"@type\":\"ReadAction\",\"target\":[\"https:\\\/\\\/lospoliticosveracruz.com\\\/?p=91674\"]}]},{\"@type\":\"BreadcrumbList\",\"@id\":\"https:\\\/\\\/lospoliticosveracruz.com\\\/?p=91674#breadcrumb\",\"itemListElement\":[{\"@type\":\"ListItem\",\"position\":1,\"name\":\"Portada\",\"item\":\"https:\\\/\\\/lospoliticosveracruz.com\\\/\"},{\"@type\":\"ListItem\",\"position\":2,\"name\":\"Borregazos en el OPLE\"}]},{\"@type\":\"WebSite\",\"@id\":\"https:\\\/\\\/lospoliticosveracruz.com\\\/#website\",\"url\":\"https:\\\/\\\/lospoliticosveracruz.com\\\/\",\"name\":\"Los pol\u00edticos Veracruz\",\"description\":\"\",\"publisher\":{\"@id\":\"https:\\\/\\\/lospoliticosveracruz.com\\\/#organization\"},\"potentialAction\":[{\"@type\":\"SearchAction\",\"target\":{\"@type\":\"EntryPoint\",\"urlTemplate\":\"https:\\\/\\\/lospoliticosveracruz.com\\\/?s={search_term_string}\"},\"query-input\":{\"@type\":\"PropertyValueSpecification\",\"valueRequired\":true,\"valueName\":\"search_term_string\"}}],\"inLanguage\":\"es\"},{\"@type\":\"Organization\",\"@id\":\"https:\\\/\\\/lospoliticosveracruz.com\\\/#organization\",\"name\":\"Los pol\u00edticos Veracruz\",\"url\":\"https:\\\/\\\/lospoliticosveracruz.com\\\/\",\"logo\":{\"@type\":\"ImageObject\",\"inLanguage\":\"es\",\"@id\":\"https:\\\/\\\/lospoliticosveracruz.com\\\/#\\\/schema\\\/logo\\\/image\\\/\",\"url\":\"https:\\\/\\\/lospoliticosveracruz.com\\\/wp-content\\\/uploads\\\/2025\\\/12\\\/Logo-Nuevo-LOS-POLITICOS-1.jpg\",\"contentUrl\":\"https:\\\/\\\/lospoliticosveracruz.com\\\/wp-content\\\/uploads\\\/2025\\\/12\\\/Logo-Nuevo-LOS-POLITICOS-1.jpg\",\"width\":260,\"height\":70,\"caption\":\"Los pol\u00edticos Veracruz\"},\"image\":{\"@id\":\"https:\\\/\\\/lospoliticosveracruz.com\\\/#\\\/schema\\\/logo\\\/image\\\/\"},\"sameAs\":[\"https:\\\/\\\/www.facebook.com\\\/people\\\/Notimemes-de-los-Polticos\\\/61565672886568\\\/\",\"https:\\\/\\\/x.com\\\/LosPoliticosVer\"]},{\"@type\":\"Person\",\"@id\":\"https:\\\/\\\/lospoliticosveracruz.com\\\/#\\\/schema\\\/person\\\/b8702bb0e538456e6efd07080bf2a4a2\",\"name\":\"Lo viste en Los Pol\u00edticos\",\"image\":{\"@type\":\"ImageObject\",\"inLanguage\":\"es\",\"@id\":\"https:\\\/\\\/secure.gravatar.com\\\/avatar\\\/3a8de04a2656d44082be478bd6c086daa447c4651605818287b9532d3d0bd435?s=96&d=mm&r=g\",\"url\":\"https:\\\/\\\/secure.gravatar.com\\\/avatar\\\/3a8de04a2656d44082be478bd6c086daa447c4651605818287b9532d3d0bd435?s=96&d=mm&r=g\",\"contentUrl\":\"https:\\\/\\\/secure.gravatar.com\\\/avatar\\\/3a8de04a2656d44082be478bd6c086daa447c4651605818287b9532d3d0bd435?s=96&d=mm&r=g\",\"caption\":\"Lo viste en Los Pol\u00edticos\"},\"url\":\"https:\\\/\\\/lospoliticosveracruz.com\\\/?author=2\"}]}<\/script>\n<!-- \/ Yoast SEO plugin. -->","yoast_head_json":{"title":"Borregazos en el OPLE - Los pol\u00edticos Veracruz","robots":{"index":"index","follow":"follow","max-snippet":"max-snippet:-1","max-image-preview":"max-image-preview:large","max-video-preview":"max-video-preview:-1"},"canonical":"https:\/\/lospoliticosveracruz.com\/?p=91674","og_locale":"es_ES","og_type":"article","og_title":"Borregazos en el OPLE - Los pol\u00edticos Veracruz","og_description":"Ignacio AlvarezPluma Negra Hasta \u00e9ste lunes por la ma\u00f1ana sesionar\u00e1 la comisi\u00f3n de vinculaci\u00f3n del INE para elaborar el dictamen de las propuestas para ocupar las vacantes de consejeros en varios organismos electorales, pero desde el fin de semana hubo borregazos respecto a la supuesta designaci\u00f3n de Marisol Delgadillo para sustituir a Alejandro Bonilla Bonilla. [&hellip;]","og_url":"https:\/\/lospoliticosveracruz.com\/?p=91674","og_site_name":"Los pol\u00edticos Veracruz","article_publisher":"https:\/\/www.facebook.com\/people\/Notimemes-de-los-Polticos\/61565672886568\/","article_published_time":"2022-06-27T15:10:41+00:00","article_modified_time":"2022-06-27T15:10:51+00:00","og_image":[{"width":200,"height":200,"url":"https:\/\/lospoliticosveracruz.com\/wp-content\/uploads\/2016\/07\/Logo-Dor.jpg","type":"image\/jpeg"}],"author":"Lo viste en Los Pol\u00edticos","twitter_card":"summary_large_image","twitter_creator":"@LosPoliticosVer","twitter_site":"@LosPoliticosVer","twitter_misc":{"Escrito por":"Lo viste en Los Pol\u00edticos","Tiempo de lectura":"3 minutos"},"schema":{"@context":"https:\/\/schema.org","@graph":[{"@type":"Article","@id":"https:\/\/lospoliticosveracruz.com\/?p=91674#article","isPartOf":{"@id":"https:\/\/lospoliticosveracruz.com\/?p=91674"},"author":{"name":"Lo viste en Los Pol\u00edticos","@id":"https:\/\/lospoliticosveracruz.com\/#\/schema\/person\/b8702bb0e538456e6efd07080bf2a4a2"},"headline":"Borregazos en el OPLE","datePublished":"2022-06-27T15:10:41+00:00","dateModified":"2022-06-27T15:10:51+00:00","mainEntityOfPage":{"@id":"https:\/\/lospoliticosveracruz.com\/?p=91674"},"wordCount":641,"publisher":{"@id":"https:\/\/lospoliticosveracruz.com\/#organization"},"keywords":["Iglesia","INE","inseguridad","Marisol Delgadillo","Ople de Veracruz","Roberto Ruiz Salda\u00f1a"],"articleSection":["De Opini\u00f3n"],"inLanguage":"es"},{"@type":"WebPage","@id":"https:\/\/lospoliticosveracruz.com\/?p=91674","url":"https:\/\/lospoliticosveracruz.com\/?p=91674","name":"Borregazos en el OPLE - Los pol\u00edticos Veracruz","isPartOf":{"@id":"https:\/\/lospoliticosveracruz.com\/#website"},"datePublished":"2022-06-27T15:10:41+00:00","dateModified":"2022-06-27T15:10:51+00:00","breadcrumb":{"@id":"https:\/\/lospoliticosveracruz.com\/?p=91674#breadcrumb"},"inLanguage":"es","potentialAction":[{"@type":"ReadAction","target":["https:\/\/lospoliticosveracruz.com\/?p=91674"]}]},{"@type":"BreadcrumbList","@id":"https:\/\/lospoliticosveracruz.com\/?p=91674#breadcrumb","itemListElement":[{"@type":"ListItem","position":1,"name":"Portada","item":"https:\/\/lospoliticosveracruz.com\/"},{"@type":"ListItem","position":2,"name":"Borregazos en el OPLE"}]},{"@type":"WebSite","@id":"https:\/\/lospoliticosveracruz.com\/#website","url":"https:\/\/lospoliticosveracruz.com\/","name":"Los pol\u00edticos Veracruz","description":"","publisher":{"@id":"https:\/\/lospoliticosveracruz.com\/#organization"},"potentialAction":[{"@type":"SearchAction","target":{"@type":"EntryPoint","urlTemplate":"https:\/\/lospoliticosveracruz.com\/?s={search_term_string}"},"query-input":{"@type":"PropertyValueSpecification","valueRequired":true,"valueName":"search_term_string"}}],"inLanguage":"es"},{"@type":"Organization","@id":"https:\/\/lospoliticosveracruz.com\/#organization","name":"Los pol\u00edticos Veracruz","url":"https:\/\/lospoliticosveracruz.com\/","logo":{"@type":"ImageObject","inLanguage":"es","@id":"https:\/\/lospoliticosveracruz.com\/#\/schema\/logo\/image\/","url":"https:\/\/lospoliticosveracruz.com\/wp-content\/uploads\/2025\/12\/Logo-Nuevo-LOS-POLITICOS-1.jpg","contentUrl":"https:\/\/lospoliticosveracruz.com\/wp-content\/uploads\/2025\/12\/Logo-Nuevo-LOS-POLITICOS-1.jpg","width":260,"height":70,"caption":"Los pol\u00edticos Veracruz"},"image":{"@id":"https:\/\/lospoliticosveracruz.com\/#\/schema\/logo\/image\/"},"sameAs":["https:\/\/www.facebook.com\/people\/Notimemes-de-los-Polticos\/61565672886568\/","https:\/\/x.com\/LosPoliticosVer"]},{"@type":"Person","@id":"https:\/\/lospoliticosveracruz.com\/#\/schema\/person\/b8702bb0e538456e6efd07080bf2a4a2","name":"Lo viste en Los Pol\u00edticos","image":{"@type":"ImageObject","inLanguage":"es","@id":"https:\/\/secure.gravatar.com\/avatar\/3a8de04a2656d44082be478bd6c086daa447c4651605818287b9532d3d0bd435?s=96&d=mm&r=g","url":"https:\/\/secure.gravatar.com\/avatar\/3a8de04a2656d44082be478bd6c086daa447c4651605818287b9532d3d0bd435?s=96&d=mm&r=g","contentUrl":"https:\/\/secure.gravatar.com\/avatar\/3a8de04a2656d44082be478bd6c086daa447c4651605818287b9532d3d0bd435?s=96&d=mm&r=g","caption":"Lo viste en Los Pol\u00edticos"},"url":"https:\/\/lospoliticosveracruz.com\/?author=2"}]}},"_links":{"self":[{"href":"https:\/\/lospoliticosveracruz.com\/index.php?rest_route=\/wp\/v2\/posts\/91674","targetHints":{"allow":["GET"]}}],"collection":[{"href":"https:\/\/lospoliticosveracruz.com\/index.php?rest_route=\/wp\/v2\/posts"}],"about":[{"href":"https:\/\/lospoliticosveracruz.com\/index.php?rest_route=\/wp\/v2\/types\/post"}],"author":[{"embeddable":true,"href":"https:\/\/lospoliticosveracruz.com\/index.php?rest_route=\/wp\/v2\/users\/2"}],"replies":[{"embeddable":true,"href":"https:\/\/lospoliticosveracruz.com\/index.php?rest_route=%2Fwp%2Fv2%2Fcomments&post=91674"}],"version-history":[{"count":1,"href":"https:\/\/lospoliticosveracruz.com\/index.php?rest_route=\/wp\/v2\/posts\/91674\/revisions"}],"predecessor-version":[{"id":91676,"href":"https:\/\/lospoliticosveracruz.com\/index.php?rest_route=\/wp\/v2\/posts\/91674\/revisions\/91676"}],"wp:attachment":[{"href":"https:\/\/lospoliticosveracruz.com\/index.php?rest_route=%2Fwp%2Fv2%2Fmedia&parent=91674"}],"wp:term":[{"taxonomy":"category","embeddable":true,"href":"https:\/\/lospoliticosveracruz.com\/index.php?rest_route=%2Fwp%2Fv2%2Fcategories&post=91674"},{"taxonomy":"post_tag","embeddable":true,"href":"https:\/\/lospoliticosveracruz.com\/index.php?rest_route=%2Fwp%2Fv2%2Ftags&post=91674"}],"curies":[{"name":"wp","href":"https:\/\/api.w.org\/{rel}","templated":true}]}}