{"id":91691,"date":"2022-06-27T13:07:22","date_gmt":"2022-06-27T18:07:22","guid":{"rendered":"https:\/\/lospoliticosveracruz.com.mx\/?p=91691"},"modified":"2022-06-27T13:07:28","modified_gmt":"2022-06-27T18:07:28","slug":"la-bancarrota-del-estado-mexicano","status":"publish","type":"post","link":"https:\/\/lospoliticosveracruz.com\/?p=91691","title":{"rendered":"La bancarrota del Estado mexicano"},"content":{"rendered":"\n<p><\/p>\n\n\n\n<p><strong>Inocencio Y\u00e1\u00f1ez Vicencio<\/strong><\/p>\n\n\n\n<p><\/p>\n\n\n\n<p>De la concepcion que tengamos del Estado, depender\u00e1 no s\u00f3lo su comprensi\u00f3n sino tambi\u00e9n su valoraci\u00f3n. Acudir a la autoridad de los grandes te\u00f3ricos del Estado, no es asumir su visi\u00f3n total. Tenemos que abordar sus estudios sin prejuicios. Citar, por ejemplo a Arist\u00f3teles no es hacer nuestra su definici\u00f3n de esclavo o su justificaci\u00f3n de la esclavitud. Con esto queremos decir que El Estagirita , nos leg\u00f3 una concepci\u00f3n de la pol\u00edtica que es muy influyente entre los diversos paradigmas para explicar la pol\u00edtica y lo que ahora entendemos por Estado. Para Arist\u00f3teles el hombre es esencialmente pol\u00edtico, es decir, el hombre es por naturaleza pol\u00edtico. No obstante tambi\u00e9n afirma que la ciudad a es anterior al hombre. Que el hombre es producto de la ciudad, pero la ciudad la concibe como resultado del desarrollo de la familia.<\/p>\n\n\n\n<figure class=\"wp-block-image size-full\"><a href=\"https:\/\/lospoliticosveracruz.com.mx\/wp-content\/uploads\/2022\/05\/Seguro-Julio-Cerecedo.jpg\"><img decoding=\"async\" src=\"https:\/\/lospoliticosveracruz.com.mx\/wp-content\/uploads\/2022\/05\/Seguro-Julio-Cerecedo.jpg\" alt=\"\" class=\"wp-image-90414\"\/><\/a><\/figure>\n\n\n\n<p> Muchos siglos despu\u00e9s Bodin, va a tomar como base la uni\u00f3n de familias para definir el Estado. Cuando Weber, nos dice que el pol\u00edtico nace, no se hace, que sus cualidades no se aprenden en ninguna universidad, nos est\u00e1 expresando una tesis que tiene sus fuentes en el esencialismo. La concepci\u00f3n del neocontractuslismo se diferencia del esencialismo en que ya no ve al hombre por naturaleza politico sino s\u00f3lo tendencialmente pol\u00edtico, que en un acto de raz\u00f3n- dijera Thomas Hobbes- decide acordar uno a uno salir del estado de naturaleza, de la guerra de todos contra todos y entrar, mediante ese pacto a la sociedad civil o Estado, pacto que, que para el autor del Leviat\u00e1n, contiene tanto el de asociaci\u00f3n como el de sujeci\u00f3n. La triada de Rousseau, es diferente, para \u00e9l se sale de un estadio id\u00edlico que termino con el primer maldito que puso la primera cerca y dijo esto es mio, por eso el propone un nuevo pacto para construir una sociedad que restaure la igualdad social. Lo importante es que el autor del Contrato Social, en su controvertida voluntad com\u00fan la voluntad soberana, que cediendo sus derechos a un tercero, los vuelve a recuperar al legislar, el mismo destinatario de los acuerdos comunes. Es clave su pensamiento para ver la trampa que nos tienden los que dicen gobernar para todos, porque resulta que un gobernante, no puede satisfacer a cada uno. Cuando hablamos de estadista, justamente lo que pedimos, es que atienda al inter\u00e9s com\u00fan, como dice Rousseau, esto es, que quite lo m\u00e1s y lo menos, que quite los extremos, que deje lo que beneficie al todo, no a todos. Esto no debe confundirse con la Raz\u00f3n de Estado, que manda que para salvarlo, se pase sobre principios morales. Por cierto aplicada por los que m\u00e1s la condenan.<br>Bajo \u00e9stas dos visiones podemos comprender por qu\u00e9 afirmamos que Amlo y Morena llevan al Estado mexicano a la bancarrota.<br>Sencillamente porque quienes no abrazamos el esencialismo, es decir, quienes no concebimos que el Estado, sea un producto natural, de la naturaleza, sino la institucionalizaci\u00f3n del poder y de la lucha de contrarios, vemos que una instituci\u00f3n que nos ha llevado muchos a\u00f1os de construirla poco a poco y de racionalizar sus relaciones de mando y obediencia, asistimos a su destruccion, que sin duda alguna consumir\u00e1 decadas simplemente volver a la etapa de desarrollo en que nos encontr\u00e1bamos.<br>Contabilizar m\u00e1s de 121 mil muertes dolosas, en poco m\u00e1s de tres a\u00f1os, rebasando las cifras de Calderon y Pe\u00f1a juntos, en ese periodo, nos conmuebe, pero por si s\u00f3lo no muestra la capitulaci\u00f3n del Estado. Habr\u00eda que ver lo que significa y trae aparejado. Hoy mismo es noticia que el Cardenal de Guadalajara diga que las Iglesias del norte de Jalisco, tiene que pedir permiso al jefe de plaza del crimen organizado para realizar sus fiestas pastorales. Que en el pa\u00eds halla muchas gasolineras que paguen mas de 100 mil pesos mensuales a la delincuencia como cobro de piso. Que en casi todas las entidades federativas el comercio establecido e informal tenga que pagar a la delincuencia cobro de piso, que la delincuencia financie candidatos y apoye las campa\u00f1as electorales de Morena en ls Costa del Pacifico y ya est\u00e9 tambi\u00e9n en los estados del Golfo, que sustraiga hasta 10 contenedores de un solo golpe, en una aduana. Ser\u00eda suficiente para afirmar que el narco tiene sitiado al Estado, pero si a esto agregamos la publicitada cercan\u00eda del Presifente de la Rep\u00fablica con el narco y que las declaraciones de miembros de las fuerzas que deb\u00edan estar dedicadas a combatir al crimen, en el mas reciente n\u00famero del samaritano de la Revista Proceso, recoge, ponen en evidencia que lo que eran especulaciones y sospechas, hoy son pruebas que mas tarde que temprano tendr\u00e1n que ser desahogadas en tribunales contra Andr\u00e9s Manuel L\u00f3pez Obrador.<br>Desde sus m\u00edtines como aspirante Amlo, mostr\u00f3 se\u00f1ales de abogar por quienes est\u00e1n fuera de la ley. En Natarit, reclam\u00f3 que el Ej\u00e9rcito repeliera agresiones del naeco. Su propuesta de combatir las causas de la delincuencia, escond\u00eda el verdadero prop\u00f3sito de abandonar el combate a las bandas criminales. Confesar de que por si \u00e9l fuera desaparecer\u00eda el Ej\u00e9rcito y que si no lo hac\u00eda era porque hab\u00eda muchas resistencias. Se interpret\u00f3 como un mensaje para agradar o pagar favores al crimen organizado. No desapareci\u00f3 oficialmente al Ej\u00e9rcito, pero lo desapareci\u00f3 de la guerra contra el narco. La pol\u00edtica de Amlo de abrazos no balazos ha llevado a nuestro Ej\u00e9rcito a recibir las humillaciones y degradaciones mas inimaginables. Creo La Guardia Nacional para relegar al Ej\u00e9rcito y tenerla como reserva para atricherarse en caso que las elecciones del 2024 no favorezcan a Morena.<br>Los cl\u00e1sicos pueden ser muy \u00fatiles para entender lo que estamos viviendo y lo que nos espera con Morena. Claro que no basta con leerlos, hay que interpretarlos bien. Recuerden que una interpretaci\u00f3n de Otto Von Gierke, exhum\u00f3 el extraordinario libro Pol\u00edtica de Juan Altusio, para entender las sociedades internedias. Los cl\u00e1sicos nos ilustran para valorar el tr\u00e1nsito del gobierno de los hombres al gobierno imperdonal de las leyes. Para comprender porque es peligroso que nos gobierne un hombre que exclame: a mi no vengan con eso de que la ley, es la ley. Que por encima de la ley est\u00e1 la justica. Olvidando que en un Estado de derecho, la justicia que debe imperar, no es la de el gobernante sino la dice la ley y que los jueces deben ser la boca del derecho. E\u00a1 dar a cada uno lo suyo de Plat\u00f3n, es el espirito de un gobierno de leyes. El justo medio que hablaba Cicer\u00f3n, que nada tiene que ver con el centrismo, es el alma de toda rep\u00fablica equilibrada.<br>Es com\u00fan escuchar a los que reciben apoyos o pensiones preguntarse qu\u00e9 hac\u00edan los pasados presidentes con ese dinero que hoy se reparte. No habr\u00eda mujer u hombre cuerde que hiciera esa interrogante si tan s\u00f3lo se informara que los pasados gobernantes empleaban el dinero en escuelas, libros de texto, becas, IMSS, ISSSTE, centros de salud, seguro popular, guarder\u00edas, unidades habitacionales, carreteras\u2026 Pero un verdadero gobernante, que responda al inter\u00e9s com\u00fan, tiene que escoger entre las obras que sirven a todo, no a todos y las obras que dan popularidad y escoger las primeras, las que no dan votos pero dan bienestar a la comunidad, no a clientes electorales.<br>Efectivamente, como se puede ver, Amlo, no hace otra cosa que lo que pueda contribuir a perpetuarse en el poder.<br>Sus ma\u00f1aneras las utiliza para polarizar, crear demonios para despu\u00e9s ofrecerse como Salvador, denigrar a sus contrincantes sin que sus adversarios intenten hacer lo mismo, porque luego luego viene el lagrimeo y sus focas a su defensa, adelanta la sucesi\u00f3n para distraernos en quinielas de taberna, filtra informacion y montajes para destruir a la oposici\u00f3n, simula divisi\u00f3n que de tanto jugar con ella puede reventarle porque no podr\u00e1 satisfacer a todos con su destape, inventa opositores con los cuales quiere dividir a la Coalici\u00f3n Va por M\u00e9xico , deblitando o fortaleciendo con martirilogios a sus Caballos de Troya,.<br>Amlo y Morena, se ti\u00f1en del color que les marca la temporada . No son ni de izquierda ni de derecha, son una banda de malhechores que solo lleg\u00f3 al poder a saquearlo y destruirlo y para perpeturse se al\u00edan con el diablo mismo.<br>En el 2024 Morena, va con sus apoyos, con sus siervos de la naci\u00f3n, con sus brigadas, con su burocracia, con la Guardia Nacional, como ya le velos actuando, con todo el aparato levantando a los opositores, su estructura, con la impunidad que les da el poder, como en la Costa dem Pac\u00edfico\u2026. a lo cual, para vencerlo, lo que queda es que Va por M\u00e9xico, extienda su alianza a las organizaciones y movimientos de la sociedad civil y nosotros no nos hagamos rehenes de la agenda de Amlo ni perdamos tiempo en nimiedades o chacoteos.<\/p>\n","protected":false},"excerpt":{"rendered":"<p>Inocencio Y\u00e1\u00f1ez Vicencio De la concepcion que tengamos del Estado, depender\u00e1 no s\u00f3lo su comprensi\u00f3n sino tambi\u00e9n su valoraci\u00f3n. Acudir a la autoridad de los grandes te\u00f3ricos del Estado, no es asumir su visi\u00f3n total. Tenemos que abordar sus estudios sin prejuicios. Citar, por ejemplo a Arist\u00f3teles no es hacer nuestra su definici\u00f3n de esclavo [&hellip;]<\/p>\n","protected":false},"author":2,"featured_media":0,"comment_status":"closed","ping_status":"closed","sticky":false,"template":"","format":"standard","meta":{"tdm_status":"","tdm_grid_status":"","footnotes":""},"categories":[70],"tags":[618,8256,14270,1026],"class_list":{"0":"post-91691","1":"post","2":"type-post","3":"status-publish","4":"format-standard","6":"category-de-opinion","7":"tag-andres-manuel-lopez-obrador","8":"tag-inocencio-yanez-vicencio","9":"tag-mananera","10":"tag-morena"},"yoast_head":"<!-- This site is optimized with the Yoast SEO plugin v27.4 - https:\/\/yoast.com\/product\/yoast-seo-wordpress\/ -->\n<title>La bancarrota del Estado mexicano - Los pol\u00edticos Veracruz<\/title>\n<meta name=\"robots\" content=\"index, follow, max-snippet:-1, max-image-preview:large, max-video-preview:-1\" \/>\n<link rel=\"canonical\" href=\"https:\/\/lospoliticosveracruz.com\/?p=91691\" \/>\n<meta property=\"og:locale\" content=\"es_ES\" \/>\n<meta property=\"og:type\" content=\"article\" \/>\n<meta property=\"og:title\" content=\"La bancarrota del Estado mexicano - Los pol\u00edticos Veracruz\" \/>\n<meta property=\"og:description\" content=\"Inocencio Y\u00e1\u00f1ez Vicencio De la concepcion que tengamos del Estado, depender\u00e1 no s\u00f3lo su comprensi\u00f3n sino tambi\u00e9n su valoraci\u00f3n. Acudir a la autoridad de los grandes te\u00f3ricos del Estado, no es asumir su visi\u00f3n total. Tenemos que abordar sus estudios sin prejuicios. Citar, por ejemplo a Arist\u00f3teles no es hacer nuestra su definici\u00f3n de esclavo [&hellip;]\" \/>\n<meta property=\"og:url\" content=\"https:\/\/lospoliticosveracruz.com\/?p=91691\" \/>\n<meta property=\"og:site_name\" content=\"Los pol\u00edticos Veracruz\" \/>\n<meta property=\"article:publisher\" content=\"https:\/\/www.facebook.com\/people\/Notimemes-de-los-Polticos\/61565672886568\/\" \/>\n<meta property=\"article:published_time\" content=\"2022-06-27T18:07:22+00:00\" \/>\n<meta property=\"article:modified_time\" content=\"2022-06-27T18:07:28+00:00\" \/>\n<meta property=\"og:image\" content=\"https:\/\/lospoliticosveracruz.com.mx\/wp-content\/uploads\/2022\/05\/Seguro-Julio-Cerecedo.jpg\" \/>\n<meta name=\"author\" content=\"Lo viste en Los Pol\u00edticos\" \/>\n<meta name=\"twitter:card\" content=\"summary_large_image\" \/>\n<meta name=\"twitter:creator\" content=\"@LosPoliticosVer\" \/>\n<meta name=\"twitter:site\" content=\"@LosPoliticosVer\" \/>\n<meta name=\"twitter:label1\" content=\"Escrito por\" \/>\n\t<meta name=\"twitter:data1\" content=\"Lo viste en Los Pol\u00edticos\" \/>\n\t<meta name=\"twitter:label2\" content=\"Tiempo de lectura\" \/>\n\t<meta name=\"twitter:data2\" content=\"8 minutos\" \/>\n<script type=\"application\/ld+json\" class=\"yoast-schema-graph\">{\"@context\":\"https:\\\/\\\/schema.org\",\"@graph\":[{\"@type\":\"Article\",\"@id\":\"https:\\\/\\\/lospoliticosveracruz.com\\\/?p=91691#article\",\"isPartOf\":{\"@id\":\"https:\\\/\\\/lospoliticosveracruz.com\\\/?p=91691\"},\"author\":{\"name\":\"Lo viste en Los Pol\u00edticos\",\"@id\":\"https:\\\/\\\/lospoliticosveracruz.com\\\/#\\\/schema\\\/person\\\/b8702bb0e538456e6efd07080bf2a4a2\"},\"headline\":\"La bancarrota del Estado mexicano\",\"datePublished\":\"2022-06-27T18:07:22+00:00\",\"dateModified\":\"2022-06-27T18:07:28+00:00\",\"mainEntityOfPage\":{\"@id\":\"https:\\\/\\\/lospoliticosveracruz.com\\\/?p=91691\"},\"wordCount\":1565,\"publisher\":{\"@id\":\"https:\\\/\\\/lospoliticosveracruz.com\\\/#organization\"},\"image\":{\"@id\":\"https:\\\/\\\/lospoliticosveracruz.com\\\/?p=91691#primaryimage\"},\"thumbnailUrl\":\"https:\\\/\\\/lospoliticosveracruz.com.mx\\\/wp-content\\\/uploads\\\/2022\\\/05\\\/Seguro-Julio-Cerecedo.jpg\",\"keywords\":[\"Andr\u00e9s Manuel L\u00f3pez Obrador\",\"Inocencio Y\u00e1\u00f1ez Vicencio\",\"ma\u00f1anera\",\"Morena\"],\"articleSection\":[\"De Opini\u00f3n\"],\"inLanguage\":\"es\"},{\"@type\":\"WebPage\",\"@id\":\"https:\\\/\\\/lospoliticosveracruz.com\\\/?p=91691\",\"url\":\"https:\\\/\\\/lospoliticosveracruz.com\\\/?p=91691\",\"name\":\"La bancarrota del Estado mexicano - Los pol\u00edticos Veracruz\",\"isPartOf\":{\"@id\":\"https:\\\/\\\/lospoliticosveracruz.com\\\/#website\"},\"primaryImageOfPage\":{\"@id\":\"https:\\\/\\\/lospoliticosveracruz.com\\\/?p=91691#primaryimage\"},\"image\":{\"@id\":\"https:\\\/\\\/lospoliticosveracruz.com\\\/?p=91691#primaryimage\"},\"thumbnailUrl\":\"https:\\\/\\\/lospoliticosveracruz.com.mx\\\/wp-content\\\/uploads\\\/2022\\\/05\\\/Seguro-Julio-Cerecedo.jpg\",\"datePublished\":\"2022-06-27T18:07:22+00:00\",\"dateModified\":\"2022-06-27T18:07:28+00:00\",\"breadcrumb\":{\"@id\":\"https:\\\/\\\/lospoliticosveracruz.com\\\/?p=91691#breadcrumb\"},\"inLanguage\":\"es\",\"potentialAction\":[{\"@type\":\"ReadAction\",\"target\":[\"https:\\\/\\\/lospoliticosveracruz.com\\\/?p=91691\"]}]},{\"@type\":\"ImageObject\",\"inLanguage\":\"es\",\"@id\":\"https:\\\/\\\/lospoliticosveracruz.com\\\/?p=91691#primaryimage\",\"url\":\"https:\\\/\\\/lospoliticosveracruz.com.mx\\\/wp-content\\\/uploads\\\/2022\\\/05\\\/Seguro-Julio-Cerecedo.jpg\",\"contentUrl\":\"https:\\\/\\\/lospoliticosveracruz.com.mx\\\/wp-content\\\/uploads\\\/2022\\\/05\\\/Seguro-Julio-Cerecedo.jpg\"},{\"@type\":\"BreadcrumbList\",\"@id\":\"https:\\\/\\\/lospoliticosveracruz.com\\\/?p=91691#breadcrumb\",\"itemListElement\":[{\"@type\":\"ListItem\",\"position\":1,\"name\":\"Portada\",\"item\":\"https:\\\/\\\/lospoliticosveracruz.com\\\/\"},{\"@type\":\"ListItem\",\"position\":2,\"name\":\"La bancarrota del Estado mexicano\"}]},{\"@type\":\"WebSite\",\"@id\":\"https:\\\/\\\/lospoliticosveracruz.com\\\/#website\",\"url\":\"https:\\\/\\\/lospoliticosveracruz.com\\\/\",\"name\":\"Los pol\u00edticos Veracruz\",\"description\":\"\",\"publisher\":{\"@id\":\"https:\\\/\\\/lospoliticosveracruz.com\\\/#organization\"},\"potentialAction\":[{\"@type\":\"SearchAction\",\"target\":{\"@type\":\"EntryPoint\",\"urlTemplate\":\"https:\\\/\\\/lospoliticosveracruz.com\\\/?s={search_term_string}\"},\"query-input\":{\"@type\":\"PropertyValueSpecification\",\"valueRequired\":true,\"valueName\":\"search_term_string\"}}],\"inLanguage\":\"es\"},{\"@type\":\"Organization\",\"@id\":\"https:\\\/\\\/lospoliticosveracruz.com\\\/#organization\",\"name\":\"Los pol\u00edticos Veracruz\",\"url\":\"https:\\\/\\\/lospoliticosveracruz.com\\\/\",\"logo\":{\"@type\":\"ImageObject\",\"inLanguage\":\"es\",\"@id\":\"https:\\\/\\\/lospoliticosveracruz.com\\\/#\\\/schema\\\/logo\\\/image\\\/\",\"url\":\"https:\\\/\\\/lospoliticosveracruz.com\\\/wp-content\\\/uploads\\\/2025\\\/12\\\/Logo-Nuevo-LOS-POLITICOS-1.jpg\",\"contentUrl\":\"https:\\\/\\\/lospoliticosveracruz.com\\\/wp-content\\\/uploads\\\/2025\\\/12\\\/Logo-Nuevo-LOS-POLITICOS-1.jpg\",\"width\":260,\"height\":70,\"caption\":\"Los pol\u00edticos Veracruz\"},\"image\":{\"@id\":\"https:\\\/\\\/lospoliticosveracruz.com\\\/#\\\/schema\\\/logo\\\/image\\\/\"},\"sameAs\":[\"https:\\\/\\\/www.facebook.com\\\/people\\\/Notimemes-de-los-Polticos\\\/61565672886568\\\/\",\"https:\\\/\\\/x.com\\\/LosPoliticosVer\"]},{\"@type\":\"Person\",\"@id\":\"https:\\\/\\\/lospoliticosveracruz.com\\\/#\\\/schema\\\/person\\\/b8702bb0e538456e6efd07080bf2a4a2\",\"name\":\"Lo viste en Los Pol\u00edticos\",\"image\":{\"@type\":\"ImageObject\",\"inLanguage\":\"es\",\"@id\":\"https:\\\/\\\/secure.gravatar.com\\\/avatar\\\/3a8de04a2656d44082be478bd6c086daa447c4651605818287b9532d3d0bd435?s=96&d=mm&r=g\",\"url\":\"https:\\\/\\\/secure.gravatar.com\\\/avatar\\\/3a8de04a2656d44082be478bd6c086daa447c4651605818287b9532d3d0bd435?s=96&d=mm&r=g\",\"contentUrl\":\"https:\\\/\\\/secure.gravatar.com\\\/avatar\\\/3a8de04a2656d44082be478bd6c086daa447c4651605818287b9532d3d0bd435?s=96&d=mm&r=g\",\"caption\":\"Lo viste en Los Pol\u00edticos\"},\"url\":\"https:\\\/\\\/lospoliticosveracruz.com\\\/?author=2\"}]}<\/script>\n<!-- \/ Yoast SEO plugin. -->","yoast_head_json":{"title":"La bancarrota del Estado mexicano - Los pol\u00edticos Veracruz","robots":{"index":"index","follow":"follow","max-snippet":"max-snippet:-1","max-image-preview":"max-image-preview:large","max-video-preview":"max-video-preview:-1"},"canonical":"https:\/\/lospoliticosveracruz.com\/?p=91691","og_locale":"es_ES","og_type":"article","og_title":"La bancarrota del Estado mexicano - Los pol\u00edticos Veracruz","og_description":"Inocencio Y\u00e1\u00f1ez Vicencio De la concepcion que tengamos del Estado, depender\u00e1 no s\u00f3lo su comprensi\u00f3n sino tambi\u00e9n su valoraci\u00f3n. Acudir a la autoridad de los grandes te\u00f3ricos del Estado, no es asumir su visi\u00f3n total. Tenemos que abordar sus estudios sin prejuicios. Citar, por ejemplo a Arist\u00f3teles no es hacer nuestra su definici\u00f3n de esclavo [&hellip;]","og_url":"https:\/\/lospoliticosveracruz.com\/?p=91691","og_site_name":"Los pol\u00edticos Veracruz","article_publisher":"https:\/\/www.facebook.com\/people\/Notimemes-de-los-Polticos\/61565672886568\/","article_published_time":"2022-06-27T18:07:22+00:00","article_modified_time":"2022-06-27T18:07:28+00:00","og_image":[{"url":"https:\/\/lospoliticosveracruz.com.mx\/wp-content\/uploads\/2022\/05\/Seguro-Julio-Cerecedo.jpg","type":"","width":"","height":""}],"author":"Lo viste en Los Pol\u00edticos","twitter_card":"summary_large_image","twitter_creator":"@LosPoliticosVer","twitter_site":"@LosPoliticosVer","twitter_misc":{"Escrito por":"Lo viste en Los Pol\u00edticos","Tiempo de lectura":"8 minutos"},"schema":{"@context":"https:\/\/schema.org","@graph":[{"@type":"Article","@id":"https:\/\/lospoliticosveracruz.com\/?p=91691#article","isPartOf":{"@id":"https:\/\/lospoliticosveracruz.com\/?p=91691"},"author":{"name":"Lo viste en Los Pol\u00edticos","@id":"https:\/\/lospoliticosveracruz.com\/#\/schema\/person\/b8702bb0e538456e6efd07080bf2a4a2"},"headline":"La bancarrota del Estado mexicano","datePublished":"2022-06-27T18:07:22+00:00","dateModified":"2022-06-27T18:07:28+00:00","mainEntityOfPage":{"@id":"https:\/\/lospoliticosveracruz.com\/?p=91691"},"wordCount":1565,"publisher":{"@id":"https:\/\/lospoliticosveracruz.com\/#organization"},"image":{"@id":"https:\/\/lospoliticosveracruz.com\/?p=91691#primaryimage"},"thumbnailUrl":"https:\/\/lospoliticosveracruz.com.mx\/wp-content\/uploads\/2022\/05\/Seguro-Julio-Cerecedo.jpg","keywords":["Andr\u00e9s Manuel L\u00f3pez Obrador","Inocencio Y\u00e1\u00f1ez Vicencio","ma\u00f1anera","Morena"],"articleSection":["De Opini\u00f3n"],"inLanguage":"es"},{"@type":"WebPage","@id":"https:\/\/lospoliticosveracruz.com\/?p=91691","url":"https:\/\/lospoliticosveracruz.com\/?p=91691","name":"La bancarrota del Estado mexicano - Los pol\u00edticos Veracruz","isPartOf":{"@id":"https:\/\/lospoliticosveracruz.com\/#website"},"primaryImageOfPage":{"@id":"https:\/\/lospoliticosveracruz.com\/?p=91691#primaryimage"},"image":{"@id":"https:\/\/lospoliticosveracruz.com\/?p=91691#primaryimage"},"thumbnailUrl":"https:\/\/lospoliticosveracruz.com.mx\/wp-content\/uploads\/2022\/05\/Seguro-Julio-Cerecedo.jpg","datePublished":"2022-06-27T18:07:22+00:00","dateModified":"2022-06-27T18:07:28+00:00","breadcrumb":{"@id":"https:\/\/lospoliticosveracruz.com\/?p=91691#breadcrumb"},"inLanguage":"es","potentialAction":[{"@type":"ReadAction","target":["https:\/\/lospoliticosveracruz.com\/?p=91691"]}]},{"@type":"ImageObject","inLanguage":"es","@id":"https:\/\/lospoliticosveracruz.com\/?p=91691#primaryimage","url":"https:\/\/lospoliticosveracruz.com.mx\/wp-content\/uploads\/2022\/05\/Seguro-Julio-Cerecedo.jpg","contentUrl":"https:\/\/lospoliticosveracruz.com.mx\/wp-content\/uploads\/2022\/05\/Seguro-Julio-Cerecedo.jpg"},{"@type":"BreadcrumbList","@id":"https:\/\/lospoliticosveracruz.com\/?p=91691#breadcrumb","itemListElement":[{"@type":"ListItem","position":1,"name":"Portada","item":"https:\/\/lospoliticosveracruz.com\/"},{"@type":"ListItem","position":2,"name":"La bancarrota del Estado mexicano"}]},{"@type":"WebSite","@id":"https:\/\/lospoliticosveracruz.com\/#website","url":"https:\/\/lospoliticosveracruz.com\/","name":"Los pol\u00edticos Veracruz","description":"","publisher":{"@id":"https:\/\/lospoliticosveracruz.com\/#organization"},"potentialAction":[{"@type":"SearchAction","target":{"@type":"EntryPoint","urlTemplate":"https:\/\/lospoliticosveracruz.com\/?s={search_term_string}"},"query-input":{"@type":"PropertyValueSpecification","valueRequired":true,"valueName":"search_term_string"}}],"inLanguage":"es"},{"@type":"Organization","@id":"https:\/\/lospoliticosveracruz.com\/#organization","name":"Los pol\u00edticos Veracruz","url":"https:\/\/lospoliticosveracruz.com\/","logo":{"@type":"ImageObject","inLanguage":"es","@id":"https:\/\/lospoliticosveracruz.com\/#\/schema\/logo\/image\/","url":"https:\/\/lospoliticosveracruz.com\/wp-content\/uploads\/2025\/12\/Logo-Nuevo-LOS-POLITICOS-1.jpg","contentUrl":"https:\/\/lospoliticosveracruz.com\/wp-content\/uploads\/2025\/12\/Logo-Nuevo-LOS-POLITICOS-1.jpg","width":260,"height":70,"caption":"Los pol\u00edticos Veracruz"},"image":{"@id":"https:\/\/lospoliticosveracruz.com\/#\/schema\/logo\/image\/"},"sameAs":["https:\/\/www.facebook.com\/people\/Notimemes-de-los-Polticos\/61565672886568\/","https:\/\/x.com\/LosPoliticosVer"]},{"@type":"Person","@id":"https:\/\/lospoliticosveracruz.com\/#\/schema\/person\/b8702bb0e538456e6efd07080bf2a4a2","name":"Lo viste en Los Pol\u00edticos","image":{"@type":"ImageObject","inLanguage":"es","@id":"https:\/\/secure.gravatar.com\/avatar\/3a8de04a2656d44082be478bd6c086daa447c4651605818287b9532d3d0bd435?s=96&d=mm&r=g","url":"https:\/\/secure.gravatar.com\/avatar\/3a8de04a2656d44082be478bd6c086daa447c4651605818287b9532d3d0bd435?s=96&d=mm&r=g","contentUrl":"https:\/\/secure.gravatar.com\/avatar\/3a8de04a2656d44082be478bd6c086daa447c4651605818287b9532d3d0bd435?s=96&d=mm&r=g","caption":"Lo viste en Los Pol\u00edticos"},"url":"https:\/\/lospoliticosveracruz.com\/?author=2"}]}},"_links":{"self":[{"href":"https:\/\/lospoliticosveracruz.com\/index.php?rest_route=\/wp\/v2\/posts\/91691","targetHints":{"allow":["GET"]}}],"collection":[{"href":"https:\/\/lospoliticosveracruz.com\/index.php?rest_route=\/wp\/v2\/posts"}],"about":[{"href":"https:\/\/lospoliticosveracruz.com\/index.php?rest_route=\/wp\/v2\/types\/post"}],"author":[{"embeddable":true,"href":"https:\/\/lospoliticosveracruz.com\/index.php?rest_route=\/wp\/v2\/users\/2"}],"replies":[{"embeddable":true,"href":"https:\/\/lospoliticosveracruz.com\/index.php?rest_route=%2Fwp%2Fv2%2Fcomments&post=91691"}],"version-history":[{"count":1,"href":"https:\/\/lospoliticosveracruz.com\/index.php?rest_route=\/wp\/v2\/posts\/91691\/revisions"}],"predecessor-version":[{"id":91692,"href":"https:\/\/lospoliticosveracruz.com\/index.php?rest_route=\/wp\/v2\/posts\/91691\/revisions\/91692"}],"wp:attachment":[{"href":"https:\/\/lospoliticosveracruz.com\/index.php?rest_route=%2Fwp%2Fv2%2Fmedia&parent=91691"}],"wp:term":[{"taxonomy":"category","embeddable":true,"href":"https:\/\/lospoliticosveracruz.com\/index.php?rest_route=%2Fwp%2Fv2%2Fcategories&post=91691"},{"taxonomy":"post_tag","embeddable":true,"href":"https:\/\/lospoliticosveracruz.com\/index.php?rest_route=%2Fwp%2Fv2%2Ftags&post=91691"}],"curies":[{"name":"wp","href":"https:\/\/api.w.org\/{rel}","templated":true}]}}