{"id":91777,"date":"2022-06-29T08:46:41","date_gmt":"2022-06-29T13:46:41","guid":{"rendered":"https:\/\/lospoliticosveracruz.com.mx\/?p=91777"},"modified":"2022-06-29T08:46:48","modified_gmt":"2022-06-29T13:46:48","slug":"jesus-carranza-contra-las-cuerdas","status":"publish","type":"post","link":"https:\/\/lospoliticosveracruz.com\/?p=91777","title":{"rendered":"Jes\u00fas Carranza contra las cuerdas"},"content":{"rendered":"\n<p><\/p>\n\n\n\n<p><br><strong>Ignacio Alvarez<\/strong><br><em>Pluma Negra<\/em><\/p>\n\n\n\n<p>A escasas 48 horas de su toma protesta como Presidente Constitucional del Municipio de Jes\u00fas Carranza, Paisano Rueda Canseco se mantiene en la c\u00e1rcel en Tuxpan, mientras el equipo de transici\u00f3n ya inici\u00f3 la entrega-recepci\u00f3n con el alcalde suplente, Enrique Cruz Canseco. En tanto, el sistema judicial federal y estatal mantienen una actitud dilatoria en la aplicaci\u00f3n de la ley.<\/p>\n\n\n\n<figure class=\"wp-block-embed is-type-video is-provider-youtube wp-block-embed-youtube wp-embed-aspect-16-9 wp-has-aspect-ratio\"><div class=\"wp-block-embed__wrapper\">\n<iframe loading=\"lazy\" title=\"Cluster Coworking\" width=\"696\" height=\"392\" src=\"https:\/\/www.youtube.com\/embed\/Nxe-vxf8GuY?feature=oembed\" frameborder=\"0\" allow=\"accelerometer; autoplay; clipboard-write; encrypted-media; gyroscope; picture-in-picture; web-share\" referrerpolicy=\"strict-origin-when-cross-origin\" allowfullscreen><\/iframe>\n<\/div><\/figure>\n\n\n\n<p>La situaci\u00f3n pol\u00edtica-jur\u00eddica pone al pueblo de Jes\u00fas Carranza contra las cuerdas de la democracia, puesto que si a las cero horas del d\u00eda 1 de julio, el edil electo sigue en la c\u00e1rcel, deber\u00e1 asumir el cargo, una persona distinta a la votada por cinco mil 129 ciudadanos el pasado 27 de marzo.<\/p>\n\n\n\n<p>La historia del triunfo de Rueda Canseco del PT contra el candidato de MORENA en Jes\u00fas Carranza se concentra ahora, en la inexplicable actitud del juez de control de Acayucan, Tirso Hernandez y del Juez Noveno de Distrito, Agust\u00edn Archundia Ort\u00edz con sede en Coatzacoalcos, que dilatan las respuestas, a\u00fan con la resoluci\u00f3n de la Suprema Corte de Justicia de la Naci\u00f3n (SCJN), que declar\u00f3 anticonstitucional el Art\u00edculo 331 del C\u00f3digo Penal del Estado de Veracruz, de ultrajes a la autoridad que ya sin vigencia mantiene al edil electo en el c\u00e1rcel.<\/p>\n\n\n\n<p>De acuerdo a la ley, los cuatro ganadores de la elecci\u00f3n extraordinaria del pasado 27 de marzo en Amatitl\u00e1n, Chiconamel, Jes\u00fas Carranza y Tlacotepec de Mej\u00eda, deber\u00e1n tomar protesta este viernes 1 de julio, sin embargo; pero el \u00fanico que est\u00e1 en duda, es Rueda Canseco por hallarse en la c\u00e1rcel.<\/p>\n\n\n\n<p>El Juez, Tirso Hern\u00e1ndez, decidi\u00f3 suspender las audiencias del Proceso Penal 180\/2021 radicado en en el Juzgado de Proceso y Procedimiento Penal Oral del Distrito de Acayucan, con el argumento de que la defensa del detenido, solicit\u00f3 al Juez Federal Noveno de Distrito que declare procedente la denuncia de incumplimiento de ejecutoria de la resoluci\u00f3n del pleno de la SCJN del pasado 22 de febrero.<\/p>\n\n\n\n<p>El juez Tirso Hern\u00e1ndez cuenta con las facultades legales para proceder a las audiencias en las que una de las posibilidades m\u00e1s amplias es el sobreseimiento del expediente en virtud de la resoluci\u00f3n de la SCJN que anula el Articulo 331 de ultrajes a la autoridad en Veracruz, por el cual est\u00e1 detenido el edil electo, sin embargo, mantiene una actitud dilatoria, en espera de la resoluci\u00f3n del juez federal de Coatzacoalcos.<\/p>\n\n\n\n<p>El juez federal Archundia Ortiz, recibi\u00f3 el 9 de junio pasado la denuncia de incumplimiento del juez del distrito de Acayucan; de acuerdo a la ley, contaba con tres d\u00edas h\u00e1biles para resolver, por lo tanto, el 14 de junio a m\u00e1s tardar debi\u00f3 emitir su respuesta, pero hasta la fecha no lo ha hecho.<\/p>\n\n\n\n<p>Este mi\u00e9rcoles, el Senador Ricardo Monreal promueve un Punto de Acuerdo, en la C\u00e1mara Alta del Poder Legislativo, para que el sistema judicial del estado de Veracruz agilice el proceso legal y ofrezca resoluciones de acuerdo a la ley para Pasiano Rueda Canseco.<\/p>\n\n\n\n<p>La defensa del detenido asegura que la intenci\u00f3n de variar o ampliar el delito de ultrajes a la autoridad es improcedentes, debido a que su cliente fue procesado por el delito de ultrajes a la autoridad que en su vigencia, encuadraron los hechos y acciones de las que se acus\u00f3 en su momento al detenido.<\/p>\n","protected":false},"excerpt":{"rendered":"<p>Ignacio AlvarezPluma Negra A escasas 48 horas de su toma protesta como Presidente Constitucional del Municipio de Jes\u00fas Carranza, Paisano Rueda Canseco se mantiene en la c\u00e1rcel en Tuxpan, mientras el equipo de transici\u00f3n ya inici\u00f3 la entrega-recepci\u00f3n con el alcalde suplente, Enrique Cruz Canseco. En tanto, el sistema judicial federal y estatal mantienen una [&hellip;]<\/p>\n","protected":false},"author":2,"featured_media":0,"comment_status":"closed","ping_status":"closed","sticky":false,"template":"","format":"standard","meta":{"tdm_status":"","tdm_grid_status":"","footnotes":""},"categories":[70],"tags":[33893,6855,33892,10353,3965,33895],"class_list":{"0":"post-91777","1":"post","2":"type-post","3":"status-publish","4":"format-standard","6":"category-de-opinion","7":"tag-enrique-cruz-canseco","8":"tag-jesus-carranza","9":"tag-paisano-rueda-canseco","10":"tag-ricardo-monreal","11":"tag-scjn","12":"tag-tirso-hernandez"},"yoast_head":"<!-- This site is optimized with the Yoast SEO plugin v27.4 - https:\/\/yoast.com\/product\/yoast-seo-wordpress\/ -->\n<title>Jes\u00fas Carranza contra las cuerdas - Los pol\u00edticos Veracruz<\/title>\n<meta name=\"robots\" content=\"index, follow, max-snippet:-1, max-image-preview:large, max-video-preview:-1\" \/>\n<link rel=\"canonical\" href=\"https:\/\/lospoliticosveracruz.com\/?p=91777\" \/>\n<meta property=\"og:locale\" content=\"es_ES\" \/>\n<meta property=\"og:type\" content=\"article\" \/>\n<meta property=\"og:title\" content=\"Jes\u00fas Carranza contra las cuerdas - Los pol\u00edticos Veracruz\" \/>\n<meta property=\"og:description\" content=\"Ignacio AlvarezPluma Negra A escasas 48 horas de su toma protesta como Presidente Constitucional del Municipio de Jes\u00fas Carranza, Paisano Rueda Canseco se mantiene en la c\u00e1rcel en Tuxpan, mientras el equipo de transici\u00f3n ya inici\u00f3 la entrega-recepci\u00f3n con el alcalde suplente, Enrique Cruz Canseco. En tanto, el sistema judicial federal y estatal mantienen una [&hellip;]\" \/>\n<meta property=\"og:url\" content=\"https:\/\/lospoliticosveracruz.com\/?p=91777\" \/>\n<meta property=\"og:site_name\" content=\"Los pol\u00edticos Veracruz\" \/>\n<meta property=\"article:publisher\" content=\"https:\/\/www.facebook.com\/people\/Notimemes-de-los-Polticos\/61565672886568\/\" \/>\n<meta property=\"article:published_time\" content=\"2022-06-29T13:46:41+00:00\" \/>\n<meta property=\"article:modified_time\" content=\"2022-06-29T13:46:48+00:00\" \/>\n<meta property=\"og:image\" content=\"https:\/\/lospoliticosveracruz.com\/wp-content\/uploads\/2016\/07\/Logo-Dor.jpg\" \/>\n\t<meta property=\"og:image:width\" content=\"200\" \/>\n\t<meta property=\"og:image:height\" content=\"200\" \/>\n\t<meta property=\"og:image:type\" content=\"image\/jpeg\" \/>\n<meta name=\"author\" content=\"Lo viste en Los Pol\u00edticos\" \/>\n<meta name=\"twitter:card\" content=\"summary_large_image\" \/>\n<meta name=\"twitter:creator\" content=\"@LosPoliticosVer\" \/>\n<meta name=\"twitter:site\" content=\"@LosPoliticosVer\" \/>\n<meta name=\"twitter:label1\" content=\"Escrito por\" \/>\n\t<meta name=\"twitter:data1\" content=\"Lo viste en Los Pol\u00edticos\" \/>\n\t<meta name=\"twitter:label2\" content=\"Tiempo de lectura\" \/>\n\t<meta name=\"twitter:data2\" content=\"3 minutos\" \/>\n<script type=\"application\/ld+json\" class=\"yoast-schema-graph\">{\"@context\":\"https:\\\/\\\/schema.org\",\"@graph\":[{\"@type\":\"Article\",\"@id\":\"https:\\\/\\\/lospoliticosveracruz.com\\\/?p=91777#article\",\"isPartOf\":{\"@id\":\"https:\\\/\\\/lospoliticosveracruz.com\\\/?p=91777\"},\"author\":{\"name\":\"Lo viste en Los Pol\u00edticos\",\"@id\":\"https:\\\/\\\/lospoliticosveracruz.com\\\/#\\\/schema\\\/person\\\/b8702bb0e538456e6efd07080bf2a4a2\"},\"headline\":\"Jes\u00fas Carranza contra las cuerdas\",\"datePublished\":\"2022-06-29T13:46:41+00:00\",\"dateModified\":\"2022-06-29T13:46:48+00:00\",\"mainEntityOfPage\":{\"@id\":\"https:\\\/\\\/lospoliticosveracruz.com\\\/?p=91777\"},\"wordCount\":588,\"publisher\":{\"@id\":\"https:\\\/\\\/lospoliticosveracruz.com\\\/#organization\"},\"keywords\":[\"Enrique Cruz Canseco\",\"Jes\u00fas Carranza\",\"Paisano Rueda Canseco\",\"Ricardo Monreal\",\"SCJN\",\"Tirso Hern\u00e1ndez\"],\"articleSection\":[\"De Opini\u00f3n\"],\"inLanguage\":\"es\"},{\"@type\":\"WebPage\",\"@id\":\"https:\\\/\\\/lospoliticosveracruz.com\\\/?p=91777\",\"url\":\"https:\\\/\\\/lospoliticosveracruz.com\\\/?p=91777\",\"name\":\"Jes\u00fas Carranza contra las cuerdas - Los pol\u00edticos Veracruz\",\"isPartOf\":{\"@id\":\"https:\\\/\\\/lospoliticosveracruz.com\\\/#website\"},\"datePublished\":\"2022-06-29T13:46:41+00:00\",\"dateModified\":\"2022-06-29T13:46:48+00:00\",\"breadcrumb\":{\"@id\":\"https:\\\/\\\/lospoliticosveracruz.com\\\/?p=91777#breadcrumb\"},\"inLanguage\":\"es\",\"potentialAction\":[{\"@type\":\"ReadAction\",\"target\":[\"https:\\\/\\\/lospoliticosveracruz.com\\\/?p=91777\"]}]},{\"@type\":\"BreadcrumbList\",\"@id\":\"https:\\\/\\\/lospoliticosveracruz.com\\\/?p=91777#breadcrumb\",\"itemListElement\":[{\"@type\":\"ListItem\",\"position\":1,\"name\":\"Portada\",\"item\":\"https:\\\/\\\/lospoliticosveracruz.com\\\/\"},{\"@type\":\"ListItem\",\"position\":2,\"name\":\"Jes\u00fas Carranza contra las cuerdas\"}]},{\"@type\":\"WebSite\",\"@id\":\"https:\\\/\\\/lospoliticosveracruz.com\\\/#website\",\"url\":\"https:\\\/\\\/lospoliticosveracruz.com\\\/\",\"name\":\"Los pol\u00edticos Veracruz\",\"description\":\"\",\"publisher\":{\"@id\":\"https:\\\/\\\/lospoliticosveracruz.com\\\/#organization\"},\"potentialAction\":[{\"@type\":\"SearchAction\",\"target\":{\"@type\":\"EntryPoint\",\"urlTemplate\":\"https:\\\/\\\/lospoliticosveracruz.com\\\/?s={search_term_string}\"},\"query-input\":{\"@type\":\"PropertyValueSpecification\",\"valueRequired\":true,\"valueName\":\"search_term_string\"}}],\"inLanguage\":\"es\"},{\"@type\":\"Organization\",\"@id\":\"https:\\\/\\\/lospoliticosveracruz.com\\\/#organization\",\"name\":\"Los pol\u00edticos Veracruz\",\"url\":\"https:\\\/\\\/lospoliticosveracruz.com\\\/\",\"logo\":{\"@type\":\"ImageObject\",\"inLanguage\":\"es\",\"@id\":\"https:\\\/\\\/lospoliticosveracruz.com\\\/#\\\/schema\\\/logo\\\/image\\\/\",\"url\":\"https:\\\/\\\/lospoliticosveracruz.com\\\/wp-content\\\/uploads\\\/2025\\\/12\\\/Logo-Nuevo-LOS-POLITICOS-1.jpg\",\"contentUrl\":\"https:\\\/\\\/lospoliticosveracruz.com\\\/wp-content\\\/uploads\\\/2025\\\/12\\\/Logo-Nuevo-LOS-POLITICOS-1.jpg\",\"width\":260,\"height\":70,\"caption\":\"Los pol\u00edticos Veracruz\"},\"image\":{\"@id\":\"https:\\\/\\\/lospoliticosveracruz.com\\\/#\\\/schema\\\/logo\\\/image\\\/\"},\"sameAs\":[\"https:\\\/\\\/www.facebook.com\\\/people\\\/Notimemes-de-los-Polticos\\\/61565672886568\\\/\",\"https:\\\/\\\/x.com\\\/LosPoliticosVer\"]},{\"@type\":\"Person\",\"@id\":\"https:\\\/\\\/lospoliticosveracruz.com\\\/#\\\/schema\\\/person\\\/b8702bb0e538456e6efd07080bf2a4a2\",\"name\":\"Lo viste en Los Pol\u00edticos\",\"image\":{\"@type\":\"ImageObject\",\"inLanguage\":\"es\",\"@id\":\"https:\\\/\\\/secure.gravatar.com\\\/avatar\\\/3a8de04a2656d44082be478bd6c086daa447c4651605818287b9532d3d0bd435?s=96&d=mm&r=g\",\"url\":\"https:\\\/\\\/secure.gravatar.com\\\/avatar\\\/3a8de04a2656d44082be478bd6c086daa447c4651605818287b9532d3d0bd435?s=96&d=mm&r=g\",\"contentUrl\":\"https:\\\/\\\/secure.gravatar.com\\\/avatar\\\/3a8de04a2656d44082be478bd6c086daa447c4651605818287b9532d3d0bd435?s=96&d=mm&r=g\",\"caption\":\"Lo viste en Los Pol\u00edticos\"},\"url\":\"https:\\\/\\\/lospoliticosveracruz.com\\\/?author=2\"}]}<\/script>\n<!-- \/ Yoast SEO plugin. -->","yoast_head_json":{"title":"Jes\u00fas Carranza contra las cuerdas - Los pol\u00edticos Veracruz","robots":{"index":"index","follow":"follow","max-snippet":"max-snippet:-1","max-image-preview":"max-image-preview:large","max-video-preview":"max-video-preview:-1"},"canonical":"https:\/\/lospoliticosveracruz.com\/?p=91777","og_locale":"es_ES","og_type":"article","og_title":"Jes\u00fas Carranza contra las cuerdas - Los pol\u00edticos Veracruz","og_description":"Ignacio AlvarezPluma Negra A escasas 48 horas de su toma protesta como Presidente Constitucional del Municipio de Jes\u00fas Carranza, Paisano Rueda Canseco se mantiene en la c\u00e1rcel en Tuxpan, mientras el equipo de transici\u00f3n ya inici\u00f3 la entrega-recepci\u00f3n con el alcalde suplente, Enrique Cruz Canseco. En tanto, el sistema judicial federal y estatal mantienen una [&hellip;]","og_url":"https:\/\/lospoliticosveracruz.com\/?p=91777","og_site_name":"Los pol\u00edticos Veracruz","article_publisher":"https:\/\/www.facebook.com\/people\/Notimemes-de-los-Polticos\/61565672886568\/","article_published_time":"2022-06-29T13:46:41+00:00","article_modified_time":"2022-06-29T13:46:48+00:00","og_image":[{"width":200,"height":200,"url":"https:\/\/lospoliticosveracruz.com\/wp-content\/uploads\/2016\/07\/Logo-Dor.jpg","type":"image\/jpeg"}],"author":"Lo viste en Los Pol\u00edticos","twitter_card":"summary_large_image","twitter_creator":"@LosPoliticosVer","twitter_site":"@LosPoliticosVer","twitter_misc":{"Escrito por":"Lo viste en Los Pol\u00edticos","Tiempo de lectura":"3 minutos"},"schema":{"@context":"https:\/\/schema.org","@graph":[{"@type":"Article","@id":"https:\/\/lospoliticosveracruz.com\/?p=91777#article","isPartOf":{"@id":"https:\/\/lospoliticosveracruz.com\/?p=91777"},"author":{"name":"Lo viste en Los Pol\u00edticos","@id":"https:\/\/lospoliticosveracruz.com\/#\/schema\/person\/b8702bb0e538456e6efd07080bf2a4a2"},"headline":"Jes\u00fas Carranza contra las cuerdas","datePublished":"2022-06-29T13:46:41+00:00","dateModified":"2022-06-29T13:46:48+00:00","mainEntityOfPage":{"@id":"https:\/\/lospoliticosveracruz.com\/?p=91777"},"wordCount":588,"publisher":{"@id":"https:\/\/lospoliticosveracruz.com\/#organization"},"keywords":["Enrique Cruz Canseco","Jes\u00fas Carranza","Paisano Rueda Canseco","Ricardo Monreal","SCJN","Tirso Hern\u00e1ndez"],"articleSection":["De Opini\u00f3n"],"inLanguage":"es"},{"@type":"WebPage","@id":"https:\/\/lospoliticosveracruz.com\/?p=91777","url":"https:\/\/lospoliticosveracruz.com\/?p=91777","name":"Jes\u00fas Carranza contra las cuerdas - Los pol\u00edticos Veracruz","isPartOf":{"@id":"https:\/\/lospoliticosveracruz.com\/#website"},"datePublished":"2022-06-29T13:46:41+00:00","dateModified":"2022-06-29T13:46:48+00:00","breadcrumb":{"@id":"https:\/\/lospoliticosveracruz.com\/?p=91777#breadcrumb"},"inLanguage":"es","potentialAction":[{"@type":"ReadAction","target":["https:\/\/lospoliticosveracruz.com\/?p=91777"]}]},{"@type":"BreadcrumbList","@id":"https:\/\/lospoliticosveracruz.com\/?p=91777#breadcrumb","itemListElement":[{"@type":"ListItem","position":1,"name":"Portada","item":"https:\/\/lospoliticosveracruz.com\/"},{"@type":"ListItem","position":2,"name":"Jes\u00fas Carranza contra las cuerdas"}]},{"@type":"WebSite","@id":"https:\/\/lospoliticosveracruz.com\/#website","url":"https:\/\/lospoliticosveracruz.com\/","name":"Los pol\u00edticos Veracruz","description":"","publisher":{"@id":"https:\/\/lospoliticosveracruz.com\/#organization"},"potentialAction":[{"@type":"SearchAction","target":{"@type":"EntryPoint","urlTemplate":"https:\/\/lospoliticosveracruz.com\/?s={search_term_string}"},"query-input":{"@type":"PropertyValueSpecification","valueRequired":true,"valueName":"search_term_string"}}],"inLanguage":"es"},{"@type":"Organization","@id":"https:\/\/lospoliticosveracruz.com\/#organization","name":"Los pol\u00edticos Veracruz","url":"https:\/\/lospoliticosveracruz.com\/","logo":{"@type":"ImageObject","inLanguage":"es","@id":"https:\/\/lospoliticosveracruz.com\/#\/schema\/logo\/image\/","url":"https:\/\/lospoliticosveracruz.com\/wp-content\/uploads\/2025\/12\/Logo-Nuevo-LOS-POLITICOS-1.jpg","contentUrl":"https:\/\/lospoliticosveracruz.com\/wp-content\/uploads\/2025\/12\/Logo-Nuevo-LOS-POLITICOS-1.jpg","width":260,"height":70,"caption":"Los pol\u00edticos Veracruz"},"image":{"@id":"https:\/\/lospoliticosveracruz.com\/#\/schema\/logo\/image\/"},"sameAs":["https:\/\/www.facebook.com\/people\/Notimemes-de-los-Polticos\/61565672886568\/","https:\/\/x.com\/LosPoliticosVer"]},{"@type":"Person","@id":"https:\/\/lospoliticosveracruz.com\/#\/schema\/person\/b8702bb0e538456e6efd07080bf2a4a2","name":"Lo viste en Los Pol\u00edticos","image":{"@type":"ImageObject","inLanguage":"es","@id":"https:\/\/secure.gravatar.com\/avatar\/3a8de04a2656d44082be478bd6c086daa447c4651605818287b9532d3d0bd435?s=96&d=mm&r=g","url":"https:\/\/secure.gravatar.com\/avatar\/3a8de04a2656d44082be478bd6c086daa447c4651605818287b9532d3d0bd435?s=96&d=mm&r=g","contentUrl":"https:\/\/secure.gravatar.com\/avatar\/3a8de04a2656d44082be478bd6c086daa447c4651605818287b9532d3d0bd435?s=96&d=mm&r=g","caption":"Lo viste en Los Pol\u00edticos"},"url":"https:\/\/lospoliticosveracruz.com\/?author=2"}]}},"_links":{"self":[{"href":"https:\/\/lospoliticosveracruz.com\/index.php?rest_route=\/wp\/v2\/posts\/91777","targetHints":{"allow":["GET"]}}],"collection":[{"href":"https:\/\/lospoliticosveracruz.com\/index.php?rest_route=\/wp\/v2\/posts"}],"about":[{"href":"https:\/\/lospoliticosveracruz.com\/index.php?rest_route=\/wp\/v2\/types\/post"}],"author":[{"embeddable":true,"href":"https:\/\/lospoliticosveracruz.com\/index.php?rest_route=\/wp\/v2\/users\/2"}],"replies":[{"embeddable":true,"href":"https:\/\/lospoliticosveracruz.com\/index.php?rest_route=%2Fwp%2Fv2%2Fcomments&post=91777"}],"version-history":[{"count":1,"href":"https:\/\/lospoliticosveracruz.com\/index.php?rest_route=\/wp\/v2\/posts\/91777\/revisions"}],"predecessor-version":[{"id":91779,"href":"https:\/\/lospoliticosveracruz.com\/index.php?rest_route=\/wp\/v2\/posts\/91777\/revisions\/91779"}],"wp:attachment":[{"href":"https:\/\/lospoliticosveracruz.com\/index.php?rest_route=%2Fwp%2Fv2%2Fmedia&parent=91777"}],"wp:term":[{"taxonomy":"category","embeddable":true,"href":"https:\/\/lospoliticosveracruz.com\/index.php?rest_route=%2Fwp%2Fv2%2Fcategories&post=91777"},{"taxonomy":"post_tag","embeddable":true,"href":"https:\/\/lospoliticosveracruz.com\/index.php?rest_route=%2Fwp%2Fv2%2Ftags&post=91777"}],"curies":[{"name":"wp","href":"https:\/\/api.w.org\/{rel}","templated":true}]}}