{"id":91958,"date":"2022-07-04T10:04:57","date_gmt":"2022-07-04T15:04:57","guid":{"rendered":"https:\/\/lospoliticosveracruz.com.mx\/?p=91958"},"modified":"2022-07-04T10:05:08","modified_gmt":"2022-07-04T15:05:08","slug":"queda-a-deber-el-carnaval","status":"publish","type":"post","link":"https:\/\/lospoliticosveracruz.com\/?p=91958","title":{"rendered":"Queda a deber el Carnaval"},"content":{"rendered":"\n<p><br><strong>Ignacio Alvarez<\/strong><br><em>Pluma Negra<\/em><\/p>\n\n\n\n<p>La edici\u00f3n n\u00famero 98 del Carnaval de Veracruz, trastabill\u00f3 este domingo como resultado de la incapacidad de organizaci\u00f3n de una fiesta de ese tama\u00f1o; las presunciones de El Pollo P\u00e9rez Fraga (Antonio se llama), se cayeron una a una el domingo en el segundo Gran Desfile.<\/p>\n\n\n\n<p>Las expectativas de lleno total no se cumplieron ni al 50 por ciento, el ataque a un vendedor ambulante por parte de los empleados de la Direcci\u00f3n de Comercio del Ayuntamiento de Veracruz, manch\u00f3 de sangre el escenario, ri\u00f1as callejeras que se convirtieron en batallas campales sin que alguna autoridad metiera orden, polic\u00edas echando gases lacrim\u00f3genos a los asistentes, la notoria ausencia de la Princesa Mimi Carballo en el Segundo Gran Desfile, desalent\u00f3 a buena parte de los asistentes y el uso pol\u00edtico de la fiesta por parte de los alcaldes de Veracruz y Boca del R\u00edo, adem\u00e1s de pol\u00edticos de MORENA, fueron los elementos que dieron de qu\u00e9 hablar este domingo.<\/p>\n\n\n\n<p>Pocos carnavales de los que se hac\u00edan antes de la cuaresma, se recuerdan tan desorganizados; las autoridades municipales deber\u00e1n considerar la salida inmediata del Pollo, pues como su sobrenombre lo dice, se vio demasiado pollo para un evento de gran nivel, le qued\u00f3 muy grande la fiesta.<\/p>\n\n\n\n<p>Y es que el karma del Carnaval viene desde el a\u00f1o pasado que fue suspendido por la pandemia, su reprogramaci\u00f3n de este a\u00f1o para llevarlo hasta junio, un sospechoso proceso de selecci\u00f3n de la Reina del Carnaval que dej\u00f3 muchas muchas dudas sobre la transparencia y legitimidad de la Soberana.<\/p>\n\n\n\n<p>La apuesta por los influencers que en realidad se trata de personas que nada aporta en las redes sociales ni en la realidad, tampoco lo hicieron en el Carnaval, la presencia de personajes de la cala\u00f1a de Alfredo Adame; todo se le junt\u00f3 a la fiesta del Carnaval.<\/p>\n\n\n\n<p>Por si fuera poco, el show de la actriz porno, Luna Bella que ofreci\u00f3 un espect\u00e1culo de baja calidad con sus pechos al aire, sin que existiera un control, toda vez que, s\u00ed es cierto que el Carnaval es un desm\u00e1n organizado, pero tambi\u00e9n es cierto que los desfiles son considerados de diversi\u00f3n familiar y hab\u00eda miles de ni\u00f1os y adolescentes que observaron a la actriz casi desnuda.<\/p>\n\n\n\n<p>As\u00ed es como avanzan las fiestas del Carnaval de Veracruz 2022, todav\u00eda falta conocer los n\u00fameros, los resultados de la millonaria inversi\u00f3n para el relajo, si es que las autoridades municipales est\u00e1n dispuestas a la transparencia, de lo contrario, las finanzas de la fiesta se quedar\u00e1n en archivo muerto.<\/p>\n\n\n\n<p>Si algo positivo hay que recalcar, es la alegr\u00eda de los veracruzanos que desde diferentes partes del estado, se trasladaron para disfrutar de la fiesta; adem\u00e1s de la disciplina y organizaci\u00f3n de las comparsas que durante meses ensayaron para enfrentarse a un triste realidad, que sin embargo, no redujo su entusiasmo.<\/p>\n\n\n\n<p><strong>Playas de Riesgo<\/strong><\/p>\n\n\n\n<p>Las playas de Chachacalas en el municipio de Ursulo Galv\u00e1n se han vuelto de alto riesgo en los \u00faltimos meses para los ba\u00f1istas, todo parece indicar que existe una mala vibra desde el pasado mes de mayo cuando fueron hallados los restos de la joven Viridiana Moreno que hab\u00eda sido levantada en Ciudad Cardel d\u00edas antes.<\/p>\n\n\n\n<p>Hace apenas una semana un grupo de turistas de Xalapa, fueron correteados cuando se negaron a pagar la cuenta y se liaron a golpes los prestadores de servicios, el pleito pudo terminar en tragedia, el pasado s\u00e1bado tres j\u00f3venes de Netzahualc\u00f3yolt, estado de M\u00e9xico murieron ahogados uno de ellos menor de edad.<\/p>\n\n\n\n<p>Ayer domingo para tarde , una joven de apenas 24 a\u00f1os, originaria del estado e Puebla, termin\u00f3 sus d\u00edas en las aguas del mar, precisamente en las playas de Chachalacas.<\/p>\n\n\n\n<p>Hasta ahora, elementos de la Fuerza Civil mantienen un operativo, que no ha dado resultados, pues en un fin de semana son cuatro los ahogados.<\/p>\n","protected":false},"excerpt":{"rendered":"<p>Ignacio AlvarezPluma Negra La edici\u00f3n n\u00famero 98 del Carnaval de Veracruz, trastabill\u00f3 este domingo como resultado de la incapacidad de organizaci\u00f3n de una fiesta de ese tama\u00f1o; las presunciones de El Pollo P\u00e9rez Fraga (Antonio se llama), se cayeron una a una el domingo en el segundo Gran Desfile. Las expectativas de lleno total no [&hellip;]<\/p>\n","protected":false},"author":2,"featured_media":0,"comment_status":"closed","ping_status":"closed","sticky":false,"template":"","format":"standard","meta":{"tdm_status":"","tdm_grid_status":"","footnotes":""},"categories":[70],"tags":[1843,7392,28674,195],"class_list":{"0":"post-91958","1":"post","2":"type-post","3":"status-publish","4":"format-standard","6":"category-de-opinion","7":"tag-carnaval","8":"tag-el-pollo-perez-fraga","9":"tag-ignacio-alvarez","10":"tag-veracruz"},"yoast_head":"<!-- This site is optimized with the Yoast SEO plugin v27.4 - https:\/\/yoast.com\/product\/yoast-seo-wordpress\/ -->\n<title>Queda a deber el Carnaval - Los pol\u00edticos Veracruz<\/title>\n<meta name=\"robots\" content=\"index, follow, max-snippet:-1, max-image-preview:large, max-video-preview:-1\" \/>\n<link rel=\"canonical\" href=\"https:\/\/lospoliticosveracruz.com\/?p=91958\" \/>\n<meta property=\"og:locale\" content=\"es_ES\" \/>\n<meta property=\"og:type\" content=\"article\" \/>\n<meta property=\"og:title\" content=\"Queda a deber el Carnaval - Los pol\u00edticos Veracruz\" \/>\n<meta property=\"og:description\" content=\"Ignacio AlvarezPluma Negra La edici\u00f3n n\u00famero 98 del Carnaval de Veracruz, trastabill\u00f3 este domingo como resultado de la incapacidad de organizaci\u00f3n de una fiesta de ese tama\u00f1o; las presunciones de El Pollo P\u00e9rez Fraga (Antonio se llama), se cayeron una a una el domingo en el segundo Gran Desfile. Las expectativas de lleno total no [&hellip;]\" \/>\n<meta property=\"og:url\" content=\"https:\/\/lospoliticosveracruz.com\/?p=91958\" \/>\n<meta property=\"og:site_name\" content=\"Los pol\u00edticos Veracruz\" \/>\n<meta property=\"article:publisher\" content=\"https:\/\/www.facebook.com\/people\/Notimemes-de-los-Polticos\/61565672886568\/\" \/>\n<meta property=\"article:published_time\" content=\"2022-07-04T15:04:57+00:00\" \/>\n<meta property=\"article:modified_time\" content=\"2022-07-04T15:05:08+00:00\" \/>\n<meta property=\"og:image\" content=\"https:\/\/lospoliticosveracruz.com\/wp-content\/uploads\/2016\/07\/Logo-Dor.jpg\" \/>\n\t<meta property=\"og:image:width\" content=\"200\" \/>\n\t<meta property=\"og:image:height\" content=\"200\" \/>\n\t<meta property=\"og:image:type\" content=\"image\/jpeg\" \/>\n<meta name=\"author\" content=\"Lo viste en Los Pol\u00edticos\" \/>\n<meta name=\"twitter:card\" content=\"summary_large_image\" \/>\n<meta name=\"twitter:creator\" content=\"@LosPoliticosVer\" \/>\n<meta name=\"twitter:site\" content=\"@LosPoliticosVer\" \/>\n<meta name=\"twitter:label1\" content=\"Escrito por\" \/>\n\t<meta name=\"twitter:data1\" content=\"Lo viste en Los Pol\u00edticos\" \/>\n\t<meta name=\"twitter:label2\" content=\"Tiempo de lectura\" \/>\n\t<meta name=\"twitter:data2\" content=\"3 minutos\" \/>\n<script type=\"application\/ld+json\" class=\"yoast-schema-graph\">{\"@context\":\"https:\\\/\\\/schema.org\",\"@graph\":[{\"@type\":\"Article\",\"@id\":\"https:\\\/\\\/lospoliticosveracruz.com\\\/?p=91958#article\",\"isPartOf\":{\"@id\":\"https:\\\/\\\/lospoliticosveracruz.com\\\/?p=91958\"},\"author\":{\"name\":\"Lo viste en Los Pol\u00edticos\",\"@id\":\"https:\\\/\\\/lospoliticosveracruz.com\\\/#\\\/schema\\\/person\\\/b8702bb0e538456e6efd07080bf2a4a2\"},\"headline\":\"Queda a deber el Carnaval\",\"datePublished\":\"2022-07-04T15:04:57+00:00\",\"dateModified\":\"2022-07-04T15:05:08+00:00\",\"mainEntityOfPage\":{\"@id\":\"https:\\\/\\\/lospoliticosveracruz.com\\\/?p=91958\"},\"wordCount\":685,\"publisher\":{\"@id\":\"https:\\\/\\\/lospoliticosveracruz.com\\\/#organization\"},\"keywords\":[\"Carnaval\",\"El Pollo P\u00e9rez Fraga\",\"Ignacio Alvarez\",\"Veracruz\"],\"articleSection\":[\"De Opini\u00f3n\"],\"inLanguage\":\"es\"},{\"@type\":\"WebPage\",\"@id\":\"https:\\\/\\\/lospoliticosveracruz.com\\\/?p=91958\",\"url\":\"https:\\\/\\\/lospoliticosveracruz.com\\\/?p=91958\",\"name\":\"Queda a deber el Carnaval - Los pol\u00edticos Veracruz\",\"isPartOf\":{\"@id\":\"https:\\\/\\\/lospoliticosveracruz.com\\\/#website\"},\"datePublished\":\"2022-07-04T15:04:57+00:00\",\"dateModified\":\"2022-07-04T15:05:08+00:00\",\"breadcrumb\":{\"@id\":\"https:\\\/\\\/lospoliticosveracruz.com\\\/?p=91958#breadcrumb\"},\"inLanguage\":\"es\",\"potentialAction\":[{\"@type\":\"ReadAction\",\"target\":[\"https:\\\/\\\/lospoliticosveracruz.com\\\/?p=91958\"]}]},{\"@type\":\"BreadcrumbList\",\"@id\":\"https:\\\/\\\/lospoliticosveracruz.com\\\/?p=91958#breadcrumb\",\"itemListElement\":[{\"@type\":\"ListItem\",\"position\":1,\"name\":\"Portada\",\"item\":\"https:\\\/\\\/lospoliticosveracruz.com\\\/\"},{\"@type\":\"ListItem\",\"position\":2,\"name\":\"Queda a deber el Carnaval\"}]},{\"@type\":\"WebSite\",\"@id\":\"https:\\\/\\\/lospoliticosveracruz.com\\\/#website\",\"url\":\"https:\\\/\\\/lospoliticosveracruz.com\\\/\",\"name\":\"Los pol\u00edticos Veracruz\",\"description\":\"\",\"publisher\":{\"@id\":\"https:\\\/\\\/lospoliticosveracruz.com\\\/#organization\"},\"potentialAction\":[{\"@type\":\"SearchAction\",\"target\":{\"@type\":\"EntryPoint\",\"urlTemplate\":\"https:\\\/\\\/lospoliticosveracruz.com\\\/?s={search_term_string}\"},\"query-input\":{\"@type\":\"PropertyValueSpecification\",\"valueRequired\":true,\"valueName\":\"search_term_string\"}}],\"inLanguage\":\"es\"},{\"@type\":\"Organization\",\"@id\":\"https:\\\/\\\/lospoliticosveracruz.com\\\/#organization\",\"name\":\"Los pol\u00edticos Veracruz\",\"url\":\"https:\\\/\\\/lospoliticosveracruz.com\\\/\",\"logo\":{\"@type\":\"ImageObject\",\"inLanguage\":\"es\",\"@id\":\"https:\\\/\\\/lospoliticosveracruz.com\\\/#\\\/schema\\\/logo\\\/image\\\/\",\"url\":\"https:\\\/\\\/lospoliticosveracruz.com\\\/wp-content\\\/uploads\\\/2025\\\/12\\\/Logo-Nuevo-LOS-POLITICOS-1.jpg\",\"contentUrl\":\"https:\\\/\\\/lospoliticosveracruz.com\\\/wp-content\\\/uploads\\\/2025\\\/12\\\/Logo-Nuevo-LOS-POLITICOS-1.jpg\",\"width\":260,\"height\":70,\"caption\":\"Los pol\u00edticos Veracruz\"},\"image\":{\"@id\":\"https:\\\/\\\/lospoliticosveracruz.com\\\/#\\\/schema\\\/logo\\\/image\\\/\"},\"sameAs\":[\"https:\\\/\\\/www.facebook.com\\\/people\\\/Notimemes-de-los-Polticos\\\/61565672886568\\\/\",\"https:\\\/\\\/x.com\\\/LosPoliticosVer\"]},{\"@type\":\"Person\",\"@id\":\"https:\\\/\\\/lospoliticosveracruz.com\\\/#\\\/schema\\\/person\\\/b8702bb0e538456e6efd07080bf2a4a2\",\"name\":\"Lo viste en Los Pol\u00edticos\",\"image\":{\"@type\":\"ImageObject\",\"inLanguage\":\"es\",\"@id\":\"https:\\\/\\\/secure.gravatar.com\\\/avatar\\\/3a8de04a2656d44082be478bd6c086daa447c4651605818287b9532d3d0bd435?s=96&d=mm&r=g\",\"url\":\"https:\\\/\\\/secure.gravatar.com\\\/avatar\\\/3a8de04a2656d44082be478bd6c086daa447c4651605818287b9532d3d0bd435?s=96&d=mm&r=g\",\"contentUrl\":\"https:\\\/\\\/secure.gravatar.com\\\/avatar\\\/3a8de04a2656d44082be478bd6c086daa447c4651605818287b9532d3d0bd435?s=96&d=mm&r=g\",\"caption\":\"Lo viste en Los Pol\u00edticos\"},\"url\":\"https:\\\/\\\/lospoliticosveracruz.com\\\/?author=2\"}]}<\/script>\n<!-- \/ Yoast SEO plugin. -->","yoast_head_json":{"title":"Queda a deber el Carnaval - Los pol\u00edticos Veracruz","robots":{"index":"index","follow":"follow","max-snippet":"max-snippet:-1","max-image-preview":"max-image-preview:large","max-video-preview":"max-video-preview:-1"},"canonical":"https:\/\/lospoliticosveracruz.com\/?p=91958","og_locale":"es_ES","og_type":"article","og_title":"Queda a deber el Carnaval - Los pol\u00edticos Veracruz","og_description":"Ignacio AlvarezPluma Negra La edici\u00f3n n\u00famero 98 del Carnaval de Veracruz, trastabill\u00f3 este domingo como resultado de la incapacidad de organizaci\u00f3n de una fiesta de ese tama\u00f1o; las presunciones de El Pollo P\u00e9rez Fraga (Antonio se llama), se cayeron una a una el domingo en el segundo Gran Desfile. Las expectativas de lleno total no [&hellip;]","og_url":"https:\/\/lospoliticosveracruz.com\/?p=91958","og_site_name":"Los pol\u00edticos Veracruz","article_publisher":"https:\/\/www.facebook.com\/people\/Notimemes-de-los-Polticos\/61565672886568\/","article_published_time":"2022-07-04T15:04:57+00:00","article_modified_time":"2022-07-04T15:05:08+00:00","og_image":[{"width":200,"height":200,"url":"https:\/\/lospoliticosveracruz.com\/wp-content\/uploads\/2016\/07\/Logo-Dor.jpg","type":"image\/jpeg"}],"author":"Lo viste en Los Pol\u00edticos","twitter_card":"summary_large_image","twitter_creator":"@LosPoliticosVer","twitter_site":"@LosPoliticosVer","twitter_misc":{"Escrito por":"Lo viste en Los Pol\u00edticos","Tiempo de lectura":"3 minutos"},"schema":{"@context":"https:\/\/schema.org","@graph":[{"@type":"Article","@id":"https:\/\/lospoliticosveracruz.com\/?p=91958#article","isPartOf":{"@id":"https:\/\/lospoliticosveracruz.com\/?p=91958"},"author":{"name":"Lo viste en Los Pol\u00edticos","@id":"https:\/\/lospoliticosveracruz.com\/#\/schema\/person\/b8702bb0e538456e6efd07080bf2a4a2"},"headline":"Queda a deber el Carnaval","datePublished":"2022-07-04T15:04:57+00:00","dateModified":"2022-07-04T15:05:08+00:00","mainEntityOfPage":{"@id":"https:\/\/lospoliticosveracruz.com\/?p=91958"},"wordCount":685,"publisher":{"@id":"https:\/\/lospoliticosveracruz.com\/#organization"},"keywords":["Carnaval","El Pollo P\u00e9rez Fraga","Ignacio Alvarez","Veracruz"],"articleSection":["De Opini\u00f3n"],"inLanguage":"es"},{"@type":"WebPage","@id":"https:\/\/lospoliticosveracruz.com\/?p=91958","url":"https:\/\/lospoliticosveracruz.com\/?p=91958","name":"Queda a deber el Carnaval - Los pol\u00edticos Veracruz","isPartOf":{"@id":"https:\/\/lospoliticosveracruz.com\/#website"},"datePublished":"2022-07-04T15:04:57+00:00","dateModified":"2022-07-04T15:05:08+00:00","breadcrumb":{"@id":"https:\/\/lospoliticosveracruz.com\/?p=91958#breadcrumb"},"inLanguage":"es","potentialAction":[{"@type":"ReadAction","target":["https:\/\/lospoliticosveracruz.com\/?p=91958"]}]},{"@type":"BreadcrumbList","@id":"https:\/\/lospoliticosveracruz.com\/?p=91958#breadcrumb","itemListElement":[{"@type":"ListItem","position":1,"name":"Portada","item":"https:\/\/lospoliticosveracruz.com\/"},{"@type":"ListItem","position":2,"name":"Queda a deber el Carnaval"}]},{"@type":"WebSite","@id":"https:\/\/lospoliticosveracruz.com\/#website","url":"https:\/\/lospoliticosveracruz.com\/","name":"Los pol\u00edticos Veracruz","description":"","publisher":{"@id":"https:\/\/lospoliticosveracruz.com\/#organization"},"potentialAction":[{"@type":"SearchAction","target":{"@type":"EntryPoint","urlTemplate":"https:\/\/lospoliticosveracruz.com\/?s={search_term_string}"},"query-input":{"@type":"PropertyValueSpecification","valueRequired":true,"valueName":"search_term_string"}}],"inLanguage":"es"},{"@type":"Organization","@id":"https:\/\/lospoliticosveracruz.com\/#organization","name":"Los pol\u00edticos Veracruz","url":"https:\/\/lospoliticosveracruz.com\/","logo":{"@type":"ImageObject","inLanguage":"es","@id":"https:\/\/lospoliticosveracruz.com\/#\/schema\/logo\/image\/","url":"https:\/\/lospoliticosveracruz.com\/wp-content\/uploads\/2025\/12\/Logo-Nuevo-LOS-POLITICOS-1.jpg","contentUrl":"https:\/\/lospoliticosveracruz.com\/wp-content\/uploads\/2025\/12\/Logo-Nuevo-LOS-POLITICOS-1.jpg","width":260,"height":70,"caption":"Los pol\u00edticos Veracruz"},"image":{"@id":"https:\/\/lospoliticosveracruz.com\/#\/schema\/logo\/image\/"},"sameAs":["https:\/\/www.facebook.com\/people\/Notimemes-de-los-Polticos\/61565672886568\/","https:\/\/x.com\/LosPoliticosVer"]},{"@type":"Person","@id":"https:\/\/lospoliticosveracruz.com\/#\/schema\/person\/b8702bb0e538456e6efd07080bf2a4a2","name":"Lo viste en Los Pol\u00edticos","image":{"@type":"ImageObject","inLanguage":"es","@id":"https:\/\/secure.gravatar.com\/avatar\/3a8de04a2656d44082be478bd6c086daa447c4651605818287b9532d3d0bd435?s=96&d=mm&r=g","url":"https:\/\/secure.gravatar.com\/avatar\/3a8de04a2656d44082be478bd6c086daa447c4651605818287b9532d3d0bd435?s=96&d=mm&r=g","contentUrl":"https:\/\/secure.gravatar.com\/avatar\/3a8de04a2656d44082be478bd6c086daa447c4651605818287b9532d3d0bd435?s=96&d=mm&r=g","caption":"Lo viste en Los Pol\u00edticos"},"url":"https:\/\/lospoliticosveracruz.com\/?author=2"}]}},"_links":{"self":[{"href":"https:\/\/lospoliticosveracruz.com\/index.php?rest_route=\/wp\/v2\/posts\/91958","targetHints":{"allow":["GET"]}}],"collection":[{"href":"https:\/\/lospoliticosveracruz.com\/index.php?rest_route=\/wp\/v2\/posts"}],"about":[{"href":"https:\/\/lospoliticosveracruz.com\/index.php?rest_route=\/wp\/v2\/types\/post"}],"author":[{"embeddable":true,"href":"https:\/\/lospoliticosveracruz.com\/index.php?rest_route=\/wp\/v2\/users\/2"}],"replies":[{"embeddable":true,"href":"https:\/\/lospoliticosveracruz.com\/index.php?rest_route=%2Fwp%2Fv2%2Fcomments&post=91958"}],"version-history":[{"count":1,"href":"https:\/\/lospoliticosveracruz.com\/index.php?rest_route=\/wp\/v2\/posts\/91958\/revisions"}],"predecessor-version":[{"id":91960,"href":"https:\/\/lospoliticosveracruz.com\/index.php?rest_route=\/wp\/v2\/posts\/91958\/revisions\/91960"}],"wp:attachment":[{"href":"https:\/\/lospoliticosveracruz.com\/index.php?rest_route=%2Fwp%2Fv2%2Fmedia&parent=91958"}],"wp:term":[{"taxonomy":"category","embeddable":true,"href":"https:\/\/lospoliticosveracruz.com\/index.php?rest_route=%2Fwp%2Fv2%2Fcategories&post=91958"},{"taxonomy":"post_tag","embeddable":true,"href":"https:\/\/lospoliticosveracruz.com\/index.php?rest_route=%2Fwp%2Fv2%2Ftags&post=91958"}],"curies":[{"name":"wp","href":"https:\/\/api.w.org\/{rel}","templated":true}]}}