{"id":91999,"date":"2022-07-05T08:25:59","date_gmt":"2022-07-05T13:25:59","guid":{"rendered":"https:\/\/lospoliticosveracruz.com.mx\/?p=91999"},"modified":"2022-07-05T08:26:08","modified_gmt":"2022-07-05T13:26:08","slug":"por-la-grandeza-de-mexico","status":"publish","type":"post","link":"https:\/\/lospoliticosveracruz.com\/?p=91999","title":{"rendered":"Por la grandeza de M\u00e9xico"},"content":{"rendered":"\n<p><\/p>\n\n\n\n<p><br><strong>Yair Ademar Dom\u00ednguez<\/strong><br><em>Punto y Coma<\/em><\/p>\n\n\n\n<p>El pasado viernes 1 de julio se cumplieron cuatro a\u00f1os de la jornada electoral en la que Andr\u00e9s Manuel L\u00f3pez Obrador se convirti\u00f3 en el presidente de M\u00e9xico con el respaldo de m\u00e1s de 30 millones de mexicanos. Con una aprobaci\u00f3n ciudadana del 63 por ciento, seg\u00fan la casa encuestadora Oraculus, el mandato del tabasque\u00f1o sigue a tambor batiente, dejando un legado hist\u00f3rico para nuestro pa\u00eds. Ning\u00fan presidente, en los \u00faltimos cinco sexenios, hab\u00eda tenido tanta aprobaci\u00f3n y reconocimiento.<\/p>\n\n\n\n<div class=\"wp-block-image\"><figure class=\"alignleft size-medium\"><a href=\"https:\/\/lospoliticosveracruz.com.mx\/wp-content\/uploads\/2021\/10\/Zacauilt.jpg\"><img decoding=\"async\" src=\"https:\/\/lospoliticosveracruz.com.mx\/wp-content\/uploads\/2021\/10\/Zacauilt-150x300.jpg\" alt=\"\" class=\"wp-image-80558\"\/><\/a><\/figure><\/div>\n\n\n\n<p>A pesar de los malquerientes, de las campa\u00f1as de guerra sucia, de los voceros del viejo r\u00e9gimen, quienes han querido enfermarlo y augurar el fracaso de su gobierno, el Presidente L\u00f3pez Obrador se encuentra m\u00e1s fuerte que nunca, firme, s\u00f3lido, avanzando en los grandes proyectos que sentar\u00e1n las bases para consolidar la transformaci\u00f3n de nuestro pa\u00eds. A m\u00e1s campa\u00f1as negras, a cada mentira, m\u00e1s fortaleza. No hay duda.<\/p>\n\n\n\n<p>Su respuesta es siempre humilde, porque sabe que su fortaleza viene del pueblo. \u201cLa obra de transformaci\u00f3n la estamos haciendo entre todos. Con trabajo creativo. Sin excluir a nadie. Con la inteligencia. Con el trabajo de obreros y campesinos. Con la participaci\u00f3n de hombres y de mujeres, pensando siempre en el porvenir de las nuevas generaciones, con mucho amor al pueblo y siempre a favor de la grandeza de M\u00e9xico\u201d, ha se\u00f1alado.<\/p>\n\n\n\n<p>A diferencia de otros sexenios, en donde el cuarto a\u00f1o el mandatario en turno se empezaba a desinflar porque ya no daba para m\u00e1s, porque las pilas se le estaban acabando, en el caso de Andr\u00e9s Manuel L\u00f3pez Obrador su fortaleza va repuntando. No dudamos que la aprobaci\u00f3n ciudadana siga en escalada, sobre todo cuando los grandes proyectos se van concretando.<\/p>\n\n\n\n<p>El caso de la refiner\u00eda Olmeca o Dos Bocas, es emblem\u00e1tico. As\u00ed lo dijo el jefe de las instituciones del pa\u00eds al arrancar el periodo de prueba de la misma. En los 36 a\u00f1os del periodo neoliberal o neoporfirista nunca se construy\u00f3 en el pa\u00eds una refiner\u00eda. Durante todo ese tiempo se apost\u00f3 a vender petr\u00f3leo crudo y comprar en el extranjero gasolinas, di\u00e9sel y otros combustibles. De manera deliberada y por corrupci\u00f3n, los gobernantes buscaban destruir la industria petrolera nacional, coment\u00f3.<\/p>\n\n\n\n<p>No podemos olvidar que acabaron con la petroqu\u00edmica, que dejaron en estado lamentable las seis refiner\u00edas que se construyeron a lo largo de nuestra historia y reformaron la Constituci\u00f3n para privatizar el petr\u00f3leo, aunque no les alcanz\u00f3 el tiempo para terminar de entregar todos los yacimientos y consumar esa gran infamia. Con nuestro triunfo decidimos aplicar una nueva pol\u00edtica energ\u00e9tica. En materia petrolera el objetivo claro es dejar de exportar crudo y procesar la materia prima en el pa\u00eds para ser autosuficientes en gasolinas y di\u00e9sel, explic\u00f3.<\/p>\n\n\n\n<p>Por eso, desde que llegamos al gobierno, al tiempo que invert\u00edamos en exploraci\u00f3n y extracci\u00f3n de petr\u00f3leo para frenar, como aqu\u00ed se ha dicho, la constante ca\u00edda en la producci\u00f3n, decidimos modernizar las seis refiner\u00edas existentes, lo cual nos ha permitido aumentar casi al doble la capacidad productiva, es decir, pasamos de transformar 485 mil barriles diarios a 863 mil al d\u00eda de hoy, y el a\u00f1o pr\u00f3ximo se tendr\u00e1 capacidad para procesar un mill\u00f3n 200 mil barriles, asent\u00f3.<\/p>\n\n\n\n<p>M\u00e1s claro, ni el agua. Con el proyecto de Dos Bocas y con la modernizaci\u00f3n de las refiner\u00edas, abandonadas por los neoliberales, lo que el Presidente busca es que M\u00e9xico tenga autonom\u00eda. La autonom\u00eda, aunque suene repetitivo, es independencia, es libertad. Ese es el en el fondo el gran proyecto y legado del mandatario mexicano, que nuestro pa\u00eds no est\u00e9 sujeto al manotazo de los vecinos del norte ni de ninguna fuerza externa, que tengamos independencia alimentaria \u2014de ah\u00ed el programa Sembrando vida\u2014, que alcancemos la independencia energ\u00e9tica y que nuestras ni\u00f1as, ni\u00f1os y j\u00f3venes tengan trampolines para su desarrollo. Mejor, imposible.<\/p>\n\n\n\n<p>Comentarios: Facebook Yair Ademar Dominguez Twitter @YairAdemar<\/p>\n","protected":false},"excerpt":{"rendered":"<p>Yair Ademar Dom\u00ednguezPunto y Coma El pasado viernes 1 de julio se cumplieron cuatro a\u00f1os de la jornada electoral en la que Andr\u00e9s Manuel L\u00f3pez Obrador se convirti\u00f3 en el presidente de M\u00e9xico con el respaldo de m\u00e1s de 30 millones de mexicanos. Con una aprobaci\u00f3n ciudadana del 63 por ciento, seg\u00fan la casa encuestadora [&hellip;]<\/p>\n","protected":false},"author":2,"featured_media":0,"comment_status":"closed","ping_status":"closed","sticky":false,"template":"","format":"standard","meta":{"tdm_status":"","tdm_grid_status":"","footnotes":""},"categories":[70],"tags":[618,1026,195,20652],"class_list":{"0":"post-91999","1":"post","2":"type-post","3":"status-publish","4":"format-standard","6":"category-de-opinion","7":"tag-andres-manuel-lopez-obrador","8":"tag-morena","9":"tag-veracruz","10":"tag-yair-ademar-dominguez"},"yoast_head":"<!-- This site is optimized with the Yoast SEO plugin v27.4 - https:\/\/yoast.com\/product\/yoast-seo-wordpress\/ -->\n<title>Por la grandeza de M\u00e9xico - Los pol\u00edticos Veracruz<\/title>\n<meta name=\"robots\" content=\"index, follow, max-snippet:-1, max-image-preview:large, max-video-preview:-1\" \/>\n<link rel=\"canonical\" href=\"https:\/\/lospoliticosveracruz.com\/?p=91999\" \/>\n<meta property=\"og:locale\" content=\"es_ES\" \/>\n<meta property=\"og:type\" content=\"article\" \/>\n<meta property=\"og:title\" content=\"Por la grandeza de M\u00e9xico - Los pol\u00edticos Veracruz\" \/>\n<meta property=\"og:description\" content=\"Yair Ademar Dom\u00ednguezPunto y Coma El pasado viernes 1 de julio se cumplieron cuatro a\u00f1os de la jornada electoral en la que Andr\u00e9s Manuel L\u00f3pez Obrador se convirti\u00f3 en el presidente de M\u00e9xico con el respaldo de m\u00e1s de 30 millones de mexicanos. Con una aprobaci\u00f3n ciudadana del 63 por ciento, seg\u00fan la casa encuestadora [&hellip;]\" \/>\n<meta property=\"og:url\" content=\"https:\/\/lospoliticosveracruz.com\/?p=91999\" \/>\n<meta property=\"og:site_name\" content=\"Los pol\u00edticos Veracruz\" \/>\n<meta property=\"article:publisher\" content=\"https:\/\/www.facebook.com\/people\/Notimemes-de-los-Polticos\/61565672886568\/\" \/>\n<meta property=\"article:published_time\" content=\"2022-07-05T13:25:59+00:00\" \/>\n<meta property=\"article:modified_time\" content=\"2022-07-05T13:26:08+00:00\" \/>\n<meta property=\"og:image\" content=\"https:\/\/lospoliticosveracruz.com.mx\/wp-content\/uploads\/2021\/10\/Zacauilt-150x300.jpg\" \/>\n<meta name=\"author\" content=\"Lo viste en Los Pol\u00edticos\" \/>\n<meta name=\"twitter:card\" content=\"summary_large_image\" \/>\n<meta name=\"twitter:creator\" content=\"@LosPoliticosVer\" \/>\n<meta name=\"twitter:site\" content=\"@LosPoliticosVer\" \/>\n<meta name=\"twitter:label1\" content=\"Escrito por\" \/>\n\t<meta name=\"twitter:data1\" content=\"Lo viste en Los Pol\u00edticos\" \/>\n\t<meta name=\"twitter:label2\" content=\"Tiempo de lectura\" \/>\n\t<meta name=\"twitter:data2\" content=\"4 minutos\" \/>\n<script type=\"application\/ld+json\" class=\"yoast-schema-graph\">{\"@context\":\"https:\\\/\\\/schema.org\",\"@graph\":[{\"@type\":\"Article\",\"@id\":\"https:\\\/\\\/lospoliticosveracruz.com\\\/?p=91999#article\",\"isPartOf\":{\"@id\":\"https:\\\/\\\/lospoliticosveracruz.com\\\/?p=91999\"},\"author\":{\"name\":\"Lo viste en Los Pol\u00edticos\",\"@id\":\"https:\\\/\\\/lospoliticosveracruz.com\\\/#\\\/schema\\\/person\\\/b8702bb0e538456e6efd07080bf2a4a2\"},\"headline\":\"Por la grandeza de M\u00e9xico\",\"datePublished\":\"2022-07-05T13:25:59+00:00\",\"dateModified\":\"2022-07-05T13:26:08+00:00\",\"mainEntityOfPage\":{\"@id\":\"https:\\\/\\\/lospoliticosveracruz.com\\\/?p=91999\"},\"wordCount\":715,\"publisher\":{\"@id\":\"https:\\\/\\\/lospoliticosveracruz.com\\\/#organization\"},\"image\":{\"@id\":\"https:\\\/\\\/lospoliticosveracruz.com\\\/?p=91999#primaryimage\"},\"thumbnailUrl\":\"https:\\\/\\\/lospoliticosveracruz.com.mx\\\/wp-content\\\/uploads\\\/2021\\\/10\\\/Zacauilt-150x300.jpg\",\"keywords\":[\"Andr\u00e9s Manuel L\u00f3pez Obrador\",\"Morena\",\"Veracruz\",\"Yair Ademar Dom\u00ednguez\"],\"articleSection\":[\"De Opini\u00f3n\"],\"inLanguage\":\"es\"},{\"@type\":\"WebPage\",\"@id\":\"https:\\\/\\\/lospoliticosveracruz.com\\\/?p=91999\",\"url\":\"https:\\\/\\\/lospoliticosveracruz.com\\\/?p=91999\",\"name\":\"Por la grandeza de M\u00e9xico - Los pol\u00edticos Veracruz\",\"isPartOf\":{\"@id\":\"https:\\\/\\\/lospoliticosveracruz.com\\\/#website\"},\"primaryImageOfPage\":{\"@id\":\"https:\\\/\\\/lospoliticosveracruz.com\\\/?p=91999#primaryimage\"},\"image\":{\"@id\":\"https:\\\/\\\/lospoliticosveracruz.com\\\/?p=91999#primaryimage\"},\"thumbnailUrl\":\"https:\\\/\\\/lospoliticosveracruz.com.mx\\\/wp-content\\\/uploads\\\/2021\\\/10\\\/Zacauilt-150x300.jpg\",\"datePublished\":\"2022-07-05T13:25:59+00:00\",\"dateModified\":\"2022-07-05T13:26:08+00:00\",\"breadcrumb\":{\"@id\":\"https:\\\/\\\/lospoliticosveracruz.com\\\/?p=91999#breadcrumb\"},\"inLanguage\":\"es\",\"potentialAction\":[{\"@type\":\"ReadAction\",\"target\":[\"https:\\\/\\\/lospoliticosveracruz.com\\\/?p=91999\"]}]},{\"@type\":\"ImageObject\",\"inLanguage\":\"es\",\"@id\":\"https:\\\/\\\/lospoliticosveracruz.com\\\/?p=91999#primaryimage\",\"url\":\"https:\\\/\\\/lospoliticosveracruz.com.mx\\\/wp-content\\\/uploads\\\/2021\\\/10\\\/Zacauilt-150x300.jpg\",\"contentUrl\":\"https:\\\/\\\/lospoliticosveracruz.com.mx\\\/wp-content\\\/uploads\\\/2021\\\/10\\\/Zacauilt-150x300.jpg\"},{\"@type\":\"BreadcrumbList\",\"@id\":\"https:\\\/\\\/lospoliticosveracruz.com\\\/?p=91999#breadcrumb\",\"itemListElement\":[{\"@type\":\"ListItem\",\"position\":1,\"name\":\"Portada\",\"item\":\"https:\\\/\\\/lospoliticosveracruz.com\\\/\"},{\"@type\":\"ListItem\",\"position\":2,\"name\":\"Por la grandeza de M\u00e9xico\"}]},{\"@type\":\"WebSite\",\"@id\":\"https:\\\/\\\/lospoliticosveracruz.com\\\/#website\",\"url\":\"https:\\\/\\\/lospoliticosveracruz.com\\\/\",\"name\":\"Los pol\u00edticos Veracruz\",\"description\":\"\",\"publisher\":{\"@id\":\"https:\\\/\\\/lospoliticosveracruz.com\\\/#organization\"},\"potentialAction\":[{\"@type\":\"SearchAction\",\"target\":{\"@type\":\"EntryPoint\",\"urlTemplate\":\"https:\\\/\\\/lospoliticosveracruz.com\\\/?s={search_term_string}\"},\"query-input\":{\"@type\":\"PropertyValueSpecification\",\"valueRequired\":true,\"valueName\":\"search_term_string\"}}],\"inLanguage\":\"es\"},{\"@type\":\"Organization\",\"@id\":\"https:\\\/\\\/lospoliticosveracruz.com\\\/#organization\",\"name\":\"Los pol\u00edticos Veracruz\",\"url\":\"https:\\\/\\\/lospoliticosveracruz.com\\\/\",\"logo\":{\"@type\":\"ImageObject\",\"inLanguage\":\"es\",\"@id\":\"https:\\\/\\\/lospoliticosveracruz.com\\\/#\\\/schema\\\/logo\\\/image\\\/\",\"url\":\"https:\\\/\\\/lospoliticosveracruz.com\\\/wp-content\\\/uploads\\\/2025\\\/12\\\/Logo-Nuevo-LOS-POLITICOS-1.jpg\",\"contentUrl\":\"https:\\\/\\\/lospoliticosveracruz.com\\\/wp-content\\\/uploads\\\/2025\\\/12\\\/Logo-Nuevo-LOS-POLITICOS-1.jpg\",\"width\":260,\"height\":70,\"caption\":\"Los pol\u00edticos Veracruz\"},\"image\":{\"@id\":\"https:\\\/\\\/lospoliticosveracruz.com\\\/#\\\/schema\\\/logo\\\/image\\\/\"},\"sameAs\":[\"https:\\\/\\\/www.facebook.com\\\/people\\\/Notimemes-de-los-Polticos\\\/61565672886568\\\/\",\"https:\\\/\\\/x.com\\\/LosPoliticosVer\"]},{\"@type\":\"Person\",\"@id\":\"https:\\\/\\\/lospoliticosveracruz.com\\\/#\\\/schema\\\/person\\\/b8702bb0e538456e6efd07080bf2a4a2\",\"name\":\"Lo viste en Los Pol\u00edticos\",\"image\":{\"@type\":\"ImageObject\",\"inLanguage\":\"es\",\"@id\":\"https:\\\/\\\/secure.gravatar.com\\\/avatar\\\/3a8de04a2656d44082be478bd6c086daa447c4651605818287b9532d3d0bd435?s=96&d=mm&r=g\",\"url\":\"https:\\\/\\\/secure.gravatar.com\\\/avatar\\\/3a8de04a2656d44082be478bd6c086daa447c4651605818287b9532d3d0bd435?s=96&d=mm&r=g\",\"contentUrl\":\"https:\\\/\\\/secure.gravatar.com\\\/avatar\\\/3a8de04a2656d44082be478bd6c086daa447c4651605818287b9532d3d0bd435?s=96&d=mm&r=g\",\"caption\":\"Lo viste en Los Pol\u00edticos\"},\"url\":\"https:\\\/\\\/lospoliticosveracruz.com\\\/?author=2\"}]}<\/script>\n<!-- \/ Yoast SEO plugin. -->","yoast_head_json":{"title":"Por la grandeza de M\u00e9xico - Los pol\u00edticos Veracruz","robots":{"index":"index","follow":"follow","max-snippet":"max-snippet:-1","max-image-preview":"max-image-preview:large","max-video-preview":"max-video-preview:-1"},"canonical":"https:\/\/lospoliticosveracruz.com\/?p=91999","og_locale":"es_ES","og_type":"article","og_title":"Por la grandeza de M\u00e9xico - Los pol\u00edticos Veracruz","og_description":"Yair Ademar Dom\u00ednguezPunto y Coma El pasado viernes 1 de julio se cumplieron cuatro a\u00f1os de la jornada electoral en la que Andr\u00e9s Manuel L\u00f3pez Obrador se convirti\u00f3 en el presidente de M\u00e9xico con el respaldo de m\u00e1s de 30 millones de mexicanos. Con una aprobaci\u00f3n ciudadana del 63 por ciento, seg\u00fan la casa encuestadora [&hellip;]","og_url":"https:\/\/lospoliticosveracruz.com\/?p=91999","og_site_name":"Los pol\u00edticos Veracruz","article_publisher":"https:\/\/www.facebook.com\/people\/Notimemes-de-los-Polticos\/61565672886568\/","article_published_time":"2022-07-05T13:25:59+00:00","article_modified_time":"2022-07-05T13:26:08+00:00","og_image":[{"url":"https:\/\/lospoliticosveracruz.com.mx\/wp-content\/uploads\/2021\/10\/Zacauilt-150x300.jpg","type":"","width":"","height":""}],"author":"Lo viste en Los Pol\u00edticos","twitter_card":"summary_large_image","twitter_creator":"@LosPoliticosVer","twitter_site":"@LosPoliticosVer","twitter_misc":{"Escrito por":"Lo viste en Los Pol\u00edticos","Tiempo de lectura":"4 minutos"},"schema":{"@context":"https:\/\/schema.org","@graph":[{"@type":"Article","@id":"https:\/\/lospoliticosveracruz.com\/?p=91999#article","isPartOf":{"@id":"https:\/\/lospoliticosveracruz.com\/?p=91999"},"author":{"name":"Lo viste en Los Pol\u00edticos","@id":"https:\/\/lospoliticosveracruz.com\/#\/schema\/person\/b8702bb0e538456e6efd07080bf2a4a2"},"headline":"Por la grandeza de M\u00e9xico","datePublished":"2022-07-05T13:25:59+00:00","dateModified":"2022-07-05T13:26:08+00:00","mainEntityOfPage":{"@id":"https:\/\/lospoliticosveracruz.com\/?p=91999"},"wordCount":715,"publisher":{"@id":"https:\/\/lospoliticosveracruz.com\/#organization"},"image":{"@id":"https:\/\/lospoliticosveracruz.com\/?p=91999#primaryimage"},"thumbnailUrl":"https:\/\/lospoliticosveracruz.com.mx\/wp-content\/uploads\/2021\/10\/Zacauilt-150x300.jpg","keywords":["Andr\u00e9s Manuel L\u00f3pez Obrador","Morena","Veracruz","Yair Ademar Dom\u00ednguez"],"articleSection":["De Opini\u00f3n"],"inLanguage":"es"},{"@type":"WebPage","@id":"https:\/\/lospoliticosveracruz.com\/?p=91999","url":"https:\/\/lospoliticosveracruz.com\/?p=91999","name":"Por la grandeza de M\u00e9xico - Los pol\u00edticos Veracruz","isPartOf":{"@id":"https:\/\/lospoliticosveracruz.com\/#website"},"primaryImageOfPage":{"@id":"https:\/\/lospoliticosveracruz.com\/?p=91999#primaryimage"},"image":{"@id":"https:\/\/lospoliticosveracruz.com\/?p=91999#primaryimage"},"thumbnailUrl":"https:\/\/lospoliticosveracruz.com.mx\/wp-content\/uploads\/2021\/10\/Zacauilt-150x300.jpg","datePublished":"2022-07-05T13:25:59+00:00","dateModified":"2022-07-05T13:26:08+00:00","breadcrumb":{"@id":"https:\/\/lospoliticosveracruz.com\/?p=91999#breadcrumb"},"inLanguage":"es","potentialAction":[{"@type":"ReadAction","target":["https:\/\/lospoliticosveracruz.com\/?p=91999"]}]},{"@type":"ImageObject","inLanguage":"es","@id":"https:\/\/lospoliticosveracruz.com\/?p=91999#primaryimage","url":"https:\/\/lospoliticosveracruz.com.mx\/wp-content\/uploads\/2021\/10\/Zacauilt-150x300.jpg","contentUrl":"https:\/\/lospoliticosveracruz.com.mx\/wp-content\/uploads\/2021\/10\/Zacauilt-150x300.jpg"},{"@type":"BreadcrumbList","@id":"https:\/\/lospoliticosveracruz.com\/?p=91999#breadcrumb","itemListElement":[{"@type":"ListItem","position":1,"name":"Portada","item":"https:\/\/lospoliticosveracruz.com\/"},{"@type":"ListItem","position":2,"name":"Por la grandeza de M\u00e9xico"}]},{"@type":"WebSite","@id":"https:\/\/lospoliticosveracruz.com\/#website","url":"https:\/\/lospoliticosveracruz.com\/","name":"Los pol\u00edticos Veracruz","description":"","publisher":{"@id":"https:\/\/lospoliticosveracruz.com\/#organization"},"potentialAction":[{"@type":"SearchAction","target":{"@type":"EntryPoint","urlTemplate":"https:\/\/lospoliticosveracruz.com\/?s={search_term_string}"},"query-input":{"@type":"PropertyValueSpecification","valueRequired":true,"valueName":"search_term_string"}}],"inLanguage":"es"},{"@type":"Organization","@id":"https:\/\/lospoliticosveracruz.com\/#organization","name":"Los pol\u00edticos Veracruz","url":"https:\/\/lospoliticosveracruz.com\/","logo":{"@type":"ImageObject","inLanguage":"es","@id":"https:\/\/lospoliticosveracruz.com\/#\/schema\/logo\/image\/","url":"https:\/\/lospoliticosveracruz.com\/wp-content\/uploads\/2025\/12\/Logo-Nuevo-LOS-POLITICOS-1.jpg","contentUrl":"https:\/\/lospoliticosveracruz.com\/wp-content\/uploads\/2025\/12\/Logo-Nuevo-LOS-POLITICOS-1.jpg","width":260,"height":70,"caption":"Los pol\u00edticos Veracruz"},"image":{"@id":"https:\/\/lospoliticosveracruz.com\/#\/schema\/logo\/image\/"},"sameAs":["https:\/\/www.facebook.com\/people\/Notimemes-de-los-Polticos\/61565672886568\/","https:\/\/x.com\/LosPoliticosVer"]},{"@type":"Person","@id":"https:\/\/lospoliticosveracruz.com\/#\/schema\/person\/b8702bb0e538456e6efd07080bf2a4a2","name":"Lo viste en Los Pol\u00edticos","image":{"@type":"ImageObject","inLanguage":"es","@id":"https:\/\/secure.gravatar.com\/avatar\/3a8de04a2656d44082be478bd6c086daa447c4651605818287b9532d3d0bd435?s=96&d=mm&r=g","url":"https:\/\/secure.gravatar.com\/avatar\/3a8de04a2656d44082be478bd6c086daa447c4651605818287b9532d3d0bd435?s=96&d=mm&r=g","contentUrl":"https:\/\/secure.gravatar.com\/avatar\/3a8de04a2656d44082be478bd6c086daa447c4651605818287b9532d3d0bd435?s=96&d=mm&r=g","caption":"Lo viste en Los Pol\u00edticos"},"url":"https:\/\/lospoliticosveracruz.com\/?author=2"}]}},"_links":{"self":[{"href":"https:\/\/lospoliticosveracruz.com\/index.php?rest_route=\/wp\/v2\/posts\/91999","targetHints":{"allow":["GET"]}}],"collection":[{"href":"https:\/\/lospoliticosveracruz.com\/index.php?rest_route=\/wp\/v2\/posts"}],"about":[{"href":"https:\/\/lospoliticosveracruz.com\/index.php?rest_route=\/wp\/v2\/types\/post"}],"author":[{"embeddable":true,"href":"https:\/\/lospoliticosveracruz.com\/index.php?rest_route=\/wp\/v2\/users\/2"}],"replies":[{"embeddable":true,"href":"https:\/\/lospoliticosveracruz.com\/index.php?rest_route=%2Fwp%2Fv2%2Fcomments&post=91999"}],"version-history":[{"count":1,"href":"https:\/\/lospoliticosveracruz.com\/index.php?rest_route=\/wp\/v2\/posts\/91999\/revisions"}],"predecessor-version":[{"id":92000,"href":"https:\/\/lospoliticosveracruz.com\/index.php?rest_route=\/wp\/v2\/posts\/91999\/revisions\/92000"}],"wp:attachment":[{"href":"https:\/\/lospoliticosveracruz.com\/index.php?rest_route=%2Fwp%2Fv2%2Fmedia&parent=91999"}],"wp:term":[{"taxonomy":"category","embeddable":true,"href":"https:\/\/lospoliticosveracruz.com\/index.php?rest_route=%2Fwp%2Fv2%2Fcategories&post=91999"},{"taxonomy":"post_tag","embeddable":true,"href":"https:\/\/lospoliticosveracruz.com\/index.php?rest_route=%2Fwp%2Fv2%2Ftags&post=91999"}],"curies":[{"name":"wp","href":"https:\/\/api.w.org\/{rel}","templated":true}]}}