{"id":92004,"date":"2022-07-05T17:42:15","date_gmt":"2022-07-05T22:42:15","guid":{"rendered":"https:\/\/lospoliticosveracruz.com.mx\/?p=92004"},"modified":"2022-07-05T17:42:21","modified_gmt":"2022-07-05T22:42:21","slug":"juan-pablo-castanon-un-humanista","status":"publish","type":"post","link":"https:\/\/lospoliticosveracruz.com\/?p=92004","title":{"rendered":"Juan Pablo Casta\u00f1\u00f3n, un humanista"},"content":{"rendered":"\n<p><\/p>\n\n\n\n<p><br><strong>Jorge V\u00e1zquez Sangabriel<\/strong><\/p>\n\n\n\n<p>Pensar de verdad cuesta. Analizar, reflexionar en la profundidad del razonamiento, se dificulta en las masas, convirti\u00e9ndose en una imperante necesidad, porque las circunstancias que permiten tomar decisiones en una sociedad llena de incertidumbres, encuentran los fracasos en la desatenci\u00f3n o el olvido de los dem\u00e1s. Las ideas espont\u00e1neas, se enfrentan al acotamiento del pensamiento generalizado, en ocasiones distractivos en una poblaci\u00f3n que vive asediada por el impacto de irregularidades del sentido humano y del bien com\u00fan, estableciendo formatos conceptuales que equivocan la conducci\u00f3n de las sociedades.<\/p>\n\n\n\n<div class=\"wp-block-image\"><figure class=\"alignleft size-medium\"><a href=\"https:\/\/lospoliticosveracruz.com.mx\/wp-content\/uploads\/2021\/10\/WhatsApp-Image-2021-10-02-at-15.20.25.jpeg\"><img loading=\"lazy\" decoding=\"async\" width=\"212\" height=\"300\" src=\"https:\/\/lospoliticosveracruz.com.mx\/wp-content\/uploads\/2021\/10\/WhatsApp-Image-2021-10-02-at-15.20.25-212x300.jpeg\" alt=\"\" class=\"wp-image-80177\" srcset=\"https:\/\/lospoliticosveracruz.com\/wp-content\/uploads\/2021\/10\/WhatsApp-Image-2021-10-02-at-15.20.25-212x300.jpeg 212w, https:\/\/lospoliticosveracruz.com\/wp-content\/uploads\/2021\/10\/WhatsApp-Image-2021-10-02-at-15.20.25-724x1024.jpeg 724w, https:\/\/lospoliticosveracruz.com\/wp-content\/uploads\/2021\/10\/WhatsApp-Image-2021-10-02-at-15.20.25-768x1086.jpeg 768w, https:\/\/lospoliticosveracruz.com\/wp-content\/uploads\/2021\/10\/WhatsApp-Image-2021-10-02-at-15.20.25.jpeg 905w\" sizes=\"auto, (max-width: 212px) 100vw, 212px\" \/><\/a><\/figure><\/div>\n\n\n\n<p><br>Recientemente acudi\u00f3 a esta ciudad Juan Pablo Casta\u00f1\u00f3n, a compartir con empresarios la propuesta filos\u00f3fica de Principios y Valores del Programa 7X7 de COPARMEX.<br>Casta\u00f1\u00f3n es un destacado Empresario de la Biotecnolog\u00eda, Presidente de Industrias Vepinsa, ha sido Presidente Nacional de Coparmex, Presidente del Consejo Coordinador Empresarial y actor importante en las negociaciones del Tratado Comercial M\u00e9xico, Estados Unidos y Canad\u00e1 \u2013T-MEC-, as\u00ed como din\u00e1mico gestor en los Acuerdos Internacionales entre M\u00e9xico Europa y otras latitudes.<br>Juan Pablo Casta\u00f1\u00f3n, ha expuesto que toda sociedad es recaudatoria en su estructura cognitiva de las costumbres y tradiciones en sus diversas manifestaciones culturales que le rodean, y que estas son determinantes para formar los pensamientos y conductas que estructuran las condiciones de desarrollo o de subdesarrollo. Ha dicho tambi\u00e9n, que las sociedades asimilan, transmiten y promueven valores propios con base en los valores universales.<br>Invitado por el Consejo Directivo del Centro Empresarial Xalapa \u2013 Coparmex-, que preside Juan Carlos D\u00edaz Morante, Gerente General de Pinturas Difer, y de la f\u00e1brica de inyecci\u00f3n de cubeta pl\u00e1stico y envases Modi, ha sido de especial inter\u00e9s de quienes conforman esta organizaci\u00f3n empresarial la amplia y detallada exposici\u00f3n que Casta\u00f1\u00f3n ha compartido, porque, en efecto, la asimilaci\u00f3n de conceptos que va registrando el individuo como entidad fundamental de una sociedad desde los primeros instantes de la gestaci\u00f3n, proporcionan las certezas o las incertidumbres del ser humano en el contexto social en que se va desarrollando promueven el sentido de esa misma sociedad. Los valores human\u00edsticos, como han se\u00f1alado diversos pensadores a trav\u00e9s de la evoluci\u00f3n de la humanidad, son parte esencial del ser, no s\u00f3lo para s\u00ed mismo y su entorno, sino que es un ente global circunsPortancial, que trasciende y determina el bien com\u00fan. \u201cLa sociedad ser\u00e1 mejor, en tanto el esfuerzo com\u00fan de sus integrantes enriquezca, conserve y defienda esos valores. Este es el sentido de la cultura; la decadencia es el fen\u00f3meno inverso. Las libertades y el progreso material son aut\u00e9nticos y se logran realmente, s\u00f3lo cuando son coherentes con esos valores\u201d, ha iniciado as\u00ed Juan Pablo Casta\u00f1\u00f3n la exposici\u00f3n de los principios del Programa 7X7, que dentro de sus objetivos tiene como principales propuestas, desarrollar herramientas para instrumentar la toma de decisiones, siendo que con ello, se definen los recursos y las manifestaciones de con las que se enfrenta todo empresario en su rol como ciudadano, lo que fortalece y estimula los valores y la dignidad.<br>Con alto sentido y profundidad human\u00edstica, Casta\u00f1\u00f3n ha expuesto la importancia de la presencia terrena en la vida, del tiempo y los l\u00edmites que la vida establece como determinantes; ha descrito como un todo la existencia, y la importancia que tiene \u00e9sta en la formaci\u00f3n de los relevos generacionales, marcando en ello la concepci\u00f3n glocal y su importancia en lo global. \u201cVivamos \u2013dijo- los valores de la Dignidad, Inclusi\u00f3n y Empat\u00eda en nuestras decisiones diarias\u201d, \u201cPromovamos la Libertad y la Responsabilidad\u201d, \u201cImplementemos acciones sobre los valores humanos, el Bien Com\u00fan y el Estado de Derecho\u201d.<br>El bien com\u00fan representa en efecto, una realidad de un medio consensuado, organizado, conforme se van presentando las circunstancias variables para la toma de decisiones organizacionales, tomando en cuenta los recursos cognitivos-f\u00edsicos-econ\u00f3micos-materiales, mediante la visualizaci\u00f3n y una planeaci\u00f3n inmediata y mediata de una realidad tangible; el bien com\u00fan establece como objetivo, la voluntad que emerge de la necesidad y del deseo, a partir de un dispositivo que proyecta objetivamente lo que una sociedad considera o no hab\u00eda considerado, porque cuando se reconoce la justicia y la equidad social, se integran elementos incluyentes que permiten la prosperidad.<br>\u201cPromovamos la innovaci\u00f3n y la sustentabilidad para generar valor y fomentar el desarrollo incluyente\u201d.<br>Ha sido \u00e9sta, una ponencia sobre la dignidad del hombre, que constituye un manifiesto sobre el humanismo en las empresas, sirviendo como una tesis dirigida a demostrar el poder de la raz\u00f3n y del sentido humano empresarial para desarrollar alicientes de fortaleza, voluntad, sentido de pertenencia, la solidaridad social de empresarios y trabajadores que dan soporte importante a las estructuras sociales de una comunidad, haciendo de ello una propuesta acorde a la necesidad humana, de estos tiempos, principio fundamental del Discurso sobre la dignidad del hombre del humanista y pensador italiano Giovanni Pico della Mirandola (1463-1494), en su destacada obra de 900 tesis sobre religi\u00f3n, filosof\u00eda, filosof\u00eda de la naturaleza y magia; as\u00ed en esta conferencia desarrollada en un ambiente de cordialidad, el sector empresarial ha disfrutado de la sencillez y humildad de las propuestas del distinguido visitante, quien concluy\u00f3 mencionando: Ser empresario implica ser l\u00edder.<br>Y ha dicho\u2026Que pronto estar\u00e1 de nuevo en esta ciudad capital para disfrutar de un caf\u00e9suazo.<\/p>\n","protected":false},"excerpt":{"rendered":"<p>Jorge V\u00e1zquez Sangabriel Pensar de verdad cuesta. Analizar, reflexionar en la profundidad del razonamiento, se dificulta en las masas, convirti\u00e9ndose en una imperante necesidad, porque las circunstancias que permiten tomar decisiones en una sociedad llena de incertidumbres, encuentran los fracasos en la desatenci\u00f3n o el olvido de los dem\u00e1s. Las ideas espont\u00e1neas, se enfrentan al [&hellip;]<\/p>\n","protected":false},"author":2,"featured_media":0,"comment_status":"closed","ping_status":"closed","sticky":false,"template":"","format":"standard","meta":{"tdm_status":"","tdm_grid_status":"","footnotes":""},"categories":[70],"tags":[6293,17151,30729],"class_list":{"0":"post-92004","1":"post","2":"type-post","3":"status-publish","4":"format-standard","6":"category-de-opinion","7":"tag-coparmex","8":"tag-jorge-vazquez-sangabriel","9":"tag-juan-carlos-diaz-morante"},"yoast_head":"<!-- This site is optimized with the Yoast SEO plugin v27.4 - https:\/\/yoast.com\/product\/yoast-seo-wordpress\/ -->\n<title>Juan Pablo Casta\u00f1\u00f3n, un humanista - Los pol\u00edticos Veracruz<\/title>\n<meta name=\"robots\" content=\"index, follow, max-snippet:-1, max-image-preview:large, max-video-preview:-1\" \/>\n<link rel=\"canonical\" href=\"https:\/\/lospoliticosveracruz.com\/?p=92004\" \/>\n<meta property=\"og:locale\" content=\"es_ES\" \/>\n<meta property=\"og:type\" content=\"article\" \/>\n<meta property=\"og:title\" content=\"Juan Pablo Casta\u00f1\u00f3n, un humanista - Los pol\u00edticos Veracruz\" \/>\n<meta property=\"og:description\" content=\"Jorge V\u00e1zquez Sangabriel Pensar de verdad cuesta. Analizar, reflexionar en la profundidad del razonamiento, se dificulta en las masas, convirti\u00e9ndose en una imperante necesidad, porque las circunstancias que permiten tomar decisiones en una sociedad llena de incertidumbres, encuentran los fracasos en la desatenci\u00f3n o el olvido de los dem\u00e1s. Las ideas espont\u00e1neas, se enfrentan al [&hellip;]\" \/>\n<meta property=\"og:url\" content=\"https:\/\/lospoliticosveracruz.com\/?p=92004\" \/>\n<meta property=\"og:site_name\" content=\"Los pol\u00edticos Veracruz\" \/>\n<meta property=\"article:publisher\" content=\"https:\/\/www.facebook.com\/people\/Notimemes-de-los-Polticos\/61565672886568\/\" \/>\n<meta property=\"article:published_time\" content=\"2022-07-05T22:42:15+00:00\" \/>\n<meta property=\"article:modified_time\" content=\"2022-07-05T22:42:21+00:00\" \/>\n<meta property=\"og:image\" content=\"https:\/\/lospoliticosveracruz.com.mx\/wp-content\/uploads\/2021\/10\/WhatsApp-Image-2021-10-02-at-15.20.25-212x300.jpeg\" \/>\n<meta name=\"author\" content=\"Lo viste en Los Pol\u00edticos\" \/>\n<meta name=\"twitter:card\" content=\"summary_large_image\" \/>\n<meta name=\"twitter:creator\" content=\"@LosPoliticosVer\" \/>\n<meta name=\"twitter:site\" content=\"@LosPoliticosVer\" \/>\n<meta name=\"twitter:label1\" content=\"Escrito por\" \/>\n\t<meta name=\"twitter:data1\" content=\"Lo viste en Los Pol\u00edticos\" \/>\n\t<meta name=\"twitter:label2\" content=\"Tiempo de lectura\" \/>\n\t<meta name=\"twitter:data2\" content=\"5 minutos\" \/>\n<script type=\"application\/ld+json\" class=\"yoast-schema-graph\">{\"@context\":\"https:\\\/\\\/schema.org\",\"@graph\":[{\"@type\":\"Article\",\"@id\":\"https:\\\/\\\/lospoliticosveracruz.com\\\/?p=92004#article\",\"isPartOf\":{\"@id\":\"https:\\\/\\\/lospoliticosveracruz.com\\\/?p=92004\"},\"author\":{\"name\":\"Lo viste en Los Pol\u00edticos\",\"@id\":\"https:\\\/\\\/lospoliticosveracruz.com\\\/#\\\/schema\\\/person\\\/b8702bb0e538456e6efd07080bf2a4a2\"},\"headline\":\"Juan Pablo Casta\u00f1\u00f3n, un humanista\",\"datePublished\":\"2022-07-05T22:42:15+00:00\",\"dateModified\":\"2022-07-05T22:42:21+00:00\",\"mainEntityOfPage\":{\"@id\":\"https:\\\/\\\/lospoliticosveracruz.com\\\/?p=92004\"},\"wordCount\":926,\"publisher\":{\"@id\":\"https:\\\/\\\/lospoliticosveracruz.com\\\/#organization\"},\"image\":{\"@id\":\"https:\\\/\\\/lospoliticosveracruz.com\\\/?p=92004#primaryimage\"},\"thumbnailUrl\":\"https:\\\/\\\/lospoliticosveracruz.com.mx\\\/wp-content\\\/uploads\\\/2021\\\/10\\\/WhatsApp-Image-2021-10-02-at-15.20.25-212x300.jpeg\",\"keywords\":[\"Coparmex\",\"Jorge V\u00e1zquez Sangabriel\",\"Juan Carlos D\u00edaz Morante\"],\"articleSection\":[\"De Opini\u00f3n\"],\"inLanguage\":\"es\"},{\"@type\":\"WebPage\",\"@id\":\"https:\\\/\\\/lospoliticosveracruz.com\\\/?p=92004\",\"url\":\"https:\\\/\\\/lospoliticosveracruz.com\\\/?p=92004\",\"name\":\"Juan Pablo Casta\u00f1\u00f3n, un humanista - Los pol\u00edticos Veracruz\",\"isPartOf\":{\"@id\":\"https:\\\/\\\/lospoliticosveracruz.com\\\/#website\"},\"primaryImageOfPage\":{\"@id\":\"https:\\\/\\\/lospoliticosveracruz.com\\\/?p=92004#primaryimage\"},\"image\":{\"@id\":\"https:\\\/\\\/lospoliticosveracruz.com\\\/?p=92004#primaryimage\"},\"thumbnailUrl\":\"https:\\\/\\\/lospoliticosveracruz.com.mx\\\/wp-content\\\/uploads\\\/2021\\\/10\\\/WhatsApp-Image-2021-10-02-at-15.20.25-212x300.jpeg\",\"datePublished\":\"2022-07-05T22:42:15+00:00\",\"dateModified\":\"2022-07-05T22:42:21+00:00\",\"breadcrumb\":{\"@id\":\"https:\\\/\\\/lospoliticosveracruz.com\\\/?p=92004#breadcrumb\"},\"inLanguage\":\"es\",\"potentialAction\":[{\"@type\":\"ReadAction\",\"target\":[\"https:\\\/\\\/lospoliticosveracruz.com\\\/?p=92004\"]}]},{\"@type\":\"ImageObject\",\"inLanguage\":\"es\",\"@id\":\"https:\\\/\\\/lospoliticosveracruz.com\\\/?p=92004#primaryimage\",\"url\":\"https:\\\/\\\/lospoliticosveracruz.com.mx\\\/wp-content\\\/uploads\\\/2021\\\/10\\\/WhatsApp-Image-2021-10-02-at-15.20.25-212x300.jpeg\",\"contentUrl\":\"https:\\\/\\\/lospoliticosveracruz.com.mx\\\/wp-content\\\/uploads\\\/2021\\\/10\\\/WhatsApp-Image-2021-10-02-at-15.20.25-212x300.jpeg\"},{\"@type\":\"BreadcrumbList\",\"@id\":\"https:\\\/\\\/lospoliticosveracruz.com\\\/?p=92004#breadcrumb\",\"itemListElement\":[{\"@type\":\"ListItem\",\"position\":1,\"name\":\"Portada\",\"item\":\"https:\\\/\\\/lospoliticosveracruz.com\\\/\"},{\"@type\":\"ListItem\",\"position\":2,\"name\":\"Juan Pablo Casta\u00f1\u00f3n, un humanista\"}]},{\"@type\":\"WebSite\",\"@id\":\"https:\\\/\\\/lospoliticosveracruz.com\\\/#website\",\"url\":\"https:\\\/\\\/lospoliticosveracruz.com\\\/\",\"name\":\"Los pol\u00edticos Veracruz\",\"description\":\"\",\"publisher\":{\"@id\":\"https:\\\/\\\/lospoliticosveracruz.com\\\/#organization\"},\"potentialAction\":[{\"@type\":\"SearchAction\",\"target\":{\"@type\":\"EntryPoint\",\"urlTemplate\":\"https:\\\/\\\/lospoliticosveracruz.com\\\/?s={search_term_string}\"},\"query-input\":{\"@type\":\"PropertyValueSpecification\",\"valueRequired\":true,\"valueName\":\"search_term_string\"}}],\"inLanguage\":\"es\"},{\"@type\":\"Organization\",\"@id\":\"https:\\\/\\\/lospoliticosveracruz.com\\\/#organization\",\"name\":\"Los pol\u00edticos Veracruz\",\"url\":\"https:\\\/\\\/lospoliticosveracruz.com\\\/\",\"logo\":{\"@type\":\"ImageObject\",\"inLanguage\":\"es\",\"@id\":\"https:\\\/\\\/lospoliticosveracruz.com\\\/#\\\/schema\\\/logo\\\/image\\\/\",\"url\":\"https:\\\/\\\/lospoliticosveracruz.com\\\/wp-content\\\/uploads\\\/2025\\\/12\\\/Logo-Nuevo-LOS-POLITICOS-1.jpg\",\"contentUrl\":\"https:\\\/\\\/lospoliticosveracruz.com\\\/wp-content\\\/uploads\\\/2025\\\/12\\\/Logo-Nuevo-LOS-POLITICOS-1.jpg\",\"width\":260,\"height\":70,\"caption\":\"Los pol\u00edticos Veracruz\"},\"image\":{\"@id\":\"https:\\\/\\\/lospoliticosveracruz.com\\\/#\\\/schema\\\/logo\\\/image\\\/\"},\"sameAs\":[\"https:\\\/\\\/www.facebook.com\\\/people\\\/Notimemes-de-los-Polticos\\\/61565672886568\\\/\",\"https:\\\/\\\/x.com\\\/LosPoliticosVer\"]},{\"@type\":\"Person\",\"@id\":\"https:\\\/\\\/lospoliticosveracruz.com\\\/#\\\/schema\\\/person\\\/b8702bb0e538456e6efd07080bf2a4a2\",\"name\":\"Lo viste en Los Pol\u00edticos\",\"image\":{\"@type\":\"ImageObject\",\"inLanguage\":\"es\",\"@id\":\"https:\\\/\\\/secure.gravatar.com\\\/avatar\\\/3a8de04a2656d44082be478bd6c086daa447c4651605818287b9532d3d0bd435?s=96&d=mm&r=g\",\"url\":\"https:\\\/\\\/secure.gravatar.com\\\/avatar\\\/3a8de04a2656d44082be478bd6c086daa447c4651605818287b9532d3d0bd435?s=96&d=mm&r=g\",\"contentUrl\":\"https:\\\/\\\/secure.gravatar.com\\\/avatar\\\/3a8de04a2656d44082be478bd6c086daa447c4651605818287b9532d3d0bd435?s=96&d=mm&r=g\",\"caption\":\"Lo viste en Los Pol\u00edticos\"},\"url\":\"https:\\\/\\\/lospoliticosveracruz.com\\\/?author=2\"}]}<\/script>\n<!-- \/ Yoast SEO plugin. -->","yoast_head_json":{"title":"Juan Pablo Casta\u00f1\u00f3n, un humanista - Los pol\u00edticos Veracruz","robots":{"index":"index","follow":"follow","max-snippet":"max-snippet:-1","max-image-preview":"max-image-preview:large","max-video-preview":"max-video-preview:-1"},"canonical":"https:\/\/lospoliticosveracruz.com\/?p=92004","og_locale":"es_ES","og_type":"article","og_title":"Juan Pablo Casta\u00f1\u00f3n, un humanista - Los pol\u00edticos Veracruz","og_description":"Jorge V\u00e1zquez Sangabriel Pensar de verdad cuesta. Analizar, reflexionar en la profundidad del razonamiento, se dificulta en las masas, convirti\u00e9ndose en una imperante necesidad, porque las circunstancias que permiten tomar decisiones en una sociedad llena de incertidumbres, encuentran los fracasos en la desatenci\u00f3n o el olvido de los dem\u00e1s. Las ideas espont\u00e1neas, se enfrentan al [&hellip;]","og_url":"https:\/\/lospoliticosveracruz.com\/?p=92004","og_site_name":"Los pol\u00edticos Veracruz","article_publisher":"https:\/\/www.facebook.com\/people\/Notimemes-de-los-Polticos\/61565672886568\/","article_published_time":"2022-07-05T22:42:15+00:00","article_modified_time":"2022-07-05T22:42:21+00:00","og_image":[{"url":"https:\/\/lospoliticosveracruz.com.mx\/wp-content\/uploads\/2021\/10\/WhatsApp-Image-2021-10-02-at-15.20.25-212x300.jpeg","type":"","width":"","height":""}],"author":"Lo viste en Los Pol\u00edticos","twitter_card":"summary_large_image","twitter_creator":"@LosPoliticosVer","twitter_site":"@LosPoliticosVer","twitter_misc":{"Escrito por":"Lo viste en Los Pol\u00edticos","Tiempo de lectura":"5 minutos"},"schema":{"@context":"https:\/\/schema.org","@graph":[{"@type":"Article","@id":"https:\/\/lospoliticosveracruz.com\/?p=92004#article","isPartOf":{"@id":"https:\/\/lospoliticosveracruz.com\/?p=92004"},"author":{"name":"Lo viste en Los Pol\u00edticos","@id":"https:\/\/lospoliticosveracruz.com\/#\/schema\/person\/b8702bb0e538456e6efd07080bf2a4a2"},"headline":"Juan Pablo Casta\u00f1\u00f3n, un humanista","datePublished":"2022-07-05T22:42:15+00:00","dateModified":"2022-07-05T22:42:21+00:00","mainEntityOfPage":{"@id":"https:\/\/lospoliticosveracruz.com\/?p=92004"},"wordCount":926,"publisher":{"@id":"https:\/\/lospoliticosveracruz.com\/#organization"},"image":{"@id":"https:\/\/lospoliticosveracruz.com\/?p=92004#primaryimage"},"thumbnailUrl":"https:\/\/lospoliticosveracruz.com.mx\/wp-content\/uploads\/2021\/10\/WhatsApp-Image-2021-10-02-at-15.20.25-212x300.jpeg","keywords":["Coparmex","Jorge V\u00e1zquez Sangabriel","Juan Carlos D\u00edaz Morante"],"articleSection":["De Opini\u00f3n"],"inLanguage":"es"},{"@type":"WebPage","@id":"https:\/\/lospoliticosveracruz.com\/?p=92004","url":"https:\/\/lospoliticosveracruz.com\/?p=92004","name":"Juan Pablo Casta\u00f1\u00f3n, un humanista - Los pol\u00edticos Veracruz","isPartOf":{"@id":"https:\/\/lospoliticosveracruz.com\/#website"},"primaryImageOfPage":{"@id":"https:\/\/lospoliticosveracruz.com\/?p=92004#primaryimage"},"image":{"@id":"https:\/\/lospoliticosveracruz.com\/?p=92004#primaryimage"},"thumbnailUrl":"https:\/\/lospoliticosveracruz.com.mx\/wp-content\/uploads\/2021\/10\/WhatsApp-Image-2021-10-02-at-15.20.25-212x300.jpeg","datePublished":"2022-07-05T22:42:15+00:00","dateModified":"2022-07-05T22:42:21+00:00","breadcrumb":{"@id":"https:\/\/lospoliticosveracruz.com\/?p=92004#breadcrumb"},"inLanguage":"es","potentialAction":[{"@type":"ReadAction","target":["https:\/\/lospoliticosveracruz.com\/?p=92004"]}]},{"@type":"ImageObject","inLanguage":"es","@id":"https:\/\/lospoliticosveracruz.com\/?p=92004#primaryimage","url":"https:\/\/lospoliticosveracruz.com.mx\/wp-content\/uploads\/2021\/10\/WhatsApp-Image-2021-10-02-at-15.20.25-212x300.jpeg","contentUrl":"https:\/\/lospoliticosveracruz.com.mx\/wp-content\/uploads\/2021\/10\/WhatsApp-Image-2021-10-02-at-15.20.25-212x300.jpeg"},{"@type":"BreadcrumbList","@id":"https:\/\/lospoliticosveracruz.com\/?p=92004#breadcrumb","itemListElement":[{"@type":"ListItem","position":1,"name":"Portada","item":"https:\/\/lospoliticosveracruz.com\/"},{"@type":"ListItem","position":2,"name":"Juan Pablo Casta\u00f1\u00f3n, un humanista"}]},{"@type":"WebSite","@id":"https:\/\/lospoliticosveracruz.com\/#website","url":"https:\/\/lospoliticosveracruz.com\/","name":"Los pol\u00edticos Veracruz","description":"","publisher":{"@id":"https:\/\/lospoliticosveracruz.com\/#organization"},"potentialAction":[{"@type":"SearchAction","target":{"@type":"EntryPoint","urlTemplate":"https:\/\/lospoliticosveracruz.com\/?s={search_term_string}"},"query-input":{"@type":"PropertyValueSpecification","valueRequired":true,"valueName":"search_term_string"}}],"inLanguage":"es"},{"@type":"Organization","@id":"https:\/\/lospoliticosveracruz.com\/#organization","name":"Los pol\u00edticos Veracruz","url":"https:\/\/lospoliticosveracruz.com\/","logo":{"@type":"ImageObject","inLanguage":"es","@id":"https:\/\/lospoliticosveracruz.com\/#\/schema\/logo\/image\/","url":"https:\/\/lospoliticosveracruz.com\/wp-content\/uploads\/2025\/12\/Logo-Nuevo-LOS-POLITICOS-1.jpg","contentUrl":"https:\/\/lospoliticosveracruz.com\/wp-content\/uploads\/2025\/12\/Logo-Nuevo-LOS-POLITICOS-1.jpg","width":260,"height":70,"caption":"Los pol\u00edticos Veracruz"},"image":{"@id":"https:\/\/lospoliticosveracruz.com\/#\/schema\/logo\/image\/"},"sameAs":["https:\/\/www.facebook.com\/people\/Notimemes-de-los-Polticos\/61565672886568\/","https:\/\/x.com\/LosPoliticosVer"]},{"@type":"Person","@id":"https:\/\/lospoliticosveracruz.com\/#\/schema\/person\/b8702bb0e538456e6efd07080bf2a4a2","name":"Lo viste en Los Pol\u00edticos","image":{"@type":"ImageObject","inLanguage":"es","@id":"https:\/\/secure.gravatar.com\/avatar\/3a8de04a2656d44082be478bd6c086daa447c4651605818287b9532d3d0bd435?s=96&d=mm&r=g","url":"https:\/\/secure.gravatar.com\/avatar\/3a8de04a2656d44082be478bd6c086daa447c4651605818287b9532d3d0bd435?s=96&d=mm&r=g","contentUrl":"https:\/\/secure.gravatar.com\/avatar\/3a8de04a2656d44082be478bd6c086daa447c4651605818287b9532d3d0bd435?s=96&d=mm&r=g","caption":"Lo viste en Los Pol\u00edticos"},"url":"https:\/\/lospoliticosveracruz.com\/?author=2"}]}},"_links":{"self":[{"href":"https:\/\/lospoliticosveracruz.com\/index.php?rest_route=\/wp\/v2\/posts\/92004","targetHints":{"allow":["GET"]}}],"collection":[{"href":"https:\/\/lospoliticosveracruz.com\/index.php?rest_route=\/wp\/v2\/posts"}],"about":[{"href":"https:\/\/lospoliticosveracruz.com\/index.php?rest_route=\/wp\/v2\/types\/post"}],"author":[{"embeddable":true,"href":"https:\/\/lospoliticosveracruz.com\/index.php?rest_route=\/wp\/v2\/users\/2"}],"replies":[{"embeddable":true,"href":"https:\/\/lospoliticosveracruz.com\/index.php?rest_route=%2Fwp%2Fv2%2Fcomments&post=92004"}],"version-history":[{"count":1,"href":"https:\/\/lospoliticosveracruz.com\/index.php?rest_route=\/wp\/v2\/posts\/92004\/revisions"}],"predecessor-version":[{"id":92006,"href":"https:\/\/lospoliticosveracruz.com\/index.php?rest_route=\/wp\/v2\/posts\/92004\/revisions\/92006"}],"wp:attachment":[{"href":"https:\/\/lospoliticosveracruz.com\/index.php?rest_route=%2Fwp%2Fv2%2Fmedia&parent=92004"}],"wp:term":[{"taxonomy":"category","embeddable":true,"href":"https:\/\/lospoliticosveracruz.com\/index.php?rest_route=%2Fwp%2Fv2%2Fcategories&post=92004"},{"taxonomy":"post_tag","embeddable":true,"href":"https:\/\/lospoliticosveracruz.com\/index.php?rest_route=%2Fwp%2Fv2%2Ftags&post=92004"}],"curies":[{"name":"wp","href":"https:\/\/api.w.org\/{rel}","templated":true}]}}