{"id":92014,"date":"2022-07-05T19:48:00","date_gmt":"2022-07-06T00:48:00","guid":{"rendered":"https:\/\/lospoliticosveracruz.com.mx\/?p=92014"},"modified":"2022-07-05T19:56:12","modified_gmt":"2022-07-06T00:56:12","slug":"el-carnaval-de-cheko-caron-fer-y-nahle","status":"publish","type":"post","link":"https:\/\/lospoliticosveracruz.com\/?p=92014","title":{"rendered":"El carnaval de Cheko, Car\u00f3n, Fer y Nahle"},"content":{"rendered":"\n<p><strong>Salvador Mu\u00f1oz<br><\/strong><em>Los Pol\u00edticos<\/em><\/p>\n\n\n\n<p>Cada quien habla de la feria, o mejor dicho: del Carnaval, como le fue en \u00e9l.<br>Yo no fui, por un gusto delicioso a evitar el bullicio, pero creo que nunca o\u00ed o le\u00ed en cr\u00f3nicas o rese\u00f1as de alguna de esas fiestas m\u00e1s alegres del mundo, la convivencia entre panistas y pri\u00edstas para disfrutar de las carnestolendas entre comparsa y comparsa.<\/p>\n\n\n\n<figure class=\"wp-block-embed is-type-video is-provider-youtube wp-block-embed-youtube wp-embed-aspect-16-9 wp-has-aspect-ratio\"><div class=\"wp-block-embed__wrapper\">\n<iframe loading=\"lazy\" title=\"Cluster Coworking\" width=\"696\" height=\"392\" src=\"https:\/\/www.youtube.com\/embed\/Nxe-vxf8GuY?feature=oembed\" frameborder=\"0\" allow=\"accelerometer; autoplay; clipboard-write; encrypted-media; gyroscope; picture-in-picture; web-share\" referrerpolicy=\"strict-origin-when-cross-origin\" allowfullscreen><\/iframe>\n<\/div><\/figure>\n\n\n\n<p><br>Agregue un dato m\u00e1s: la presencia sin empacho de dos personajes del partido en el poder, disfrutando del Carnaval: Sergio Guti\u00e9rrez Luna y Juan Javier G\u00f3mez Cazar\u00edn, ambos representantes del Poder Legislativo federal y estatal, respectivamente, y ambos alojados en Veracruz en \u201cdepa\u201d con vista al 2024.<br>El primero no le hace feo a la idea de buscar ser candidato a Gobernador para ese a\u00f1o\u2026 el segundo, se hace de la boca chiquita y dice que todo su apoyo ser\u00e1 para Nahle, por lo que solito se ubica entre los aspirantes al Senado.<br>Pero mientras llega el 2024, es imposible dejar de notar la presencia de morena en esta fiesta donde era com\u00fan que si el Gobierno municipal era panista, imposible pensar en la presencia del Gobierno estatal pri\u00edsta\u2026 hoy, las cosas fueron distintas, cosas que la alternancia puede lograr: las tres fuerzas pol\u00edticas m\u00e1s conocidas del Estado, en una misma fiesta\u2026 pero bailando separados.<br>Ahora, que si no les gust\u00f3 la Reina, los carros, la organizaci\u00f3n, las bubis de Luna Bella, volvemos al principio\u2026 \u00a1cada quien habla del Carnaval como le fue en \u00e9l!<\/p>\n\n\n\n<p><strong>Fer, el articulista<br><\/strong>Hablando del Carnaval, al menos en fotograf\u00eda, en cr\u00f3nicas o en rese\u00f1as, no vimos al ex alcalde porte\u00f1o Fernando Yunes M\u00e1rquez en el huateque\u2026<br>Quiz\u00e1s por la prudencia pol\u00edtica que obliga al que estuvo, no estar para darle todo el champ\u00fa a quien s\u00ed est\u00e1, en este caso, la cu\u00f1ada Paty.<br>Quien s\u00ed se dej\u00f3 ver y mucho, fue Miguel \u00c1ngel Yunes M\u00e1rquez, tanto en el Festival de las Velas como en el carnaval y en ese recorrido que hizo al lado de la alcaldesa Paty en uno de los desfiles\u2026 pero Chiquinando no se apareci\u00f3\u2026<br>Quiz\u00e1s tambi\u00e9n para darse tiempo de ver crecer al reto\u00f1o, algo que a veces el ejercicio de la pol\u00edtica, m\u00e1s demandante que mujer o cr\u00edo, hace muy complicada esa tarea\u2026<br>Pues no apareci\u00f3 en el Carnaval pero qu\u00e9 tal en las p\u00e1ginas de El Universal OnLine disertando sobre la <strong><em><a href=\"https:\/\/www.eluniversal.com.mx\/estados\/rumbo-2024-la-mejor-alianza-es-con-la-sociedad-civil-0?fbclid=IwAR27NHe0BID6WWpt_2-0wPdbdbeG9eQBtijwUmht7BTs5S6TpeqzUi9GzGg\">elecci\u00f3n en 2024<\/a><\/em><\/strong>, donde invita a los pol\u00edticos o a quienes pudi\u00e9ramos llamar \u201cOposici\u00f3n\u201d, a sumarse a los esfuerzos de la sociedad civil en espera de ser una opci\u00f3n en esa elecci\u00f3n\u2026<br>(He de ser sincero\u2026 creo que en mayo pasado igual se ech\u00f3 un art\u00edculo en ese mismo medio sobre el <strong><em><a href=\"https:\/\/www.eluniversal.com.mx\/estados\/veracruz-y-el-fuerte-de-san-juan-de-ulua-protagonistas-en-la-historia-de-mexico\">Fuerte de San Juan de Ul\u00faa<\/a><\/em><\/strong>\u2026 desconozco si tenga otros m\u00e1s)<br>Como sea, tal parece que poquito a poco, asoma la mano Fernando; en su defecto, los panistas\u2026 o siendo m\u00e1s precisos: los Yunes, para dar batalla en el 2024\u2026<\/p>\n\n\n\n<p><strong>Nahle y el Dr. Strange<br><\/strong>Qu\u00e9 hubiera ocurrido si Nahle se hubiera aparecido en el Carnaval de Veracruz\u2026<br>Para los pol\u00edticos, ser\u00eda una gran oportunidad para la secretaria de Energ\u00eda de checar su popularidad y con la mera raza en uno de los municipios m\u00e1s emblem\u00e1ticos de nuestra entidad\u2026<br>Para los morenos, hubieran sido tan atrevidos para subirla a un carro aleg\u00f3rico, quitar a Yeri Mua (\u00bfDije Yeri Mua?) \u00a1No! \u00a1Quitan a Luna Bella y ponen a Roc\u00edo en su lugar (sin tanta desinhibici\u00f3n, claro) para hacerla Reina del Carnaval como primer paso al 2024.<br>Para la Oposici\u00f3n, hubiera sido un excelente term\u00f3metro para ver de qu\u00e9 tama\u00f1o realmente es la zacatecana\u2026<br>Pero\u2026 siempre hay un \u201cPero\u201d en la sopa\u2026<br>Para que todos estos escenarios \u201cstrangescos\u201d ocurrieran, tendr\u00edan que ocurrir dos eventos:<br>1.- Que se hubiera hecho presente en el Carnaval\u2026<br>2.- Y que al menos, la reconocieran los veracruzanos\u2026<\/p>\n\n\n\n<p>smcainito@gmail.com<\/p>\n","protected":false},"excerpt":{"rendered":"<p>Salvador Mu\u00f1ozLos Pol\u00edticos Cada quien habla de la feria, o mejor dicho: del Carnaval, como le fue en \u00e9l.Yo no fui, por un gusto delicioso a evitar el bullicio, pero creo que nunca o\u00ed o le\u00ed en cr\u00f3nicas o rese\u00f1as de alguna de esas fiestas m\u00e1s alegres del mundo, la convivencia entre panistas y pri\u00edstas [&hellip;]<\/p>\n","protected":false},"author":2,"featured_media":0,"comment_status":"closed","ping_status":"closed","sticky":false,"template":"","format":"standard","meta":{"tdm_status":"","tdm_grid_status":"","footnotes":""},"categories":[70],"tags":[1843,1730,818,12695,33942,536,28226,3578,16147],"class_list":{"0":"post-92014","1":"post","2":"type-post","3":"status-publish","4":"format-standard","6":"category-de-opinion","7":"tag-carnaval","8":"tag-carnaval-de-veracruz","9":"tag-fernando-yunes-marquez","10":"tag-juan-javier-gomez-cazarin","11":"tag-luna-bella","12":"tag-miguel-angel-yunes-marquez","13":"tag-paty-lobeira-de-yunes","14":"tag-rocio-nahle","15":"tag-sergio-gutierrez-luna"},"yoast_head":"<!-- This site is optimized with the Yoast SEO plugin v27.4 - https:\/\/yoast.com\/product\/yoast-seo-wordpress\/ -->\n<title>El carnaval de Cheko, Car\u00f3n, Fer y Nahle - Los pol\u00edticos Veracruz<\/title>\n<meta name=\"robots\" content=\"index, follow, max-snippet:-1, max-image-preview:large, max-video-preview:-1\" \/>\n<link rel=\"canonical\" href=\"https:\/\/lospoliticosveracruz.com\/?p=92014\" \/>\n<meta property=\"og:locale\" content=\"es_ES\" \/>\n<meta property=\"og:type\" content=\"article\" \/>\n<meta property=\"og:title\" content=\"El carnaval de Cheko, Car\u00f3n, Fer y Nahle - Los pol\u00edticos Veracruz\" \/>\n<meta property=\"og:description\" content=\"Salvador Mu\u00f1ozLos Pol\u00edticos Cada quien habla de la feria, o mejor dicho: del Carnaval, como le fue en \u00e9l.Yo no fui, por un gusto delicioso a evitar el bullicio, pero creo que nunca o\u00ed o le\u00ed en cr\u00f3nicas o rese\u00f1as de alguna de esas fiestas m\u00e1s alegres del mundo, la convivencia entre panistas y pri\u00edstas [&hellip;]\" \/>\n<meta property=\"og:url\" content=\"https:\/\/lospoliticosveracruz.com\/?p=92014\" \/>\n<meta property=\"og:site_name\" content=\"Los pol\u00edticos Veracruz\" \/>\n<meta property=\"article:publisher\" content=\"https:\/\/www.facebook.com\/people\/Notimemes-de-los-Polticos\/61565672886568\/\" \/>\n<meta property=\"article:published_time\" content=\"2022-07-06T00:48:00+00:00\" \/>\n<meta property=\"article:modified_time\" content=\"2022-07-06T00:56:12+00:00\" \/>\n<meta property=\"og:image\" content=\"https:\/\/lospoliticosveracruz.com\/wp-content\/uploads\/2016\/07\/Logo-Dor.jpg\" \/>\n\t<meta property=\"og:image:width\" content=\"200\" \/>\n\t<meta property=\"og:image:height\" content=\"200\" \/>\n\t<meta property=\"og:image:type\" content=\"image\/jpeg\" \/>\n<meta name=\"author\" content=\"Lo viste en Los Pol\u00edticos\" \/>\n<meta name=\"twitter:card\" content=\"summary_large_image\" \/>\n<meta name=\"twitter:creator\" content=\"@LosPoliticosVer\" \/>\n<meta name=\"twitter:site\" content=\"@LosPoliticosVer\" \/>\n<meta name=\"twitter:label1\" content=\"Escrito por\" \/>\n\t<meta name=\"twitter:data1\" content=\"Lo viste en Los Pol\u00edticos\" \/>\n\t<meta name=\"twitter:label2\" content=\"Tiempo de lectura\" \/>\n\t<meta name=\"twitter:data2\" content=\"3 minutos\" \/>\n<script type=\"application\/ld+json\" class=\"yoast-schema-graph\">{\"@context\":\"https:\\\/\\\/schema.org\",\"@graph\":[{\"@type\":\"Article\",\"@id\":\"https:\\\/\\\/lospoliticosveracruz.com\\\/?p=92014#article\",\"isPartOf\":{\"@id\":\"https:\\\/\\\/lospoliticosveracruz.com\\\/?p=92014\"},\"author\":{\"name\":\"Lo viste en Los Pol\u00edticos\",\"@id\":\"https:\\\/\\\/lospoliticosveracruz.com\\\/#\\\/schema\\\/person\\\/b8702bb0e538456e6efd07080bf2a4a2\"},\"headline\":\"El carnaval de Cheko, Car\u00f3n, Fer y Nahle\",\"datePublished\":\"2022-07-06T00:48:00+00:00\",\"dateModified\":\"2022-07-06T00:56:12+00:00\",\"mainEntityOfPage\":{\"@id\":\"https:\\\/\\\/lospoliticosveracruz.com\\\/?p=92014\"},\"wordCount\":707,\"publisher\":{\"@id\":\"https:\\\/\\\/lospoliticosveracruz.com\\\/#organization\"},\"keywords\":[\"Carnaval\",\"Carnaval de Veracruz\",\"Fernando Yunes M\u00e1rquez\",\"Juan Javier G\u00f3mez Cazar\u00edn\",\"Luna Bella\",\"Miguel \u00c1ngel Yunes M\u00e1rquez\",\"Paty Lobeira de Yunes\",\"Roc\u00edo Nahle\",\"Sergio Guti\u00e9rrez Luna\"],\"articleSection\":[\"De Opini\u00f3n\"],\"inLanguage\":\"es\"},{\"@type\":\"WebPage\",\"@id\":\"https:\\\/\\\/lospoliticosveracruz.com\\\/?p=92014\",\"url\":\"https:\\\/\\\/lospoliticosveracruz.com\\\/?p=92014\",\"name\":\"El carnaval de Cheko, Car\u00f3n, Fer y Nahle - Los pol\u00edticos Veracruz\",\"isPartOf\":{\"@id\":\"https:\\\/\\\/lospoliticosveracruz.com\\\/#website\"},\"datePublished\":\"2022-07-06T00:48:00+00:00\",\"dateModified\":\"2022-07-06T00:56:12+00:00\",\"breadcrumb\":{\"@id\":\"https:\\\/\\\/lospoliticosveracruz.com\\\/?p=92014#breadcrumb\"},\"inLanguage\":\"es\",\"potentialAction\":[{\"@type\":\"ReadAction\",\"target\":[\"https:\\\/\\\/lospoliticosveracruz.com\\\/?p=92014\"]}]},{\"@type\":\"BreadcrumbList\",\"@id\":\"https:\\\/\\\/lospoliticosveracruz.com\\\/?p=92014#breadcrumb\",\"itemListElement\":[{\"@type\":\"ListItem\",\"position\":1,\"name\":\"Portada\",\"item\":\"https:\\\/\\\/lospoliticosveracruz.com\\\/\"},{\"@type\":\"ListItem\",\"position\":2,\"name\":\"El carnaval de Cheko, Car\u00f3n, Fer y Nahle\"}]},{\"@type\":\"WebSite\",\"@id\":\"https:\\\/\\\/lospoliticosveracruz.com\\\/#website\",\"url\":\"https:\\\/\\\/lospoliticosveracruz.com\\\/\",\"name\":\"Los pol\u00edticos Veracruz\",\"description\":\"\",\"publisher\":{\"@id\":\"https:\\\/\\\/lospoliticosveracruz.com\\\/#organization\"},\"potentialAction\":[{\"@type\":\"SearchAction\",\"target\":{\"@type\":\"EntryPoint\",\"urlTemplate\":\"https:\\\/\\\/lospoliticosveracruz.com\\\/?s={search_term_string}\"},\"query-input\":{\"@type\":\"PropertyValueSpecification\",\"valueRequired\":true,\"valueName\":\"search_term_string\"}}],\"inLanguage\":\"es\"},{\"@type\":\"Organization\",\"@id\":\"https:\\\/\\\/lospoliticosveracruz.com\\\/#organization\",\"name\":\"Los pol\u00edticos Veracruz\",\"url\":\"https:\\\/\\\/lospoliticosveracruz.com\\\/\",\"logo\":{\"@type\":\"ImageObject\",\"inLanguage\":\"es\",\"@id\":\"https:\\\/\\\/lospoliticosveracruz.com\\\/#\\\/schema\\\/logo\\\/image\\\/\",\"url\":\"https:\\\/\\\/lospoliticosveracruz.com\\\/wp-content\\\/uploads\\\/2025\\\/12\\\/Logo-Nuevo-LOS-POLITICOS-1.jpg\",\"contentUrl\":\"https:\\\/\\\/lospoliticosveracruz.com\\\/wp-content\\\/uploads\\\/2025\\\/12\\\/Logo-Nuevo-LOS-POLITICOS-1.jpg\",\"width\":260,\"height\":70,\"caption\":\"Los pol\u00edticos Veracruz\"},\"image\":{\"@id\":\"https:\\\/\\\/lospoliticosveracruz.com\\\/#\\\/schema\\\/logo\\\/image\\\/\"},\"sameAs\":[\"https:\\\/\\\/www.facebook.com\\\/people\\\/Notimemes-de-los-Polticos\\\/61565672886568\\\/\",\"https:\\\/\\\/x.com\\\/LosPoliticosVer\"]},{\"@type\":\"Person\",\"@id\":\"https:\\\/\\\/lospoliticosveracruz.com\\\/#\\\/schema\\\/person\\\/b8702bb0e538456e6efd07080bf2a4a2\",\"name\":\"Lo viste en Los Pol\u00edticos\",\"image\":{\"@type\":\"ImageObject\",\"inLanguage\":\"es\",\"@id\":\"https:\\\/\\\/secure.gravatar.com\\\/avatar\\\/3a8de04a2656d44082be478bd6c086daa447c4651605818287b9532d3d0bd435?s=96&d=mm&r=g\",\"url\":\"https:\\\/\\\/secure.gravatar.com\\\/avatar\\\/3a8de04a2656d44082be478bd6c086daa447c4651605818287b9532d3d0bd435?s=96&d=mm&r=g\",\"contentUrl\":\"https:\\\/\\\/secure.gravatar.com\\\/avatar\\\/3a8de04a2656d44082be478bd6c086daa447c4651605818287b9532d3d0bd435?s=96&d=mm&r=g\",\"caption\":\"Lo viste en Los Pol\u00edticos\"},\"url\":\"https:\\\/\\\/lospoliticosveracruz.com\\\/?author=2\"}]}<\/script>\n<!-- \/ Yoast SEO plugin. -->","yoast_head_json":{"title":"El carnaval de Cheko, Car\u00f3n, Fer y Nahle - Los pol\u00edticos Veracruz","robots":{"index":"index","follow":"follow","max-snippet":"max-snippet:-1","max-image-preview":"max-image-preview:large","max-video-preview":"max-video-preview:-1"},"canonical":"https:\/\/lospoliticosveracruz.com\/?p=92014","og_locale":"es_ES","og_type":"article","og_title":"El carnaval de Cheko, Car\u00f3n, Fer y Nahle - Los pol\u00edticos Veracruz","og_description":"Salvador Mu\u00f1ozLos Pol\u00edticos Cada quien habla de la feria, o mejor dicho: del Carnaval, como le fue en \u00e9l.Yo no fui, por un gusto delicioso a evitar el bullicio, pero creo que nunca o\u00ed o le\u00ed en cr\u00f3nicas o rese\u00f1as de alguna de esas fiestas m\u00e1s alegres del mundo, la convivencia entre panistas y pri\u00edstas [&hellip;]","og_url":"https:\/\/lospoliticosveracruz.com\/?p=92014","og_site_name":"Los pol\u00edticos Veracruz","article_publisher":"https:\/\/www.facebook.com\/people\/Notimemes-de-los-Polticos\/61565672886568\/","article_published_time":"2022-07-06T00:48:00+00:00","article_modified_time":"2022-07-06T00:56:12+00:00","og_image":[{"width":200,"height":200,"url":"https:\/\/lospoliticosveracruz.com\/wp-content\/uploads\/2016\/07\/Logo-Dor.jpg","type":"image\/jpeg"}],"author":"Lo viste en Los Pol\u00edticos","twitter_card":"summary_large_image","twitter_creator":"@LosPoliticosVer","twitter_site":"@LosPoliticosVer","twitter_misc":{"Escrito por":"Lo viste en Los Pol\u00edticos","Tiempo de lectura":"3 minutos"},"schema":{"@context":"https:\/\/schema.org","@graph":[{"@type":"Article","@id":"https:\/\/lospoliticosveracruz.com\/?p=92014#article","isPartOf":{"@id":"https:\/\/lospoliticosveracruz.com\/?p=92014"},"author":{"name":"Lo viste en Los Pol\u00edticos","@id":"https:\/\/lospoliticosveracruz.com\/#\/schema\/person\/b8702bb0e538456e6efd07080bf2a4a2"},"headline":"El carnaval de Cheko, Car\u00f3n, Fer y Nahle","datePublished":"2022-07-06T00:48:00+00:00","dateModified":"2022-07-06T00:56:12+00:00","mainEntityOfPage":{"@id":"https:\/\/lospoliticosveracruz.com\/?p=92014"},"wordCount":707,"publisher":{"@id":"https:\/\/lospoliticosveracruz.com\/#organization"},"keywords":["Carnaval","Carnaval de Veracruz","Fernando Yunes M\u00e1rquez","Juan Javier G\u00f3mez Cazar\u00edn","Luna Bella","Miguel \u00c1ngel Yunes M\u00e1rquez","Paty Lobeira de Yunes","Roc\u00edo Nahle","Sergio Guti\u00e9rrez Luna"],"articleSection":["De Opini\u00f3n"],"inLanguage":"es"},{"@type":"WebPage","@id":"https:\/\/lospoliticosveracruz.com\/?p=92014","url":"https:\/\/lospoliticosveracruz.com\/?p=92014","name":"El carnaval de Cheko, Car\u00f3n, Fer y Nahle - Los pol\u00edticos Veracruz","isPartOf":{"@id":"https:\/\/lospoliticosveracruz.com\/#website"},"datePublished":"2022-07-06T00:48:00+00:00","dateModified":"2022-07-06T00:56:12+00:00","breadcrumb":{"@id":"https:\/\/lospoliticosveracruz.com\/?p=92014#breadcrumb"},"inLanguage":"es","potentialAction":[{"@type":"ReadAction","target":["https:\/\/lospoliticosveracruz.com\/?p=92014"]}]},{"@type":"BreadcrumbList","@id":"https:\/\/lospoliticosveracruz.com\/?p=92014#breadcrumb","itemListElement":[{"@type":"ListItem","position":1,"name":"Portada","item":"https:\/\/lospoliticosveracruz.com\/"},{"@type":"ListItem","position":2,"name":"El carnaval de Cheko, Car\u00f3n, Fer y Nahle"}]},{"@type":"WebSite","@id":"https:\/\/lospoliticosveracruz.com\/#website","url":"https:\/\/lospoliticosveracruz.com\/","name":"Los pol\u00edticos Veracruz","description":"","publisher":{"@id":"https:\/\/lospoliticosveracruz.com\/#organization"},"potentialAction":[{"@type":"SearchAction","target":{"@type":"EntryPoint","urlTemplate":"https:\/\/lospoliticosveracruz.com\/?s={search_term_string}"},"query-input":{"@type":"PropertyValueSpecification","valueRequired":true,"valueName":"search_term_string"}}],"inLanguage":"es"},{"@type":"Organization","@id":"https:\/\/lospoliticosveracruz.com\/#organization","name":"Los pol\u00edticos Veracruz","url":"https:\/\/lospoliticosveracruz.com\/","logo":{"@type":"ImageObject","inLanguage":"es","@id":"https:\/\/lospoliticosveracruz.com\/#\/schema\/logo\/image\/","url":"https:\/\/lospoliticosveracruz.com\/wp-content\/uploads\/2025\/12\/Logo-Nuevo-LOS-POLITICOS-1.jpg","contentUrl":"https:\/\/lospoliticosveracruz.com\/wp-content\/uploads\/2025\/12\/Logo-Nuevo-LOS-POLITICOS-1.jpg","width":260,"height":70,"caption":"Los pol\u00edticos Veracruz"},"image":{"@id":"https:\/\/lospoliticosveracruz.com\/#\/schema\/logo\/image\/"},"sameAs":["https:\/\/www.facebook.com\/people\/Notimemes-de-los-Polticos\/61565672886568\/","https:\/\/x.com\/LosPoliticosVer"]},{"@type":"Person","@id":"https:\/\/lospoliticosveracruz.com\/#\/schema\/person\/b8702bb0e538456e6efd07080bf2a4a2","name":"Lo viste en Los Pol\u00edticos","image":{"@type":"ImageObject","inLanguage":"es","@id":"https:\/\/secure.gravatar.com\/avatar\/3a8de04a2656d44082be478bd6c086daa447c4651605818287b9532d3d0bd435?s=96&d=mm&r=g","url":"https:\/\/secure.gravatar.com\/avatar\/3a8de04a2656d44082be478bd6c086daa447c4651605818287b9532d3d0bd435?s=96&d=mm&r=g","contentUrl":"https:\/\/secure.gravatar.com\/avatar\/3a8de04a2656d44082be478bd6c086daa447c4651605818287b9532d3d0bd435?s=96&d=mm&r=g","caption":"Lo viste en Los Pol\u00edticos"},"url":"https:\/\/lospoliticosveracruz.com\/?author=2"}]}},"_links":{"self":[{"href":"https:\/\/lospoliticosveracruz.com\/index.php?rest_route=\/wp\/v2\/posts\/92014","targetHints":{"allow":["GET"]}}],"collection":[{"href":"https:\/\/lospoliticosveracruz.com\/index.php?rest_route=\/wp\/v2\/posts"}],"about":[{"href":"https:\/\/lospoliticosveracruz.com\/index.php?rest_route=\/wp\/v2\/types\/post"}],"author":[{"embeddable":true,"href":"https:\/\/lospoliticosveracruz.com\/index.php?rest_route=\/wp\/v2\/users\/2"}],"replies":[{"embeddable":true,"href":"https:\/\/lospoliticosveracruz.com\/index.php?rest_route=%2Fwp%2Fv2%2Fcomments&post=92014"}],"version-history":[{"count":1,"href":"https:\/\/lospoliticosveracruz.com\/index.php?rest_route=\/wp\/v2\/posts\/92014\/revisions"}],"predecessor-version":[{"id":92016,"href":"https:\/\/lospoliticosveracruz.com\/index.php?rest_route=\/wp\/v2\/posts\/92014\/revisions\/92016"}],"wp:attachment":[{"href":"https:\/\/lospoliticosveracruz.com\/index.php?rest_route=%2Fwp%2Fv2%2Fmedia&parent=92014"}],"wp:term":[{"taxonomy":"category","embeddable":true,"href":"https:\/\/lospoliticosveracruz.com\/index.php?rest_route=%2Fwp%2Fv2%2Fcategories&post=92014"},{"taxonomy":"post_tag","embeddable":true,"href":"https:\/\/lospoliticosveracruz.com\/index.php?rest_route=%2Fwp%2Fv2%2Ftags&post=92014"}],"curies":[{"name":"wp","href":"https:\/\/api.w.org\/{rel}","templated":true}]}}