{"id":92017,"date":"2022-07-05T20:01:51","date_gmt":"2022-07-06T01:01:51","guid":{"rendered":"https:\/\/lospoliticosveracruz.com.mx\/?p=92017"},"modified":"2022-07-05T20:01:58","modified_gmt":"2022-07-06T01:01:58","slug":"likes","status":"publish","type":"post","link":"https:\/\/lospoliticosveracruz.com\/?p=92017","title":{"rendered":"Likes"},"content":{"rendered":"\n<p><strong>Guadalupe H. Mar<\/strong><\/p>\n\n\n\n<p><em>Mira Pol\u00edtica<\/em><\/p>\n\n\n\n<p><\/p>\n\n\n\n<p><strong>TRADICI\u00d3N IMPONE<\/strong> \u2026 Pues resulta que el Carnaval para comerciantes reci\u00e9n celebrado en la zona conurbada Veracruz &#8211; Boca del R\u00edo fue un rotundo fracaso.<\/p>\n\n\n\n<p>Esta tradicional celebraci\u00f3n veracruzana de la que existen antecedentes desde el siglo XIX, este a\u00f1o se llev\u00f3 a cabo del uno al cinco de julio, obligados por las restricciones y consecuencias de la pandemia del Coronavirus y por la demanda de los comerciantes que luego de dos a\u00f1os sin Carnaval, sugirieron cambio de fecha para resarcir sus p\u00e9rdidas.<\/p>\n\n\n\n<figure class=\"wp-block-image size-full\"><a href=\"https:\/\/lospoliticosveracruz.com.mx\/wp-content\/uploads\/2022\/05\/Seguro-Julio-Cerecedo.jpg\"><img decoding=\"async\" src=\"https:\/\/lospoliticosveracruz.com.mx\/wp-content\/uploads\/2022\/05\/Seguro-Julio-Cerecedo.jpg\" alt=\"\" class=\"wp-image-90414\"\/><\/a><\/figure>\n\n\n\n<p>Desde hace muchos a\u00f1os los carnavales de Veracruz se realizan durante los nueve d\u00edas anteriores al Mi\u00e9rcoles de Ceniza, puesto que esta fiesta pagana \u2013 celebrada por gente de todas las religiones- es previa a la Semana Santa.<\/p>\n\n\n\n<p>En este 2022 el Carnaval de Veracruz debi\u00f3 celebrarse en febrero, tomando en cuenta que la Semana Santa se celebr\u00f3 en abril, sin embargo, se pospuso para la primera semana de julio cuando no hay \u201cnortes\u201d y el sol es abrumador, f\u00f3rmula que los comerciantes y autoridades municipales creyeron ser\u00eda la correcta, tanto que, desde antes de la festividad, ya hablaban de abandonar la tradici\u00f3n y dejar para el s\u00e9ptimo mes del a\u00f1o las Fiestas Carnestolendas.<\/p>\n\n\n\n<p>Pero oh sorpresa, la versi\u00f3n 2022 del Carnaval de Veracruz no tuvo asistentes, no hubo gente en los desfiles, pero si miles de Likes, o \u201cme gusta\u201d, incluso de los mismos habitantes de la zona conurbada Veracruz \u2013 Boca del R\u00edo que desde casita presenciaron los eventos carnestolendos. Ups.<\/p>\n\n\n\n<p>Muchos, por cierto, no descansaron ni lunes ni martes de carnaval porque ya les hab\u00edan concedido el asueto meses atr\u00e1s, conforme a lo programado, como fue el caso de la Universidad Veracruzana, en tanto que el aspirante morenista a senador Zenyazen Roberto Escobar Garc\u00eda si les concedi\u00f3 de \u00faltima hora el asueto.<\/p>\n\n\n\n<p>Fue tal la falta de asistentes a los desfiles del Carnaval Veracruz 2022, que los vendedores de gradas se sublevaron el lunes para que les dejaran cobrar a los pocos asistentes que llegaron y as\u00ed recuperar algo de lo que no pudieron agenciarse el domingo, que es el d\u00eda en que pretend\u00edan hacer su agosto en julio.<\/p>\n\n\n\n<p>Por todo lo anterior amables lectores, las autoridades municipales de Veracruz y Boca del R\u00edo, del gobierno del estado y los mismos comerciantes, deber\u00e1n aprender de los errores y seguir con la tradici\u00f3n de celebrar el Carnaval de Veracruz durante los d\u00edas anteriores al Mi\u00e9rcoles de Ceniza, a pesar de que haya \u201cnortes\u201d \u2013 que tambi\u00e9n son tradicionales, pues ya se dieron cuenta que la festividad la hace al pueblo, no los \u201cLikes\u201d, menos los influencers.<\/p>\n\n\n\n<p>Por cierto, que bueno que en la actual y mis\u00f3gina administraci\u00f3n estatal ya no labora Xochitl Arbes\u00fa Lago como Secretaria de Turismo y Cultura, porque de ser as\u00ed, ya le estar\u00edan echando la culpa de este fracaso carnavalero.<\/p>\n\n\n\n<p><strong>\u00bfY LOS ABRAZOS?<\/strong> \u2026 Por cierto, a los graderos sublevados el lunes pasado tuvieron que aplicarles la t\u00e9cnica de los neoliberales y conservadores, pues mediante el uso de la fuerza fueron desalojados a empujones.<\/p>\n\n\n\n<p><strong>UNOS A LA PENA<\/strong> \u2026 Por cierto, quien llev\u00f3 mucha gente a uno de los paseos del Carnaval fue Sergio Carlos Guti\u00e9rrez Luna, presidente de la C\u00e1mara de Diputados, quien, con vestimenta naranja, por cierto, despach\u00f3 desde una grada atiborrada de seguidores.<\/p>\n\n\n\n<p>Y decimos despach\u00f3, porque all\u00ed atendi\u00f3 solicitudes diversas y recibi\u00f3 por supuesto, las ovaciones de sus patrocinados.<\/p>\n\n\n\n<p><strong>FALTARON LETRAS<\/strong> \u2026 A los espectaculares que espont\u00e1neos morenistas mandaron a colocar en carreteras veracruzanas en apoyo a la zacatecana Norma Roc\u00edo Nahle Garc\u00eda, actual secretaria de Energ\u00eda del gobierno federal, les faltaron dos palabras para que estuvieran correctos, pues no especificaron el estado de la rep\u00fablica mexicana donde se ubica esa multimillonaria inversi\u00f3n de la federaci\u00f3n. A continuaci\u00f3n, el texto que hubiera sido correcto.<\/p>\n\n\n\n<p>\u201cGracias Roc\u00edo Nahle por hacer realidad la refiner\u00eda de Dos Bocas- en Tabasco-, uno de los grandes proyectos de la 4T\u201d.<\/p>\n\n\n\n<p><strong>D\u00cdGALO SIN MIEDO<\/strong> \u2026 Al correo electr\u00f3nico <a href=\"mailto:guadalupehmar@yahoo.com\">guadalupehmar@yahoo.com<\/a><\/p>\n","protected":false},"excerpt":{"rendered":"<p>Guadalupe H. Mar Mira Pol\u00edtica TRADICI\u00d3N IMPONE \u2026 Pues resulta que el Carnaval para comerciantes reci\u00e9n celebrado en la zona conurbada Veracruz &#8211; Boca del R\u00edo fue un rotundo fracaso. Esta tradicional celebraci\u00f3n veracruzana de la que existen antecedentes desde el siglo XIX, este a\u00f1o se llev\u00f3 a cabo del uno al cinco de julio, [&hellip;]<\/p>\n","protected":false},"author":2,"featured_media":0,"comment_status":"closed","ping_status":"closed","sticky":false,"template":"","format":"standard","meta":{"tdm_status":"","tdm_grid_status":"","footnotes":""},"categories":[70],"tags":[601,1843,16264,33962,1606,9982,16929,29547],"class_list":{"0":"post-92017","1":"post","2":"type-post","3":"status-publish","4":"format-standard","6":"category-de-opinion","7":"tag-boca-del-rio","8":"tag-carnaval","9":"tag-coronavirus","10":"tag-fiestas-carnestolendas","11":"tag-guadalupe-h-mar","12":"tag-norma-rocio-nahle-garcia","13":"tag-pandemia","14":"tag-sergio-carlos-gutierrez-luna"},"yoast_head":"<!-- This site is optimized with the Yoast SEO plugin v27.4 - https:\/\/yoast.com\/product\/yoast-seo-wordpress\/ -->\n<title>Likes - Los pol\u00edticos Veracruz<\/title>\n<meta name=\"robots\" content=\"index, follow, max-snippet:-1, max-image-preview:large, max-video-preview:-1\" \/>\n<link rel=\"canonical\" href=\"https:\/\/lospoliticosveracruz.com\/?p=92017\" \/>\n<meta property=\"og:locale\" content=\"es_ES\" \/>\n<meta property=\"og:type\" content=\"article\" \/>\n<meta property=\"og:title\" content=\"Likes - Los pol\u00edticos Veracruz\" \/>\n<meta property=\"og:description\" content=\"Guadalupe H. Mar Mira Pol\u00edtica TRADICI\u00d3N IMPONE \u2026 Pues resulta que el Carnaval para comerciantes reci\u00e9n celebrado en la zona conurbada Veracruz &#8211; Boca del R\u00edo fue un rotundo fracaso. Esta tradicional celebraci\u00f3n veracruzana de la que existen antecedentes desde el siglo XIX, este a\u00f1o se llev\u00f3 a cabo del uno al cinco de julio, [&hellip;]\" \/>\n<meta property=\"og:url\" content=\"https:\/\/lospoliticosveracruz.com\/?p=92017\" \/>\n<meta property=\"og:site_name\" content=\"Los pol\u00edticos Veracruz\" \/>\n<meta property=\"article:publisher\" content=\"https:\/\/www.facebook.com\/people\/Notimemes-de-los-Polticos\/61565672886568\/\" \/>\n<meta property=\"article:published_time\" content=\"2022-07-06T01:01:51+00:00\" \/>\n<meta property=\"article:modified_time\" content=\"2022-07-06T01:01:58+00:00\" \/>\n<meta property=\"og:image\" content=\"https:\/\/lospoliticosveracruz.com.mx\/wp-content\/uploads\/2022\/05\/Seguro-Julio-Cerecedo.jpg\" \/>\n<meta name=\"author\" content=\"Lo viste en Los Pol\u00edticos\" \/>\n<meta name=\"twitter:card\" content=\"summary_large_image\" \/>\n<meta name=\"twitter:creator\" content=\"@LosPoliticosVer\" \/>\n<meta name=\"twitter:site\" content=\"@LosPoliticosVer\" \/>\n<meta name=\"twitter:label1\" content=\"Escrito por\" \/>\n\t<meta name=\"twitter:data1\" content=\"Lo viste en Los Pol\u00edticos\" \/>\n\t<meta name=\"twitter:label2\" content=\"Tiempo de lectura\" \/>\n\t<meta name=\"twitter:data2\" content=\"3 minutos\" \/>\n<script type=\"application\/ld+json\" class=\"yoast-schema-graph\">{\"@context\":\"https:\\\/\\\/schema.org\",\"@graph\":[{\"@type\":\"Article\",\"@id\":\"https:\\\/\\\/lospoliticosveracruz.com\\\/?p=92017#article\",\"isPartOf\":{\"@id\":\"https:\\\/\\\/lospoliticosveracruz.com\\\/?p=92017\"},\"author\":{\"name\":\"Lo viste en Los Pol\u00edticos\",\"@id\":\"https:\\\/\\\/lospoliticosveracruz.com\\\/#\\\/schema\\\/person\\\/b8702bb0e538456e6efd07080bf2a4a2\"},\"headline\":\"Likes\",\"datePublished\":\"2022-07-06T01:01:51+00:00\",\"dateModified\":\"2022-07-06T01:01:58+00:00\",\"mainEntityOfPage\":{\"@id\":\"https:\\\/\\\/lospoliticosveracruz.com\\\/?p=92017\"},\"wordCount\":700,\"publisher\":{\"@id\":\"https:\\\/\\\/lospoliticosveracruz.com\\\/#organization\"},\"image\":{\"@id\":\"https:\\\/\\\/lospoliticosveracruz.com\\\/?p=92017#primaryimage\"},\"thumbnailUrl\":\"https:\\\/\\\/lospoliticosveracruz.com.mx\\\/wp-content\\\/uploads\\\/2022\\\/05\\\/Seguro-Julio-Cerecedo.jpg\",\"keywords\":[\"Boca del R\u00edo\",\"Carnaval\",\"coronavirus\",\"Fiestas Carnestolendas\",\"Guadalupe H. Mar\",\"Norma Roc\u00edo Nahle Garc\u00eda\",\"pandemia\",\"Sergio Carlos Guti\u00e9rrez Luna\"],\"articleSection\":[\"De Opini\u00f3n\"],\"inLanguage\":\"es\"},{\"@type\":\"WebPage\",\"@id\":\"https:\\\/\\\/lospoliticosveracruz.com\\\/?p=92017\",\"url\":\"https:\\\/\\\/lospoliticosveracruz.com\\\/?p=92017\",\"name\":\"Likes - Los pol\u00edticos Veracruz\",\"isPartOf\":{\"@id\":\"https:\\\/\\\/lospoliticosveracruz.com\\\/#website\"},\"primaryImageOfPage\":{\"@id\":\"https:\\\/\\\/lospoliticosveracruz.com\\\/?p=92017#primaryimage\"},\"image\":{\"@id\":\"https:\\\/\\\/lospoliticosveracruz.com\\\/?p=92017#primaryimage\"},\"thumbnailUrl\":\"https:\\\/\\\/lospoliticosveracruz.com.mx\\\/wp-content\\\/uploads\\\/2022\\\/05\\\/Seguro-Julio-Cerecedo.jpg\",\"datePublished\":\"2022-07-06T01:01:51+00:00\",\"dateModified\":\"2022-07-06T01:01:58+00:00\",\"breadcrumb\":{\"@id\":\"https:\\\/\\\/lospoliticosveracruz.com\\\/?p=92017#breadcrumb\"},\"inLanguage\":\"es\",\"potentialAction\":[{\"@type\":\"ReadAction\",\"target\":[\"https:\\\/\\\/lospoliticosveracruz.com\\\/?p=92017\"]}]},{\"@type\":\"ImageObject\",\"inLanguage\":\"es\",\"@id\":\"https:\\\/\\\/lospoliticosveracruz.com\\\/?p=92017#primaryimage\",\"url\":\"https:\\\/\\\/lospoliticosveracruz.com.mx\\\/wp-content\\\/uploads\\\/2022\\\/05\\\/Seguro-Julio-Cerecedo.jpg\",\"contentUrl\":\"https:\\\/\\\/lospoliticosveracruz.com.mx\\\/wp-content\\\/uploads\\\/2022\\\/05\\\/Seguro-Julio-Cerecedo.jpg\"},{\"@type\":\"BreadcrumbList\",\"@id\":\"https:\\\/\\\/lospoliticosveracruz.com\\\/?p=92017#breadcrumb\",\"itemListElement\":[{\"@type\":\"ListItem\",\"position\":1,\"name\":\"Portada\",\"item\":\"https:\\\/\\\/lospoliticosveracruz.com\\\/\"},{\"@type\":\"ListItem\",\"position\":2,\"name\":\"Likes\"}]},{\"@type\":\"WebSite\",\"@id\":\"https:\\\/\\\/lospoliticosveracruz.com\\\/#website\",\"url\":\"https:\\\/\\\/lospoliticosveracruz.com\\\/\",\"name\":\"Los pol\u00edticos Veracruz\",\"description\":\"\",\"publisher\":{\"@id\":\"https:\\\/\\\/lospoliticosveracruz.com\\\/#organization\"},\"potentialAction\":[{\"@type\":\"SearchAction\",\"target\":{\"@type\":\"EntryPoint\",\"urlTemplate\":\"https:\\\/\\\/lospoliticosveracruz.com\\\/?s={search_term_string}\"},\"query-input\":{\"@type\":\"PropertyValueSpecification\",\"valueRequired\":true,\"valueName\":\"search_term_string\"}}],\"inLanguage\":\"es\"},{\"@type\":\"Organization\",\"@id\":\"https:\\\/\\\/lospoliticosveracruz.com\\\/#organization\",\"name\":\"Los pol\u00edticos Veracruz\",\"url\":\"https:\\\/\\\/lospoliticosveracruz.com\\\/\",\"logo\":{\"@type\":\"ImageObject\",\"inLanguage\":\"es\",\"@id\":\"https:\\\/\\\/lospoliticosveracruz.com\\\/#\\\/schema\\\/logo\\\/image\\\/\",\"url\":\"https:\\\/\\\/lospoliticosveracruz.com\\\/wp-content\\\/uploads\\\/2025\\\/12\\\/Logo-Nuevo-LOS-POLITICOS-1.jpg\",\"contentUrl\":\"https:\\\/\\\/lospoliticosveracruz.com\\\/wp-content\\\/uploads\\\/2025\\\/12\\\/Logo-Nuevo-LOS-POLITICOS-1.jpg\",\"width\":260,\"height\":70,\"caption\":\"Los pol\u00edticos Veracruz\"},\"image\":{\"@id\":\"https:\\\/\\\/lospoliticosveracruz.com\\\/#\\\/schema\\\/logo\\\/image\\\/\"},\"sameAs\":[\"https:\\\/\\\/www.facebook.com\\\/people\\\/Notimemes-de-los-Polticos\\\/61565672886568\\\/\",\"https:\\\/\\\/x.com\\\/LosPoliticosVer\"]},{\"@type\":\"Person\",\"@id\":\"https:\\\/\\\/lospoliticosveracruz.com\\\/#\\\/schema\\\/person\\\/b8702bb0e538456e6efd07080bf2a4a2\",\"name\":\"Lo viste en Los Pol\u00edticos\",\"image\":{\"@type\":\"ImageObject\",\"inLanguage\":\"es\",\"@id\":\"https:\\\/\\\/secure.gravatar.com\\\/avatar\\\/3a8de04a2656d44082be478bd6c086daa447c4651605818287b9532d3d0bd435?s=96&d=mm&r=g\",\"url\":\"https:\\\/\\\/secure.gravatar.com\\\/avatar\\\/3a8de04a2656d44082be478bd6c086daa447c4651605818287b9532d3d0bd435?s=96&d=mm&r=g\",\"contentUrl\":\"https:\\\/\\\/secure.gravatar.com\\\/avatar\\\/3a8de04a2656d44082be478bd6c086daa447c4651605818287b9532d3d0bd435?s=96&d=mm&r=g\",\"caption\":\"Lo viste en Los Pol\u00edticos\"},\"url\":\"https:\\\/\\\/lospoliticosveracruz.com\\\/?author=2\"}]}<\/script>\n<!-- \/ Yoast SEO plugin. -->","yoast_head_json":{"title":"Likes - Los pol\u00edticos Veracruz","robots":{"index":"index","follow":"follow","max-snippet":"max-snippet:-1","max-image-preview":"max-image-preview:large","max-video-preview":"max-video-preview:-1"},"canonical":"https:\/\/lospoliticosveracruz.com\/?p=92017","og_locale":"es_ES","og_type":"article","og_title":"Likes - Los pol\u00edticos Veracruz","og_description":"Guadalupe H. Mar Mira Pol\u00edtica TRADICI\u00d3N IMPONE \u2026 Pues resulta que el Carnaval para comerciantes reci\u00e9n celebrado en la zona conurbada Veracruz &#8211; Boca del R\u00edo fue un rotundo fracaso. Esta tradicional celebraci\u00f3n veracruzana de la que existen antecedentes desde el siglo XIX, este a\u00f1o se llev\u00f3 a cabo del uno al cinco de julio, [&hellip;]","og_url":"https:\/\/lospoliticosveracruz.com\/?p=92017","og_site_name":"Los pol\u00edticos Veracruz","article_publisher":"https:\/\/www.facebook.com\/people\/Notimemes-de-los-Polticos\/61565672886568\/","article_published_time":"2022-07-06T01:01:51+00:00","article_modified_time":"2022-07-06T01:01:58+00:00","og_image":[{"url":"https:\/\/lospoliticosveracruz.com.mx\/wp-content\/uploads\/2022\/05\/Seguro-Julio-Cerecedo.jpg","type":"","width":"","height":""}],"author":"Lo viste en Los Pol\u00edticos","twitter_card":"summary_large_image","twitter_creator":"@LosPoliticosVer","twitter_site":"@LosPoliticosVer","twitter_misc":{"Escrito por":"Lo viste en Los Pol\u00edticos","Tiempo de lectura":"3 minutos"},"schema":{"@context":"https:\/\/schema.org","@graph":[{"@type":"Article","@id":"https:\/\/lospoliticosveracruz.com\/?p=92017#article","isPartOf":{"@id":"https:\/\/lospoliticosveracruz.com\/?p=92017"},"author":{"name":"Lo viste en Los Pol\u00edticos","@id":"https:\/\/lospoliticosveracruz.com\/#\/schema\/person\/b8702bb0e538456e6efd07080bf2a4a2"},"headline":"Likes","datePublished":"2022-07-06T01:01:51+00:00","dateModified":"2022-07-06T01:01:58+00:00","mainEntityOfPage":{"@id":"https:\/\/lospoliticosveracruz.com\/?p=92017"},"wordCount":700,"publisher":{"@id":"https:\/\/lospoliticosveracruz.com\/#organization"},"image":{"@id":"https:\/\/lospoliticosveracruz.com\/?p=92017#primaryimage"},"thumbnailUrl":"https:\/\/lospoliticosveracruz.com.mx\/wp-content\/uploads\/2022\/05\/Seguro-Julio-Cerecedo.jpg","keywords":["Boca del R\u00edo","Carnaval","coronavirus","Fiestas Carnestolendas","Guadalupe H. Mar","Norma Roc\u00edo Nahle Garc\u00eda","pandemia","Sergio Carlos Guti\u00e9rrez Luna"],"articleSection":["De Opini\u00f3n"],"inLanguage":"es"},{"@type":"WebPage","@id":"https:\/\/lospoliticosveracruz.com\/?p=92017","url":"https:\/\/lospoliticosveracruz.com\/?p=92017","name":"Likes - Los pol\u00edticos Veracruz","isPartOf":{"@id":"https:\/\/lospoliticosveracruz.com\/#website"},"primaryImageOfPage":{"@id":"https:\/\/lospoliticosveracruz.com\/?p=92017#primaryimage"},"image":{"@id":"https:\/\/lospoliticosveracruz.com\/?p=92017#primaryimage"},"thumbnailUrl":"https:\/\/lospoliticosveracruz.com.mx\/wp-content\/uploads\/2022\/05\/Seguro-Julio-Cerecedo.jpg","datePublished":"2022-07-06T01:01:51+00:00","dateModified":"2022-07-06T01:01:58+00:00","breadcrumb":{"@id":"https:\/\/lospoliticosveracruz.com\/?p=92017#breadcrumb"},"inLanguage":"es","potentialAction":[{"@type":"ReadAction","target":["https:\/\/lospoliticosveracruz.com\/?p=92017"]}]},{"@type":"ImageObject","inLanguage":"es","@id":"https:\/\/lospoliticosveracruz.com\/?p=92017#primaryimage","url":"https:\/\/lospoliticosveracruz.com.mx\/wp-content\/uploads\/2022\/05\/Seguro-Julio-Cerecedo.jpg","contentUrl":"https:\/\/lospoliticosveracruz.com.mx\/wp-content\/uploads\/2022\/05\/Seguro-Julio-Cerecedo.jpg"},{"@type":"BreadcrumbList","@id":"https:\/\/lospoliticosveracruz.com\/?p=92017#breadcrumb","itemListElement":[{"@type":"ListItem","position":1,"name":"Portada","item":"https:\/\/lospoliticosveracruz.com\/"},{"@type":"ListItem","position":2,"name":"Likes"}]},{"@type":"WebSite","@id":"https:\/\/lospoliticosveracruz.com\/#website","url":"https:\/\/lospoliticosveracruz.com\/","name":"Los pol\u00edticos Veracruz","description":"","publisher":{"@id":"https:\/\/lospoliticosveracruz.com\/#organization"},"potentialAction":[{"@type":"SearchAction","target":{"@type":"EntryPoint","urlTemplate":"https:\/\/lospoliticosveracruz.com\/?s={search_term_string}"},"query-input":{"@type":"PropertyValueSpecification","valueRequired":true,"valueName":"search_term_string"}}],"inLanguage":"es"},{"@type":"Organization","@id":"https:\/\/lospoliticosveracruz.com\/#organization","name":"Los pol\u00edticos Veracruz","url":"https:\/\/lospoliticosveracruz.com\/","logo":{"@type":"ImageObject","inLanguage":"es","@id":"https:\/\/lospoliticosveracruz.com\/#\/schema\/logo\/image\/","url":"https:\/\/lospoliticosveracruz.com\/wp-content\/uploads\/2025\/12\/Logo-Nuevo-LOS-POLITICOS-1.jpg","contentUrl":"https:\/\/lospoliticosveracruz.com\/wp-content\/uploads\/2025\/12\/Logo-Nuevo-LOS-POLITICOS-1.jpg","width":260,"height":70,"caption":"Los pol\u00edticos Veracruz"},"image":{"@id":"https:\/\/lospoliticosveracruz.com\/#\/schema\/logo\/image\/"},"sameAs":["https:\/\/www.facebook.com\/people\/Notimemes-de-los-Polticos\/61565672886568\/","https:\/\/x.com\/LosPoliticosVer"]},{"@type":"Person","@id":"https:\/\/lospoliticosveracruz.com\/#\/schema\/person\/b8702bb0e538456e6efd07080bf2a4a2","name":"Lo viste en Los Pol\u00edticos","image":{"@type":"ImageObject","inLanguage":"es","@id":"https:\/\/secure.gravatar.com\/avatar\/3a8de04a2656d44082be478bd6c086daa447c4651605818287b9532d3d0bd435?s=96&d=mm&r=g","url":"https:\/\/secure.gravatar.com\/avatar\/3a8de04a2656d44082be478bd6c086daa447c4651605818287b9532d3d0bd435?s=96&d=mm&r=g","contentUrl":"https:\/\/secure.gravatar.com\/avatar\/3a8de04a2656d44082be478bd6c086daa447c4651605818287b9532d3d0bd435?s=96&d=mm&r=g","caption":"Lo viste en Los Pol\u00edticos"},"url":"https:\/\/lospoliticosveracruz.com\/?author=2"}]}},"_links":{"self":[{"href":"https:\/\/lospoliticosveracruz.com\/index.php?rest_route=\/wp\/v2\/posts\/92017","targetHints":{"allow":["GET"]}}],"collection":[{"href":"https:\/\/lospoliticosveracruz.com\/index.php?rest_route=\/wp\/v2\/posts"}],"about":[{"href":"https:\/\/lospoliticosveracruz.com\/index.php?rest_route=\/wp\/v2\/types\/post"}],"author":[{"embeddable":true,"href":"https:\/\/lospoliticosveracruz.com\/index.php?rest_route=\/wp\/v2\/users\/2"}],"replies":[{"embeddable":true,"href":"https:\/\/lospoliticosveracruz.com\/index.php?rest_route=%2Fwp%2Fv2%2Fcomments&post=92017"}],"version-history":[{"count":1,"href":"https:\/\/lospoliticosveracruz.com\/index.php?rest_route=\/wp\/v2\/posts\/92017\/revisions"}],"predecessor-version":[{"id":92018,"href":"https:\/\/lospoliticosveracruz.com\/index.php?rest_route=\/wp\/v2\/posts\/92017\/revisions\/92018"}],"wp:attachment":[{"href":"https:\/\/lospoliticosveracruz.com\/index.php?rest_route=%2Fwp%2Fv2%2Fmedia&parent=92017"}],"wp:term":[{"taxonomy":"category","embeddable":true,"href":"https:\/\/lospoliticosveracruz.com\/index.php?rest_route=%2Fwp%2Fv2%2Fcategories&post=92017"},{"taxonomy":"post_tag","embeddable":true,"href":"https:\/\/lospoliticosveracruz.com\/index.php?rest_route=%2Fwp%2Fv2%2Ftags&post=92017"}],"curies":[{"name":"wp","href":"https:\/\/api.w.org\/{rel}","templated":true}]}}