{"id":92027,"date":"2022-07-06T10:26:09","date_gmt":"2022-07-06T15:26:09","guid":{"rendered":"https:\/\/lospoliticosveracruz.com.mx\/?p=92027"},"modified":"2022-07-06T10:26:14","modified_gmt":"2022-07-06T15:26:14","slug":"mas-pobres-hambrientos-sedientos-inseguros-y","status":"publish","type":"post","link":"https:\/\/lospoliticosveracruz.com\/?p=92027","title":{"rendered":"M\u00e1s pobres, hambrientos, sedientos, inseguros y\u2026"},"content":{"rendered":"\n<p><\/p>\n\n\n\n<p><br><strong>Rafael Arias Hern\u00e1ndez<\/strong><br><em>Mutatis mutandis<\/em><\/p>\n\n\n\n<p>Las predicciones se cumplen, se hace realidad la inolvidable predicci\u00f3n, para muchos desatendida o ignorada profec\u00eda, de que \u201clos ricos son y ser\u00e1n m\u00e1s ricos y los pobres m\u00e1s pobres.\u201d<br>Inocultables, en lo federal, lo estatal y lo municipal, costos y consecuencias de inflaci\u00f3n y carest\u00eda; estancamiento o recesi\u00f3n; inseguridad y violencia; pasividad y conformismo ciudadano y social; y, desde luego, de ineficiencia y delincuencia gubernamental. Abundan las estad\u00edsticas e informaci\u00f3n al respecto.<\/p>\n\n\n\n<figure class=\"wp-block-image size-full\"><a href=\"https:\/\/lospoliticosveracruz.com.mx\/wp-content\/uploads\/2022\/05\/Seguro-Julio-Cerecedo.jpg\"><img decoding=\"async\" src=\"https:\/\/lospoliticosveracruz.com.mx\/wp-content\/uploads\/2022\/05\/Seguro-Julio-Cerecedo.jpg\" alt=\"\" class=\"wp-image-90414\"\/><\/a><\/figure>\n\n\n\n<p><br>Importante tener presente, que el crecimiento se da en una desigualdad presente y creciente. Y, adem\u00e1s, que de una y muchas formas, se nota y fortalece, la polarizaci\u00f3n social y el tipo de desarrollo econ\u00f3mico desigual, que ha tra\u00eddo la tambi\u00e9n presente y creciente globalizaci\u00f3n.<br>Oportuna recomendaci\u00f3n, la lectura al respecto de la reconocida periodista, escritora y activista canadiense, Noami Klein, quien en obras como NO LOGO y VALLAS Y VENTANAS, publicadas por Editorial Paid\u00f3s, aborda diversos aspectos y efectos de la globalizaci\u00f3n, caracter\u00edsticos de la actualidad. Adem\u00e1s de presentar y analizar ideas, propuestas y oportunidades de cambio, as\u00ed como retos y obst\u00e1culos que enfrentar y superar.<br>Naomi, como otros autores, ha contribuido a expandir, fortalecer y dar presencia al debate sobre la globalizaci\u00f3n, sus caracter\u00edsticas, as\u00ed como su impacto presente y su futuro.<br>Ante la lentitud, improvisaci\u00f3n, insuficiencia e incapacidad de los diversos tipos y \u00e1mbitos de gobierno, las crisis que afectan al planeta aceleran, en todas partes, producci\u00f3n de pobres y marginados, de sedientos e inseguros, de aislados y desconfiados; y tambi\u00e9n, establecen y favorecen condiciones de inestabilidad social, violencia y delincuencia dentro y fuera de los gobiernos.<br>Resaltan en muchas formas, los convertidos en escandalosos ejemplos, como la regulaci\u00f3n y el control gubernamental, cuya presencia o ausencia, ha favorecido y favorece a grandes saqueadores, estafadores y delincuentes, en especial los financieros. Se sabe y padece, la falta de dicha intervenci\u00f3n oficial en tiempo y forma, ya que en muchos casos se retrasa, detiene, debilita su presencia y acci\u00f3n, o simplemente se comprueba que no llega.<br>En principio, con frecuencia, es simple y f\u00e1cil de comprobar que la actitud es dejar hacer el da\u00f1o, no importa su tama\u00f1o y a quien perjudica y afecta. Total, los socios, los c\u00f3mplices y sus imitadores, los conocidos delincuentes en los gobiernos se encargan de que nada suceda, impunidad para su tranquilidad y distracci\u00f3n para su entretenimiento.<br>Por otro lado, tambi\u00e9n sobresale, lo evidente. Esto es, que con frecuencia se responde con pol\u00edticas de inmediatez, ocurrencia y simulaci\u00f3n; y tambi\u00e9n, con las de favoritismo, complicidad y corrupci\u00f3n para convertir recursos, instituciones y atribuciones p\u00fablicas en negocios particulares, familiares o de grupo. En este contexto destaca la cuesti\u00f3n del agua, que merece comentario aparte.<br>Con frecuencia, hasta de la desgracia se saca provecho: los recursos que nunca llegan a los afectados por los desastres naturales o provocados; y los presupuestados, que no se entregan a los destinatarios identificados, como es el caso de muchos pobres y m\u00e1s necesitados.<br>Se sabe de casos, en los que se asignan, cuantiosos apoyos a damnificados profesionales o afectados habilitados, que se reparten con sus socios y c\u00f3mplices, los rescates a supuestas afectaciones, da\u00f1os y perdidas previamente planeados, etc.<br>Por eso tambi\u00e9n tarde o temprano se sabe, a quienes se rescata primero, preferencialmente y con manga ancha; y a quienes se condena a pagar las consecuencias de lo que no hicieron, ni promovieron ni apoyaron.<br>COSTOS DE IMPROVIZACI\u00d3N, INMEDIATEZ Y OCURRENCIA.<br>Nada de esto es nuevo, por eso hay que refrendar e insistir.<br>Cero por cero, hasta hoy da cero. La suma de ceros, hasta hoy da cero. M\u00e1s de lo mismo, hasta hoy da lo mismo. Se cosecha lo que se siembra.<br>Si el calvario que se vive no se aprende, habr\u00e1 que volver a vivirlo. Total, desde hace tiempo, somos el pueblo que gusta de toparse, una y otra vez, con la misma piedra\u2026. en la cabeza.<br>Y hay que se\u00f1alar y prevenir lo que inocultablemente se repite. Presionados por lo cotidiano nos hacemos prisioneros de lo inmediato; respondemos a base de ocurrencias y de improvisaci\u00f3n. Las consecuencias son obviamente las mismas o similares, a pesar de que entusiasmados o enajenados, o ambas cosas, repetimos nuestros buenos deseos, insistimos en las buenas intenciones y continuamos esperando respuestas o resultados diferentes a las mismas actitudes y decisiones pol\u00edticas.<br>Desde siempre tambi\u00e9n se sabe que se comete el error, lo dem\u00e1s son consecuencias.<br>Oportuno recordar y advertir, que lo grave no es cometer el error al intentar y en hacer el esfuerzo; incluso, en algunos casos, hasta la p\u00e9rdida se podr\u00eda justificar en un buen intento. Lo grave es que hasta de esta situaci\u00f3n, se aprovechan quienes est\u00e1n siempre dispuestos a obtener ventajas, beneficios y privilegios. Las ineptocracias de la delincuencia gubernamental pueden ser, son un gran negocio.<br>Ni tan tontos ni tan desmemoriados, atr\u00e1s de la complicidad, el desinter\u00e9s y el dejar hacer y dejar pasar siempre hay un beneficio, una utilidad. Total, los costos, las consecuencias esas si se hacen sociales; como siempre, con cargo al presupuesto.<br>Siempre son tiempos de pensar para hacer y prever, para consolidar y fortalecer, participar y evaluar. Y, desde luego, vital identificar y defender el buen trabajo y lo bien hecho\u2026si lo hay.<br>-Academico.IIESESUV @RafaelAriasH,Facebook:VeracruzHoydeRafaelAriasH<\/p>\n","protected":false},"excerpt":{"rendered":"<p>Rafael Arias Hern\u00e1ndezMutatis mutandis Las predicciones se cumplen, se hace realidad la inolvidable predicci\u00f3n, para muchos desatendida o ignorada profec\u00eda, de que \u201clos ricos son y ser\u00e1n m\u00e1s ricos y los pobres m\u00e1s pobres.\u201dInocultables, en lo federal, lo estatal y lo municipal, costos y consecuencias de inflaci\u00f3n y carest\u00eda; estancamiento o recesi\u00f3n; inseguridad y violencia; [&hellip;]<\/p>\n","protected":false},"author":2,"featured_media":0,"comment_status":"closed","ping_status":"closed","sticky":false,"template":"","format":"standard","meta":{"tdm_status":"","tdm_grid_status":"","footnotes":""},"categories":[70],"tags":[618,33967,27553,196,1026,8032],"class_list":{"0":"post-92027","1":"post","2":"type-post","3":"status-publish","4":"format-standard","6":"category-de-opinion","7":"tag-andres-manuel-lopez-obrador","8":"tag-carestia","9":"tag-inflacion","10":"tag-inseguridad","11":"tag-morena","12":"tag-rafael-arias-hernandez"},"yoast_head":"<!-- This site is optimized with the Yoast SEO plugin v27.4 - https:\/\/yoast.com\/product\/yoast-seo-wordpress\/ -->\n<title>M\u00e1s pobres, hambrientos, sedientos, inseguros y\u2026 - Los pol\u00edticos Veracruz<\/title>\n<meta name=\"robots\" content=\"index, follow, max-snippet:-1, max-image-preview:large, max-video-preview:-1\" \/>\n<link rel=\"canonical\" href=\"https:\/\/lospoliticosveracruz.com\/?p=92027\" \/>\n<meta property=\"og:locale\" content=\"es_ES\" \/>\n<meta property=\"og:type\" content=\"article\" \/>\n<meta property=\"og:title\" content=\"M\u00e1s pobres, hambrientos, sedientos, inseguros y\u2026 - Los pol\u00edticos Veracruz\" \/>\n<meta property=\"og:description\" content=\"Rafael Arias Hern\u00e1ndezMutatis mutandis Las predicciones se cumplen, se hace realidad la inolvidable predicci\u00f3n, para muchos desatendida o ignorada profec\u00eda, de que \u201clos ricos son y ser\u00e1n m\u00e1s ricos y los pobres m\u00e1s pobres.\u201dInocultables, en lo federal, lo estatal y lo municipal, costos y consecuencias de inflaci\u00f3n y carest\u00eda; estancamiento o recesi\u00f3n; inseguridad y violencia; [&hellip;]\" \/>\n<meta property=\"og:url\" content=\"https:\/\/lospoliticosveracruz.com\/?p=92027\" \/>\n<meta property=\"og:site_name\" content=\"Los pol\u00edticos Veracruz\" \/>\n<meta property=\"article:publisher\" content=\"https:\/\/www.facebook.com\/people\/Notimemes-de-los-Polticos\/61565672886568\/\" \/>\n<meta property=\"article:published_time\" content=\"2022-07-06T15:26:09+00:00\" \/>\n<meta property=\"article:modified_time\" content=\"2022-07-06T15:26:14+00:00\" \/>\n<meta property=\"og:image\" content=\"https:\/\/lospoliticosveracruz.com.mx\/wp-content\/uploads\/2022\/05\/Seguro-Julio-Cerecedo.jpg\" \/>\n<meta name=\"author\" content=\"Lo viste en Los Pol\u00edticos\" \/>\n<meta name=\"twitter:card\" content=\"summary_large_image\" \/>\n<meta name=\"twitter:creator\" content=\"@LosPoliticosVer\" \/>\n<meta name=\"twitter:site\" content=\"@LosPoliticosVer\" \/>\n<meta name=\"twitter:label1\" content=\"Escrito por\" \/>\n\t<meta name=\"twitter:data1\" content=\"Lo viste en Los Pol\u00edticos\" \/>\n\t<meta name=\"twitter:label2\" content=\"Tiempo de lectura\" \/>\n\t<meta name=\"twitter:data2\" content=\"5 minutos\" \/>\n<script type=\"application\/ld+json\" class=\"yoast-schema-graph\">{\"@context\":\"https:\\\/\\\/schema.org\",\"@graph\":[{\"@type\":\"Article\",\"@id\":\"https:\\\/\\\/lospoliticosveracruz.com\\\/?p=92027#article\",\"isPartOf\":{\"@id\":\"https:\\\/\\\/lospoliticosveracruz.com\\\/?p=92027\"},\"author\":{\"name\":\"Lo viste en Los Pol\u00edticos\",\"@id\":\"https:\\\/\\\/lospoliticosveracruz.com\\\/#\\\/schema\\\/person\\\/b8702bb0e538456e6efd07080bf2a4a2\"},\"headline\":\"M\u00e1s pobres, hambrientos, sedientos, inseguros y\u2026\",\"datePublished\":\"2022-07-06T15:26:09+00:00\",\"dateModified\":\"2022-07-06T15:26:14+00:00\",\"mainEntityOfPage\":{\"@id\":\"https:\\\/\\\/lospoliticosveracruz.com\\\/?p=92027\"},\"wordCount\":944,\"publisher\":{\"@id\":\"https:\\\/\\\/lospoliticosveracruz.com\\\/#organization\"},\"image\":{\"@id\":\"https:\\\/\\\/lospoliticosveracruz.com\\\/?p=92027#primaryimage\"},\"thumbnailUrl\":\"https:\\\/\\\/lospoliticosveracruz.com.mx\\\/wp-content\\\/uploads\\\/2022\\\/05\\\/Seguro-Julio-Cerecedo.jpg\",\"keywords\":[\"Andr\u00e9s Manuel L\u00f3pez Obrador\",\"carest\u00eda\",\"Inflaci\u00f3n\",\"inseguridad\",\"Morena\",\"Rafael Arias Hern\u00e1ndez\"],\"articleSection\":[\"De Opini\u00f3n\"],\"inLanguage\":\"es\"},{\"@type\":\"WebPage\",\"@id\":\"https:\\\/\\\/lospoliticosveracruz.com\\\/?p=92027\",\"url\":\"https:\\\/\\\/lospoliticosveracruz.com\\\/?p=92027\",\"name\":\"M\u00e1s pobres, hambrientos, sedientos, inseguros y\u2026 - Los pol\u00edticos Veracruz\",\"isPartOf\":{\"@id\":\"https:\\\/\\\/lospoliticosveracruz.com\\\/#website\"},\"primaryImageOfPage\":{\"@id\":\"https:\\\/\\\/lospoliticosveracruz.com\\\/?p=92027#primaryimage\"},\"image\":{\"@id\":\"https:\\\/\\\/lospoliticosveracruz.com\\\/?p=92027#primaryimage\"},\"thumbnailUrl\":\"https:\\\/\\\/lospoliticosveracruz.com.mx\\\/wp-content\\\/uploads\\\/2022\\\/05\\\/Seguro-Julio-Cerecedo.jpg\",\"datePublished\":\"2022-07-06T15:26:09+00:00\",\"dateModified\":\"2022-07-06T15:26:14+00:00\",\"breadcrumb\":{\"@id\":\"https:\\\/\\\/lospoliticosveracruz.com\\\/?p=92027#breadcrumb\"},\"inLanguage\":\"es\",\"potentialAction\":[{\"@type\":\"ReadAction\",\"target\":[\"https:\\\/\\\/lospoliticosveracruz.com\\\/?p=92027\"]}]},{\"@type\":\"ImageObject\",\"inLanguage\":\"es\",\"@id\":\"https:\\\/\\\/lospoliticosveracruz.com\\\/?p=92027#primaryimage\",\"url\":\"https:\\\/\\\/lospoliticosveracruz.com.mx\\\/wp-content\\\/uploads\\\/2022\\\/05\\\/Seguro-Julio-Cerecedo.jpg\",\"contentUrl\":\"https:\\\/\\\/lospoliticosveracruz.com.mx\\\/wp-content\\\/uploads\\\/2022\\\/05\\\/Seguro-Julio-Cerecedo.jpg\"},{\"@type\":\"BreadcrumbList\",\"@id\":\"https:\\\/\\\/lospoliticosveracruz.com\\\/?p=92027#breadcrumb\",\"itemListElement\":[{\"@type\":\"ListItem\",\"position\":1,\"name\":\"Portada\",\"item\":\"https:\\\/\\\/lospoliticosveracruz.com\\\/\"},{\"@type\":\"ListItem\",\"position\":2,\"name\":\"M\u00e1s pobres, hambrientos, sedientos, inseguros y\u2026\"}]},{\"@type\":\"WebSite\",\"@id\":\"https:\\\/\\\/lospoliticosveracruz.com\\\/#website\",\"url\":\"https:\\\/\\\/lospoliticosveracruz.com\\\/\",\"name\":\"Los pol\u00edticos Veracruz\",\"description\":\"\",\"publisher\":{\"@id\":\"https:\\\/\\\/lospoliticosveracruz.com\\\/#organization\"},\"potentialAction\":[{\"@type\":\"SearchAction\",\"target\":{\"@type\":\"EntryPoint\",\"urlTemplate\":\"https:\\\/\\\/lospoliticosveracruz.com\\\/?s={search_term_string}\"},\"query-input\":{\"@type\":\"PropertyValueSpecification\",\"valueRequired\":true,\"valueName\":\"search_term_string\"}}],\"inLanguage\":\"es\"},{\"@type\":\"Organization\",\"@id\":\"https:\\\/\\\/lospoliticosveracruz.com\\\/#organization\",\"name\":\"Los pol\u00edticos Veracruz\",\"url\":\"https:\\\/\\\/lospoliticosveracruz.com\\\/\",\"logo\":{\"@type\":\"ImageObject\",\"inLanguage\":\"es\",\"@id\":\"https:\\\/\\\/lospoliticosveracruz.com\\\/#\\\/schema\\\/logo\\\/image\\\/\",\"url\":\"https:\\\/\\\/lospoliticosveracruz.com\\\/wp-content\\\/uploads\\\/2025\\\/12\\\/Logo-Nuevo-LOS-POLITICOS-1.jpg\",\"contentUrl\":\"https:\\\/\\\/lospoliticosveracruz.com\\\/wp-content\\\/uploads\\\/2025\\\/12\\\/Logo-Nuevo-LOS-POLITICOS-1.jpg\",\"width\":260,\"height\":70,\"caption\":\"Los pol\u00edticos Veracruz\"},\"image\":{\"@id\":\"https:\\\/\\\/lospoliticosveracruz.com\\\/#\\\/schema\\\/logo\\\/image\\\/\"},\"sameAs\":[\"https:\\\/\\\/www.facebook.com\\\/people\\\/Notimemes-de-los-Polticos\\\/61565672886568\\\/\",\"https:\\\/\\\/x.com\\\/LosPoliticosVer\"]},{\"@type\":\"Person\",\"@id\":\"https:\\\/\\\/lospoliticosveracruz.com\\\/#\\\/schema\\\/person\\\/b8702bb0e538456e6efd07080bf2a4a2\",\"name\":\"Lo viste en Los Pol\u00edticos\",\"image\":{\"@type\":\"ImageObject\",\"inLanguage\":\"es\",\"@id\":\"https:\\\/\\\/secure.gravatar.com\\\/avatar\\\/3a8de04a2656d44082be478bd6c086daa447c4651605818287b9532d3d0bd435?s=96&d=mm&r=g\",\"url\":\"https:\\\/\\\/secure.gravatar.com\\\/avatar\\\/3a8de04a2656d44082be478bd6c086daa447c4651605818287b9532d3d0bd435?s=96&d=mm&r=g\",\"contentUrl\":\"https:\\\/\\\/secure.gravatar.com\\\/avatar\\\/3a8de04a2656d44082be478bd6c086daa447c4651605818287b9532d3d0bd435?s=96&d=mm&r=g\",\"caption\":\"Lo viste en Los Pol\u00edticos\"},\"url\":\"https:\\\/\\\/lospoliticosveracruz.com\\\/?author=2\"}]}<\/script>\n<!-- \/ Yoast SEO plugin. -->","yoast_head_json":{"title":"M\u00e1s pobres, hambrientos, sedientos, inseguros y\u2026 - Los pol\u00edticos Veracruz","robots":{"index":"index","follow":"follow","max-snippet":"max-snippet:-1","max-image-preview":"max-image-preview:large","max-video-preview":"max-video-preview:-1"},"canonical":"https:\/\/lospoliticosveracruz.com\/?p=92027","og_locale":"es_ES","og_type":"article","og_title":"M\u00e1s pobres, hambrientos, sedientos, inseguros y\u2026 - Los pol\u00edticos Veracruz","og_description":"Rafael Arias Hern\u00e1ndezMutatis mutandis Las predicciones se cumplen, se hace realidad la inolvidable predicci\u00f3n, para muchos desatendida o ignorada profec\u00eda, de que \u201clos ricos son y ser\u00e1n m\u00e1s ricos y los pobres m\u00e1s pobres.\u201dInocultables, en lo federal, lo estatal y lo municipal, costos y consecuencias de inflaci\u00f3n y carest\u00eda; estancamiento o recesi\u00f3n; inseguridad y violencia; [&hellip;]","og_url":"https:\/\/lospoliticosveracruz.com\/?p=92027","og_site_name":"Los pol\u00edticos Veracruz","article_publisher":"https:\/\/www.facebook.com\/people\/Notimemes-de-los-Polticos\/61565672886568\/","article_published_time":"2022-07-06T15:26:09+00:00","article_modified_time":"2022-07-06T15:26:14+00:00","og_image":[{"url":"https:\/\/lospoliticosveracruz.com.mx\/wp-content\/uploads\/2022\/05\/Seguro-Julio-Cerecedo.jpg","type":"","width":"","height":""}],"author":"Lo viste en Los Pol\u00edticos","twitter_card":"summary_large_image","twitter_creator":"@LosPoliticosVer","twitter_site":"@LosPoliticosVer","twitter_misc":{"Escrito por":"Lo viste en Los Pol\u00edticos","Tiempo de lectura":"5 minutos"},"schema":{"@context":"https:\/\/schema.org","@graph":[{"@type":"Article","@id":"https:\/\/lospoliticosveracruz.com\/?p=92027#article","isPartOf":{"@id":"https:\/\/lospoliticosveracruz.com\/?p=92027"},"author":{"name":"Lo viste en Los Pol\u00edticos","@id":"https:\/\/lospoliticosveracruz.com\/#\/schema\/person\/b8702bb0e538456e6efd07080bf2a4a2"},"headline":"M\u00e1s pobres, hambrientos, sedientos, inseguros y\u2026","datePublished":"2022-07-06T15:26:09+00:00","dateModified":"2022-07-06T15:26:14+00:00","mainEntityOfPage":{"@id":"https:\/\/lospoliticosveracruz.com\/?p=92027"},"wordCount":944,"publisher":{"@id":"https:\/\/lospoliticosveracruz.com\/#organization"},"image":{"@id":"https:\/\/lospoliticosveracruz.com\/?p=92027#primaryimage"},"thumbnailUrl":"https:\/\/lospoliticosveracruz.com.mx\/wp-content\/uploads\/2022\/05\/Seguro-Julio-Cerecedo.jpg","keywords":["Andr\u00e9s Manuel L\u00f3pez Obrador","carest\u00eda","Inflaci\u00f3n","inseguridad","Morena","Rafael Arias Hern\u00e1ndez"],"articleSection":["De Opini\u00f3n"],"inLanguage":"es"},{"@type":"WebPage","@id":"https:\/\/lospoliticosveracruz.com\/?p=92027","url":"https:\/\/lospoliticosveracruz.com\/?p=92027","name":"M\u00e1s pobres, hambrientos, sedientos, inseguros y\u2026 - Los pol\u00edticos Veracruz","isPartOf":{"@id":"https:\/\/lospoliticosveracruz.com\/#website"},"primaryImageOfPage":{"@id":"https:\/\/lospoliticosveracruz.com\/?p=92027#primaryimage"},"image":{"@id":"https:\/\/lospoliticosveracruz.com\/?p=92027#primaryimage"},"thumbnailUrl":"https:\/\/lospoliticosveracruz.com.mx\/wp-content\/uploads\/2022\/05\/Seguro-Julio-Cerecedo.jpg","datePublished":"2022-07-06T15:26:09+00:00","dateModified":"2022-07-06T15:26:14+00:00","breadcrumb":{"@id":"https:\/\/lospoliticosveracruz.com\/?p=92027#breadcrumb"},"inLanguage":"es","potentialAction":[{"@type":"ReadAction","target":["https:\/\/lospoliticosveracruz.com\/?p=92027"]}]},{"@type":"ImageObject","inLanguage":"es","@id":"https:\/\/lospoliticosveracruz.com\/?p=92027#primaryimage","url":"https:\/\/lospoliticosveracruz.com.mx\/wp-content\/uploads\/2022\/05\/Seguro-Julio-Cerecedo.jpg","contentUrl":"https:\/\/lospoliticosveracruz.com.mx\/wp-content\/uploads\/2022\/05\/Seguro-Julio-Cerecedo.jpg"},{"@type":"BreadcrumbList","@id":"https:\/\/lospoliticosveracruz.com\/?p=92027#breadcrumb","itemListElement":[{"@type":"ListItem","position":1,"name":"Portada","item":"https:\/\/lospoliticosveracruz.com\/"},{"@type":"ListItem","position":2,"name":"M\u00e1s pobres, hambrientos, sedientos, inseguros y\u2026"}]},{"@type":"WebSite","@id":"https:\/\/lospoliticosveracruz.com\/#website","url":"https:\/\/lospoliticosveracruz.com\/","name":"Los pol\u00edticos Veracruz","description":"","publisher":{"@id":"https:\/\/lospoliticosveracruz.com\/#organization"},"potentialAction":[{"@type":"SearchAction","target":{"@type":"EntryPoint","urlTemplate":"https:\/\/lospoliticosveracruz.com\/?s={search_term_string}"},"query-input":{"@type":"PropertyValueSpecification","valueRequired":true,"valueName":"search_term_string"}}],"inLanguage":"es"},{"@type":"Organization","@id":"https:\/\/lospoliticosveracruz.com\/#organization","name":"Los pol\u00edticos Veracruz","url":"https:\/\/lospoliticosveracruz.com\/","logo":{"@type":"ImageObject","inLanguage":"es","@id":"https:\/\/lospoliticosveracruz.com\/#\/schema\/logo\/image\/","url":"https:\/\/lospoliticosveracruz.com\/wp-content\/uploads\/2025\/12\/Logo-Nuevo-LOS-POLITICOS-1.jpg","contentUrl":"https:\/\/lospoliticosveracruz.com\/wp-content\/uploads\/2025\/12\/Logo-Nuevo-LOS-POLITICOS-1.jpg","width":260,"height":70,"caption":"Los pol\u00edticos Veracruz"},"image":{"@id":"https:\/\/lospoliticosveracruz.com\/#\/schema\/logo\/image\/"},"sameAs":["https:\/\/www.facebook.com\/people\/Notimemes-de-los-Polticos\/61565672886568\/","https:\/\/x.com\/LosPoliticosVer"]},{"@type":"Person","@id":"https:\/\/lospoliticosveracruz.com\/#\/schema\/person\/b8702bb0e538456e6efd07080bf2a4a2","name":"Lo viste en Los Pol\u00edticos","image":{"@type":"ImageObject","inLanguage":"es","@id":"https:\/\/secure.gravatar.com\/avatar\/3a8de04a2656d44082be478bd6c086daa447c4651605818287b9532d3d0bd435?s=96&d=mm&r=g","url":"https:\/\/secure.gravatar.com\/avatar\/3a8de04a2656d44082be478bd6c086daa447c4651605818287b9532d3d0bd435?s=96&d=mm&r=g","contentUrl":"https:\/\/secure.gravatar.com\/avatar\/3a8de04a2656d44082be478bd6c086daa447c4651605818287b9532d3d0bd435?s=96&d=mm&r=g","caption":"Lo viste en Los Pol\u00edticos"},"url":"https:\/\/lospoliticosveracruz.com\/?author=2"}]}},"_links":{"self":[{"href":"https:\/\/lospoliticosveracruz.com\/index.php?rest_route=\/wp\/v2\/posts\/92027","targetHints":{"allow":["GET"]}}],"collection":[{"href":"https:\/\/lospoliticosveracruz.com\/index.php?rest_route=\/wp\/v2\/posts"}],"about":[{"href":"https:\/\/lospoliticosveracruz.com\/index.php?rest_route=\/wp\/v2\/types\/post"}],"author":[{"embeddable":true,"href":"https:\/\/lospoliticosveracruz.com\/index.php?rest_route=\/wp\/v2\/users\/2"}],"replies":[{"embeddable":true,"href":"https:\/\/lospoliticosveracruz.com\/index.php?rest_route=%2Fwp%2Fv2%2Fcomments&post=92027"}],"version-history":[{"count":1,"href":"https:\/\/lospoliticosveracruz.com\/index.php?rest_route=\/wp\/v2\/posts\/92027\/revisions"}],"predecessor-version":[{"id":92029,"href":"https:\/\/lospoliticosveracruz.com\/index.php?rest_route=\/wp\/v2\/posts\/92027\/revisions\/92029"}],"wp:attachment":[{"href":"https:\/\/lospoliticosveracruz.com\/index.php?rest_route=%2Fwp%2Fv2%2Fmedia&parent=92027"}],"wp:term":[{"taxonomy":"category","embeddable":true,"href":"https:\/\/lospoliticosveracruz.com\/index.php?rest_route=%2Fwp%2Fv2%2Fcategories&post=92027"},{"taxonomy":"post_tag","embeddable":true,"href":"https:\/\/lospoliticosveracruz.com\/index.php?rest_route=%2Fwp%2Fv2%2Ftags&post=92027"}],"curies":[{"name":"wp","href":"https:\/\/api.w.org\/{rel}","templated":true}]}}