{"id":92058,"date":"2022-07-07T07:45:39","date_gmt":"2022-07-07T12:45:39","guid":{"rendered":"https:\/\/lospoliticosveracruz.com.mx\/?p=92058"},"modified":"2022-07-07T07:45:46","modified_gmt":"2022-07-07T12:45:46","slug":"pjev-entre-corruptelas-y-escandalos","status":"publish","type":"post","link":"https:\/\/lospoliticosveracruz.com\/?p=92058","title":{"rendered":"PJEV, entre corruptelas y esc\u00e1ndalos"},"content":{"rendered":"\n<p><\/p>\n\n\n\n<p><\/p>\n\n\n\n<p><strong>Miguel \u00c1ngel G\u00f3mez Ruiz<\/strong><br><em>Contrapunto<\/em><\/p>\n\n\n\n<p>En Veracruz, la justicia tiene un costo y quien paga es el que recibe los beneficios. A jueces y magistrados, principalmente los impuestos por Morena y otros que simpatizan con ese partido, s\u00f3lo les basta una orden de la jefa, Isabel Romero Cruz, para disponer de la justicia a favor de esos que ofrecen el oro y el moro.<\/p>\n\n\n\n<div class=\"wp-block-image\"><figure class=\"alignleft size-medium\"><a href=\"https:\/\/lospoliticosveracruz.com.mx\/wp-content\/uploads\/2021\/10\/Zacauilt.jpg\"><img decoding=\"async\" src=\"https:\/\/lospoliticosveracruz.com.mx\/wp-content\/uploads\/2021\/10\/Zacauilt-150x300.jpg\" alt=\"\" class=\"wp-image-80558\"\/><\/a><\/figure><\/div>\n\n\n\n<p><br>Resulta que en Tuxpan, Martha Elvira Flores, una mujer viuda y que se qued\u00f3 a cargo de sus hijos, pidi\u00f3 la acci\u00f3n de la justicia, pues su cu\u00f1ado, Adalberto N\u00fa\u00f1ez Jim\u00e9nez aprovech\u00f3 un descuido para legalizar \u2013por as\u00ed decirlo- la compra de un terreno de cuatro hect\u00e1reas.<br>La mujer acudi\u00f3 a la justicia para denunciar que la compra era ilegal, pues, aunque su esposo ya hab\u00eda fallecido, demostr\u00f3 que ambos se casaron por bienes mancomunados, todo esto a pesar que su cu\u00f1ado recurri\u00f3 a todo tipo de ilegalidades para quedarse con un terreno que ni siquiera pag\u00f3.<br>Inclusive, el denunciado, Adalberto N\u00fa\u00f1ez Jim\u00e9nez, dijo desconocer que la se\u00f1ora Martha Elvira Flores estuviera casada con su hermano, Fernando Enrique N\u00fa\u00f1ez Jim\u00e9nez a lo que ella respondi\u00f3 con un acta otorgada por la iglesia Santiago Ap\u00f3stol, de Coatzintla, pues el sujeto olvid\u00f3 que fue testigo en la ceremonia religiosa.<br>Sin embargo, a pesar de las pruebas, H\u00e9ctor Espinoza Espino, juez del juzgado segundo de primera instancia la dej\u00f3 en total indefensi\u00f3n al negarle la justicia y darle la raz\u00f3n al infractor.<br>Martha Elvira Flores recurri\u00f3 a una revisi\u00f3n de la sentencia dictaminada en Tuxpan y su sorpresa fue may\u00fascula al enterarse que la magistrada Patricia Montelongo Guerrero tambi\u00e9n le dio la raz\u00f3n al infractor. Es decir, qued\u00f3 claro que en el Poder Judicial la justicia es para los que pueden comprarla y violentarla a su antojo.<br>A la denunciante, que ha sufrido violencia de g\u00e9nero ante estas decisiones de supuestos aplicadores de la justicia, no le queda m\u00e1s que el recurso de amparo. Ese asunto lo atender\u00e1 la magistrada Marisol Barajas Cruz. Cabe esperar que no ocurra lo de siempre, que desde la presidencia vengan las instrucciones y las t\u00e1cticas dilatorias para perjudicar a la mujer y no darle la raz\u00f3n.<br>Es curioso que la presidente del Poder Judicial, Isabel Romero Cruz no presida las sesiones del Consejo de la Judicatura, \u00f3rgano que sanciona las malas actuaciones de los jueces a lo largo y ancho del estado.<br>Son varios jueces, cobijados por ella que han hecho y deshecho a su antojo y los ejemplos son muy claros, como los casos de Rogelio Franco Cast\u00e1n, denunciado por un sujeto de la polic\u00eda Ministerial que se volvi\u00f3 loco de miedo porque supuestamente el pol\u00edtico le rasg\u00f3 su chaleco antibalas o la canallada que le hicieron al amigo del Senador Ricardo Monreal, el exdiputado Jos\u00e9 Manuel del R\u00edo Virgen y muchos casos m\u00e1s en los que se aplica una justicia selectiva.<br>Nadie, realmente nadie puede negar que la gesti\u00f3n de Isabel Romero Cruz ha sido un fracaso y todo porque desde un inicio permiti\u00f3 que el propio gobernador Cuitl\u00e1huac Garc\u00eda Jim\u00e9nez interviniera en un lugar en el que no lo correspond\u00eda hacerlo, pues el Poder judicial es ajeno por completo al Poder Ejecutivo.<br>Sin embargo, la intervenci\u00f3n fue tal que se designaron magistrados a gusto del mandatario; orden\u00f3 bajar los sueldos de todos los juristas e impuso al personal que le dio la gana y lo que fue peor, muchos que ingresaron a trabajar no tienen ni idea de lo que significa la justicia.<\/p>\n\n\n\n<p><strong>Violencia de g\u00e9nero y esc\u00e1ndalos<\/strong><\/p>\n\n\n\n<p>Si bien el tema que ha manejado la directora de Administraci\u00f3n del Consejo de la Judicatura, violencia de g\u00e9neroha sido delicado, hay cosas que debieron atenderse de forma privada, pues siempre existe el riesgo de que no s\u00f3lo una, sino muchas personas queden exhibidas.<br>Me refiero al caso de unos medios que se lanzaron contra ella, para juzgarla por un supuesto pasado err\u00e1tico y sobre acciones que da\u00f1aban su imagen y la de su familia.<br>Nada m\u00e1s cobarde que recurrir a esas bajas acciones pues no contribuyen a nada y siempre est\u00e1 el riesgo de que los ataques se intensifiquen.<br>Y una vez m\u00e1s, no se vale atacar de forma artera, pero algo que s\u00ed se debe hacer es investigar para saber si algo se est\u00e1 haciendo mal en el Poder Judicial. Hay personal de all\u00ed que ha denunciado un presunto enriquecimiento de Joana Marl\u00e9n.<br>Del mismo modo, no ha habido una explicaci\u00f3n del por qu\u00e9 se agotaron poco m\u00e1s de mil 600 millones de pesos en septiembre de 2021, m\u00e1s los descuentos aplicados a magistrados y personal de confianza. Sobre gastos excesivos en mobiliario y autos nuevos. Hay mucho qu\u00e9 explicar y por supuesto, eso no debe ofender a la funcionaria, desde luego que no.<\/p>\n\n\n\n<p>PD Han pasado varios meses. S\u00ed, varios meses desde que el gobernador Cuitl\u00e1huac Garc\u00eda sugiriera \u2013desde el sal\u00f3n Ju\u00e1rez de palacio de gobierno- a Isabel Romero Cruz, la titular del PJEV que se reuniera con la magistrada Yolanda Cecilia Casta\u00f1eda Palmeros, la m\u00e1s premiada en la historia, para que acordaran algunas acciones, entre ellas, el pago de prestaciones pendientes. Del mismo modo, sobre su despido \u2013ilegal a todas luces- pese a que un decreto legislativo la convirti\u00f3 en magistrada inamovible. No, hasta ahora, Romero Cruz lo evadi\u00f3, lo ignor\u00f3, lo bate\u00f3.<br>Tampoco se ha resuelto el tema del amparo que gan\u00f3 el magistrado Marco Antonio Lezama Moo, que ya deber\u00eda haber sido reinstalado en su despacho, s\u00f3lo que ha habido una extra\u00f1a complicidad entre Isabel Romero Cruz y los diputados locales comandados por Juan Javier G\u00f3mez Cazar\u00edn. A pesar de haber cumplido 70 a\u00f1os, el magistrado debe ser reinstalado pues la justicia no es retroactiva, \u00e9l tiene que cumplir su encargo, le pese a quien le pese.<\/p>\n","protected":false},"excerpt":{"rendered":"<p>Miguel \u00c1ngel G\u00f3mez RuizContrapunto En Veracruz, la justicia tiene un costo y quien paga es el que recibe los beneficios. A jueces y magistrados, principalmente los impuestos por Morena y otros que simpatizan con ese partido, s\u00f3lo les basta una orden de la jefa, Isabel Romero Cruz, para disponer de la justicia a favor de [&hellip;]<\/p>\n","protected":false},"author":2,"featured_media":0,"comment_status":"closed","ping_status":"closed","sticky":false,"template":"","format":"standard","meta":{"tdm_status":"","tdm_grid_status":"","footnotes":""},"categories":[70],"tags":[1563,15620,33979,28370,1026,2944,203,195,3360],"class_list":{"0":"post-92058","1":"post","2":"type-post","3":"status-publish","4":"format-standard","6":"category-de-opinion","7":"tag-cuitlahuac-garcia-jimenez","8":"tag-isabel-ines-romero-cruz","9":"tag-martha-elvira-flores","10":"tag-miguel-angel-gomez-ruiz","11":"tag-morena","12":"tag-ricardo-monreal-avila","13":"tag-tuxpan","14":"tag-veracruz","15":"tag-violencia-de-genero"},"yoast_head":"<!-- This site is optimized with the Yoast SEO plugin v27.4 - https:\/\/yoast.com\/product\/yoast-seo-wordpress\/ -->\n<title>PJEV, entre corruptelas y esc\u00e1ndalos - Los pol\u00edticos Veracruz<\/title>\n<meta name=\"robots\" content=\"index, follow, max-snippet:-1, max-image-preview:large, max-video-preview:-1\" \/>\n<link rel=\"canonical\" href=\"https:\/\/lospoliticosveracruz.com\/?p=92058\" \/>\n<meta property=\"og:locale\" content=\"es_ES\" \/>\n<meta property=\"og:type\" content=\"article\" \/>\n<meta property=\"og:title\" content=\"PJEV, entre corruptelas y esc\u00e1ndalos - Los pol\u00edticos Veracruz\" \/>\n<meta property=\"og:description\" content=\"Miguel \u00c1ngel G\u00f3mez RuizContrapunto En Veracruz, la justicia tiene un costo y quien paga es el que recibe los beneficios. A jueces y magistrados, principalmente los impuestos por Morena y otros que simpatizan con ese partido, s\u00f3lo les basta una orden de la jefa, Isabel Romero Cruz, para disponer de la justicia a favor de [&hellip;]\" \/>\n<meta property=\"og:url\" content=\"https:\/\/lospoliticosveracruz.com\/?p=92058\" \/>\n<meta property=\"og:site_name\" content=\"Los pol\u00edticos Veracruz\" \/>\n<meta property=\"article:publisher\" content=\"https:\/\/www.facebook.com\/people\/Notimemes-de-los-Polticos\/61565672886568\/\" \/>\n<meta property=\"article:published_time\" content=\"2022-07-07T12:45:39+00:00\" \/>\n<meta property=\"article:modified_time\" content=\"2022-07-07T12:45:46+00:00\" \/>\n<meta property=\"og:image\" content=\"https:\/\/lospoliticosveracruz.com.mx\/wp-content\/uploads\/2021\/10\/Zacauilt-150x300.jpg\" \/>\n<meta name=\"author\" content=\"Lo viste en Los Pol\u00edticos\" \/>\n<meta name=\"twitter:card\" content=\"summary_large_image\" \/>\n<meta name=\"twitter:creator\" content=\"@LosPoliticosVer\" \/>\n<meta name=\"twitter:site\" content=\"@LosPoliticosVer\" \/>\n<meta name=\"twitter:label1\" content=\"Escrito por\" \/>\n\t<meta name=\"twitter:data1\" content=\"Lo viste en Los Pol\u00edticos\" \/>\n\t<meta name=\"twitter:label2\" content=\"Tiempo de lectura\" \/>\n\t<meta name=\"twitter:data2\" content=\"5 minutos\" \/>\n<script type=\"application\/ld+json\" class=\"yoast-schema-graph\">{\"@context\":\"https:\\\/\\\/schema.org\",\"@graph\":[{\"@type\":\"Article\",\"@id\":\"https:\\\/\\\/lospoliticosveracruz.com\\\/?p=92058#article\",\"isPartOf\":{\"@id\":\"https:\\\/\\\/lospoliticosveracruz.com\\\/?p=92058\"},\"author\":{\"name\":\"Lo viste en Los Pol\u00edticos\",\"@id\":\"https:\\\/\\\/lospoliticosveracruz.com\\\/#\\\/schema\\\/person\\\/b8702bb0e538456e6efd07080bf2a4a2\"},\"headline\":\"PJEV, entre corruptelas y esc\u00e1ndalos\",\"datePublished\":\"2022-07-07T12:45:39+00:00\",\"dateModified\":\"2022-07-07T12:45:46+00:00\",\"mainEntityOfPage\":{\"@id\":\"https:\\\/\\\/lospoliticosveracruz.com\\\/?p=92058\"},\"wordCount\":1026,\"publisher\":{\"@id\":\"https:\\\/\\\/lospoliticosveracruz.com\\\/#organization\"},\"image\":{\"@id\":\"https:\\\/\\\/lospoliticosveracruz.com\\\/?p=92058#primaryimage\"},\"thumbnailUrl\":\"https:\\\/\\\/lospoliticosveracruz.com.mx\\\/wp-content\\\/uploads\\\/2021\\\/10\\\/Zacauilt-150x300.jpg\",\"keywords\":[\"Cuitl\u00e1huac Garc\u00eda Jim\u00e9nez\",\"Isabel In\u00e9s Romero Cruz\",\"Martha Elvira Flores\",\"Miguel \u00c1ngel G\u00f3mez Ruiz\",\"Morena\",\"Ricardo Monreal \u00c1vila\",\"Tuxpan\",\"Veracruz\",\"violencia de g\u00e9nero\"],\"articleSection\":[\"De Opini\u00f3n\"],\"inLanguage\":\"es\"},{\"@type\":\"WebPage\",\"@id\":\"https:\\\/\\\/lospoliticosveracruz.com\\\/?p=92058\",\"url\":\"https:\\\/\\\/lospoliticosveracruz.com\\\/?p=92058\",\"name\":\"PJEV, entre corruptelas y esc\u00e1ndalos - Los pol\u00edticos Veracruz\",\"isPartOf\":{\"@id\":\"https:\\\/\\\/lospoliticosveracruz.com\\\/#website\"},\"primaryImageOfPage\":{\"@id\":\"https:\\\/\\\/lospoliticosveracruz.com\\\/?p=92058#primaryimage\"},\"image\":{\"@id\":\"https:\\\/\\\/lospoliticosveracruz.com\\\/?p=92058#primaryimage\"},\"thumbnailUrl\":\"https:\\\/\\\/lospoliticosveracruz.com.mx\\\/wp-content\\\/uploads\\\/2021\\\/10\\\/Zacauilt-150x300.jpg\",\"datePublished\":\"2022-07-07T12:45:39+00:00\",\"dateModified\":\"2022-07-07T12:45:46+00:00\",\"breadcrumb\":{\"@id\":\"https:\\\/\\\/lospoliticosveracruz.com\\\/?p=92058#breadcrumb\"},\"inLanguage\":\"es\",\"potentialAction\":[{\"@type\":\"ReadAction\",\"target\":[\"https:\\\/\\\/lospoliticosveracruz.com\\\/?p=92058\"]}]},{\"@type\":\"ImageObject\",\"inLanguage\":\"es\",\"@id\":\"https:\\\/\\\/lospoliticosveracruz.com\\\/?p=92058#primaryimage\",\"url\":\"https:\\\/\\\/lospoliticosveracruz.com.mx\\\/wp-content\\\/uploads\\\/2021\\\/10\\\/Zacauilt-150x300.jpg\",\"contentUrl\":\"https:\\\/\\\/lospoliticosveracruz.com.mx\\\/wp-content\\\/uploads\\\/2021\\\/10\\\/Zacauilt-150x300.jpg\"},{\"@type\":\"BreadcrumbList\",\"@id\":\"https:\\\/\\\/lospoliticosveracruz.com\\\/?p=92058#breadcrumb\",\"itemListElement\":[{\"@type\":\"ListItem\",\"position\":1,\"name\":\"Portada\",\"item\":\"https:\\\/\\\/lospoliticosveracruz.com\\\/\"},{\"@type\":\"ListItem\",\"position\":2,\"name\":\"PJEV, entre corruptelas y esc\u00e1ndalos\"}]},{\"@type\":\"WebSite\",\"@id\":\"https:\\\/\\\/lospoliticosveracruz.com\\\/#website\",\"url\":\"https:\\\/\\\/lospoliticosveracruz.com\\\/\",\"name\":\"Los pol\u00edticos Veracruz\",\"description\":\"\",\"publisher\":{\"@id\":\"https:\\\/\\\/lospoliticosveracruz.com\\\/#organization\"},\"potentialAction\":[{\"@type\":\"SearchAction\",\"target\":{\"@type\":\"EntryPoint\",\"urlTemplate\":\"https:\\\/\\\/lospoliticosveracruz.com\\\/?s={search_term_string}\"},\"query-input\":{\"@type\":\"PropertyValueSpecification\",\"valueRequired\":true,\"valueName\":\"search_term_string\"}}],\"inLanguage\":\"es\"},{\"@type\":\"Organization\",\"@id\":\"https:\\\/\\\/lospoliticosveracruz.com\\\/#organization\",\"name\":\"Los pol\u00edticos Veracruz\",\"url\":\"https:\\\/\\\/lospoliticosveracruz.com\\\/\",\"logo\":{\"@type\":\"ImageObject\",\"inLanguage\":\"es\",\"@id\":\"https:\\\/\\\/lospoliticosveracruz.com\\\/#\\\/schema\\\/logo\\\/image\\\/\",\"url\":\"https:\\\/\\\/lospoliticosveracruz.com\\\/wp-content\\\/uploads\\\/2025\\\/12\\\/Logo-Nuevo-LOS-POLITICOS-1.jpg\",\"contentUrl\":\"https:\\\/\\\/lospoliticosveracruz.com\\\/wp-content\\\/uploads\\\/2025\\\/12\\\/Logo-Nuevo-LOS-POLITICOS-1.jpg\",\"width\":260,\"height\":70,\"caption\":\"Los pol\u00edticos Veracruz\"},\"image\":{\"@id\":\"https:\\\/\\\/lospoliticosveracruz.com\\\/#\\\/schema\\\/logo\\\/image\\\/\"},\"sameAs\":[\"https:\\\/\\\/www.facebook.com\\\/people\\\/Notimemes-de-los-Polticos\\\/61565672886568\\\/\",\"https:\\\/\\\/x.com\\\/LosPoliticosVer\"]},{\"@type\":\"Person\",\"@id\":\"https:\\\/\\\/lospoliticosveracruz.com\\\/#\\\/schema\\\/person\\\/b8702bb0e538456e6efd07080bf2a4a2\",\"name\":\"Lo viste en Los Pol\u00edticos\",\"image\":{\"@type\":\"ImageObject\",\"inLanguage\":\"es\",\"@id\":\"https:\\\/\\\/secure.gravatar.com\\\/avatar\\\/3a8de04a2656d44082be478bd6c086daa447c4651605818287b9532d3d0bd435?s=96&d=mm&r=g\",\"url\":\"https:\\\/\\\/secure.gravatar.com\\\/avatar\\\/3a8de04a2656d44082be478bd6c086daa447c4651605818287b9532d3d0bd435?s=96&d=mm&r=g\",\"contentUrl\":\"https:\\\/\\\/secure.gravatar.com\\\/avatar\\\/3a8de04a2656d44082be478bd6c086daa447c4651605818287b9532d3d0bd435?s=96&d=mm&r=g\",\"caption\":\"Lo viste en Los Pol\u00edticos\"},\"url\":\"https:\\\/\\\/lospoliticosveracruz.com\\\/?author=2\"}]}<\/script>\n<!-- \/ Yoast SEO plugin. -->","yoast_head_json":{"title":"PJEV, entre corruptelas y esc\u00e1ndalos - Los pol\u00edticos Veracruz","robots":{"index":"index","follow":"follow","max-snippet":"max-snippet:-1","max-image-preview":"max-image-preview:large","max-video-preview":"max-video-preview:-1"},"canonical":"https:\/\/lospoliticosveracruz.com\/?p=92058","og_locale":"es_ES","og_type":"article","og_title":"PJEV, entre corruptelas y esc\u00e1ndalos - Los pol\u00edticos Veracruz","og_description":"Miguel \u00c1ngel G\u00f3mez RuizContrapunto En Veracruz, la justicia tiene un costo y quien paga es el que recibe los beneficios. A jueces y magistrados, principalmente los impuestos por Morena y otros que simpatizan con ese partido, s\u00f3lo les basta una orden de la jefa, Isabel Romero Cruz, para disponer de la justicia a favor de [&hellip;]","og_url":"https:\/\/lospoliticosveracruz.com\/?p=92058","og_site_name":"Los pol\u00edticos Veracruz","article_publisher":"https:\/\/www.facebook.com\/people\/Notimemes-de-los-Polticos\/61565672886568\/","article_published_time":"2022-07-07T12:45:39+00:00","article_modified_time":"2022-07-07T12:45:46+00:00","og_image":[{"url":"https:\/\/lospoliticosveracruz.com.mx\/wp-content\/uploads\/2021\/10\/Zacauilt-150x300.jpg","type":"","width":"","height":""}],"author":"Lo viste en Los Pol\u00edticos","twitter_card":"summary_large_image","twitter_creator":"@LosPoliticosVer","twitter_site":"@LosPoliticosVer","twitter_misc":{"Escrito por":"Lo viste en Los Pol\u00edticos","Tiempo de lectura":"5 minutos"},"schema":{"@context":"https:\/\/schema.org","@graph":[{"@type":"Article","@id":"https:\/\/lospoliticosveracruz.com\/?p=92058#article","isPartOf":{"@id":"https:\/\/lospoliticosveracruz.com\/?p=92058"},"author":{"name":"Lo viste en Los Pol\u00edticos","@id":"https:\/\/lospoliticosveracruz.com\/#\/schema\/person\/b8702bb0e538456e6efd07080bf2a4a2"},"headline":"PJEV, entre corruptelas y esc\u00e1ndalos","datePublished":"2022-07-07T12:45:39+00:00","dateModified":"2022-07-07T12:45:46+00:00","mainEntityOfPage":{"@id":"https:\/\/lospoliticosveracruz.com\/?p=92058"},"wordCount":1026,"publisher":{"@id":"https:\/\/lospoliticosveracruz.com\/#organization"},"image":{"@id":"https:\/\/lospoliticosveracruz.com\/?p=92058#primaryimage"},"thumbnailUrl":"https:\/\/lospoliticosveracruz.com.mx\/wp-content\/uploads\/2021\/10\/Zacauilt-150x300.jpg","keywords":["Cuitl\u00e1huac Garc\u00eda Jim\u00e9nez","Isabel In\u00e9s Romero Cruz","Martha Elvira Flores","Miguel \u00c1ngel G\u00f3mez Ruiz","Morena","Ricardo Monreal \u00c1vila","Tuxpan","Veracruz","violencia de g\u00e9nero"],"articleSection":["De Opini\u00f3n"],"inLanguage":"es"},{"@type":"WebPage","@id":"https:\/\/lospoliticosveracruz.com\/?p=92058","url":"https:\/\/lospoliticosveracruz.com\/?p=92058","name":"PJEV, entre corruptelas y esc\u00e1ndalos - Los pol\u00edticos Veracruz","isPartOf":{"@id":"https:\/\/lospoliticosveracruz.com\/#website"},"primaryImageOfPage":{"@id":"https:\/\/lospoliticosveracruz.com\/?p=92058#primaryimage"},"image":{"@id":"https:\/\/lospoliticosveracruz.com\/?p=92058#primaryimage"},"thumbnailUrl":"https:\/\/lospoliticosveracruz.com.mx\/wp-content\/uploads\/2021\/10\/Zacauilt-150x300.jpg","datePublished":"2022-07-07T12:45:39+00:00","dateModified":"2022-07-07T12:45:46+00:00","breadcrumb":{"@id":"https:\/\/lospoliticosveracruz.com\/?p=92058#breadcrumb"},"inLanguage":"es","potentialAction":[{"@type":"ReadAction","target":["https:\/\/lospoliticosveracruz.com\/?p=92058"]}]},{"@type":"ImageObject","inLanguage":"es","@id":"https:\/\/lospoliticosveracruz.com\/?p=92058#primaryimage","url":"https:\/\/lospoliticosveracruz.com.mx\/wp-content\/uploads\/2021\/10\/Zacauilt-150x300.jpg","contentUrl":"https:\/\/lospoliticosveracruz.com.mx\/wp-content\/uploads\/2021\/10\/Zacauilt-150x300.jpg"},{"@type":"BreadcrumbList","@id":"https:\/\/lospoliticosveracruz.com\/?p=92058#breadcrumb","itemListElement":[{"@type":"ListItem","position":1,"name":"Portada","item":"https:\/\/lospoliticosveracruz.com\/"},{"@type":"ListItem","position":2,"name":"PJEV, entre corruptelas y esc\u00e1ndalos"}]},{"@type":"WebSite","@id":"https:\/\/lospoliticosveracruz.com\/#website","url":"https:\/\/lospoliticosveracruz.com\/","name":"Los pol\u00edticos Veracruz","description":"","publisher":{"@id":"https:\/\/lospoliticosveracruz.com\/#organization"},"potentialAction":[{"@type":"SearchAction","target":{"@type":"EntryPoint","urlTemplate":"https:\/\/lospoliticosveracruz.com\/?s={search_term_string}"},"query-input":{"@type":"PropertyValueSpecification","valueRequired":true,"valueName":"search_term_string"}}],"inLanguage":"es"},{"@type":"Organization","@id":"https:\/\/lospoliticosveracruz.com\/#organization","name":"Los pol\u00edticos Veracruz","url":"https:\/\/lospoliticosveracruz.com\/","logo":{"@type":"ImageObject","inLanguage":"es","@id":"https:\/\/lospoliticosveracruz.com\/#\/schema\/logo\/image\/","url":"https:\/\/lospoliticosveracruz.com\/wp-content\/uploads\/2025\/12\/Logo-Nuevo-LOS-POLITICOS-1.jpg","contentUrl":"https:\/\/lospoliticosveracruz.com\/wp-content\/uploads\/2025\/12\/Logo-Nuevo-LOS-POLITICOS-1.jpg","width":260,"height":70,"caption":"Los pol\u00edticos Veracruz"},"image":{"@id":"https:\/\/lospoliticosveracruz.com\/#\/schema\/logo\/image\/"},"sameAs":["https:\/\/www.facebook.com\/people\/Notimemes-de-los-Polticos\/61565672886568\/","https:\/\/x.com\/LosPoliticosVer"]},{"@type":"Person","@id":"https:\/\/lospoliticosveracruz.com\/#\/schema\/person\/b8702bb0e538456e6efd07080bf2a4a2","name":"Lo viste en Los Pol\u00edticos","image":{"@type":"ImageObject","inLanguage":"es","@id":"https:\/\/secure.gravatar.com\/avatar\/3a8de04a2656d44082be478bd6c086daa447c4651605818287b9532d3d0bd435?s=96&d=mm&r=g","url":"https:\/\/secure.gravatar.com\/avatar\/3a8de04a2656d44082be478bd6c086daa447c4651605818287b9532d3d0bd435?s=96&d=mm&r=g","contentUrl":"https:\/\/secure.gravatar.com\/avatar\/3a8de04a2656d44082be478bd6c086daa447c4651605818287b9532d3d0bd435?s=96&d=mm&r=g","caption":"Lo viste en Los Pol\u00edticos"},"url":"https:\/\/lospoliticosveracruz.com\/?author=2"}]}},"_links":{"self":[{"href":"https:\/\/lospoliticosveracruz.com\/index.php?rest_route=\/wp\/v2\/posts\/92058","targetHints":{"allow":["GET"]}}],"collection":[{"href":"https:\/\/lospoliticosveracruz.com\/index.php?rest_route=\/wp\/v2\/posts"}],"about":[{"href":"https:\/\/lospoliticosveracruz.com\/index.php?rest_route=\/wp\/v2\/types\/post"}],"author":[{"embeddable":true,"href":"https:\/\/lospoliticosveracruz.com\/index.php?rest_route=\/wp\/v2\/users\/2"}],"replies":[{"embeddable":true,"href":"https:\/\/lospoliticosveracruz.com\/index.php?rest_route=%2Fwp%2Fv2%2Fcomments&post=92058"}],"version-history":[{"count":1,"href":"https:\/\/lospoliticosveracruz.com\/index.php?rest_route=\/wp\/v2\/posts\/92058\/revisions"}],"predecessor-version":[{"id":92060,"href":"https:\/\/lospoliticosveracruz.com\/index.php?rest_route=\/wp\/v2\/posts\/92058\/revisions\/92060"}],"wp:attachment":[{"href":"https:\/\/lospoliticosveracruz.com\/index.php?rest_route=%2Fwp%2Fv2%2Fmedia&parent=92058"}],"wp:term":[{"taxonomy":"category","embeddable":true,"href":"https:\/\/lospoliticosveracruz.com\/index.php?rest_route=%2Fwp%2Fv2%2Fcategories&post=92058"},{"taxonomy":"post_tag","embeddable":true,"href":"https:\/\/lospoliticosveracruz.com\/index.php?rest_route=%2Fwp%2Fv2%2Ftags&post=92058"}],"curies":[{"name":"wp","href":"https:\/\/api.w.org\/{rel}","templated":true}]}}