{"id":92203,"date":"2022-07-11T08:38:54","date_gmt":"2022-07-11T13:38:54","guid":{"rendered":"https:\/\/lospoliticosveracruz.com.mx\/?p=92203"},"modified":"2022-07-11T08:39:02","modified_gmt":"2022-07-11T13:39:02","slug":"utopia-1","status":"publish","type":"post","link":"https:\/\/lospoliticosveracruz.com\/?p=92203","title":{"rendered":"Utop\u00eda \/1"},"content":{"rendered":"\n<p><\/p>\n\n\n\n<p><strong>Sergio Gonz\u00e1lez Levet<\/strong><\/p>\n\n\n\n<p><em>Sin tacto<\/em><\/p>\n\n\n\n<p>Con tanta violencia, tantos desastres y tantas calamidades encima, se antoja de repente so\u00f1ar un poco, para darnos un descanso de la realidad:<\/p>\n\n\n\n<p>\u200b<strong>CdMx. Domingo 1\u00ba de diciembre de 2019<\/strong>.-En la celebraci\u00f3n del primer a\u00f1o de su gobierno, el presidente Andr\u00e9s Manuel L\u00f3pez Obrador inaugur\u00f3 el majestuoso Aeropuerto Internacional de la Ciudad de M\u00e9xico, que coloca a nuestra naci\u00f3n en la vanguardia de la aviaci\u00f3n mundial y abre una puerta para el comercio global, el turismo y la comunicaci\u00f3n con todo el planeta.<\/p>\n\n\n\n<figure class=\"wp-block-embed is-type-video is-provider-youtube wp-block-embed-youtube wp-embed-aspect-16-9 wp-has-aspect-ratio\"><div class=\"wp-block-embed__wrapper\">\n<iframe loading=\"lazy\" title=\"Cluster Coworking\" width=\"696\" height=\"392\" src=\"https:\/\/www.youtube.com\/embed\/Nxe-vxf8GuY?feature=oembed\" frameborder=\"0\" allow=\"accelerometer; autoplay; clipboard-write; encrypted-media; gyroscope; picture-in-picture; web-share\" referrerpolicy=\"strict-origin-when-cross-origin\" allowfullscreen><\/iframe>\n<\/div><\/figure>\n\n\n\n<p>\u200bEl comit\u00e9 de construcci\u00f3n que nombr\u00f3 el nuevo gobierno, al mismo tiempo que aceler\u00f3 la construcci\u00f3n, se dedic\u00f3 en este a\u00f1o a recuperar recursos que se hab\u00edan estado yendo por la v\u00eda de los moches y consigui\u00f3 rehacer los contratos en condiciones mucho m\u00e1s ventajosas para el erario.<\/p>\n\n\n\n<p>\u200bEl monumental aeropuerto es considerado el mejor y m\u00e1s moderno de Am\u00e9rica Latina, raz\u00f3n por la cual las principales aerol\u00edneas se apresuraron a solicitar sus servicios, y arranca con conexiones a todos los rincones del planeta.<\/p>\n\n\n\n<p>\u200bEn su mensaje inaugural, el mandatario ofreci\u00f3 un resumen de las acciones desarrolladas durante su gobierno e hizo \u00e9nfasis en su cruzada contra la corrupci\u00f3n, en la que han sido puestos en la c\u00e1rcel pillos como los ex priistas Manuel Bartlett y Alejandro Gertz Manero.<\/p>\n\n\n\n<p>\u200bRecord\u00f3 que la lucha contra los corruptos va contra quienes robaron al erario en el pasado, pero tambi\u00e9n est\u00e1 dirigida a los miembros de su proyecto de&nbsp;transformaci\u00f3n nacional que no entiendan los nuevos tiempos y la exigencia de una honestidad pr\u00edstina.<\/p>\n\n\n\n<p>\u200bPor ello es que ahora enfrentan el peso de la justicia popular traidores que se dejaron llevar por su ambici\u00f3n o sus desviaciones, como Irma Er\u00e9ndira Sandoval, su esposo John Ackerman y F\u00e9lix Salgado Macedonio.<\/p>\n\n\n\n<p>\u200bDel mismo modo, el mandatario hizo un rega\u00f1o p\u00fablico a su hijo mayor, debido a que viv\u00eda en un ambiente de lujos y derroche en los Estados Unidos, y orden\u00f3 una investigaci\u00f3n exhaustiva para garantizar que de ninguna \u00e1rea del Gobierno salgan recursos oscuros o claros para beneficiar a su v\u00e1stago.<\/p>\n\n\n\n<p>\u200b\u201cEl buen juez por su casa empieza,\u201d dijo L\u00f3pez Obrador, \u201cy todos en mi familia deben recordar que la ley es la ley, y se debe acatar.\u201d<\/p>\n\n\n\n<p>\u200bLa nueva transparencia en el manejo de los dineros p\u00fablicos permiti\u00f3, por ejemplo, hacer m\u00e1s eficiente la compra de las medicinas necesarias para el sector salud, de modo que&nbsp;ahora&nbsp;a ning\u00fan enfermo le faltan&nbsp;atenci\u00f3n&nbsp;y&nbsp;remedios. Adem\u00e1s, hemos conseguido&nbsp;hacer universal la oferta de servicios del Seguro Popular.<\/p>\n\n\n\n<p>\u200b\u00bbAhora tenemos un sistema de salud que se acerca a los m\u00e1s avanzados, y conseguida la cobertura total para la poblaci\u00f3n, nos estamos dedicando a mejorar hasta en sus m\u00ednimos detalles la calidad y la calidez del servicio.\u00bb<\/p>\n\n\n\n<p>\u200b(Continuar\u00e1).<\/p>\n\n\n\n<p><a href=\"mailto:sglevet@gmail.com\">sglevet@gmail.com<\/a><\/p>\n","protected":false},"excerpt":{"rendered":"<p>Sergio Gonz\u00e1lez Levet Sin tacto Con tanta violencia, tantos desastres y tantas calamidades encima, se antoja de repente so\u00f1ar un poco, para darnos un descanso de la realidad: \u200bCdMx. Domingo 1\u00ba de diciembre de 2019.-En la celebraci\u00f3n del primer a\u00f1o de su gobierno, el presidente Andr\u00e9s Manuel L\u00f3pez Obrador inaugur\u00f3 el majestuoso Aeropuerto Internacional de [&hellip;]<\/p>\n","protected":false},"author":2,"featured_media":0,"comment_status":"closed","ping_status":"closed","sticky":false,"template":"","format":"standard","meta":{"tdm_status":"","tdm_grid_status":"","footnotes":""},"categories":[70],"tags":[618,282,1132,12998,6510,12280,1026],"class_list":{"0":"post-92203","1":"post","2":"type-post","3":"status-publish","4":"format-standard","6":"category-de-opinion","7":"tag-andres-manuel-lopez-obrador","8":"tag-corrupcion","9":"tag-felix-salgado-macedonio","10":"tag-irma-erendira-sandoval","11":"tag-john-ackerman","12":"tag-manuel-bartlett-diaz","13":"tag-morena"},"yoast_head":"<!-- This site is optimized with the Yoast SEO plugin v27.4 - https:\/\/yoast.com\/product\/yoast-seo-wordpress\/ -->\n<title>Utop\u00eda \/1 - Los pol\u00edticos Veracruz<\/title>\n<meta name=\"robots\" content=\"index, follow, max-snippet:-1, max-image-preview:large, max-video-preview:-1\" \/>\n<link rel=\"canonical\" href=\"https:\/\/lospoliticosveracruz.com\/?p=92203\" \/>\n<meta property=\"og:locale\" content=\"es_ES\" \/>\n<meta property=\"og:type\" content=\"article\" \/>\n<meta property=\"og:title\" content=\"Utop\u00eda \/1 - Los pol\u00edticos Veracruz\" \/>\n<meta property=\"og:description\" content=\"Sergio Gonz\u00e1lez Levet Sin tacto Con tanta violencia, tantos desastres y tantas calamidades encima, se antoja de repente so\u00f1ar un poco, para darnos un descanso de la realidad: \u200bCdMx. Domingo 1\u00ba de diciembre de 2019.-En la celebraci\u00f3n del primer a\u00f1o de su gobierno, el presidente Andr\u00e9s Manuel L\u00f3pez Obrador inaugur\u00f3 el majestuoso Aeropuerto Internacional de [&hellip;]\" \/>\n<meta property=\"og:url\" content=\"https:\/\/lospoliticosveracruz.com\/?p=92203\" \/>\n<meta property=\"og:site_name\" content=\"Los pol\u00edticos Veracruz\" \/>\n<meta property=\"article:publisher\" content=\"https:\/\/www.facebook.com\/people\/Notimemes-de-los-Polticos\/61565672886568\/\" \/>\n<meta property=\"article:published_time\" content=\"2022-07-11T13:38:54+00:00\" \/>\n<meta property=\"article:modified_time\" content=\"2022-07-11T13:39:02+00:00\" \/>\n<meta property=\"og:image\" content=\"https:\/\/lospoliticosveracruz.com\/wp-content\/uploads\/2016\/07\/Logo-Dor.jpg\" \/>\n\t<meta property=\"og:image:width\" content=\"200\" \/>\n\t<meta property=\"og:image:height\" content=\"200\" \/>\n\t<meta property=\"og:image:type\" content=\"image\/jpeg\" \/>\n<meta name=\"author\" content=\"Lo viste en Los Pol\u00edticos\" \/>\n<meta name=\"twitter:card\" content=\"summary_large_image\" \/>\n<meta name=\"twitter:creator\" content=\"@LosPoliticosVer\" \/>\n<meta name=\"twitter:site\" content=\"@LosPoliticosVer\" \/>\n<meta name=\"twitter:label1\" content=\"Escrito por\" \/>\n\t<meta name=\"twitter:data1\" content=\"Lo viste en Los Pol\u00edticos\" \/>\n\t<meta name=\"twitter:label2\" content=\"Tiempo de lectura\" \/>\n\t<meta name=\"twitter:data2\" content=\"3 minutos\" \/>\n<script type=\"application\/ld+json\" class=\"yoast-schema-graph\">{\"@context\":\"https:\\\/\\\/schema.org\",\"@graph\":[{\"@type\":\"Article\",\"@id\":\"https:\\\/\\\/lospoliticosveracruz.com\\\/?p=92203#article\",\"isPartOf\":{\"@id\":\"https:\\\/\\\/lospoliticosveracruz.com\\\/?p=92203\"},\"author\":{\"name\":\"Lo viste en Los Pol\u00edticos\",\"@id\":\"https:\\\/\\\/lospoliticosveracruz.com\\\/#\\\/schema\\\/person\\\/b8702bb0e538456e6efd07080bf2a4a2\"},\"headline\":\"Utop\u00eda \\\/1\",\"datePublished\":\"2022-07-11T13:38:54+00:00\",\"dateModified\":\"2022-07-11T13:39:02+00:00\",\"mainEntityOfPage\":{\"@id\":\"https:\\\/\\\/lospoliticosveracruz.com\\\/?p=92203\"},\"wordCount\":519,\"publisher\":{\"@id\":\"https:\\\/\\\/lospoliticosveracruz.com\\\/#organization\"},\"keywords\":[\"Andr\u00e9s Manuel L\u00f3pez Obrador\",\"corrupci\u00f3n\",\"F\u00e9lix Salgado Macedonio\",\"Irma Er\u00e9ndira Sandoval\",\"John Ackerman\",\"Manuel Bartlett D\u00edaz\",\"Morena\"],\"articleSection\":[\"De Opini\u00f3n\"],\"inLanguage\":\"es\"},{\"@type\":\"WebPage\",\"@id\":\"https:\\\/\\\/lospoliticosveracruz.com\\\/?p=92203\",\"url\":\"https:\\\/\\\/lospoliticosveracruz.com\\\/?p=92203\",\"name\":\"Utop\u00eda \\\/1 - Los pol\u00edticos Veracruz\",\"isPartOf\":{\"@id\":\"https:\\\/\\\/lospoliticosveracruz.com\\\/#website\"},\"datePublished\":\"2022-07-11T13:38:54+00:00\",\"dateModified\":\"2022-07-11T13:39:02+00:00\",\"breadcrumb\":{\"@id\":\"https:\\\/\\\/lospoliticosveracruz.com\\\/?p=92203#breadcrumb\"},\"inLanguage\":\"es\",\"potentialAction\":[{\"@type\":\"ReadAction\",\"target\":[\"https:\\\/\\\/lospoliticosveracruz.com\\\/?p=92203\"]}]},{\"@type\":\"BreadcrumbList\",\"@id\":\"https:\\\/\\\/lospoliticosveracruz.com\\\/?p=92203#breadcrumb\",\"itemListElement\":[{\"@type\":\"ListItem\",\"position\":1,\"name\":\"Portada\",\"item\":\"https:\\\/\\\/lospoliticosveracruz.com\\\/\"},{\"@type\":\"ListItem\",\"position\":2,\"name\":\"Utop\u00eda \\\/1\"}]},{\"@type\":\"WebSite\",\"@id\":\"https:\\\/\\\/lospoliticosveracruz.com\\\/#website\",\"url\":\"https:\\\/\\\/lospoliticosveracruz.com\\\/\",\"name\":\"Los pol\u00edticos Veracruz\",\"description\":\"\",\"publisher\":{\"@id\":\"https:\\\/\\\/lospoliticosveracruz.com\\\/#organization\"},\"potentialAction\":[{\"@type\":\"SearchAction\",\"target\":{\"@type\":\"EntryPoint\",\"urlTemplate\":\"https:\\\/\\\/lospoliticosveracruz.com\\\/?s={search_term_string}\"},\"query-input\":{\"@type\":\"PropertyValueSpecification\",\"valueRequired\":true,\"valueName\":\"search_term_string\"}}],\"inLanguage\":\"es\"},{\"@type\":\"Organization\",\"@id\":\"https:\\\/\\\/lospoliticosveracruz.com\\\/#organization\",\"name\":\"Los pol\u00edticos Veracruz\",\"url\":\"https:\\\/\\\/lospoliticosveracruz.com\\\/\",\"logo\":{\"@type\":\"ImageObject\",\"inLanguage\":\"es\",\"@id\":\"https:\\\/\\\/lospoliticosveracruz.com\\\/#\\\/schema\\\/logo\\\/image\\\/\",\"url\":\"https:\\\/\\\/lospoliticosveracruz.com\\\/wp-content\\\/uploads\\\/2025\\\/12\\\/Logo-Nuevo-LOS-POLITICOS-1.jpg\",\"contentUrl\":\"https:\\\/\\\/lospoliticosveracruz.com\\\/wp-content\\\/uploads\\\/2025\\\/12\\\/Logo-Nuevo-LOS-POLITICOS-1.jpg\",\"width\":260,\"height\":70,\"caption\":\"Los pol\u00edticos Veracruz\"},\"image\":{\"@id\":\"https:\\\/\\\/lospoliticosveracruz.com\\\/#\\\/schema\\\/logo\\\/image\\\/\"},\"sameAs\":[\"https:\\\/\\\/www.facebook.com\\\/people\\\/Notimemes-de-los-Polticos\\\/61565672886568\\\/\",\"https:\\\/\\\/x.com\\\/LosPoliticosVer\"]},{\"@type\":\"Person\",\"@id\":\"https:\\\/\\\/lospoliticosveracruz.com\\\/#\\\/schema\\\/person\\\/b8702bb0e538456e6efd07080bf2a4a2\",\"name\":\"Lo viste en Los Pol\u00edticos\",\"image\":{\"@type\":\"ImageObject\",\"inLanguage\":\"es\",\"@id\":\"https:\\\/\\\/secure.gravatar.com\\\/avatar\\\/3a8de04a2656d44082be478bd6c086daa447c4651605818287b9532d3d0bd435?s=96&d=mm&r=g\",\"url\":\"https:\\\/\\\/secure.gravatar.com\\\/avatar\\\/3a8de04a2656d44082be478bd6c086daa447c4651605818287b9532d3d0bd435?s=96&d=mm&r=g\",\"contentUrl\":\"https:\\\/\\\/secure.gravatar.com\\\/avatar\\\/3a8de04a2656d44082be478bd6c086daa447c4651605818287b9532d3d0bd435?s=96&d=mm&r=g\",\"caption\":\"Lo viste en Los Pol\u00edticos\"},\"url\":\"https:\\\/\\\/lospoliticosveracruz.com\\\/?author=2\"}]}<\/script>\n<!-- \/ Yoast SEO plugin. -->","yoast_head_json":{"title":"Utop\u00eda \/1 - Los pol\u00edticos Veracruz","robots":{"index":"index","follow":"follow","max-snippet":"max-snippet:-1","max-image-preview":"max-image-preview:large","max-video-preview":"max-video-preview:-1"},"canonical":"https:\/\/lospoliticosveracruz.com\/?p=92203","og_locale":"es_ES","og_type":"article","og_title":"Utop\u00eda \/1 - Los pol\u00edticos Veracruz","og_description":"Sergio Gonz\u00e1lez Levet Sin tacto Con tanta violencia, tantos desastres y tantas calamidades encima, se antoja de repente so\u00f1ar un poco, para darnos un descanso de la realidad: \u200bCdMx. Domingo 1\u00ba de diciembre de 2019.-En la celebraci\u00f3n del primer a\u00f1o de su gobierno, el presidente Andr\u00e9s Manuel L\u00f3pez Obrador inaugur\u00f3 el majestuoso Aeropuerto Internacional de [&hellip;]","og_url":"https:\/\/lospoliticosveracruz.com\/?p=92203","og_site_name":"Los pol\u00edticos Veracruz","article_publisher":"https:\/\/www.facebook.com\/people\/Notimemes-de-los-Polticos\/61565672886568\/","article_published_time":"2022-07-11T13:38:54+00:00","article_modified_time":"2022-07-11T13:39:02+00:00","og_image":[{"width":200,"height":200,"url":"https:\/\/lospoliticosveracruz.com\/wp-content\/uploads\/2016\/07\/Logo-Dor.jpg","type":"image\/jpeg"}],"author":"Lo viste en Los Pol\u00edticos","twitter_card":"summary_large_image","twitter_creator":"@LosPoliticosVer","twitter_site":"@LosPoliticosVer","twitter_misc":{"Escrito por":"Lo viste en Los Pol\u00edticos","Tiempo de lectura":"3 minutos"},"schema":{"@context":"https:\/\/schema.org","@graph":[{"@type":"Article","@id":"https:\/\/lospoliticosveracruz.com\/?p=92203#article","isPartOf":{"@id":"https:\/\/lospoliticosveracruz.com\/?p=92203"},"author":{"name":"Lo viste en Los Pol\u00edticos","@id":"https:\/\/lospoliticosveracruz.com\/#\/schema\/person\/b8702bb0e538456e6efd07080bf2a4a2"},"headline":"Utop\u00eda \/1","datePublished":"2022-07-11T13:38:54+00:00","dateModified":"2022-07-11T13:39:02+00:00","mainEntityOfPage":{"@id":"https:\/\/lospoliticosveracruz.com\/?p=92203"},"wordCount":519,"publisher":{"@id":"https:\/\/lospoliticosveracruz.com\/#organization"},"keywords":["Andr\u00e9s Manuel L\u00f3pez Obrador","corrupci\u00f3n","F\u00e9lix Salgado Macedonio","Irma Er\u00e9ndira Sandoval","John Ackerman","Manuel Bartlett D\u00edaz","Morena"],"articleSection":["De Opini\u00f3n"],"inLanguage":"es"},{"@type":"WebPage","@id":"https:\/\/lospoliticosveracruz.com\/?p=92203","url":"https:\/\/lospoliticosveracruz.com\/?p=92203","name":"Utop\u00eda \/1 - Los pol\u00edticos Veracruz","isPartOf":{"@id":"https:\/\/lospoliticosveracruz.com\/#website"},"datePublished":"2022-07-11T13:38:54+00:00","dateModified":"2022-07-11T13:39:02+00:00","breadcrumb":{"@id":"https:\/\/lospoliticosveracruz.com\/?p=92203#breadcrumb"},"inLanguage":"es","potentialAction":[{"@type":"ReadAction","target":["https:\/\/lospoliticosveracruz.com\/?p=92203"]}]},{"@type":"BreadcrumbList","@id":"https:\/\/lospoliticosveracruz.com\/?p=92203#breadcrumb","itemListElement":[{"@type":"ListItem","position":1,"name":"Portada","item":"https:\/\/lospoliticosveracruz.com\/"},{"@type":"ListItem","position":2,"name":"Utop\u00eda \/1"}]},{"@type":"WebSite","@id":"https:\/\/lospoliticosveracruz.com\/#website","url":"https:\/\/lospoliticosveracruz.com\/","name":"Los pol\u00edticos Veracruz","description":"","publisher":{"@id":"https:\/\/lospoliticosveracruz.com\/#organization"},"potentialAction":[{"@type":"SearchAction","target":{"@type":"EntryPoint","urlTemplate":"https:\/\/lospoliticosveracruz.com\/?s={search_term_string}"},"query-input":{"@type":"PropertyValueSpecification","valueRequired":true,"valueName":"search_term_string"}}],"inLanguage":"es"},{"@type":"Organization","@id":"https:\/\/lospoliticosveracruz.com\/#organization","name":"Los pol\u00edticos Veracruz","url":"https:\/\/lospoliticosveracruz.com\/","logo":{"@type":"ImageObject","inLanguage":"es","@id":"https:\/\/lospoliticosveracruz.com\/#\/schema\/logo\/image\/","url":"https:\/\/lospoliticosveracruz.com\/wp-content\/uploads\/2025\/12\/Logo-Nuevo-LOS-POLITICOS-1.jpg","contentUrl":"https:\/\/lospoliticosveracruz.com\/wp-content\/uploads\/2025\/12\/Logo-Nuevo-LOS-POLITICOS-1.jpg","width":260,"height":70,"caption":"Los pol\u00edticos Veracruz"},"image":{"@id":"https:\/\/lospoliticosveracruz.com\/#\/schema\/logo\/image\/"},"sameAs":["https:\/\/www.facebook.com\/people\/Notimemes-de-los-Polticos\/61565672886568\/","https:\/\/x.com\/LosPoliticosVer"]},{"@type":"Person","@id":"https:\/\/lospoliticosveracruz.com\/#\/schema\/person\/b8702bb0e538456e6efd07080bf2a4a2","name":"Lo viste en Los Pol\u00edticos","image":{"@type":"ImageObject","inLanguage":"es","@id":"https:\/\/secure.gravatar.com\/avatar\/3a8de04a2656d44082be478bd6c086daa447c4651605818287b9532d3d0bd435?s=96&d=mm&r=g","url":"https:\/\/secure.gravatar.com\/avatar\/3a8de04a2656d44082be478bd6c086daa447c4651605818287b9532d3d0bd435?s=96&d=mm&r=g","contentUrl":"https:\/\/secure.gravatar.com\/avatar\/3a8de04a2656d44082be478bd6c086daa447c4651605818287b9532d3d0bd435?s=96&d=mm&r=g","caption":"Lo viste en Los Pol\u00edticos"},"url":"https:\/\/lospoliticosveracruz.com\/?author=2"}]}},"_links":{"self":[{"href":"https:\/\/lospoliticosveracruz.com\/index.php?rest_route=\/wp\/v2\/posts\/92203","targetHints":{"allow":["GET"]}}],"collection":[{"href":"https:\/\/lospoliticosveracruz.com\/index.php?rest_route=\/wp\/v2\/posts"}],"about":[{"href":"https:\/\/lospoliticosveracruz.com\/index.php?rest_route=\/wp\/v2\/types\/post"}],"author":[{"embeddable":true,"href":"https:\/\/lospoliticosveracruz.com\/index.php?rest_route=\/wp\/v2\/users\/2"}],"replies":[{"embeddable":true,"href":"https:\/\/lospoliticosveracruz.com\/index.php?rest_route=%2Fwp%2Fv2%2Fcomments&post=92203"}],"version-history":[{"count":1,"href":"https:\/\/lospoliticosveracruz.com\/index.php?rest_route=\/wp\/v2\/posts\/92203\/revisions"}],"predecessor-version":[{"id":92205,"href":"https:\/\/lospoliticosveracruz.com\/index.php?rest_route=\/wp\/v2\/posts\/92203\/revisions\/92205"}],"wp:attachment":[{"href":"https:\/\/lospoliticosveracruz.com\/index.php?rest_route=%2Fwp%2Fv2%2Fmedia&parent=92203"}],"wp:term":[{"taxonomy":"category","embeddable":true,"href":"https:\/\/lospoliticosveracruz.com\/index.php?rest_route=%2Fwp%2Fv2%2Fcategories&post=92203"},{"taxonomy":"post_tag","embeddable":true,"href":"https:\/\/lospoliticosveracruz.com\/index.php?rest_route=%2Fwp%2Fv2%2Ftags&post=92203"}],"curies":[{"name":"wp","href":"https:\/\/api.w.org\/{rel}","templated":true}]}}