{"id":92432,"date":"2022-07-15T05:28:00","date_gmt":"2022-07-15T10:28:00","guid":{"rendered":"https:\/\/lospoliticosveracruz.com.mx\/?p=92432"},"modified":"2022-07-14T17:48:45","modified_gmt":"2022-07-14T22:48:45","slug":"involucion","status":"publish","type":"post","link":"https:\/\/lospoliticosveracruz.com\/?p=92432","title":{"rendered":"Involuci\u00f3n"},"content":{"rendered":"\n<p><strong>Guadalupe H. Mar<\/strong><\/p>\n\n\n\n<p><em>Mira Pol\u00edtica<\/em><\/p>\n\n\n\n<p><\/p>\n\n\n\n<p><strong>VUELVE EL SANTO OFICIO<\/strong>&nbsp;\u2026&nbsp;Cuando cre\u00edamos que ya hab\u00edamos avanzado con el surgimiento de instituciones aut\u00f3nomas que garantizar\u00edan justicia y equidad a los ciudadanos en estricto apego a los preceptos de Constituci\u00f3n Pol\u00edtica de los Estados Unidos Mexicanos y para nuestro caso, en la Constituci\u00f3n Pol\u00edtica del Estado de Veracruz,&nbsp;representantes de los entes encargados de la procuraci\u00f3n de justicia en nuestra entidad federativa, en el m\u00e1s evidente acto de genuflexi\u00f3n, validan al estilo del Tribunal del Santo Oficio, de la Fe o Santa Inquisici\u00f3n, el dicho sin pruebas de un ciudadano por el simple hecho de ser el gobernador constitucional del estado libre y soberano de Veracruz de Ignacio de la Llave.<\/p>\n\n\n\n<div class=\"wp-block-image\"><figure class=\"alignleft size-medium\"><a href=\"https:\/\/lospoliticosveracruz.com.mx\/wp-content\/uploads\/2021\/10\/Zacauilt.jpg\"><img decoding=\"async\" src=\"https:\/\/lospoliticosveracruz.com.mx\/wp-content\/uploads\/2021\/10\/Zacauilt-150x300.jpg\" alt=\"\" class=\"wp-image-80558\"\/><\/a><\/figure><\/div>\n\n\n\n<p>As\u00ed es amables lectores, como hace m\u00e1s de 450 a\u00f1os en que se estableci\u00f3 en la Ciudad de M\u00e9xico el Tribunal para la protecci\u00f3n de la fe o Santo Oficio, as\u00ed en Veracruz el pasado mi\u00e9rcoles,&nbsp;un juez de control dict\u00f3 nuevamente prisi\u00f3n&nbsp;<a><\/a>preventiva al alcalde del municipio de Jes\u00fas Carranza, Pasiano Rueda Canseco, no&nbsp;obstante que los abogados de este hab\u00edan obtenido un amparo federal que lo dejar\u00eda en libertad, bas\u00e1ndose \u00fanicamente en un se\u00f1alamiento p\u00fablico- no demanda judicial- del mandatario estatal veracruzano que dejaba entrever que el mun\u00edcipe encarcelado estaba coludido con un grupo de la delincuencia organizada.<\/p>\n\n\n\n<p>Ese se\u00f1alamiento p\u00fablico, sin testimonios, como se hac\u00eda en los tiempos del Tribunal del Santo Oficio, de la Fe o Santa Inquisici\u00f3n, bastaron para que un juzgador representante del Poder Judicial en el estado de Veracruz determinara que el ciudadano Pasiano Rueda Canseco fuera nuevamente retenido en prisi\u00f3n.<\/p>\n\n\n\n<p>La genuflexi\u00f3n del representante del Poder Judicial veracruzano validando los dichos del titular del Poder Ejecutivo en la entidad veracruzana, el ingeniero mec\u00e1nico electricista Cuitl\u00e1huac Garc\u00eda Jim\u00e9nez,&nbsp;nos recuerdan lo que hace m\u00e1s de una d\u00e9cada escribi\u00f3 nuestro maestro Alberto Javier Olvera Rivera, investigador de la Universidad Veracruzana al advertir que&nbsp;\u201cEn M\u00e9xico, las&nbsp;instituciones aut\u00f3nomas, creadas en los gobiernos de la transici\u00f3n, han vivido un&nbsp;largo proceso de degradaci\u00f3n y de colonizaci\u00f3n pol\u00edticas\u201d.&nbsp;<\/p>\n\n\n\n<p>En t\u00e9rminos generales, en la entidad veracruzana se dio un evidente caso de involuci\u00f3n democr\u00e1tica, al validar un dicho para afectar el derecho a la justicia de un ciudadano, por el&nbsp;simple hecho de que el que opin\u00f3es el gobernador constitucional del estado libre y soberano de Veracruz de Ignacio de la Llave.<\/p>\n\n\n\n<p>Dios nos libre entonces a los avecindados en el estado de Veracruz,&nbsp;pues 451 a\u00f1os despu\u00e9s de ser establecida en M\u00e9xico, ha vuelto el&nbsp;Tribunal del Santo Oficio, de la Fe o Santa Inquisici\u00f3n.<\/p>\n\n\n\n<p>Vade retro.<\/p>\n\n\n\n<p><strong>DEL DICHO AL HECHO<\/strong>&nbsp;\u2026 En junio pasado, en una de sus&nbsp;exclusivas ruedas de prensa, el gobernador del estado de Veracruz, Cuitl\u00e1huac Garc\u00eda Jim\u00e9nez,&nbsp;mencion\u00f3 que&nbsp;las autoridades de la Ciudad de M\u00e9xico detuvieron a&nbsp;Jovanni \u201cN\u201d alias \u201cEl Vani\u201d, presunto integrante de la \u201cFamilia Michoacana\u201d, quien supuestamente lleg\u00f3 a financiar \u201calgunas campa\u00f1as pol\u00edticas\u201d en el municipio de Jes\u00fas Carranza, al sur de la entidad veracruzana.<\/p>\n\n\n\n<p>Su dicho, validado por un juzgador del Poder Judicial del estado de Veracruz fue el siguiente:&nbsp;\u201cFue detenidoun jefe de plaza de la Familia Michoacana que ten\u00eda dos sobrenombres, \u2018el Gallo\u2019 en el lado de Veracruz y \u2018El Vani\u2019 en el otro estado y esa persona tiene inter\u00e9s en Jes\u00fas Carranza. Pensamos que es el que financi\u00f3 algunas campa\u00f1as y eso lo tiene que comprobar la Fiscal\u00eda con base en una denuncia\u201d.<\/p>\n\n\n\n<p>Como la Fiscal\u00eda General del estado de Veracruz (Fgever) no ha tenido \u00e9xito en sus investigaciones y por ende no hubo denuncia en contra del encarcelado alcalde del municipio de Jes\u00fas Carranza, el ciudadano Pasiano Rueda Canseco, quien ya estaba casi libre gracias a un amparo federal que le hab\u00edan otorgado, se decidi\u00f3 por sentar imprudente jurisprudencia al estilo del Tribunal de la Fe.<\/p>\n\n\n\n<p><strong>SENTIDO P\u00c9SAME<\/strong>&nbsp;\u2026 A los familiares de la abogada Dolores Fern\u00e1ndez Contreras, a quien cari\u00f1osamente llam\u00e1bamos \u201cLolita\u201d, quien falleci\u00f3 el domingo pasadoen Veracruz.<\/p>\n\n\n\n<p>\u201cLolita\u201d Fern\u00e1ndez, fue s\u00edndica del ayuntamiento de Veracruz, diputada&nbsp;y,&nbsp;sobre todo, permanente defensora de los derechos de la mujer.<\/p>\n\n\n\n<p>Luz en su camino y pronta resignaci\u00f3n a su familia.<\/p>\n\n\n\n<p><strong>D\u00cdGALO SIN MIEDO<\/strong>&nbsp;\u2026 Al correo electr\u00f3nico<a href=\"mailto:guadalupehmar@yahoo.com\">guadalupehmar@yahoo.com<\/a><\/p>\n","protected":false},"excerpt":{"rendered":"<p>Guadalupe H. Mar Mira Pol\u00edtica VUELVE EL SANTO OFICIO&nbsp;\u2026&nbsp;Cuando cre\u00edamos que ya hab\u00edamos avanzado con el surgimiento de instituciones aut\u00f3nomas que garantizar\u00edan justicia y equidad a los ciudadanos en estricto apego a los preceptos de Constituci\u00f3n Pol\u00edtica de los Estados Unidos Mexicanos y para nuestro caso, en la Constituci\u00f3n Pol\u00edtica del Estado de Veracruz,&nbsp;representantes de [&hellip;]<\/p>\n","protected":false},"author":2,"featured_media":0,"comment_status":"closed","ping_status":"closed","sticky":false,"template":"","format":"standard","meta":{"tdm_status":"","tdm_grid_status":"","footnotes":""},"categories":[70],"tags":[1563,34122,24159,6855,34121,1026,32706,82,195],"class_list":{"0":"post-92432","1":"post","2":"type-post","3":"status-publish","4":"format-standard","6":"category-de-opinion","7":"tag-cuitlahuac-garcia-jimenez","8":"tag-dolores-fernandez-contreras","9":"tag-fiscalia-general-del-estado-de-veracruz","10":"tag-jesus-carranza","11":"tag-jovanni-n-alias-el-vani","12":"tag-morena","13":"tag-pasiano-rueda-canseco","14":"tag-poder-judicial","15":"tag-veracruz"},"yoast_head":"<!-- This site is optimized with the Yoast SEO plugin v27.4 - https:\/\/yoast.com\/product\/yoast-seo-wordpress\/ -->\n<title>Involuci\u00f3n - Los pol\u00edticos Veracruz<\/title>\n<meta name=\"robots\" content=\"index, follow, max-snippet:-1, max-image-preview:large, max-video-preview:-1\" \/>\n<link rel=\"canonical\" href=\"https:\/\/lospoliticosveracruz.com\/?p=92432\" \/>\n<meta property=\"og:locale\" content=\"es_ES\" \/>\n<meta property=\"og:type\" content=\"article\" \/>\n<meta property=\"og:title\" content=\"Involuci\u00f3n - Los pol\u00edticos Veracruz\" \/>\n<meta property=\"og:description\" content=\"Guadalupe H. Mar Mira Pol\u00edtica VUELVE EL SANTO OFICIO&nbsp;\u2026&nbsp;Cuando cre\u00edamos que ya hab\u00edamos avanzado con el surgimiento de instituciones aut\u00f3nomas que garantizar\u00edan justicia y equidad a los ciudadanos en estricto apego a los preceptos de Constituci\u00f3n Pol\u00edtica de los Estados Unidos Mexicanos y para nuestro caso, en la Constituci\u00f3n Pol\u00edtica del Estado de Veracruz,&nbsp;representantes de [&hellip;]\" \/>\n<meta property=\"og:url\" content=\"https:\/\/lospoliticosveracruz.com\/?p=92432\" \/>\n<meta property=\"og:site_name\" content=\"Los pol\u00edticos Veracruz\" \/>\n<meta property=\"article:publisher\" content=\"https:\/\/www.facebook.com\/people\/Notimemes-de-los-Polticos\/61565672886568\/\" \/>\n<meta property=\"article:published_time\" content=\"2022-07-15T10:28:00+00:00\" \/>\n<meta property=\"og:image\" content=\"https:\/\/lospoliticosveracruz.com.mx\/wp-content\/uploads\/2021\/10\/Zacauilt-150x300.jpg\" \/>\n<meta name=\"author\" content=\"Lo viste en Los Pol\u00edticos\" \/>\n<meta name=\"twitter:card\" content=\"summary_large_image\" \/>\n<meta name=\"twitter:creator\" content=\"@LosPoliticosVer\" \/>\n<meta name=\"twitter:site\" content=\"@LosPoliticosVer\" \/>\n<meta name=\"twitter:label1\" content=\"Escrito por\" \/>\n\t<meta name=\"twitter:data1\" content=\"Lo viste en Los Pol\u00edticos\" \/>\n\t<meta name=\"twitter:label2\" content=\"Tiempo de lectura\" \/>\n\t<meta name=\"twitter:data2\" content=\"4 minutos\" \/>\n<script type=\"application\/ld+json\" class=\"yoast-schema-graph\">{\"@context\":\"https:\\\/\\\/schema.org\",\"@graph\":[{\"@type\":\"Article\",\"@id\":\"https:\\\/\\\/lospoliticosveracruz.com\\\/?p=92432#article\",\"isPartOf\":{\"@id\":\"https:\\\/\\\/lospoliticosveracruz.com\\\/?p=92432\"},\"author\":{\"name\":\"Lo viste en Los Pol\u00edticos\",\"@id\":\"https:\\\/\\\/lospoliticosveracruz.com\\\/#\\\/schema\\\/person\\\/b8702bb0e538456e6efd07080bf2a4a2\"},\"headline\":\"Involuci\u00f3n\",\"datePublished\":\"2022-07-15T10:28:00+00:00\",\"mainEntityOfPage\":{\"@id\":\"https:\\\/\\\/lospoliticosveracruz.com\\\/?p=92432\"},\"wordCount\":791,\"publisher\":{\"@id\":\"https:\\\/\\\/lospoliticosveracruz.com\\\/#organization\"},\"image\":{\"@id\":\"https:\\\/\\\/lospoliticosveracruz.com\\\/?p=92432#primaryimage\"},\"thumbnailUrl\":\"https:\\\/\\\/lospoliticosveracruz.com.mx\\\/wp-content\\\/uploads\\\/2021\\\/10\\\/Zacauilt-150x300.jpg\",\"keywords\":[\"Cuitl\u00e1huac Garc\u00eda Jim\u00e9nez\",\"Dolores Fern\u00e1ndez Contreras\",\"Fiscal\u00eda General del Estado de Veracruz\",\"Jes\u00fas Carranza\",\"Jovanni \u201cN\u201d alias \u201cEl Vani\u201d\",\"Morena\",\"Pasiano Rueda Canseco\",\"Poder Judicial\",\"Veracruz\"],\"articleSection\":[\"De Opini\u00f3n\"],\"inLanguage\":\"es\"},{\"@type\":\"WebPage\",\"@id\":\"https:\\\/\\\/lospoliticosveracruz.com\\\/?p=92432\",\"url\":\"https:\\\/\\\/lospoliticosveracruz.com\\\/?p=92432\",\"name\":\"Involuci\u00f3n - Los pol\u00edticos Veracruz\",\"isPartOf\":{\"@id\":\"https:\\\/\\\/lospoliticosveracruz.com\\\/#website\"},\"primaryImageOfPage\":{\"@id\":\"https:\\\/\\\/lospoliticosveracruz.com\\\/?p=92432#primaryimage\"},\"image\":{\"@id\":\"https:\\\/\\\/lospoliticosveracruz.com\\\/?p=92432#primaryimage\"},\"thumbnailUrl\":\"https:\\\/\\\/lospoliticosveracruz.com.mx\\\/wp-content\\\/uploads\\\/2021\\\/10\\\/Zacauilt-150x300.jpg\",\"datePublished\":\"2022-07-15T10:28:00+00:00\",\"breadcrumb\":{\"@id\":\"https:\\\/\\\/lospoliticosveracruz.com\\\/?p=92432#breadcrumb\"},\"inLanguage\":\"es\",\"potentialAction\":[{\"@type\":\"ReadAction\",\"target\":[\"https:\\\/\\\/lospoliticosveracruz.com\\\/?p=92432\"]}]},{\"@type\":\"ImageObject\",\"inLanguage\":\"es\",\"@id\":\"https:\\\/\\\/lospoliticosveracruz.com\\\/?p=92432#primaryimage\",\"url\":\"https:\\\/\\\/lospoliticosveracruz.com.mx\\\/wp-content\\\/uploads\\\/2021\\\/10\\\/Zacauilt-150x300.jpg\",\"contentUrl\":\"https:\\\/\\\/lospoliticosveracruz.com.mx\\\/wp-content\\\/uploads\\\/2021\\\/10\\\/Zacauilt-150x300.jpg\"},{\"@type\":\"BreadcrumbList\",\"@id\":\"https:\\\/\\\/lospoliticosveracruz.com\\\/?p=92432#breadcrumb\",\"itemListElement\":[{\"@type\":\"ListItem\",\"position\":1,\"name\":\"Portada\",\"item\":\"https:\\\/\\\/lospoliticosveracruz.com\\\/\"},{\"@type\":\"ListItem\",\"position\":2,\"name\":\"Involuci\u00f3n\"}]},{\"@type\":\"WebSite\",\"@id\":\"https:\\\/\\\/lospoliticosveracruz.com\\\/#website\",\"url\":\"https:\\\/\\\/lospoliticosveracruz.com\\\/\",\"name\":\"Los pol\u00edticos Veracruz\",\"description\":\"\",\"publisher\":{\"@id\":\"https:\\\/\\\/lospoliticosveracruz.com\\\/#organization\"},\"potentialAction\":[{\"@type\":\"SearchAction\",\"target\":{\"@type\":\"EntryPoint\",\"urlTemplate\":\"https:\\\/\\\/lospoliticosveracruz.com\\\/?s={search_term_string}\"},\"query-input\":{\"@type\":\"PropertyValueSpecification\",\"valueRequired\":true,\"valueName\":\"search_term_string\"}}],\"inLanguage\":\"es\"},{\"@type\":\"Organization\",\"@id\":\"https:\\\/\\\/lospoliticosveracruz.com\\\/#organization\",\"name\":\"Los pol\u00edticos Veracruz\",\"url\":\"https:\\\/\\\/lospoliticosveracruz.com\\\/\",\"logo\":{\"@type\":\"ImageObject\",\"inLanguage\":\"es\",\"@id\":\"https:\\\/\\\/lospoliticosveracruz.com\\\/#\\\/schema\\\/logo\\\/image\\\/\",\"url\":\"https:\\\/\\\/lospoliticosveracruz.com\\\/wp-content\\\/uploads\\\/2025\\\/12\\\/Logo-Nuevo-LOS-POLITICOS-1.jpg\",\"contentUrl\":\"https:\\\/\\\/lospoliticosveracruz.com\\\/wp-content\\\/uploads\\\/2025\\\/12\\\/Logo-Nuevo-LOS-POLITICOS-1.jpg\",\"width\":260,\"height\":70,\"caption\":\"Los pol\u00edticos Veracruz\"},\"image\":{\"@id\":\"https:\\\/\\\/lospoliticosveracruz.com\\\/#\\\/schema\\\/logo\\\/image\\\/\"},\"sameAs\":[\"https:\\\/\\\/www.facebook.com\\\/people\\\/Notimemes-de-los-Polticos\\\/61565672886568\\\/\",\"https:\\\/\\\/x.com\\\/LosPoliticosVer\"]},{\"@type\":\"Person\",\"@id\":\"https:\\\/\\\/lospoliticosveracruz.com\\\/#\\\/schema\\\/person\\\/b8702bb0e538456e6efd07080bf2a4a2\",\"name\":\"Lo viste en Los Pol\u00edticos\",\"image\":{\"@type\":\"ImageObject\",\"inLanguage\":\"es\",\"@id\":\"https:\\\/\\\/secure.gravatar.com\\\/avatar\\\/3a8de04a2656d44082be478bd6c086daa447c4651605818287b9532d3d0bd435?s=96&d=mm&r=g\",\"url\":\"https:\\\/\\\/secure.gravatar.com\\\/avatar\\\/3a8de04a2656d44082be478bd6c086daa447c4651605818287b9532d3d0bd435?s=96&d=mm&r=g\",\"contentUrl\":\"https:\\\/\\\/secure.gravatar.com\\\/avatar\\\/3a8de04a2656d44082be478bd6c086daa447c4651605818287b9532d3d0bd435?s=96&d=mm&r=g\",\"caption\":\"Lo viste en Los Pol\u00edticos\"},\"url\":\"https:\\\/\\\/lospoliticosveracruz.com\\\/?author=2\"}]}<\/script>\n<!-- \/ Yoast SEO plugin. -->","yoast_head_json":{"title":"Involuci\u00f3n - Los pol\u00edticos Veracruz","robots":{"index":"index","follow":"follow","max-snippet":"max-snippet:-1","max-image-preview":"max-image-preview:large","max-video-preview":"max-video-preview:-1"},"canonical":"https:\/\/lospoliticosveracruz.com\/?p=92432","og_locale":"es_ES","og_type":"article","og_title":"Involuci\u00f3n - Los pol\u00edticos Veracruz","og_description":"Guadalupe H. Mar Mira Pol\u00edtica VUELVE EL SANTO OFICIO&nbsp;\u2026&nbsp;Cuando cre\u00edamos que ya hab\u00edamos avanzado con el surgimiento de instituciones aut\u00f3nomas que garantizar\u00edan justicia y equidad a los ciudadanos en estricto apego a los preceptos de Constituci\u00f3n Pol\u00edtica de los Estados Unidos Mexicanos y para nuestro caso, en la Constituci\u00f3n Pol\u00edtica del Estado de Veracruz,&nbsp;representantes de [&hellip;]","og_url":"https:\/\/lospoliticosveracruz.com\/?p=92432","og_site_name":"Los pol\u00edticos Veracruz","article_publisher":"https:\/\/www.facebook.com\/people\/Notimemes-de-los-Polticos\/61565672886568\/","article_published_time":"2022-07-15T10:28:00+00:00","og_image":[{"url":"https:\/\/lospoliticosveracruz.com.mx\/wp-content\/uploads\/2021\/10\/Zacauilt-150x300.jpg","type":"","width":"","height":""}],"author":"Lo viste en Los Pol\u00edticos","twitter_card":"summary_large_image","twitter_creator":"@LosPoliticosVer","twitter_site":"@LosPoliticosVer","twitter_misc":{"Escrito por":"Lo viste en Los Pol\u00edticos","Tiempo de lectura":"4 minutos"},"schema":{"@context":"https:\/\/schema.org","@graph":[{"@type":"Article","@id":"https:\/\/lospoliticosveracruz.com\/?p=92432#article","isPartOf":{"@id":"https:\/\/lospoliticosveracruz.com\/?p=92432"},"author":{"name":"Lo viste en Los Pol\u00edticos","@id":"https:\/\/lospoliticosveracruz.com\/#\/schema\/person\/b8702bb0e538456e6efd07080bf2a4a2"},"headline":"Involuci\u00f3n","datePublished":"2022-07-15T10:28:00+00:00","mainEntityOfPage":{"@id":"https:\/\/lospoliticosveracruz.com\/?p=92432"},"wordCount":791,"publisher":{"@id":"https:\/\/lospoliticosveracruz.com\/#organization"},"image":{"@id":"https:\/\/lospoliticosveracruz.com\/?p=92432#primaryimage"},"thumbnailUrl":"https:\/\/lospoliticosveracruz.com.mx\/wp-content\/uploads\/2021\/10\/Zacauilt-150x300.jpg","keywords":["Cuitl\u00e1huac Garc\u00eda Jim\u00e9nez","Dolores Fern\u00e1ndez Contreras","Fiscal\u00eda General del Estado de Veracruz","Jes\u00fas Carranza","Jovanni \u201cN\u201d alias \u201cEl Vani\u201d","Morena","Pasiano Rueda Canseco","Poder Judicial","Veracruz"],"articleSection":["De Opini\u00f3n"],"inLanguage":"es"},{"@type":"WebPage","@id":"https:\/\/lospoliticosveracruz.com\/?p=92432","url":"https:\/\/lospoliticosveracruz.com\/?p=92432","name":"Involuci\u00f3n - Los pol\u00edticos Veracruz","isPartOf":{"@id":"https:\/\/lospoliticosveracruz.com\/#website"},"primaryImageOfPage":{"@id":"https:\/\/lospoliticosveracruz.com\/?p=92432#primaryimage"},"image":{"@id":"https:\/\/lospoliticosveracruz.com\/?p=92432#primaryimage"},"thumbnailUrl":"https:\/\/lospoliticosveracruz.com.mx\/wp-content\/uploads\/2021\/10\/Zacauilt-150x300.jpg","datePublished":"2022-07-15T10:28:00+00:00","breadcrumb":{"@id":"https:\/\/lospoliticosveracruz.com\/?p=92432#breadcrumb"},"inLanguage":"es","potentialAction":[{"@type":"ReadAction","target":["https:\/\/lospoliticosveracruz.com\/?p=92432"]}]},{"@type":"ImageObject","inLanguage":"es","@id":"https:\/\/lospoliticosveracruz.com\/?p=92432#primaryimage","url":"https:\/\/lospoliticosveracruz.com.mx\/wp-content\/uploads\/2021\/10\/Zacauilt-150x300.jpg","contentUrl":"https:\/\/lospoliticosveracruz.com.mx\/wp-content\/uploads\/2021\/10\/Zacauilt-150x300.jpg"},{"@type":"BreadcrumbList","@id":"https:\/\/lospoliticosveracruz.com\/?p=92432#breadcrumb","itemListElement":[{"@type":"ListItem","position":1,"name":"Portada","item":"https:\/\/lospoliticosveracruz.com\/"},{"@type":"ListItem","position":2,"name":"Involuci\u00f3n"}]},{"@type":"WebSite","@id":"https:\/\/lospoliticosveracruz.com\/#website","url":"https:\/\/lospoliticosveracruz.com\/","name":"Los pol\u00edticos Veracruz","description":"","publisher":{"@id":"https:\/\/lospoliticosveracruz.com\/#organization"},"potentialAction":[{"@type":"SearchAction","target":{"@type":"EntryPoint","urlTemplate":"https:\/\/lospoliticosveracruz.com\/?s={search_term_string}"},"query-input":{"@type":"PropertyValueSpecification","valueRequired":true,"valueName":"search_term_string"}}],"inLanguage":"es"},{"@type":"Organization","@id":"https:\/\/lospoliticosveracruz.com\/#organization","name":"Los pol\u00edticos Veracruz","url":"https:\/\/lospoliticosveracruz.com\/","logo":{"@type":"ImageObject","inLanguage":"es","@id":"https:\/\/lospoliticosveracruz.com\/#\/schema\/logo\/image\/","url":"https:\/\/lospoliticosveracruz.com\/wp-content\/uploads\/2025\/12\/Logo-Nuevo-LOS-POLITICOS-1.jpg","contentUrl":"https:\/\/lospoliticosveracruz.com\/wp-content\/uploads\/2025\/12\/Logo-Nuevo-LOS-POLITICOS-1.jpg","width":260,"height":70,"caption":"Los pol\u00edticos Veracruz"},"image":{"@id":"https:\/\/lospoliticosveracruz.com\/#\/schema\/logo\/image\/"},"sameAs":["https:\/\/www.facebook.com\/people\/Notimemes-de-los-Polticos\/61565672886568\/","https:\/\/x.com\/LosPoliticosVer"]},{"@type":"Person","@id":"https:\/\/lospoliticosveracruz.com\/#\/schema\/person\/b8702bb0e538456e6efd07080bf2a4a2","name":"Lo viste en Los Pol\u00edticos","image":{"@type":"ImageObject","inLanguage":"es","@id":"https:\/\/secure.gravatar.com\/avatar\/3a8de04a2656d44082be478bd6c086daa447c4651605818287b9532d3d0bd435?s=96&d=mm&r=g","url":"https:\/\/secure.gravatar.com\/avatar\/3a8de04a2656d44082be478bd6c086daa447c4651605818287b9532d3d0bd435?s=96&d=mm&r=g","contentUrl":"https:\/\/secure.gravatar.com\/avatar\/3a8de04a2656d44082be478bd6c086daa447c4651605818287b9532d3d0bd435?s=96&d=mm&r=g","caption":"Lo viste en Los Pol\u00edticos"},"url":"https:\/\/lospoliticosveracruz.com\/?author=2"}]}},"_links":{"self":[{"href":"https:\/\/lospoliticosveracruz.com\/index.php?rest_route=\/wp\/v2\/posts\/92432","targetHints":{"allow":["GET"]}}],"collection":[{"href":"https:\/\/lospoliticosveracruz.com\/index.php?rest_route=\/wp\/v2\/posts"}],"about":[{"href":"https:\/\/lospoliticosveracruz.com\/index.php?rest_route=\/wp\/v2\/types\/post"}],"author":[{"embeddable":true,"href":"https:\/\/lospoliticosveracruz.com\/index.php?rest_route=\/wp\/v2\/users\/2"}],"replies":[{"embeddable":true,"href":"https:\/\/lospoliticosveracruz.com\/index.php?rest_route=%2Fwp%2Fv2%2Fcomments&post=92432"}],"version-history":[{"count":2,"href":"https:\/\/lospoliticosveracruz.com\/index.php?rest_route=\/wp\/v2\/posts\/92432\/revisions"}],"predecessor-version":[{"id":92436,"href":"https:\/\/lospoliticosveracruz.com\/index.php?rest_route=\/wp\/v2\/posts\/92432\/revisions\/92436"}],"wp:attachment":[{"href":"https:\/\/lospoliticosveracruz.com\/index.php?rest_route=%2Fwp%2Fv2%2Fmedia&parent=92432"}],"wp:term":[{"taxonomy":"category","embeddable":true,"href":"https:\/\/lospoliticosveracruz.com\/index.php?rest_route=%2Fwp%2Fv2%2Fcategories&post=92432"},{"taxonomy":"post_tag","embeddable":true,"href":"https:\/\/lospoliticosveracruz.com\/index.php?rest_route=%2Fwp%2Fv2%2Ftags&post=92432"}],"curies":[{"name":"wp","href":"https:\/\/api.w.org\/{rel}","templated":true}]}}