{"id":92463,"date":"2022-07-15T00:51:30","date_gmt":"2022-07-15T05:51:30","guid":{"rendered":"https:\/\/lospoliticosveracruz.com.mx\/?p=92463"},"modified":"2022-07-15T00:51:36","modified_gmt":"2022-07-15T05:51:36","slug":"el-show-de-layda","status":"publish","type":"post","link":"https:\/\/lospoliticosveracruz.com\/?p=92463","title":{"rendered":"El \u201cShow de Layda\u201d"},"content":{"rendered":"\n<p><\/p>\n\n\n\n<p><br><strong>Felipe de Jes\u00fas Fern\u00e1ndez Basilio<\/strong><br><em>Desde A Janela<br>\u200b\u200b<\/em><\/p>\n\n\n\n<p>La palabra campechano aparte de ser un gentilicio para denominar tanto a los habitantes del estado de Campeche en lo general como a los habitantes de la ciudad del mismo nombre en lo particular, tiene en nuestro idioma un par de acepciones m\u00e1s: la primera de ellas se refiere a llevar las cosas con calma, quiz\u00e1 en alusi\u00f3n a la legendaria parsimonia con la que se vive en la ciudad de Campeche, y la segunda que no tiene relaci\u00f3n alguna con el lugar geogr\u00e1fico que hemos comentado, ya que su origen es la Ciudad de M\u00e9xico, se refiere a mezclar cosas que no tienen nada que ver entre ellas.<br>En esta ocasi\u00f3n nos centraremos la definici\u00f3n de campechano como tranquilo o apacible, ya que por motivos del tipo de pol\u00edtica que estamos viviendo hoy en d\u00eda, en aquellos muy hermosos lares se est\u00e1 produciendo un verdadero espect\u00e1culo que de campechano solo tiene a su protagonista, a su antagonista y el ser el lugar en el cual se emiten los episodios de ese morboso show.<\/p>\n\n\n\n<div class=\"wp-block-image\"><figure class=\"alignleft size-medium\"><a href=\"https:\/\/lospoliticosveracruz.com.mx\/wp-content\/uploads\/2021\/10\/WhatsApp-Image-2021-10-02-at-15.20.25.jpeg\"><img loading=\"lazy\" decoding=\"async\" width=\"212\" height=\"300\" src=\"https:\/\/lospoliticosveracruz.com.mx\/wp-content\/uploads\/2021\/10\/WhatsApp-Image-2021-10-02-at-15.20.25-212x300.jpeg\" alt=\"\" class=\"wp-image-80177\" srcset=\"https:\/\/lospoliticosveracruz.com\/wp-content\/uploads\/2021\/10\/WhatsApp-Image-2021-10-02-at-15.20.25-212x300.jpeg 212w, https:\/\/lospoliticosveracruz.com\/wp-content\/uploads\/2021\/10\/WhatsApp-Image-2021-10-02-at-15.20.25-724x1024.jpeg 724w, https:\/\/lospoliticosveracruz.com\/wp-content\/uploads\/2021\/10\/WhatsApp-Image-2021-10-02-at-15.20.25-768x1086.jpeg 768w, https:\/\/lospoliticosveracruz.com\/wp-content\/uploads\/2021\/10\/WhatsApp-Image-2021-10-02-at-15.20.25.jpeg 905w\" sizes=\"auto, (max-width: 212px) 100vw, 212px\" \/><\/a><\/figure><\/div>\n\n\n\n<p><br>Pues tenemos que desde hace algunas semanas a la fina y distinguida gobernadora de Campeche le encargaron desde Palacio Nacional (dudo mucho que a ella se le hubiera ocurrido tal ideota) montar una campa\u00f1a de desprestigio en contra de su predecesor en la gubernatura y hoy dirigente nacional de lo que queda del otrora partidazo; ya que la mayor parte de ellos, incluida la gobernadora ya se encuentran en el nuevo PRI, es decir, pertenecen a MRN.<br>Obviamente, la se\u00f1ora gobernadora para cumplir con la instrucci\u00f3n que su jefe pol\u00edtico le gir\u00f3, tuvo a bien montar un programa que semanalmente, como si fuera una serie de televisi\u00f3n, en el cual difunde de manera dosificada audios y videos en los cuales se exhiben los nada buenos manejos pol\u00edticos del dirigente pri\u00edsta; difusi\u00f3n que adereza la titular del ejecutivo campechano con actuaciones histri\u00f3nicas que ella misma interpreta, mejorando por mucho los programas televisivos de Cristina, Hasta en las Mejores Familias o Laura Bozo, es m\u00e1s, hasta la c\u00e9lebre Paquita la del Barrio se queda corta en sus referencias al g\u00e9nero masculino frente a las que lleva a cabo la distinguida gobernadora en relaci\u00f3n al pri\u00edsta.<br>El \u201cShow de Layda\u201d al parecer tiene buena aceptaci\u00f3n en cierto p\u00fablico, tambi\u00e9n medio cumple con su cometido de desprestigiar a \u201cAlito Moreno\u201d al exhibir su modo de actuar en la pol\u00edtica local y nacional y desde luego que complace a L\u00f3pez Obrador al llevar a cabo una venganza personal, de las que a \u00e9l le gustan mucho, en contra de alguien que siente que lo traicion\u00f3.<br>El problema es que el Show de Layda no pasa de ser eso, un espect\u00e1culo por medio del cual se exhiben los malos manejos de Moreno, los cuales seguramente son ver\u00eddicos, a leguas se nota que \u201cAlito\u201d Moreno es un brib\u00f3n bien hecho y seguramente lo puede confirmar cualquiera que haya sido gobernado o representado por \u00e9l.<br>Sin embargo, este tipo de exhibidas lo \u00fanico que realmente logran es fomentar la impunidad, ya que al exhibir audios y videos privados al p\u00fablico en general sin que la exhibici\u00f3n sea llevada a cabo por los conductos judiciales y bajo las formalidades procesales aplicables al caso, lo que se logra justamente lo contrario a realmente combatir la corrupci\u00f3n.<br>Y eso se debe a que, al ser esos audios y videos obtenidos y difundidos de manera ilegal, van a ser pruebas viciadas de nulidad en un eventual juicio en contra del se\u00f1or Moreno; luego entonces, bien podemos decir que el nada campechano Show de Layda en realidad no busca enjuiciar y condenar legalmente a Moreno.<br>Y si a ello le sumamos que la gobernadora Sansores tampoco es una perita en dulce, ya que su vida, al igual que la de \u201cAlito\u201d, est\u00e1 llena de corruptelas y oportunismos; no hay que olvidar que es una pri\u00edsta de toda la vida, devenida en pseudo izquierdista al igual que la mayor\u00eda de los que est\u00e1n en MRN, empezando por el mismo L\u00f3pez Obrador y que su paso por la alcald\u00eda de \u00c1lvaro Obreg\u00f3n en la Ciudad de M\u00e9xico est\u00e1 lleno de toda clase de historias oscuras que poco a poco van a ir saliendo a la luz, por lo que es muy probable que su show se le regrese como bumer\u00e1n.<br>De hecho, el Show de Layda es muy similar al sainete de L\u00f3pez Obrador y Pablo G\u00f3mez en contra de Pe\u00f1a Nieto, ya que al igual que este, solo busca amagar p\u00fablicamente con una investigaci\u00f3n, pero de judicializarse nada y es que, en ambos casos, acusadores y acusados, tienen mucha cola que les pisen y por ello no se van a tocar.<br>En conclusi\u00f3n, el \u201cShow de Layda\u201d no es nada campechano pero la que s\u00ed va a llev\u00e1rsela, como siempre, muy campechanamente es la justicia, ya que el combate a la corrupci\u00f3n es la mayor pantomima montada por la auto mal llamada 4t.<br>felfebas@gmail.com<br>Twitter: @FelipeFBasilio<\/p>\n","protected":false},"excerpt":{"rendered":"<p>Felipe de Jes\u00fas Fern\u00e1ndez BasilioDesde A Janela\u200b\u200b La palabra campechano aparte de ser un gentilicio para denominar tanto a los habitantes del estado de Campeche en lo general como a los habitantes de la ciudad del mismo nombre en lo particular, tiene en nuestro idioma un par de acepciones m\u00e1s: la primera de ellas se [&hellip;]<\/p>\n","protected":false},"author":2,"featured_media":0,"comment_status":"closed","ping_status":"closed","sticky":false,"template":"","format":"standard","meta":{"tdm_status":"","tdm_grid_status":"","footnotes":""},"categories":[70],"tags":[15048,618,2230,12710,2713,1026,15934,34130],"class_list":{"0":"post-92463","1":"post","2":"type-post","3":"status-publish","4":"format-standard","6":"category-de-opinion","7":"tag-alejandro-moreno-cardenas","8":"tag-andres-manuel-lopez-obrador","9":"tag-campeche","10":"tag-felipe-de-jesus-fernandez-basilio","11":"tag-layda-sansores","12":"tag-morena","13":"tag-pablo-gomez","14":"tag-show-de-layda"},"yoast_head":"<!-- This site is optimized with the Yoast SEO plugin v27.4 - https:\/\/yoast.com\/product\/yoast-seo-wordpress\/ -->\n<title>El \u201cShow de Layda\u201d - Los pol\u00edticos Veracruz<\/title>\n<meta name=\"robots\" content=\"index, follow, max-snippet:-1, max-image-preview:large, max-video-preview:-1\" \/>\n<link rel=\"canonical\" href=\"https:\/\/lospoliticosveracruz.com\/?p=92463\" \/>\n<meta property=\"og:locale\" content=\"es_ES\" \/>\n<meta property=\"og:type\" content=\"article\" \/>\n<meta property=\"og:title\" content=\"El \u201cShow de Layda\u201d - Los pol\u00edticos Veracruz\" \/>\n<meta property=\"og:description\" content=\"Felipe de Jes\u00fas Fern\u00e1ndez BasilioDesde A Janela\u200b\u200b La palabra campechano aparte de ser un gentilicio para denominar tanto a los habitantes del estado de Campeche en lo general como a los habitantes de la ciudad del mismo nombre en lo particular, tiene en nuestro idioma un par de acepciones m\u00e1s: la primera de ellas se [&hellip;]\" \/>\n<meta property=\"og:url\" content=\"https:\/\/lospoliticosveracruz.com\/?p=92463\" \/>\n<meta property=\"og:site_name\" content=\"Los pol\u00edticos Veracruz\" \/>\n<meta property=\"article:publisher\" content=\"https:\/\/www.facebook.com\/people\/Notimemes-de-los-Polticos\/61565672886568\/\" \/>\n<meta property=\"article:published_time\" content=\"2022-07-15T05:51:30+00:00\" \/>\n<meta property=\"article:modified_time\" content=\"2022-07-15T05:51:36+00:00\" \/>\n<meta property=\"og:image\" content=\"https:\/\/lospoliticosveracruz.com.mx\/wp-content\/uploads\/2021\/10\/WhatsApp-Image-2021-10-02-at-15.20.25-212x300.jpeg\" \/>\n<meta name=\"author\" content=\"Lo viste en Los Pol\u00edticos\" \/>\n<meta name=\"twitter:card\" content=\"summary_large_image\" \/>\n<meta name=\"twitter:creator\" content=\"@LosPoliticosVer\" \/>\n<meta name=\"twitter:site\" content=\"@LosPoliticosVer\" \/>\n<meta name=\"twitter:label1\" content=\"Escrito por\" \/>\n\t<meta name=\"twitter:data1\" content=\"Lo viste en Los Pol\u00edticos\" \/>\n\t<meta name=\"twitter:label2\" content=\"Tiempo de lectura\" \/>\n\t<meta name=\"twitter:data2\" content=\"4 minutos\" \/>\n<script type=\"application\/ld+json\" class=\"yoast-schema-graph\">{\"@context\":\"https:\\\/\\\/schema.org\",\"@graph\":[{\"@type\":\"Article\",\"@id\":\"https:\\\/\\\/lospoliticosveracruz.com\\\/?p=92463#article\",\"isPartOf\":{\"@id\":\"https:\\\/\\\/lospoliticosveracruz.com\\\/?p=92463\"},\"author\":{\"name\":\"Lo viste en Los Pol\u00edticos\",\"@id\":\"https:\\\/\\\/lospoliticosveracruz.com\\\/#\\\/schema\\\/person\\\/b8702bb0e538456e6efd07080bf2a4a2\"},\"headline\":\"El \u201cShow de Layda\u201d\",\"datePublished\":\"2022-07-15T05:51:30+00:00\",\"dateModified\":\"2022-07-15T05:51:36+00:00\",\"mainEntityOfPage\":{\"@id\":\"https:\\\/\\\/lospoliticosveracruz.com\\\/?p=92463\"},\"wordCount\":893,\"publisher\":{\"@id\":\"https:\\\/\\\/lospoliticosveracruz.com\\\/#organization\"},\"image\":{\"@id\":\"https:\\\/\\\/lospoliticosveracruz.com\\\/?p=92463#primaryimage\"},\"thumbnailUrl\":\"https:\\\/\\\/lospoliticosveracruz.com.mx\\\/wp-content\\\/uploads\\\/2021\\\/10\\\/WhatsApp-Image-2021-10-02-at-15.20.25-212x300.jpeg\",\"keywords\":[\"Alejandro Moreno C\u00e1rdenas\",\"Andr\u00e9s Manuel L\u00f3pez Obrador\",\"Campeche\",\"Felipe de Jes\u00fas Fern\u00e1ndez Basilio\",\"Layda Sansores\",\"Morena\",\"Pablo G\u00f3mez\",\"Show de Layda\"],\"articleSection\":[\"De Opini\u00f3n\"],\"inLanguage\":\"es\"},{\"@type\":\"WebPage\",\"@id\":\"https:\\\/\\\/lospoliticosveracruz.com\\\/?p=92463\",\"url\":\"https:\\\/\\\/lospoliticosveracruz.com\\\/?p=92463\",\"name\":\"El \u201cShow de Layda\u201d - Los pol\u00edticos Veracruz\",\"isPartOf\":{\"@id\":\"https:\\\/\\\/lospoliticosveracruz.com\\\/#website\"},\"primaryImageOfPage\":{\"@id\":\"https:\\\/\\\/lospoliticosveracruz.com\\\/?p=92463#primaryimage\"},\"image\":{\"@id\":\"https:\\\/\\\/lospoliticosveracruz.com\\\/?p=92463#primaryimage\"},\"thumbnailUrl\":\"https:\\\/\\\/lospoliticosveracruz.com.mx\\\/wp-content\\\/uploads\\\/2021\\\/10\\\/WhatsApp-Image-2021-10-02-at-15.20.25-212x300.jpeg\",\"datePublished\":\"2022-07-15T05:51:30+00:00\",\"dateModified\":\"2022-07-15T05:51:36+00:00\",\"breadcrumb\":{\"@id\":\"https:\\\/\\\/lospoliticosveracruz.com\\\/?p=92463#breadcrumb\"},\"inLanguage\":\"es\",\"potentialAction\":[{\"@type\":\"ReadAction\",\"target\":[\"https:\\\/\\\/lospoliticosveracruz.com\\\/?p=92463\"]}]},{\"@type\":\"ImageObject\",\"inLanguage\":\"es\",\"@id\":\"https:\\\/\\\/lospoliticosveracruz.com\\\/?p=92463#primaryimage\",\"url\":\"https:\\\/\\\/lospoliticosveracruz.com.mx\\\/wp-content\\\/uploads\\\/2021\\\/10\\\/WhatsApp-Image-2021-10-02-at-15.20.25-212x300.jpeg\",\"contentUrl\":\"https:\\\/\\\/lospoliticosveracruz.com.mx\\\/wp-content\\\/uploads\\\/2021\\\/10\\\/WhatsApp-Image-2021-10-02-at-15.20.25-212x300.jpeg\"},{\"@type\":\"BreadcrumbList\",\"@id\":\"https:\\\/\\\/lospoliticosveracruz.com\\\/?p=92463#breadcrumb\",\"itemListElement\":[{\"@type\":\"ListItem\",\"position\":1,\"name\":\"Portada\",\"item\":\"https:\\\/\\\/lospoliticosveracruz.com\\\/\"},{\"@type\":\"ListItem\",\"position\":2,\"name\":\"El \u201cShow de Layda\u201d\"}]},{\"@type\":\"WebSite\",\"@id\":\"https:\\\/\\\/lospoliticosveracruz.com\\\/#website\",\"url\":\"https:\\\/\\\/lospoliticosveracruz.com\\\/\",\"name\":\"Los pol\u00edticos Veracruz\",\"description\":\"\",\"publisher\":{\"@id\":\"https:\\\/\\\/lospoliticosveracruz.com\\\/#organization\"},\"potentialAction\":[{\"@type\":\"SearchAction\",\"target\":{\"@type\":\"EntryPoint\",\"urlTemplate\":\"https:\\\/\\\/lospoliticosveracruz.com\\\/?s={search_term_string}\"},\"query-input\":{\"@type\":\"PropertyValueSpecification\",\"valueRequired\":true,\"valueName\":\"search_term_string\"}}],\"inLanguage\":\"es\"},{\"@type\":\"Organization\",\"@id\":\"https:\\\/\\\/lospoliticosveracruz.com\\\/#organization\",\"name\":\"Los pol\u00edticos Veracruz\",\"url\":\"https:\\\/\\\/lospoliticosveracruz.com\\\/\",\"logo\":{\"@type\":\"ImageObject\",\"inLanguage\":\"es\",\"@id\":\"https:\\\/\\\/lospoliticosveracruz.com\\\/#\\\/schema\\\/logo\\\/image\\\/\",\"url\":\"https:\\\/\\\/lospoliticosveracruz.com\\\/wp-content\\\/uploads\\\/2025\\\/12\\\/Logo-Nuevo-LOS-POLITICOS-1.jpg\",\"contentUrl\":\"https:\\\/\\\/lospoliticosveracruz.com\\\/wp-content\\\/uploads\\\/2025\\\/12\\\/Logo-Nuevo-LOS-POLITICOS-1.jpg\",\"width\":260,\"height\":70,\"caption\":\"Los pol\u00edticos Veracruz\"},\"image\":{\"@id\":\"https:\\\/\\\/lospoliticosveracruz.com\\\/#\\\/schema\\\/logo\\\/image\\\/\"},\"sameAs\":[\"https:\\\/\\\/www.facebook.com\\\/people\\\/Notimemes-de-los-Polticos\\\/61565672886568\\\/\",\"https:\\\/\\\/x.com\\\/LosPoliticosVer\"]},{\"@type\":\"Person\",\"@id\":\"https:\\\/\\\/lospoliticosveracruz.com\\\/#\\\/schema\\\/person\\\/b8702bb0e538456e6efd07080bf2a4a2\",\"name\":\"Lo viste en Los Pol\u00edticos\",\"image\":{\"@type\":\"ImageObject\",\"inLanguage\":\"es\",\"@id\":\"https:\\\/\\\/secure.gravatar.com\\\/avatar\\\/3a8de04a2656d44082be478bd6c086daa447c4651605818287b9532d3d0bd435?s=96&d=mm&r=g\",\"url\":\"https:\\\/\\\/secure.gravatar.com\\\/avatar\\\/3a8de04a2656d44082be478bd6c086daa447c4651605818287b9532d3d0bd435?s=96&d=mm&r=g\",\"contentUrl\":\"https:\\\/\\\/secure.gravatar.com\\\/avatar\\\/3a8de04a2656d44082be478bd6c086daa447c4651605818287b9532d3d0bd435?s=96&d=mm&r=g\",\"caption\":\"Lo viste en Los Pol\u00edticos\"},\"url\":\"https:\\\/\\\/lospoliticosveracruz.com\\\/?author=2\"}]}<\/script>\n<!-- \/ Yoast SEO plugin. -->","yoast_head_json":{"title":"El \u201cShow de Layda\u201d - Los pol\u00edticos Veracruz","robots":{"index":"index","follow":"follow","max-snippet":"max-snippet:-1","max-image-preview":"max-image-preview:large","max-video-preview":"max-video-preview:-1"},"canonical":"https:\/\/lospoliticosveracruz.com\/?p=92463","og_locale":"es_ES","og_type":"article","og_title":"El \u201cShow de Layda\u201d - Los pol\u00edticos Veracruz","og_description":"Felipe de Jes\u00fas Fern\u00e1ndez BasilioDesde A Janela\u200b\u200b La palabra campechano aparte de ser un gentilicio para denominar tanto a los habitantes del estado de Campeche en lo general como a los habitantes de la ciudad del mismo nombre en lo particular, tiene en nuestro idioma un par de acepciones m\u00e1s: la primera de ellas se [&hellip;]","og_url":"https:\/\/lospoliticosveracruz.com\/?p=92463","og_site_name":"Los pol\u00edticos Veracruz","article_publisher":"https:\/\/www.facebook.com\/people\/Notimemes-de-los-Polticos\/61565672886568\/","article_published_time":"2022-07-15T05:51:30+00:00","article_modified_time":"2022-07-15T05:51:36+00:00","og_image":[{"url":"https:\/\/lospoliticosveracruz.com.mx\/wp-content\/uploads\/2021\/10\/WhatsApp-Image-2021-10-02-at-15.20.25-212x300.jpeg","type":"","width":"","height":""}],"author":"Lo viste en Los Pol\u00edticos","twitter_card":"summary_large_image","twitter_creator":"@LosPoliticosVer","twitter_site":"@LosPoliticosVer","twitter_misc":{"Escrito por":"Lo viste en Los Pol\u00edticos","Tiempo de lectura":"4 minutos"},"schema":{"@context":"https:\/\/schema.org","@graph":[{"@type":"Article","@id":"https:\/\/lospoliticosveracruz.com\/?p=92463#article","isPartOf":{"@id":"https:\/\/lospoliticosveracruz.com\/?p=92463"},"author":{"name":"Lo viste en Los Pol\u00edticos","@id":"https:\/\/lospoliticosveracruz.com\/#\/schema\/person\/b8702bb0e538456e6efd07080bf2a4a2"},"headline":"El \u201cShow de Layda\u201d","datePublished":"2022-07-15T05:51:30+00:00","dateModified":"2022-07-15T05:51:36+00:00","mainEntityOfPage":{"@id":"https:\/\/lospoliticosveracruz.com\/?p=92463"},"wordCount":893,"publisher":{"@id":"https:\/\/lospoliticosveracruz.com\/#organization"},"image":{"@id":"https:\/\/lospoliticosveracruz.com\/?p=92463#primaryimage"},"thumbnailUrl":"https:\/\/lospoliticosveracruz.com.mx\/wp-content\/uploads\/2021\/10\/WhatsApp-Image-2021-10-02-at-15.20.25-212x300.jpeg","keywords":["Alejandro Moreno C\u00e1rdenas","Andr\u00e9s Manuel L\u00f3pez Obrador","Campeche","Felipe de Jes\u00fas Fern\u00e1ndez Basilio","Layda Sansores","Morena","Pablo G\u00f3mez","Show de Layda"],"articleSection":["De Opini\u00f3n"],"inLanguage":"es"},{"@type":"WebPage","@id":"https:\/\/lospoliticosveracruz.com\/?p=92463","url":"https:\/\/lospoliticosveracruz.com\/?p=92463","name":"El \u201cShow de Layda\u201d - Los pol\u00edticos Veracruz","isPartOf":{"@id":"https:\/\/lospoliticosveracruz.com\/#website"},"primaryImageOfPage":{"@id":"https:\/\/lospoliticosveracruz.com\/?p=92463#primaryimage"},"image":{"@id":"https:\/\/lospoliticosveracruz.com\/?p=92463#primaryimage"},"thumbnailUrl":"https:\/\/lospoliticosveracruz.com.mx\/wp-content\/uploads\/2021\/10\/WhatsApp-Image-2021-10-02-at-15.20.25-212x300.jpeg","datePublished":"2022-07-15T05:51:30+00:00","dateModified":"2022-07-15T05:51:36+00:00","breadcrumb":{"@id":"https:\/\/lospoliticosveracruz.com\/?p=92463#breadcrumb"},"inLanguage":"es","potentialAction":[{"@type":"ReadAction","target":["https:\/\/lospoliticosveracruz.com\/?p=92463"]}]},{"@type":"ImageObject","inLanguage":"es","@id":"https:\/\/lospoliticosveracruz.com\/?p=92463#primaryimage","url":"https:\/\/lospoliticosveracruz.com.mx\/wp-content\/uploads\/2021\/10\/WhatsApp-Image-2021-10-02-at-15.20.25-212x300.jpeg","contentUrl":"https:\/\/lospoliticosveracruz.com.mx\/wp-content\/uploads\/2021\/10\/WhatsApp-Image-2021-10-02-at-15.20.25-212x300.jpeg"},{"@type":"BreadcrumbList","@id":"https:\/\/lospoliticosveracruz.com\/?p=92463#breadcrumb","itemListElement":[{"@type":"ListItem","position":1,"name":"Portada","item":"https:\/\/lospoliticosveracruz.com\/"},{"@type":"ListItem","position":2,"name":"El \u201cShow de Layda\u201d"}]},{"@type":"WebSite","@id":"https:\/\/lospoliticosveracruz.com\/#website","url":"https:\/\/lospoliticosveracruz.com\/","name":"Los pol\u00edticos Veracruz","description":"","publisher":{"@id":"https:\/\/lospoliticosveracruz.com\/#organization"},"potentialAction":[{"@type":"SearchAction","target":{"@type":"EntryPoint","urlTemplate":"https:\/\/lospoliticosveracruz.com\/?s={search_term_string}"},"query-input":{"@type":"PropertyValueSpecification","valueRequired":true,"valueName":"search_term_string"}}],"inLanguage":"es"},{"@type":"Organization","@id":"https:\/\/lospoliticosveracruz.com\/#organization","name":"Los pol\u00edticos Veracruz","url":"https:\/\/lospoliticosveracruz.com\/","logo":{"@type":"ImageObject","inLanguage":"es","@id":"https:\/\/lospoliticosveracruz.com\/#\/schema\/logo\/image\/","url":"https:\/\/lospoliticosveracruz.com\/wp-content\/uploads\/2025\/12\/Logo-Nuevo-LOS-POLITICOS-1.jpg","contentUrl":"https:\/\/lospoliticosveracruz.com\/wp-content\/uploads\/2025\/12\/Logo-Nuevo-LOS-POLITICOS-1.jpg","width":260,"height":70,"caption":"Los pol\u00edticos Veracruz"},"image":{"@id":"https:\/\/lospoliticosveracruz.com\/#\/schema\/logo\/image\/"},"sameAs":["https:\/\/www.facebook.com\/people\/Notimemes-de-los-Polticos\/61565672886568\/","https:\/\/x.com\/LosPoliticosVer"]},{"@type":"Person","@id":"https:\/\/lospoliticosveracruz.com\/#\/schema\/person\/b8702bb0e538456e6efd07080bf2a4a2","name":"Lo viste en Los Pol\u00edticos","image":{"@type":"ImageObject","inLanguage":"es","@id":"https:\/\/secure.gravatar.com\/avatar\/3a8de04a2656d44082be478bd6c086daa447c4651605818287b9532d3d0bd435?s=96&d=mm&r=g","url":"https:\/\/secure.gravatar.com\/avatar\/3a8de04a2656d44082be478bd6c086daa447c4651605818287b9532d3d0bd435?s=96&d=mm&r=g","contentUrl":"https:\/\/secure.gravatar.com\/avatar\/3a8de04a2656d44082be478bd6c086daa447c4651605818287b9532d3d0bd435?s=96&d=mm&r=g","caption":"Lo viste en Los Pol\u00edticos"},"url":"https:\/\/lospoliticosveracruz.com\/?author=2"}]}},"_links":{"self":[{"href":"https:\/\/lospoliticosveracruz.com\/index.php?rest_route=\/wp\/v2\/posts\/92463","targetHints":{"allow":["GET"]}}],"collection":[{"href":"https:\/\/lospoliticosveracruz.com\/index.php?rest_route=\/wp\/v2\/posts"}],"about":[{"href":"https:\/\/lospoliticosveracruz.com\/index.php?rest_route=\/wp\/v2\/types\/post"}],"author":[{"embeddable":true,"href":"https:\/\/lospoliticosveracruz.com\/index.php?rest_route=\/wp\/v2\/users\/2"}],"replies":[{"embeddable":true,"href":"https:\/\/lospoliticosveracruz.com\/index.php?rest_route=%2Fwp%2Fv2%2Fcomments&post=92463"}],"version-history":[{"count":1,"href":"https:\/\/lospoliticosveracruz.com\/index.php?rest_route=\/wp\/v2\/posts\/92463\/revisions"}],"predecessor-version":[{"id":92465,"href":"https:\/\/lospoliticosveracruz.com\/index.php?rest_route=\/wp\/v2\/posts\/92463\/revisions\/92465"}],"wp:attachment":[{"href":"https:\/\/lospoliticosveracruz.com\/index.php?rest_route=%2Fwp%2Fv2%2Fmedia&parent=92463"}],"wp:term":[{"taxonomy":"category","embeddable":true,"href":"https:\/\/lospoliticosveracruz.com\/index.php?rest_route=%2Fwp%2Fv2%2Fcategories&post=92463"},{"taxonomy":"post_tag","embeddable":true,"href":"https:\/\/lospoliticosveracruz.com\/index.php?rest_route=%2Fwp%2Fv2%2Ftags&post=92463"}],"curies":[{"name":"wp","href":"https:\/\/api.w.org\/{rel}","templated":true}]}}