{"id":92645,"date":"2022-07-20T07:50:44","date_gmt":"2022-07-20T12:50:44","guid":{"rendered":"https:\/\/lospoliticosveracruz.com.mx\/?p=92645"},"modified":"2022-07-20T07:51:25","modified_gmt":"2022-07-20T12:51:25","slug":"la-catedra-de-pepe-del-viernes-anterior","status":"publish","type":"post","link":"https:\/\/lospoliticosveracruz.com\/?p=92645","title":{"rendered":"La c\u00e1tedra de Pepe del viernes anterior"},"content":{"rendered":"\n<p><strong>Bernardo Guti\u00e9rrez Parra<\/strong><\/p>\n\n\n\n<p><em>Desde el Caf\u00e9<br><\/em><\/p>\n\n\n\n<p>Dos veces se suspendi\u00f3 el desayuno de la Asociaci\u00f3n de Comunicadores de Veracruz (ACOVER), con el diputado federal Jos\u00e9 Francisco Yunes Zorrilla, y es que el bicho en su quinta oleada sigue haciendo de las suyas. Pero el viernes anterior el perote\u00f1o lleg\u00f3 puntual a la cita y departi\u00f3 en charla de preguntas y respuestas con los periodistas.<\/p>\n\n\n\n<p>De entrada, dijo que decidi\u00f3 competir una vez m\u00e1s por un esca\u00f1o en el Congreso Federal, porque hab\u00eda que quitarle el voto a Morena \u201cy tratar de generar un equilibrio de mayor simetr\u00eda en el ejercicio del poder\u201d.<\/p>\n\n\n\n<div class=\"wp-block-image\"><figure class=\"alignleft size-large is-resized\"><a href=\"https:\/\/lospoliticosveracruz.com.mx\/wp-content\/uploads\/2021\/10\/WhatsApp-Image-2021-10-02-at-15.20.25.jpeg\"><img loading=\"lazy\" decoding=\"async\" src=\"https:\/\/lospoliticosveracruz.com.mx\/wp-content\/uploads\/2021\/10\/WhatsApp-Image-2021-10-02-at-15.20.25-724x1024.jpeg\" alt=\"\" class=\"wp-image-80177\" width=\"362\" height=\"512\" srcset=\"https:\/\/lospoliticosveracruz.com\/wp-content\/uploads\/2021\/10\/WhatsApp-Image-2021-10-02-at-15.20.25-724x1024.jpeg 724w, https:\/\/lospoliticosveracruz.com\/wp-content\/uploads\/2021\/10\/WhatsApp-Image-2021-10-02-at-15.20.25-212x300.jpeg 212w, https:\/\/lospoliticosveracruz.com\/wp-content\/uploads\/2021\/10\/WhatsApp-Image-2021-10-02-at-15.20.25-768x1086.jpeg 768w, https:\/\/lospoliticosveracruz.com\/wp-content\/uploads\/2021\/10\/WhatsApp-Image-2021-10-02-at-15.20.25.jpeg 905w\" sizes=\"auto, (max-width: 362px) 100vw, 362px\" \/><\/a><\/figure><\/div>\n\n\n\n<p>Y s\u00ed, le quit\u00f3 el voto a los morenos en el distrito de Coatepec y la suya es una curul tricolor en medio de un mar de curules guindas. Una curul a la que un colega le sac\u00f3 raja po\u00e9tica y as\u00ed me lo hizo saber al t\u00e9rmino del desayuno. \u201cFue como una gota de agua en el desierto, pero una gota que puede convertirse en una laguna, en un r\u00edo, m\u00e1s adelante en un mar y qui\u00e9n no te dice que en el 24 esa gota se convierta en un oc\u00e9ano\u201d.<\/p>\n\n\n\n<p>Para quien siga las disertaciones de los aspirantes a cualquier puesto de elecci\u00f3n popular, estar\u00e1 de acuerdo en que Jos\u00e9 Yunes es de los pocos pol\u00edticos que evita las frases sobadas: \u201cMe he preparado toda mi vida para el cargo\u201d \u201cMe considero apto para desempe\u00f1ar el puesto\u201d, etc.<\/p>\n\n\n\n<p>Tiene bien claro que primero es el proyecto, luego el partido y despu\u00e9s el candidato. Y en ese sentido dict\u00f3 c\u00e1tedra en su reuni\u00f3n con los miembros de ACOVER.<\/p>\n\n\n\n<p>\u201cYo entiendo el contexto del 24 en estas tres dimensiones. Me parece que lo prioritario es entender que los partidos de oposici\u00f3n deben hacer lo que est\u00e9 a su alcance para presentarse unidos en un proyecto que garantice desarrollo, seguridad, crecimiento econ\u00f3mico y empleo. Entonces, punto n\u00famero uno: tenemos todos los actores pol\u00edticos que hacer un esfuerzo para que logremos llegar conjuntamente, en un solo frente, con un proyecto que le d\u00e9 respuesta a los temas que en Veracruz han quedado sin respuesta.<\/p>\n\n\n\n<p>\u201cSegundo punto: me parece que los priistas, todos los priistas, tenemos que hacer un esfuerzo para que el PRI pueda estar con los suficientes elementos para que pueda alzar la mano para encabezar esa coalici\u00f3n. Los priistas tenemos de ya, todos sin excepci\u00f3n, que empezar a recorrer, a trabajar, a resta\u00f1ar, para que el PRI pueda tener qu\u00e9 aportarle a esa alianza.<\/p>\n\n\n\n<p>\u201cTiene que haber una alianza y la tiene que encabezar el partido con el candidato que mayores posibilidades tenga de ganar la elecci\u00f3n en el 24, con un requisito sine qua non: tiene que haber un proyecto, tiene que haber una claridad de para qu\u00e9 se va a llegar como alianza al gobierno, y que haya las garant\u00edas de que ese proyecto en su instrumentaci\u00f3n, va a resolver los problemas estatales\u201d.<\/p>\n\n\n\n<p>Yunes Zorrilla fue insistente al se\u00f1alar que la prioridad para alcanzar un resultado \u00f3ptimo en el 24, es un proyecto que le d\u00e9 salida a Veracruz y lo encabece quien pueda ganar sin importar de qu\u00e9 partido sea.<\/p>\n\n\n\n<p>Al rengl\u00f3n seguido agreg\u00f3: \u201cYo voy a buscar sin ning\u00fan tipo de duda, ser una opci\u00f3n dentro del PRI que pueda ser atractiva para la alianza con el prop\u00f3sito de instrumentar un buen gobierno a partir del primero de diciembre del 24\u201d.<\/p>\n\n\n\n<p>Y remat\u00f3 contundente: \u201cSi me alcanza, en un a\u00f1o y medio pelearemos por esa posici\u00f3n; si no nos alcanza, estaremos reconociendo dentro del partido o fuera del partido, a quien tenga los m\u00e9ritos, el perfil y los alcances para darle a Veracruz un buen gobierno\u201d.<\/p>\n\n\n\n<p>Nada m\u00e1s, pero tampoco nada menos, lector.<\/p>\n\n\n\n<p>Al t\u00e9rmino del desayuno el compa\u00f1ero poeta me dijo que le qued\u00f3 claro que el diputado federal no est\u00e1 obsesionado por ser candidato a la gubernatura. \u201cNo vino a hablarnos de que Veracruz ser\u00e1 el para\u00edso si votamos por \u00e9l, no vino a mentirnos diciendo que acabar\u00e1 con la violencia en un a\u00f1o, no vino a prometernos nada. De hecho, no habl\u00f3 como candidato, sino como un legislador que anhela que le vaya bien a Veracruz y a los veracruzanos\u201d.<\/p>\n\n\n\n<p>Pero de igual manera, dijo que a ninguno de los presentes les qued\u00f3 duda que Jos\u00e9 Francisco Yunes Zorrilla es el aspirante de la oposici\u00f3n \u201ccon las m\u00e1s grandes, s\u00f3lidas y amplias posibilidades\u201d de aparecer en las boletas que se imprimir\u00e1n en el 2024.<\/p>\n\n\n\n<p>bernardogup@hotmail.com<\/p>\n","protected":false},"excerpt":{"rendered":"<p>Bernardo Guti\u00e9rrez Parra Desde el Caf\u00e9 Dos veces se suspendi\u00f3 el desayuno de la Asociaci\u00f3n de Comunicadores de Veracruz (ACOVER), con el diputado federal Jos\u00e9 Francisco Yunes Zorrilla, y es que el bicho en su quinta oleada sigue haciendo de las suyas. Pero el viernes anterior el perote\u00f1o lleg\u00f3 puntual a la cita y departi\u00f3 [&hellip;]<\/p>\n","protected":false},"author":2,"featured_media":0,"comment_status":"closed","ping_status":"closed","sticky":false,"template":"","format":"standard","meta":{"tdm_status":"","tdm_grid_status":"","footnotes":""},"categories":[70],"tags":[34206,1846,195],"class_list":{"0":"post-92645","1":"post","2":"type-post","3":"status-publish","4":"format-standard","6":"category-de-opinion","7":"tag-bernardo-gutierrez-parra","8":"tag-jose-francisco-yunes-zorrilla","9":"tag-veracruz"},"yoast_head":"<!-- This site is optimized with the Yoast SEO plugin v27.4 - https:\/\/yoast.com\/product\/yoast-seo-wordpress\/ -->\n<title>La c\u00e1tedra de Pepe del viernes anterior - Los pol\u00edticos Veracruz<\/title>\n<meta name=\"robots\" content=\"index, follow, max-snippet:-1, max-image-preview:large, max-video-preview:-1\" \/>\n<link rel=\"canonical\" href=\"https:\/\/lospoliticosveracruz.com\/?p=92645\" \/>\n<meta property=\"og:locale\" content=\"es_ES\" \/>\n<meta property=\"og:type\" content=\"article\" \/>\n<meta property=\"og:title\" content=\"La c\u00e1tedra de Pepe del viernes anterior - Los pol\u00edticos Veracruz\" \/>\n<meta property=\"og:description\" content=\"Bernardo Guti\u00e9rrez Parra Desde el Caf\u00e9 Dos veces se suspendi\u00f3 el desayuno de la Asociaci\u00f3n de Comunicadores de Veracruz (ACOVER), con el diputado federal Jos\u00e9 Francisco Yunes Zorrilla, y es que el bicho en su quinta oleada sigue haciendo de las suyas. Pero el viernes anterior el perote\u00f1o lleg\u00f3 puntual a la cita y departi\u00f3 [&hellip;]\" \/>\n<meta property=\"og:url\" content=\"https:\/\/lospoliticosveracruz.com\/?p=92645\" \/>\n<meta property=\"og:site_name\" content=\"Los pol\u00edticos Veracruz\" \/>\n<meta property=\"article:publisher\" content=\"https:\/\/www.facebook.com\/people\/Notimemes-de-los-Polticos\/61565672886568\/\" \/>\n<meta property=\"article:published_time\" content=\"2022-07-20T12:50:44+00:00\" \/>\n<meta property=\"article:modified_time\" content=\"2022-07-20T12:51:25+00:00\" \/>\n<meta property=\"og:image\" content=\"https:\/\/lospoliticosveracruz.com.mx\/wp-content\/uploads\/2021\/10\/WhatsApp-Image-2021-10-02-at-15.20.25-724x1024.jpeg\" \/>\n<meta name=\"author\" content=\"Lo viste en Los Pol\u00edticos\" \/>\n<meta name=\"twitter:card\" content=\"summary_large_image\" \/>\n<meta name=\"twitter:creator\" content=\"@LosPoliticosVer\" \/>\n<meta name=\"twitter:site\" content=\"@LosPoliticosVer\" \/>\n<meta name=\"twitter:label1\" content=\"Escrito por\" \/>\n\t<meta name=\"twitter:data1\" content=\"Lo viste en Los Pol\u00edticos\" \/>\n\t<meta name=\"twitter:label2\" content=\"Tiempo de lectura\" \/>\n\t<meta name=\"twitter:data2\" content=\"4 minutos\" \/>\n<script type=\"application\/ld+json\" class=\"yoast-schema-graph\">{\"@context\":\"https:\\\/\\\/schema.org\",\"@graph\":[{\"@type\":\"Article\",\"@id\":\"https:\\\/\\\/lospoliticosveracruz.com\\\/?p=92645#article\",\"isPartOf\":{\"@id\":\"https:\\\/\\\/lospoliticosveracruz.com\\\/?p=92645\"},\"author\":{\"name\":\"Lo viste en Los Pol\u00edticos\",\"@id\":\"https:\\\/\\\/lospoliticosveracruz.com\\\/#\\\/schema\\\/person\\\/b8702bb0e538456e6efd07080bf2a4a2\"},\"headline\":\"La c\u00e1tedra de Pepe del viernes anterior\",\"datePublished\":\"2022-07-20T12:50:44+00:00\",\"dateModified\":\"2022-07-20T12:51:25+00:00\",\"mainEntityOfPage\":{\"@id\":\"https:\\\/\\\/lospoliticosveracruz.com\\\/?p=92645\"},\"wordCount\":794,\"publisher\":{\"@id\":\"https:\\\/\\\/lospoliticosveracruz.com\\\/#organization\"},\"image\":{\"@id\":\"https:\\\/\\\/lospoliticosveracruz.com\\\/?p=92645#primaryimage\"},\"thumbnailUrl\":\"https:\\\/\\\/lospoliticosveracruz.com.mx\\\/wp-content\\\/uploads\\\/2021\\\/10\\\/WhatsApp-Image-2021-10-02-at-15.20.25-724x1024.jpeg\",\"keywords\":[\"Bernardo Guti\u00e9rrez Parra\",\"Jos\u00e9 Francisco Yunes Zorrilla\",\"Veracruz\"],\"articleSection\":[\"De Opini\u00f3n\"],\"inLanguage\":\"es\"},{\"@type\":\"WebPage\",\"@id\":\"https:\\\/\\\/lospoliticosveracruz.com\\\/?p=92645\",\"url\":\"https:\\\/\\\/lospoliticosveracruz.com\\\/?p=92645\",\"name\":\"La c\u00e1tedra de Pepe del viernes anterior - Los pol\u00edticos Veracruz\",\"isPartOf\":{\"@id\":\"https:\\\/\\\/lospoliticosveracruz.com\\\/#website\"},\"primaryImageOfPage\":{\"@id\":\"https:\\\/\\\/lospoliticosveracruz.com\\\/?p=92645#primaryimage\"},\"image\":{\"@id\":\"https:\\\/\\\/lospoliticosveracruz.com\\\/?p=92645#primaryimage\"},\"thumbnailUrl\":\"https:\\\/\\\/lospoliticosveracruz.com.mx\\\/wp-content\\\/uploads\\\/2021\\\/10\\\/WhatsApp-Image-2021-10-02-at-15.20.25-724x1024.jpeg\",\"datePublished\":\"2022-07-20T12:50:44+00:00\",\"dateModified\":\"2022-07-20T12:51:25+00:00\",\"breadcrumb\":{\"@id\":\"https:\\\/\\\/lospoliticosveracruz.com\\\/?p=92645#breadcrumb\"},\"inLanguage\":\"es\",\"potentialAction\":[{\"@type\":\"ReadAction\",\"target\":[\"https:\\\/\\\/lospoliticosveracruz.com\\\/?p=92645\"]}]},{\"@type\":\"ImageObject\",\"inLanguage\":\"es\",\"@id\":\"https:\\\/\\\/lospoliticosveracruz.com\\\/?p=92645#primaryimage\",\"url\":\"https:\\\/\\\/lospoliticosveracruz.com.mx\\\/wp-content\\\/uploads\\\/2021\\\/10\\\/WhatsApp-Image-2021-10-02-at-15.20.25-724x1024.jpeg\",\"contentUrl\":\"https:\\\/\\\/lospoliticosveracruz.com.mx\\\/wp-content\\\/uploads\\\/2021\\\/10\\\/WhatsApp-Image-2021-10-02-at-15.20.25-724x1024.jpeg\"},{\"@type\":\"BreadcrumbList\",\"@id\":\"https:\\\/\\\/lospoliticosveracruz.com\\\/?p=92645#breadcrumb\",\"itemListElement\":[{\"@type\":\"ListItem\",\"position\":1,\"name\":\"Portada\",\"item\":\"https:\\\/\\\/lospoliticosveracruz.com\\\/\"},{\"@type\":\"ListItem\",\"position\":2,\"name\":\"La c\u00e1tedra de Pepe del viernes anterior\"}]},{\"@type\":\"WebSite\",\"@id\":\"https:\\\/\\\/lospoliticosveracruz.com\\\/#website\",\"url\":\"https:\\\/\\\/lospoliticosveracruz.com\\\/\",\"name\":\"Los pol\u00edticos Veracruz\",\"description\":\"\",\"publisher\":{\"@id\":\"https:\\\/\\\/lospoliticosveracruz.com\\\/#organization\"},\"potentialAction\":[{\"@type\":\"SearchAction\",\"target\":{\"@type\":\"EntryPoint\",\"urlTemplate\":\"https:\\\/\\\/lospoliticosveracruz.com\\\/?s={search_term_string}\"},\"query-input\":{\"@type\":\"PropertyValueSpecification\",\"valueRequired\":true,\"valueName\":\"search_term_string\"}}],\"inLanguage\":\"es\"},{\"@type\":\"Organization\",\"@id\":\"https:\\\/\\\/lospoliticosveracruz.com\\\/#organization\",\"name\":\"Los pol\u00edticos Veracruz\",\"url\":\"https:\\\/\\\/lospoliticosveracruz.com\\\/\",\"logo\":{\"@type\":\"ImageObject\",\"inLanguage\":\"es\",\"@id\":\"https:\\\/\\\/lospoliticosveracruz.com\\\/#\\\/schema\\\/logo\\\/image\\\/\",\"url\":\"https:\\\/\\\/lospoliticosveracruz.com\\\/wp-content\\\/uploads\\\/2025\\\/12\\\/Logo-Nuevo-LOS-POLITICOS-1.jpg\",\"contentUrl\":\"https:\\\/\\\/lospoliticosveracruz.com\\\/wp-content\\\/uploads\\\/2025\\\/12\\\/Logo-Nuevo-LOS-POLITICOS-1.jpg\",\"width\":260,\"height\":70,\"caption\":\"Los pol\u00edticos Veracruz\"},\"image\":{\"@id\":\"https:\\\/\\\/lospoliticosveracruz.com\\\/#\\\/schema\\\/logo\\\/image\\\/\"},\"sameAs\":[\"https:\\\/\\\/www.facebook.com\\\/people\\\/Notimemes-de-los-Polticos\\\/61565672886568\\\/\",\"https:\\\/\\\/x.com\\\/LosPoliticosVer\"]},{\"@type\":\"Person\",\"@id\":\"https:\\\/\\\/lospoliticosveracruz.com\\\/#\\\/schema\\\/person\\\/b8702bb0e538456e6efd07080bf2a4a2\",\"name\":\"Lo viste en Los Pol\u00edticos\",\"image\":{\"@type\":\"ImageObject\",\"inLanguage\":\"es\",\"@id\":\"https:\\\/\\\/secure.gravatar.com\\\/avatar\\\/3a8de04a2656d44082be478bd6c086daa447c4651605818287b9532d3d0bd435?s=96&d=mm&r=g\",\"url\":\"https:\\\/\\\/secure.gravatar.com\\\/avatar\\\/3a8de04a2656d44082be478bd6c086daa447c4651605818287b9532d3d0bd435?s=96&d=mm&r=g\",\"contentUrl\":\"https:\\\/\\\/secure.gravatar.com\\\/avatar\\\/3a8de04a2656d44082be478bd6c086daa447c4651605818287b9532d3d0bd435?s=96&d=mm&r=g\",\"caption\":\"Lo viste en Los Pol\u00edticos\"},\"url\":\"https:\\\/\\\/lospoliticosveracruz.com\\\/?author=2\"}]}<\/script>\n<!-- \/ Yoast SEO plugin. -->","yoast_head_json":{"title":"La c\u00e1tedra de Pepe del viernes anterior - Los pol\u00edticos Veracruz","robots":{"index":"index","follow":"follow","max-snippet":"max-snippet:-1","max-image-preview":"max-image-preview:large","max-video-preview":"max-video-preview:-1"},"canonical":"https:\/\/lospoliticosveracruz.com\/?p=92645","og_locale":"es_ES","og_type":"article","og_title":"La c\u00e1tedra de Pepe del viernes anterior - Los pol\u00edticos Veracruz","og_description":"Bernardo Guti\u00e9rrez Parra Desde el Caf\u00e9 Dos veces se suspendi\u00f3 el desayuno de la Asociaci\u00f3n de Comunicadores de Veracruz (ACOVER), con el diputado federal Jos\u00e9 Francisco Yunes Zorrilla, y es que el bicho en su quinta oleada sigue haciendo de las suyas. Pero el viernes anterior el perote\u00f1o lleg\u00f3 puntual a la cita y departi\u00f3 [&hellip;]","og_url":"https:\/\/lospoliticosveracruz.com\/?p=92645","og_site_name":"Los pol\u00edticos Veracruz","article_publisher":"https:\/\/www.facebook.com\/people\/Notimemes-de-los-Polticos\/61565672886568\/","article_published_time":"2022-07-20T12:50:44+00:00","article_modified_time":"2022-07-20T12:51:25+00:00","og_image":[{"url":"https:\/\/lospoliticosveracruz.com.mx\/wp-content\/uploads\/2021\/10\/WhatsApp-Image-2021-10-02-at-15.20.25-724x1024.jpeg","type":"","width":"","height":""}],"author":"Lo viste en Los Pol\u00edticos","twitter_card":"summary_large_image","twitter_creator":"@LosPoliticosVer","twitter_site":"@LosPoliticosVer","twitter_misc":{"Escrito por":"Lo viste en Los Pol\u00edticos","Tiempo de lectura":"4 minutos"},"schema":{"@context":"https:\/\/schema.org","@graph":[{"@type":"Article","@id":"https:\/\/lospoliticosveracruz.com\/?p=92645#article","isPartOf":{"@id":"https:\/\/lospoliticosveracruz.com\/?p=92645"},"author":{"name":"Lo viste en Los Pol\u00edticos","@id":"https:\/\/lospoliticosveracruz.com\/#\/schema\/person\/b8702bb0e538456e6efd07080bf2a4a2"},"headline":"La c\u00e1tedra de Pepe del viernes anterior","datePublished":"2022-07-20T12:50:44+00:00","dateModified":"2022-07-20T12:51:25+00:00","mainEntityOfPage":{"@id":"https:\/\/lospoliticosveracruz.com\/?p=92645"},"wordCount":794,"publisher":{"@id":"https:\/\/lospoliticosveracruz.com\/#organization"},"image":{"@id":"https:\/\/lospoliticosveracruz.com\/?p=92645#primaryimage"},"thumbnailUrl":"https:\/\/lospoliticosveracruz.com.mx\/wp-content\/uploads\/2021\/10\/WhatsApp-Image-2021-10-02-at-15.20.25-724x1024.jpeg","keywords":["Bernardo Guti\u00e9rrez Parra","Jos\u00e9 Francisco Yunes Zorrilla","Veracruz"],"articleSection":["De Opini\u00f3n"],"inLanguage":"es"},{"@type":"WebPage","@id":"https:\/\/lospoliticosveracruz.com\/?p=92645","url":"https:\/\/lospoliticosveracruz.com\/?p=92645","name":"La c\u00e1tedra de Pepe del viernes anterior - Los pol\u00edticos Veracruz","isPartOf":{"@id":"https:\/\/lospoliticosveracruz.com\/#website"},"primaryImageOfPage":{"@id":"https:\/\/lospoliticosveracruz.com\/?p=92645#primaryimage"},"image":{"@id":"https:\/\/lospoliticosveracruz.com\/?p=92645#primaryimage"},"thumbnailUrl":"https:\/\/lospoliticosveracruz.com.mx\/wp-content\/uploads\/2021\/10\/WhatsApp-Image-2021-10-02-at-15.20.25-724x1024.jpeg","datePublished":"2022-07-20T12:50:44+00:00","dateModified":"2022-07-20T12:51:25+00:00","breadcrumb":{"@id":"https:\/\/lospoliticosveracruz.com\/?p=92645#breadcrumb"},"inLanguage":"es","potentialAction":[{"@type":"ReadAction","target":["https:\/\/lospoliticosveracruz.com\/?p=92645"]}]},{"@type":"ImageObject","inLanguage":"es","@id":"https:\/\/lospoliticosveracruz.com\/?p=92645#primaryimage","url":"https:\/\/lospoliticosveracruz.com.mx\/wp-content\/uploads\/2021\/10\/WhatsApp-Image-2021-10-02-at-15.20.25-724x1024.jpeg","contentUrl":"https:\/\/lospoliticosveracruz.com.mx\/wp-content\/uploads\/2021\/10\/WhatsApp-Image-2021-10-02-at-15.20.25-724x1024.jpeg"},{"@type":"BreadcrumbList","@id":"https:\/\/lospoliticosveracruz.com\/?p=92645#breadcrumb","itemListElement":[{"@type":"ListItem","position":1,"name":"Portada","item":"https:\/\/lospoliticosveracruz.com\/"},{"@type":"ListItem","position":2,"name":"La c\u00e1tedra de Pepe del viernes anterior"}]},{"@type":"WebSite","@id":"https:\/\/lospoliticosveracruz.com\/#website","url":"https:\/\/lospoliticosveracruz.com\/","name":"Los pol\u00edticos Veracruz","description":"","publisher":{"@id":"https:\/\/lospoliticosveracruz.com\/#organization"},"potentialAction":[{"@type":"SearchAction","target":{"@type":"EntryPoint","urlTemplate":"https:\/\/lospoliticosveracruz.com\/?s={search_term_string}"},"query-input":{"@type":"PropertyValueSpecification","valueRequired":true,"valueName":"search_term_string"}}],"inLanguage":"es"},{"@type":"Organization","@id":"https:\/\/lospoliticosveracruz.com\/#organization","name":"Los pol\u00edticos Veracruz","url":"https:\/\/lospoliticosveracruz.com\/","logo":{"@type":"ImageObject","inLanguage":"es","@id":"https:\/\/lospoliticosveracruz.com\/#\/schema\/logo\/image\/","url":"https:\/\/lospoliticosveracruz.com\/wp-content\/uploads\/2025\/12\/Logo-Nuevo-LOS-POLITICOS-1.jpg","contentUrl":"https:\/\/lospoliticosveracruz.com\/wp-content\/uploads\/2025\/12\/Logo-Nuevo-LOS-POLITICOS-1.jpg","width":260,"height":70,"caption":"Los pol\u00edticos Veracruz"},"image":{"@id":"https:\/\/lospoliticosveracruz.com\/#\/schema\/logo\/image\/"},"sameAs":["https:\/\/www.facebook.com\/people\/Notimemes-de-los-Polticos\/61565672886568\/","https:\/\/x.com\/LosPoliticosVer"]},{"@type":"Person","@id":"https:\/\/lospoliticosveracruz.com\/#\/schema\/person\/b8702bb0e538456e6efd07080bf2a4a2","name":"Lo viste en Los Pol\u00edticos","image":{"@type":"ImageObject","inLanguage":"es","@id":"https:\/\/secure.gravatar.com\/avatar\/3a8de04a2656d44082be478bd6c086daa447c4651605818287b9532d3d0bd435?s=96&d=mm&r=g","url":"https:\/\/secure.gravatar.com\/avatar\/3a8de04a2656d44082be478bd6c086daa447c4651605818287b9532d3d0bd435?s=96&d=mm&r=g","contentUrl":"https:\/\/secure.gravatar.com\/avatar\/3a8de04a2656d44082be478bd6c086daa447c4651605818287b9532d3d0bd435?s=96&d=mm&r=g","caption":"Lo viste en Los Pol\u00edticos"},"url":"https:\/\/lospoliticosveracruz.com\/?author=2"}]}},"_links":{"self":[{"href":"https:\/\/lospoliticosveracruz.com\/index.php?rest_route=\/wp\/v2\/posts\/92645","targetHints":{"allow":["GET"]}}],"collection":[{"href":"https:\/\/lospoliticosveracruz.com\/index.php?rest_route=\/wp\/v2\/posts"}],"about":[{"href":"https:\/\/lospoliticosveracruz.com\/index.php?rest_route=\/wp\/v2\/types\/post"}],"author":[{"embeddable":true,"href":"https:\/\/lospoliticosveracruz.com\/index.php?rest_route=\/wp\/v2\/users\/2"}],"replies":[{"embeddable":true,"href":"https:\/\/lospoliticosveracruz.com\/index.php?rest_route=%2Fwp%2Fv2%2Fcomments&post=92645"}],"version-history":[{"count":1,"href":"https:\/\/lospoliticosveracruz.com\/index.php?rest_route=\/wp\/v2\/posts\/92645\/revisions"}],"predecessor-version":[{"id":92646,"href":"https:\/\/lospoliticosveracruz.com\/index.php?rest_route=\/wp\/v2\/posts\/92645\/revisions\/92646"}],"wp:attachment":[{"href":"https:\/\/lospoliticosveracruz.com\/index.php?rest_route=%2Fwp%2Fv2%2Fmedia&parent=92645"}],"wp:term":[{"taxonomy":"category","embeddable":true,"href":"https:\/\/lospoliticosveracruz.com\/index.php?rest_route=%2Fwp%2Fv2%2Fcategories&post=92645"},{"taxonomy":"post_tag","embeddable":true,"href":"https:\/\/lospoliticosveracruz.com\/index.php?rest_route=%2Fwp%2Fv2%2Ftags&post=92645"}],"curies":[{"name":"wp","href":"https:\/\/api.w.org\/{rel}","templated":true}]}}