{"id":93064,"date":"2022-07-28T07:35:32","date_gmt":"2022-07-28T12:35:32","guid":{"rendered":"https:\/\/lospoliticosveracruz.com.mx\/?p=93064"},"modified":"2022-07-28T07:35:40","modified_gmt":"2022-07-28T12:35:40","slug":"sergio-gutierrez-no-soy-necio-ni-aferrado","status":"publish","type":"post","link":"https:\/\/lospoliticosveracruz.com\/?p=93064","title":{"rendered":"Sergio Guti\u00e9rrez: \u201cNo soy necio ni aferrado\u201d"},"content":{"rendered":"\n<p><\/p>\n\n\n\n<p><br><strong>Bernardo Guti\u00e9rrez Parra<\/strong><br><em>Desde el Caf\u00e9<\/em><\/p>\n\n\n\n<p><\/p>\n\n\n\n<p>Por temas candentes que se atravesaron, no hab\u00eda comentado el di\u00e1logo que el domingo anterior sostuvieron periodistas y columnistas del Grupo de los Diez con el diputado federal Sergio Guti\u00e9rrez Luna, que lleg\u00f3 acompa\u00f1ado de su esposa la tambi\u00e9n diputada Diana Barreras Samaniego, de sus peque\u00f1os hijos y aguant\u00f3 la carga de caballer\u00eda que le soltaron los colegas.<\/p>\n\n\n\n<div class=\"wp-block-image\"><figure class=\"alignleft size-medium\"><a href=\"https:\/\/lospoliticosveracruz.com.mx\/wp-content\/uploads\/2021\/10\/Zacauilt.jpg\"><img decoding=\"async\" src=\"https:\/\/lospoliticosveracruz.com.mx\/wp-content\/uploads\/2021\/10\/Zacauilt-150x300.jpg\" alt=\"\" class=\"wp-image-80558\"\/><\/a><\/figure><\/div>\n\n\n\n<p>A la primera pregunta, la de caj\u00f3n: \u00bfEst\u00e1s buscando la candidatura de Morena a la gubernatura de Veracruz?, respondi\u00f3: \u201cEs muy claro que vamos en esa ruta, es muy claro que lo que hemos venido trabajando desde hace un ratote es para generar un liderazgo pol\u00edtico hacia el 24\u201d.<\/p>\n\n\n\n<p>Pero a rengl\u00f3n seguido aclar\u00f3 que la candidatura no le obsesiona: \u201cSoy una persona que no se aferra a las cosas, pero que busca conseguirlas con trabajo y resultados, no neceando. El tema es que la construcci\u00f3n que estamos haciendo tiene que dar para eso, puede dar para eso y seguramente dar\u00e1 para eso y esa es la apuesta que nosotros tenemos, al trabajo y a los resultados\u201d.<\/p>\n\n\n\n<p>Desde que visit\u00f3 por vez primera Xalapa como presidente del Congreso Federal, Guti\u00e9rrez Luna provoc\u00f3 urticaria entre los llamados Morenos Puros. Cuitl\u00e1huac Garc\u00eda dijo que no lo conoc\u00eda, pese a que el 5 de octubre anterior coincidieron en un evento que encabez\u00f3 el presidente L\u00f3pez Obrador en Veracruz, con motivo de los 200 a\u00f1os de la Armada de M\u00e9xico.<\/p>\n\n\n\n<p>Pero a quien indigesta el minatitleco es a Eric Cisneros, que en m\u00e1s de una ocasi\u00f3n lo ha descalificado de muy fea manera incluso con ep\u00edtetos groseros.<\/p>\n\n\n\n<p>Sergio lo sabe y no se inmuta. \u201cNo soy de coaccionar o presionar porque eso no funciona. El amor a la fuerza no funciona, nadie puede tener una novia a fuerza amarrada al pie de la cama porque a la primera se va a ir. Nosotros vamos a seguir en esa ruta de trabajo, de no confrontaci\u00f3n. A m\u00ed no me interesan los pleitos, son est\u00e9riles y no abonan; ustedes han visto que esa ha sido mi constante\u201d.<\/p>\n\n\n\n<p>Y en efecto lector, a pesar de que algunos colegas quisieron amarrar navajas con sus adversarios de Morena, Guti\u00e9rrez Luna jam\u00e1s solt\u00f3 una descalificaci\u00f3n.<\/p>\n\n\n\n<p>Cuando le preguntaron si no le preocupa que el partido vaya a imponer al candidato o candidata, dijo confiar absolutamente en Morena y en su l\u00edder Mario Delgado. Por ese lado \u201cno hay ning\u00fan problema, creo que el partido va a tomar la mejor decisi\u00f3n\u201d. Aunque para eso y como \u00e9l mismo dijo falta un ratito.<\/p>\n\n\n\n<p>\u201cTodos sabemos que en pol\u00edtica no hay nada escrito, hoy hay una realidad y ma\u00f1ana puede haber otra totalmente diferente. \u00bfQu\u00e9 hay que hacer?, estar preparados, trabajar, no confrontarse, sumar, no restar, as\u00ed entiendo la pol\u00edtica, en una ruta de largo alcance\u201d indic\u00f3.<\/p>\n\n\n\n<p>Sergio es amigo de Mario Delgado que a su vez es amigo de Marcelo Ebrard. Por esa raz\u00f3n se pens\u00f3 que Marcelo estar\u00eda en el coraz\u00f3n del minatitleco como su candidato a la presidencia de la Rep\u00fablica, pero no. Su candidato es el secretario de Gobernaci\u00f3n Ad\u00e1n Augusto L\u00f3pez y lo presume ense\u00f1ando una pulsera que dice #Ad\u00e1nVa.<\/p>\n\n\n\n<p>\u201cYo estoy con Ad\u00e1n, lo he dicho muchas veces y es muy claro\u201d. Y agreg\u00f3: \u201c\u00bfQu\u00e9 tenemos que hacer las personas que tenemos una definici\u00f3n con alguien?, abonar a no descalificar, abonar a no generar una polarizaci\u00f3n interna innecesaria. Si a m\u00ed me gusta Ad\u00e1n, no tengo porque atacar, hostigar o ponerle zancadillas a quienes tengan otro candidato. Que gane el mejor\u201d.<\/p>\n\n\n\n<p>Sergio Guti\u00e9rrez tiene presente que la cuesta para alcanzar la candidatura al gobierno de Veracruz est\u00e1 muy pronunciada; sabe que no es del agrado de los cuatrote\u00edstas cercanos al gobernador que ya no hallan c\u00f3mo restarle popularidad. Pero sabe adem\u00e1s que el inquilino de Palacio Nacional (\u00fanico que decidir\u00e1 la candidatura), lo tiene en buen concepto, lo mismo que su entra\u00f1able amigo Ad\u00e1n Augusto, del que tiene su total apoyo.<\/p>\n\n\n\n<p>En menos de un a\u00f1o Sergio ha recorrido m\u00e1s de 120 de los 212 municipios veracruzanos (algo que ni por equivocaci\u00f3n ha hecho la candidata de Cuitl\u00e1huac) y su popularidad sigue en ascenso.<\/p>\n\n\n\n<p>Hace unos meses un analista de la 4T me dijo: \u201cA Sergio le durar\u00e1 el encanto lo que dure su periodo como presidente del Congreso\u201d. Pero este domingo cuando le preguntaron qu\u00e9 va a hacer cuando deje la presidencia legislativa contest\u00f3: \u201cVamos a venir a caminar con m\u00e1s tiempo en Veracruz\u201d.<\/p>\n\n\n\n<p>Quiz\u00e1 por eso, despu\u00e9s de la charla que sostuvo con el Grupo de los Diez, de Palacio de Gobierno sali\u00f3 la orden de echar a volar una encuesta donde Roc\u00edo Nahle va que vuela rumbo a la candidatura de Morena con un 34 por ciento de las preferencias electorales, y a Sergio lo mandan al pen\u00faltimo lugar con un 4.6 por ciento de aceptaci\u00f3n.<\/p>\n\n\n\n<p>Cuando vi la encuesta donde hasta Eric Cisneros result\u00f3 m\u00e1s popular que Sergio, lo primero que me dije fue: Ah caray, jam\u00e1s pens\u00e9 que el legislador minatitleco los trajera as\u00ed de nerviosos, ansiosos y turbados.<\/p>\n\n\n\n<p>bernardogup@hotmail.com<\/p>\n","protected":false},"excerpt":{"rendered":"<p>Bernardo Guti\u00e9rrez ParraDesde el Caf\u00e9 Por temas candentes que se atravesaron, no hab\u00eda comentado el di\u00e1logo que el domingo anterior sostuvieron periodistas y columnistas del Grupo de los Diez con el diputado federal Sergio Guti\u00e9rrez Luna, que lleg\u00f3 acompa\u00f1ado de su esposa la tambi\u00e9n diputada Diana Barreras Samaniego, de sus peque\u00f1os hijos y aguant\u00f3 la [&hellip;]<\/p>\n","protected":false},"author":2,"featured_media":0,"comment_status":"closed","ping_status":"closed","sticky":false,"template":"","format":"standard","meta":{"tdm_status":"","tdm_grid_status":"","footnotes":""},"categories":[70],"tags":[34206,1563,34358,12299,7355,1026,16147,195],"class_list":{"0":"post-93064","1":"post","2":"type-post","3":"status-publish","4":"format-standard","6":"category-de-opinion","7":"tag-bernardo-gutierrez-parra","8":"tag-cuitlahuac-garcia-jimenez","9":"tag-diana-barreras-samaniego","10":"tag-eric-cisneros-burgos","11":"tag-grupo-de-los-diez","12":"tag-morena","13":"tag-sergio-gutierrez-luna","14":"tag-veracruz"},"yoast_head":"<!-- This site is optimized with the Yoast SEO plugin v27.4 - https:\/\/yoast.com\/product\/yoast-seo-wordpress\/ -->\n<title>Sergio Guti\u00e9rrez: \u201cNo soy necio ni aferrado\u201d - Los pol\u00edticos Veracruz<\/title>\n<meta name=\"robots\" content=\"index, follow, max-snippet:-1, max-image-preview:large, max-video-preview:-1\" \/>\n<link rel=\"canonical\" href=\"https:\/\/lospoliticosveracruz.com\/?p=93064\" \/>\n<meta property=\"og:locale\" content=\"es_ES\" \/>\n<meta property=\"og:type\" content=\"article\" \/>\n<meta property=\"og:title\" content=\"Sergio Guti\u00e9rrez: \u201cNo soy necio ni aferrado\u201d - Los pol\u00edticos Veracruz\" \/>\n<meta property=\"og:description\" content=\"Bernardo Guti\u00e9rrez ParraDesde el Caf\u00e9 Por temas candentes que se atravesaron, no hab\u00eda comentado el di\u00e1logo que el domingo anterior sostuvieron periodistas y columnistas del Grupo de los Diez con el diputado federal Sergio Guti\u00e9rrez Luna, que lleg\u00f3 acompa\u00f1ado de su esposa la tambi\u00e9n diputada Diana Barreras Samaniego, de sus peque\u00f1os hijos y aguant\u00f3 la [&hellip;]\" \/>\n<meta property=\"og:url\" content=\"https:\/\/lospoliticosveracruz.com\/?p=93064\" \/>\n<meta property=\"og:site_name\" content=\"Los pol\u00edticos Veracruz\" \/>\n<meta property=\"article:publisher\" content=\"https:\/\/www.facebook.com\/people\/Notimemes-de-los-Polticos\/61565672886568\/\" \/>\n<meta property=\"article:published_time\" content=\"2022-07-28T12:35:32+00:00\" \/>\n<meta property=\"article:modified_time\" content=\"2022-07-28T12:35:40+00:00\" \/>\n<meta property=\"og:image\" content=\"https:\/\/lospoliticosveracruz.com.mx\/wp-content\/uploads\/2021\/10\/Zacauilt-150x300.jpg\" \/>\n<meta name=\"author\" content=\"Lo viste en Los Pol\u00edticos\" \/>\n<meta name=\"twitter:card\" content=\"summary_large_image\" \/>\n<meta name=\"twitter:creator\" content=\"@LosPoliticosVer\" \/>\n<meta name=\"twitter:site\" content=\"@LosPoliticosVer\" \/>\n<meta name=\"twitter:label1\" content=\"Escrito por\" \/>\n\t<meta name=\"twitter:data1\" content=\"Lo viste en Los Pol\u00edticos\" \/>\n\t<meta name=\"twitter:label2\" content=\"Tiempo de lectura\" \/>\n\t<meta name=\"twitter:data2\" content=\"5 minutos\" \/>\n<script type=\"application\/ld+json\" class=\"yoast-schema-graph\">{\"@context\":\"https:\\\/\\\/schema.org\",\"@graph\":[{\"@type\":\"Article\",\"@id\":\"https:\\\/\\\/lospoliticosveracruz.com\\\/?p=93064#article\",\"isPartOf\":{\"@id\":\"https:\\\/\\\/lospoliticosveracruz.com\\\/?p=93064\"},\"author\":{\"name\":\"Lo viste en Los Pol\u00edticos\",\"@id\":\"https:\\\/\\\/lospoliticosveracruz.com\\\/#\\\/schema\\\/person\\\/b8702bb0e538456e6efd07080bf2a4a2\"},\"headline\":\"Sergio Guti\u00e9rrez: \u201cNo soy necio ni aferrado\u201d\",\"datePublished\":\"2022-07-28T12:35:32+00:00\",\"dateModified\":\"2022-07-28T12:35:40+00:00\",\"mainEntityOfPage\":{\"@id\":\"https:\\\/\\\/lospoliticosveracruz.com\\\/?p=93064\"},\"wordCount\":909,\"publisher\":{\"@id\":\"https:\\\/\\\/lospoliticosveracruz.com\\\/#organization\"},\"image\":{\"@id\":\"https:\\\/\\\/lospoliticosveracruz.com\\\/?p=93064#primaryimage\"},\"thumbnailUrl\":\"https:\\\/\\\/lospoliticosveracruz.com.mx\\\/wp-content\\\/uploads\\\/2021\\\/10\\\/Zacauilt-150x300.jpg\",\"keywords\":[\"Bernardo Guti\u00e9rrez Parra\",\"Cuitl\u00e1huac Garc\u00eda Jim\u00e9nez\",\"Diana Barreras Samaniego\",\"Eric Cisneros Burgos\",\"Grupo de los Diez\",\"Morena\",\"Sergio Guti\u00e9rrez Luna\",\"Veracruz\"],\"articleSection\":[\"De Opini\u00f3n\"],\"inLanguage\":\"es\"},{\"@type\":\"WebPage\",\"@id\":\"https:\\\/\\\/lospoliticosveracruz.com\\\/?p=93064\",\"url\":\"https:\\\/\\\/lospoliticosveracruz.com\\\/?p=93064\",\"name\":\"Sergio Guti\u00e9rrez: \u201cNo soy necio ni aferrado\u201d - Los pol\u00edticos Veracruz\",\"isPartOf\":{\"@id\":\"https:\\\/\\\/lospoliticosveracruz.com\\\/#website\"},\"primaryImageOfPage\":{\"@id\":\"https:\\\/\\\/lospoliticosveracruz.com\\\/?p=93064#primaryimage\"},\"image\":{\"@id\":\"https:\\\/\\\/lospoliticosveracruz.com\\\/?p=93064#primaryimage\"},\"thumbnailUrl\":\"https:\\\/\\\/lospoliticosveracruz.com.mx\\\/wp-content\\\/uploads\\\/2021\\\/10\\\/Zacauilt-150x300.jpg\",\"datePublished\":\"2022-07-28T12:35:32+00:00\",\"dateModified\":\"2022-07-28T12:35:40+00:00\",\"breadcrumb\":{\"@id\":\"https:\\\/\\\/lospoliticosveracruz.com\\\/?p=93064#breadcrumb\"},\"inLanguage\":\"es\",\"potentialAction\":[{\"@type\":\"ReadAction\",\"target\":[\"https:\\\/\\\/lospoliticosveracruz.com\\\/?p=93064\"]}]},{\"@type\":\"ImageObject\",\"inLanguage\":\"es\",\"@id\":\"https:\\\/\\\/lospoliticosveracruz.com\\\/?p=93064#primaryimage\",\"url\":\"https:\\\/\\\/lospoliticosveracruz.com.mx\\\/wp-content\\\/uploads\\\/2021\\\/10\\\/Zacauilt-150x300.jpg\",\"contentUrl\":\"https:\\\/\\\/lospoliticosveracruz.com.mx\\\/wp-content\\\/uploads\\\/2021\\\/10\\\/Zacauilt-150x300.jpg\"},{\"@type\":\"BreadcrumbList\",\"@id\":\"https:\\\/\\\/lospoliticosveracruz.com\\\/?p=93064#breadcrumb\",\"itemListElement\":[{\"@type\":\"ListItem\",\"position\":1,\"name\":\"Portada\",\"item\":\"https:\\\/\\\/lospoliticosveracruz.com\\\/\"},{\"@type\":\"ListItem\",\"position\":2,\"name\":\"Sergio Guti\u00e9rrez: \u201cNo soy necio ni aferrado\u201d\"}]},{\"@type\":\"WebSite\",\"@id\":\"https:\\\/\\\/lospoliticosveracruz.com\\\/#website\",\"url\":\"https:\\\/\\\/lospoliticosveracruz.com\\\/\",\"name\":\"Los pol\u00edticos Veracruz\",\"description\":\"\",\"publisher\":{\"@id\":\"https:\\\/\\\/lospoliticosveracruz.com\\\/#organization\"},\"potentialAction\":[{\"@type\":\"SearchAction\",\"target\":{\"@type\":\"EntryPoint\",\"urlTemplate\":\"https:\\\/\\\/lospoliticosveracruz.com\\\/?s={search_term_string}\"},\"query-input\":{\"@type\":\"PropertyValueSpecification\",\"valueRequired\":true,\"valueName\":\"search_term_string\"}}],\"inLanguage\":\"es\"},{\"@type\":\"Organization\",\"@id\":\"https:\\\/\\\/lospoliticosveracruz.com\\\/#organization\",\"name\":\"Los pol\u00edticos Veracruz\",\"url\":\"https:\\\/\\\/lospoliticosveracruz.com\\\/\",\"logo\":{\"@type\":\"ImageObject\",\"inLanguage\":\"es\",\"@id\":\"https:\\\/\\\/lospoliticosveracruz.com\\\/#\\\/schema\\\/logo\\\/image\\\/\",\"url\":\"https:\\\/\\\/lospoliticosveracruz.com\\\/wp-content\\\/uploads\\\/2025\\\/12\\\/Logo-Nuevo-LOS-POLITICOS-1.jpg\",\"contentUrl\":\"https:\\\/\\\/lospoliticosveracruz.com\\\/wp-content\\\/uploads\\\/2025\\\/12\\\/Logo-Nuevo-LOS-POLITICOS-1.jpg\",\"width\":260,\"height\":70,\"caption\":\"Los pol\u00edticos Veracruz\"},\"image\":{\"@id\":\"https:\\\/\\\/lospoliticosveracruz.com\\\/#\\\/schema\\\/logo\\\/image\\\/\"},\"sameAs\":[\"https:\\\/\\\/www.facebook.com\\\/people\\\/Notimemes-de-los-Polticos\\\/61565672886568\\\/\",\"https:\\\/\\\/x.com\\\/LosPoliticosVer\"]},{\"@type\":\"Person\",\"@id\":\"https:\\\/\\\/lospoliticosveracruz.com\\\/#\\\/schema\\\/person\\\/b8702bb0e538456e6efd07080bf2a4a2\",\"name\":\"Lo viste en Los Pol\u00edticos\",\"image\":{\"@type\":\"ImageObject\",\"inLanguage\":\"es\",\"@id\":\"https:\\\/\\\/secure.gravatar.com\\\/avatar\\\/3a8de04a2656d44082be478bd6c086daa447c4651605818287b9532d3d0bd435?s=96&d=mm&r=g\",\"url\":\"https:\\\/\\\/secure.gravatar.com\\\/avatar\\\/3a8de04a2656d44082be478bd6c086daa447c4651605818287b9532d3d0bd435?s=96&d=mm&r=g\",\"contentUrl\":\"https:\\\/\\\/secure.gravatar.com\\\/avatar\\\/3a8de04a2656d44082be478bd6c086daa447c4651605818287b9532d3d0bd435?s=96&d=mm&r=g\",\"caption\":\"Lo viste en Los Pol\u00edticos\"},\"url\":\"https:\\\/\\\/lospoliticosveracruz.com\\\/?author=2\"}]}<\/script>\n<!-- \/ Yoast SEO plugin. -->","yoast_head_json":{"title":"Sergio Guti\u00e9rrez: \u201cNo soy necio ni aferrado\u201d - Los pol\u00edticos Veracruz","robots":{"index":"index","follow":"follow","max-snippet":"max-snippet:-1","max-image-preview":"max-image-preview:large","max-video-preview":"max-video-preview:-1"},"canonical":"https:\/\/lospoliticosveracruz.com\/?p=93064","og_locale":"es_ES","og_type":"article","og_title":"Sergio Guti\u00e9rrez: \u201cNo soy necio ni aferrado\u201d - Los pol\u00edticos Veracruz","og_description":"Bernardo Guti\u00e9rrez ParraDesde el Caf\u00e9 Por temas candentes que se atravesaron, no hab\u00eda comentado el di\u00e1logo que el domingo anterior sostuvieron periodistas y columnistas del Grupo de los Diez con el diputado federal Sergio Guti\u00e9rrez Luna, que lleg\u00f3 acompa\u00f1ado de su esposa la tambi\u00e9n diputada Diana Barreras Samaniego, de sus peque\u00f1os hijos y aguant\u00f3 la [&hellip;]","og_url":"https:\/\/lospoliticosveracruz.com\/?p=93064","og_site_name":"Los pol\u00edticos Veracruz","article_publisher":"https:\/\/www.facebook.com\/people\/Notimemes-de-los-Polticos\/61565672886568\/","article_published_time":"2022-07-28T12:35:32+00:00","article_modified_time":"2022-07-28T12:35:40+00:00","og_image":[{"url":"https:\/\/lospoliticosveracruz.com.mx\/wp-content\/uploads\/2021\/10\/Zacauilt-150x300.jpg","type":"","width":"","height":""}],"author":"Lo viste en Los Pol\u00edticos","twitter_card":"summary_large_image","twitter_creator":"@LosPoliticosVer","twitter_site":"@LosPoliticosVer","twitter_misc":{"Escrito por":"Lo viste en Los Pol\u00edticos","Tiempo de lectura":"5 minutos"},"schema":{"@context":"https:\/\/schema.org","@graph":[{"@type":"Article","@id":"https:\/\/lospoliticosveracruz.com\/?p=93064#article","isPartOf":{"@id":"https:\/\/lospoliticosveracruz.com\/?p=93064"},"author":{"name":"Lo viste en Los Pol\u00edticos","@id":"https:\/\/lospoliticosveracruz.com\/#\/schema\/person\/b8702bb0e538456e6efd07080bf2a4a2"},"headline":"Sergio Guti\u00e9rrez: \u201cNo soy necio ni aferrado\u201d","datePublished":"2022-07-28T12:35:32+00:00","dateModified":"2022-07-28T12:35:40+00:00","mainEntityOfPage":{"@id":"https:\/\/lospoliticosveracruz.com\/?p=93064"},"wordCount":909,"publisher":{"@id":"https:\/\/lospoliticosveracruz.com\/#organization"},"image":{"@id":"https:\/\/lospoliticosveracruz.com\/?p=93064#primaryimage"},"thumbnailUrl":"https:\/\/lospoliticosveracruz.com.mx\/wp-content\/uploads\/2021\/10\/Zacauilt-150x300.jpg","keywords":["Bernardo Guti\u00e9rrez Parra","Cuitl\u00e1huac Garc\u00eda Jim\u00e9nez","Diana Barreras Samaniego","Eric Cisneros Burgos","Grupo de los Diez","Morena","Sergio Guti\u00e9rrez Luna","Veracruz"],"articleSection":["De Opini\u00f3n"],"inLanguage":"es"},{"@type":"WebPage","@id":"https:\/\/lospoliticosveracruz.com\/?p=93064","url":"https:\/\/lospoliticosveracruz.com\/?p=93064","name":"Sergio Guti\u00e9rrez: \u201cNo soy necio ni aferrado\u201d - Los pol\u00edticos Veracruz","isPartOf":{"@id":"https:\/\/lospoliticosveracruz.com\/#website"},"primaryImageOfPage":{"@id":"https:\/\/lospoliticosveracruz.com\/?p=93064#primaryimage"},"image":{"@id":"https:\/\/lospoliticosveracruz.com\/?p=93064#primaryimage"},"thumbnailUrl":"https:\/\/lospoliticosveracruz.com.mx\/wp-content\/uploads\/2021\/10\/Zacauilt-150x300.jpg","datePublished":"2022-07-28T12:35:32+00:00","dateModified":"2022-07-28T12:35:40+00:00","breadcrumb":{"@id":"https:\/\/lospoliticosveracruz.com\/?p=93064#breadcrumb"},"inLanguage":"es","potentialAction":[{"@type":"ReadAction","target":["https:\/\/lospoliticosveracruz.com\/?p=93064"]}]},{"@type":"ImageObject","inLanguage":"es","@id":"https:\/\/lospoliticosveracruz.com\/?p=93064#primaryimage","url":"https:\/\/lospoliticosveracruz.com.mx\/wp-content\/uploads\/2021\/10\/Zacauilt-150x300.jpg","contentUrl":"https:\/\/lospoliticosveracruz.com.mx\/wp-content\/uploads\/2021\/10\/Zacauilt-150x300.jpg"},{"@type":"BreadcrumbList","@id":"https:\/\/lospoliticosveracruz.com\/?p=93064#breadcrumb","itemListElement":[{"@type":"ListItem","position":1,"name":"Portada","item":"https:\/\/lospoliticosveracruz.com\/"},{"@type":"ListItem","position":2,"name":"Sergio Guti\u00e9rrez: \u201cNo soy necio ni aferrado\u201d"}]},{"@type":"WebSite","@id":"https:\/\/lospoliticosveracruz.com\/#website","url":"https:\/\/lospoliticosveracruz.com\/","name":"Los pol\u00edticos Veracruz","description":"","publisher":{"@id":"https:\/\/lospoliticosveracruz.com\/#organization"},"potentialAction":[{"@type":"SearchAction","target":{"@type":"EntryPoint","urlTemplate":"https:\/\/lospoliticosveracruz.com\/?s={search_term_string}"},"query-input":{"@type":"PropertyValueSpecification","valueRequired":true,"valueName":"search_term_string"}}],"inLanguage":"es"},{"@type":"Organization","@id":"https:\/\/lospoliticosveracruz.com\/#organization","name":"Los pol\u00edticos Veracruz","url":"https:\/\/lospoliticosveracruz.com\/","logo":{"@type":"ImageObject","inLanguage":"es","@id":"https:\/\/lospoliticosveracruz.com\/#\/schema\/logo\/image\/","url":"https:\/\/lospoliticosveracruz.com\/wp-content\/uploads\/2025\/12\/Logo-Nuevo-LOS-POLITICOS-1.jpg","contentUrl":"https:\/\/lospoliticosveracruz.com\/wp-content\/uploads\/2025\/12\/Logo-Nuevo-LOS-POLITICOS-1.jpg","width":260,"height":70,"caption":"Los pol\u00edticos Veracruz"},"image":{"@id":"https:\/\/lospoliticosveracruz.com\/#\/schema\/logo\/image\/"},"sameAs":["https:\/\/www.facebook.com\/people\/Notimemes-de-los-Polticos\/61565672886568\/","https:\/\/x.com\/LosPoliticosVer"]},{"@type":"Person","@id":"https:\/\/lospoliticosveracruz.com\/#\/schema\/person\/b8702bb0e538456e6efd07080bf2a4a2","name":"Lo viste en Los Pol\u00edticos","image":{"@type":"ImageObject","inLanguage":"es","@id":"https:\/\/secure.gravatar.com\/avatar\/3a8de04a2656d44082be478bd6c086daa447c4651605818287b9532d3d0bd435?s=96&d=mm&r=g","url":"https:\/\/secure.gravatar.com\/avatar\/3a8de04a2656d44082be478bd6c086daa447c4651605818287b9532d3d0bd435?s=96&d=mm&r=g","contentUrl":"https:\/\/secure.gravatar.com\/avatar\/3a8de04a2656d44082be478bd6c086daa447c4651605818287b9532d3d0bd435?s=96&d=mm&r=g","caption":"Lo viste en Los Pol\u00edticos"},"url":"https:\/\/lospoliticosveracruz.com\/?author=2"}]}},"_links":{"self":[{"href":"https:\/\/lospoliticosveracruz.com\/index.php?rest_route=\/wp\/v2\/posts\/93064","targetHints":{"allow":["GET"]}}],"collection":[{"href":"https:\/\/lospoliticosveracruz.com\/index.php?rest_route=\/wp\/v2\/posts"}],"about":[{"href":"https:\/\/lospoliticosveracruz.com\/index.php?rest_route=\/wp\/v2\/types\/post"}],"author":[{"embeddable":true,"href":"https:\/\/lospoliticosveracruz.com\/index.php?rest_route=\/wp\/v2\/users\/2"}],"replies":[{"embeddable":true,"href":"https:\/\/lospoliticosveracruz.com\/index.php?rest_route=%2Fwp%2Fv2%2Fcomments&post=93064"}],"version-history":[{"count":1,"href":"https:\/\/lospoliticosveracruz.com\/index.php?rest_route=\/wp\/v2\/posts\/93064\/revisions"}],"predecessor-version":[{"id":93066,"href":"https:\/\/lospoliticosveracruz.com\/index.php?rest_route=\/wp\/v2\/posts\/93064\/revisions\/93066"}],"wp:attachment":[{"href":"https:\/\/lospoliticosveracruz.com\/index.php?rest_route=%2Fwp%2Fv2%2Fmedia&parent=93064"}],"wp:term":[{"taxonomy":"category","embeddable":true,"href":"https:\/\/lospoliticosveracruz.com\/index.php?rest_route=%2Fwp%2Fv2%2Fcategories&post=93064"},{"taxonomy":"post_tag","embeddable":true,"href":"https:\/\/lospoliticosveracruz.com\/index.php?rest_route=%2Fwp%2Fv2%2Ftags&post=93064"}],"curies":[{"name":"wp","href":"https:\/\/api.w.org\/{rel}","templated":true}]}}