{"id":93378,"date":"2022-08-02T16:38:01","date_gmt":"2022-08-02T21:38:01","guid":{"rendered":"https:\/\/lospoliticosveracruz.com.mx\/?p=93378"},"modified":"2022-08-02T16:38:08","modified_gmt":"2022-08-02T21:38:08","slug":"el-primitivismo-de-la-democracia","status":"publish","type":"post","link":"https:\/\/lospoliticosveracruz.com\/?p=93378","title":{"rendered":"El primitivismo de la democracia"},"content":{"rendered":"\n<p><strong>Salvador Mu\u00f1oz<br><\/strong><em>Los Pol\u00edticos<\/em><\/p>\n\n\n\n<p>Dos noticias\u2026 una buena y una mala, por parte de las diputadas de la Sexag\u00e9sima Sexta Legislatura del Congreso local de Veracruz\u2026<br>La buena, es que s\u00ed hubo respaldo de al menos 18 legisladoras despu\u00e9s de los embates que recibiera su compa\u00f1era diputada Jessica\u2026<br>La mala, es que no fue por el reciente evento que hubo en Minatitl\u00e1n donde agarraron de pi\u00f1ata a Jessica Ram\u00edrez Cisneros\u2026<br>Al menos hasta ayer martes, en el portal del Congreso local de Veracruz, segu\u00eda apareciendo ese desplegado firmado por 18 legisladoras de todos colores y sabores en apoyo a Nora Jessica Lagunes J\u00e1uregui ante un absurdo resolutivo del Tribunal Electoral de Veracruz en su contra\u2026 pero en el caso de Jessica Ram\u00edrez Cisneros, quien por cierto, en ese desplegado apoya a su tocaya \u00a1nada!<\/p>\n\n\n\n<figure class=\"wp-block-embed is-type-video is-provider-youtube wp-block-embed-youtube wp-embed-aspect-16-9 wp-has-aspect-ratio\"><div class=\"wp-block-embed__wrapper\">\n<iframe loading=\"lazy\" title=\"Cluster Coworking\" width=\"696\" height=\"392\" src=\"https:\/\/www.youtube.com\/embed\/Nxe-vxf8GuY?feature=oembed\" frameborder=\"0\" allow=\"accelerometer; autoplay; clipboard-write; encrypted-media; gyroscope; picture-in-picture; web-share\" referrerpolicy=\"strict-origin-when-cross-origin\" allowfullscreen><\/iframe>\n<\/div><\/figure>\n\n\n\n<p><br>Bueno, de cierto modo s\u00ed hubo una respuesta\u2026 les digo que a veces hay silencios que gritan\u2026 la ausencia de un desplegado similar al de Nora Jessica para Jessica Ram\u00edrez se puede sentir as\u00ed: Es rechazar la actuaci\u00f3n de la diputada de Minatitl\u00e1n y avalar el proceder de los polic\u00edas municipales y el decir del gobernador Cuitl\u00e1huac Garc\u00eda Jim\u00e9nez\u2026 a menos que me digan las 18 legisladoras que estoy equivocado\u2026<br>Entiendo que no se trata de ser \u201csororas\u201d nom\u00e1s porque s\u00ed, y creo que debieron analizar la situaci\u00f3n por la que atraves\u00f3 Jessica Ram\u00edrez para que el silencio sea su mejor respuesta\u2026<br>Ahora, lo que pas\u00f3 en Morena, dijera el secretario general del partido en Veracruz, Yair Ademar, es que \u201cen el pueblo existe pasi\u00f3n, amor por la camiseta y sobre todo libertad\u201d\u2026 ya saben c\u00f3mo se pone de intensa la raza cuando se trata de competir\u2026 lo vemos en partidos de futbol, en la elecci\u00f3n de jefes de manzana, en cualquier diferencia donde haya dos bandos, \u00a1vamos! no hay partido que en alguna interna, no haya tenido sus \u201cdetallitos\u201d\u2026<br>\u00bfRecuerdan alguna ocasi\u00f3n cuando la entonces esposa de Rogelio Franco le puso sus \u201cestate-quietos\u201d a una perredista?<br>\u00bfO cuando Miguel \u00c1ngel Yunes Linares, all\u00e1 por el 2014, lleg\u00f3 a la sede del PAN en el Puerto jarocho con la espada desenvainada durante la contienda por la presidencia entre Rom\u00e1n Malpica, por el bando de Julen, y Vero Pulido, por el bando yunista? Las cr\u00f3nicas hablan que don Miguel se agarr\u00f3 a madrazos con Jorge Cort\u00e9s\u2026<br>En el PRI tambi\u00e9n se cuecen habas\u2026 all\u00e1 por el 2006, Rodolfo Z\u00fa\u00f1iga Hern\u00e1ndez y Rodrigo Garc\u00eda, durante un Consejo Pol\u00edtico del otrora Partidazo, mero en la cara de Fidel Herrera, sacaron unas cartulinas en protesta por la imposici\u00f3n de Adolfo Ram\u00edrez Arana en la dirigencia juvenil del partido\u2026 y por si eso fuera poco, con una semana como presidente del PRI estatal, Rodolfo y Rodrigo, los Rorros, le tomaron la sede del partido a Ricardo Landa\u2026<br>S\u00ed, en todos los partidos se cuecen habas, pero en Morena \u00a1se les queman!<br>Morena ha expuesto que cuando la perra es brava, hasta a los de casa muerde\u2026 insultos entre ellos, golpes entre ellos, jaloneos entre ellos\u2026<br>Morena junto con su l\u00edder, AMLO, siguen viviendo en otro mundo, en otra realidad, en el AMLOverso de la Locura, donde la mapacher\u00eda, el embarazo de urnas, los acarreos, las trifulcas, s\u00f3lo son producto de la democracia, una \u201cdemocracia\u201d muy a la Jos\u00e9 Alfredo Jim\u00e9nez cuando cantaba:<br>Y si quieren saber de tu pasado \/<br>Es preciso decir una mentira \/<br>Di que vienes de all\u00e1, de un mundo raro \/<br>Que no sabes llorar, que no entiendes de amor \/<br>Y que nunca has amado\u2026<br>S\u00ed, en todos los partidos, la disputa por el poder se da, pero en Morena, quiz\u00e1s por ser un partido de reciente creaci\u00f3n, nos permite ver una y otra vez en sus acciones y decires el primitivismo de la democracia\u2026<\/p>\n\n\n\n<p>smcainito@gmail.com<\/p>\n","protected":false},"excerpt":{"rendered":"<p>Salvador Mu\u00f1ozLos Pol\u00edticos Dos noticias\u2026 una buena y una mala, por parte de las diputadas de la Sexag\u00e9sima Sexta Legislatura del Congreso local de Veracruz\u2026La buena, es que s\u00ed hubo respaldo de al menos 18 legisladoras despu\u00e9s de los embates que recibiera su compa\u00f1era diputada Jessica\u2026La mala, es que no fue por el reciente evento [&hellip;]<\/p>\n","protected":false},"author":2,"featured_media":0,"comment_status":"closed","ping_status":"closed","sticky":false,"template":"","format":"standard","meta":{"tdm_status":"","tdm_grid_status":"","footnotes":""},"categories":[70],"tags":[618,12951,13448,373,1026,12654,2646,34433,6753,195],"class_list":{"0":"post-93378","1":"post","2":"type-post","3":"status-publish","4":"format-standard","6":"category-de-opinion","7":"tag-andres-manuel-lopez-obrador","8":"tag-congreso-local-de-veracruz","9":"tag-jessica-ramirez-cisneros","10":"tag-minatitlan","11":"tag-morena","12":"tag-nora-jessica-lagunes-jauregui","13":"tag-salvador-munoz","14":"tag-sexagesima-sexta-legislatura","15":"tag-tribunal-electoral-de-veracruz","16":"tag-veracruz"},"yoast_head":"<!-- This site is optimized with the Yoast SEO plugin v27.4 - https:\/\/yoast.com\/product\/yoast-seo-wordpress\/ -->\n<title>El primitivismo de la democracia - Los pol\u00edticos Veracruz<\/title>\n<meta name=\"robots\" content=\"index, follow, max-snippet:-1, max-image-preview:large, max-video-preview:-1\" \/>\n<link rel=\"canonical\" href=\"https:\/\/lospoliticosveracruz.com\/?p=93378\" \/>\n<meta property=\"og:locale\" content=\"es_ES\" \/>\n<meta property=\"og:type\" content=\"article\" \/>\n<meta property=\"og:title\" content=\"El primitivismo de la democracia - Los pol\u00edticos Veracruz\" \/>\n<meta property=\"og:description\" content=\"Salvador Mu\u00f1ozLos Pol\u00edticos Dos noticias\u2026 una buena y una mala, por parte de las diputadas de la Sexag\u00e9sima Sexta Legislatura del Congreso local de Veracruz\u2026La buena, es que s\u00ed hubo respaldo de al menos 18 legisladoras despu\u00e9s de los embates que recibiera su compa\u00f1era diputada Jessica\u2026La mala, es que no fue por el reciente evento [&hellip;]\" \/>\n<meta property=\"og:url\" content=\"https:\/\/lospoliticosveracruz.com\/?p=93378\" \/>\n<meta property=\"og:site_name\" content=\"Los pol\u00edticos Veracruz\" \/>\n<meta property=\"article:publisher\" content=\"https:\/\/www.facebook.com\/people\/Notimemes-de-los-Polticos\/61565672886568\/\" \/>\n<meta property=\"article:published_time\" content=\"2022-08-02T21:38:01+00:00\" \/>\n<meta property=\"article:modified_time\" content=\"2022-08-02T21:38:08+00:00\" \/>\n<meta property=\"og:image\" content=\"https:\/\/lospoliticosveracruz.com\/wp-content\/uploads\/2016\/07\/Logo-Dor.jpg\" \/>\n\t<meta property=\"og:image:width\" content=\"200\" \/>\n\t<meta property=\"og:image:height\" content=\"200\" \/>\n\t<meta property=\"og:image:type\" content=\"image\/jpeg\" \/>\n<meta name=\"author\" content=\"Lo viste en Los Pol\u00edticos\" \/>\n<meta name=\"twitter:card\" content=\"summary_large_image\" \/>\n<meta name=\"twitter:creator\" content=\"@LosPoliticosVer\" \/>\n<meta name=\"twitter:site\" content=\"@LosPoliticosVer\" \/>\n<meta name=\"twitter:label1\" content=\"Escrito por\" \/>\n\t<meta name=\"twitter:data1\" content=\"Lo viste en Los Pol\u00edticos\" \/>\n\t<meta name=\"twitter:label2\" content=\"Tiempo de lectura\" \/>\n\t<meta name=\"twitter:data2\" content=\"3 minutos\" \/>\n<script type=\"application\/ld+json\" class=\"yoast-schema-graph\">{\"@context\":\"https:\\\/\\\/schema.org\",\"@graph\":[{\"@type\":\"Article\",\"@id\":\"https:\\\/\\\/lospoliticosveracruz.com\\\/?p=93378#article\",\"isPartOf\":{\"@id\":\"https:\\\/\\\/lospoliticosveracruz.com\\\/?p=93378\"},\"author\":{\"name\":\"Lo viste en Los Pol\u00edticos\",\"@id\":\"https:\\\/\\\/lospoliticosveracruz.com\\\/#\\\/schema\\\/person\\\/b8702bb0e538456e6efd07080bf2a4a2\"},\"headline\":\"El primitivismo de la democracia\",\"datePublished\":\"2022-08-02T21:38:01+00:00\",\"dateModified\":\"2022-08-02T21:38:08+00:00\",\"mainEntityOfPage\":{\"@id\":\"https:\\\/\\\/lospoliticosveracruz.com\\\/?p=93378\"},\"wordCount\":675,\"publisher\":{\"@id\":\"https:\\\/\\\/lospoliticosveracruz.com\\\/#organization\"},\"keywords\":[\"Andr\u00e9s Manuel L\u00f3pez Obrador\",\"Congreso local de Veracruz\",\"Jessica Ram\u00edrez Cisneros\",\"Minatitl\u00e1n\",\"Morena\",\"Nora Jessica Lagunes J\u00e1uregui\",\"Salvador Mu\u00f1oz\",\"Sexag\u00e9sima Sexta Legislatura\",\"Tribunal Electoral de Veracruz\",\"Veracruz\"],\"articleSection\":[\"De Opini\u00f3n\"],\"inLanguage\":\"es\"},{\"@type\":\"WebPage\",\"@id\":\"https:\\\/\\\/lospoliticosveracruz.com\\\/?p=93378\",\"url\":\"https:\\\/\\\/lospoliticosveracruz.com\\\/?p=93378\",\"name\":\"El primitivismo de la democracia - Los pol\u00edticos Veracruz\",\"isPartOf\":{\"@id\":\"https:\\\/\\\/lospoliticosveracruz.com\\\/#website\"},\"datePublished\":\"2022-08-02T21:38:01+00:00\",\"dateModified\":\"2022-08-02T21:38:08+00:00\",\"breadcrumb\":{\"@id\":\"https:\\\/\\\/lospoliticosveracruz.com\\\/?p=93378#breadcrumb\"},\"inLanguage\":\"es\",\"potentialAction\":[{\"@type\":\"ReadAction\",\"target\":[\"https:\\\/\\\/lospoliticosveracruz.com\\\/?p=93378\"]}]},{\"@type\":\"BreadcrumbList\",\"@id\":\"https:\\\/\\\/lospoliticosveracruz.com\\\/?p=93378#breadcrumb\",\"itemListElement\":[{\"@type\":\"ListItem\",\"position\":1,\"name\":\"Portada\",\"item\":\"https:\\\/\\\/lospoliticosveracruz.com\\\/\"},{\"@type\":\"ListItem\",\"position\":2,\"name\":\"El primitivismo de la democracia\"}]},{\"@type\":\"WebSite\",\"@id\":\"https:\\\/\\\/lospoliticosveracruz.com\\\/#website\",\"url\":\"https:\\\/\\\/lospoliticosveracruz.com\\\/\",\"name\":\"Los pol\u00edticos Veracruz\",\"description\":\"\",\"publisher\":{\"@id\":\"https:\\\/\\\/lospoliticosveracruz.com\\\/#organization\"},\"potentialAction\":[{\"@type\":\"SearchAction\",\"target\":{\"@type\":\"EntryPoint\",\"urlTemplate\":\"https:\\\/\\\/lospoliticosveracruz.com\\\/?s={search_term_string}\"},\"query-input\":{\"@type\":\"PropertyValueSpecification\",\"valueRequired\":true,\"valueName\":\"search_term_string\"}}],\"inLanguage\":\"es\"},{\"@type\":\"Organization\",\"@id\":\"https:\\\/\\\/lospoliticosveracruz.com\\\/#organization\",\"name\":\"Los pol\u00edticos Veracruz\",\"url\":\"https:\\\/\\\/lospoliticosveracruz.com\\\/\",\"logo\":{\"@type\":\"ImageObject\",\"inLanguage\":\"es\",\"@id\":\"https:\\\/\\\/lospoliticosveracruz.com\\\/#\\\/schema\\\/logo\\\/image\\\/\",\"url\":\"https:\\\/\\\/lospoliticosveracruz.com\\\/wp-content\\\/uploads\\\/2025\\\/12\\\/Logo-Nuevo-LOS-POLITICOS-1.jpg\",\"contentUrl\":\"https:\\\/\\\/lospoliticosveracruz.com\\\/wp-content\\\/uploads\\\/2025\\\/12\\\/Logo-Nuevo-LOS-POLITICOS-1.jpg\",\"width\":260,\"height\":70,\"caption\":\"Los pol\u00edticos Veracruz\"},\"image\":{\"@id\":\"https:\\\/\\\/lospoliticosveracruz.com\\\/#\\\/schema\\\/logo\\\/image\\\/\"},\"sameAs\":[\"https:\\\/\\\/www.facebook.com\\\/people\\\/Notimemes-de-los-Polticos\\\/61565672886568\\\/\",\"https:\\\/\\\/x.com\\\/LosPoliticosVer\"]},{\"@type\":\"Person\",\"@id\":\"https:\\\/\\\/lospoliticosveracruz.com\\\/#\\\/schema\\\/person\\\/b8702bb0e538456e6efd07080bf2a4a2\",\"name\":\"Lo viste en Los Pol\u00edticos\",\"image\":{\"@type\":\"ImageObject\",\"inLanguage\":\"es\",\"@id\":\"https:\\\/\\\/secure.gravatar.com\\\/avatar\\\/3a8de04a2656d44082be478bd6c086daa447c4651605818287b9532d3d0bd435?s=96&d=mm&r=g\",\"url\":\"https:\\\/\\\/secure.gravatar.com\\\/avatar\\\/3a8de04a2656d44082be478bd6c086daa447c4651605818287b9532d3d0bd435?s=96&d=mm&r=g\",\"contentUrl\":\"https:\\\/\\\/secure.gravatar.com\\\/avatar\\\/3a8de04a2656d44082be478bd6c086daa447c4651605818287b9532d3d0bd435?s=96&d=mm&r=g\",\"caption\":\"Lo viste en Los Pol\u00edticos\"},\"url\":\"https:\\\/\\\/lospoliticosveracruz.com\\\/?author=2\"}]}<\/script>\n<!-- \/ Yoast SEO plugin. -->","yoast_head_json":{"title":"El primitivismo de la democracia - Los pol\u00edticos Veracruz","robots":{"index":"index","follow":"follow","max-snippet":"max-snippet:-1","max-image-preview":"max-image-preview:large","max-video-preview":"max-video-preview:-1"},"canonical":"https:\/\/lospoliticosveracruz.com\/?p=93378","og_locale":"es_ES","og_type":"article","og_title":"El primitivismo de la democracia - Los pol\u00edticos Veracruz","og_description":"Salvador Mu\u00f1ozLos Pol\u00edticos Dos noticias\u2026 una buena y una mala, por parte de las diputadas de la Sexag\u00e9sima Sexta Legislatura del Congreso local de Veracruz\u2026La buena, es que s\u00ed hubo respaldo de al menos 18 legisladoras despu\u00e9s de los embates que recibiera su compa\u00f1era diputada Jessica\u2026La mala, es que no fue por el reciente evento [&hellip;]","og_url":"https:\/\/lospoliticosveracruz.com\/?p=93378","og_site_name":"Los pol\u00edticos Veracruz","article_publisher":"https:\/\/www.facebook.com\/people\/Notimemes-de-los-Polticos\/61565672886568\/","article_published_time":"2022-08-02T21:38:01+00:00","article_modified_time":"2022-08-02T21:38:08+00:00","og_image":[{"width":200,"height":200,"url":"https:\/\/lospoliticosveracruz.com\/wp-content\/uploads\/2016\/07\/Logo-Dor.jpg","type":"image\/jpeg"}],"author":"Lo viste en Los Pol\u00edticos","twitter_card":"summary_large_image","twitter_creator":"@LosPoliticosVer","twitter_site":"@LosPoliticosVer","twitter_misc":{"Escrito por":"Lo viste en Los Pol\u00edticos","Tiempo de lectura":"3 minutos"},"schema":{"@context":"https:\/\/schema.org","@graph":[{"@type":"Article","@id":"https:\/\/lospoliticosveracruz.com\/?p=93378#article","isPartOf":{"@id":"https:\/\/lospoliticosveracruz.com\/?p=93378"},"author":{"name":"Lo viste en Los Pol\u00edticos","@id":"https:\/\/lospoliticosveracruz.com\/#\/schema\/person\/b8702bb0e538456e6efd07080bf2a4a2"},"headline":"El primitivismo de la democracia","datePublished":"2022-08-02T21:38:01+00:00","dateModified":"2022-08-02T21:38:08+00:00","mainEntityOfPage":{"@id":"https:\/\/lospoliticosveracruz.com\/?p=93378"},"wordCount":675,"publisher":{"@id":"https:\/\/lospoliticosveracruz.com\/#organization"},"keywords":["Andr\u00e9s Manuel L\u00f3pez Obrador","Congreso local de Veracruz","Jessica Ram\u00edrez Cisneros","Minatitl\u00e1n","Morena","Nora Jessica Lagunes J\u00e1uregui","Salvador Mu\u00f1oz","Sexag\u00e9sima Sexta Legislatura","Tribunal Electoral de Veracruz","Veracruz"],"articleSection":["De Opini\u00f3n"],"inLanguage":"es"},{"@type":"WebPage","@id":"https:\/\/lospoliticosveracruz.com\/?p=93378","url":"https:\/\/lospoliticosveracruz.com\/?p=93378","name":"El primitivismo de la democracia - Los pol\u00edticos Veracruz","isPartOf":{"@id":"https:\/\/lospoliticosveracruz.com\/#website"},"datePublished":"2022-08-02T21:38:01+00:00","dateModified":"2022-08-02T21:38:08+00:00","breadcrumb":{"@id":"https:\/\/lospoliticosveracruz.com\/?p=93378#breadcrumb"},"inLanguage":"es","potentialAction":[{"@type":"ReadAction","target":["https:\/\/lospoliticosveracruz.com\/?p=93378"]}]},{"@type":"BreadcrumbList","@id":"https:\/\/lospoliticosveracruz.com\/?p=93378#breadcrumb","itemListElement":[{"@type":"ListItem","position":1,"name":"Portada","item":"https:\/\/lospoliticosveracruz.com\/"},{"@type":"ListItem","position":2,"name":"El primitivismo de la democracia"}]},{"@type":"WebSite","@id":"https:\/\/lospoliticosveracruz.com\/#website","url":"https:\/\/lospoliticosveracruz.com\/","name":"Los pol\u00edticos Veracruz","description":"","publisher":{"@id":"https:\/\/lospoliticosveracruz.com\/#organization"},"potentialAction":[{"@type":"SearchAction","target":{"@type":"EntryPoint","urlTemplate":"https:\/\/lospoliticosveracruz.com\/?s={search_term_string}"},"query-input":{"@type":"PropertyValueSpecification","valueRequired":true,"valueName":"search_term_string"}}],"inLanguage":"es"},{"@type":"Organization","@id":"https:\/\/lospoliticosveracruz.com\/#organization","name":"Los pol\u00edticos Veracruz","url":"https:\/\/lospoliticosveracruz.com\/","logo":{"@type":"ImageObject","inLanguage":"es","@id":"https:\/\/lospoliticosveracruz.com\/#\/schema\/logo\/image\/","url":"https:\/\/lospoliticosveracruz.com\/wp-content\/uploads\/2025\/12\/Logo-Nuevo-LOS-POLITICOS-1.jpg","contentUrl":"https:\/\/lospoliticosveracruz.com\/wp-content\/uploads\/2025\/12\/Logo-Nuevo-LOS-POLITICOS-1.jpg","width":260,"height":70,"caption":"Los pol\u00edticos Veracruz"},"image":{"@id":"https:\/\/lospoliticosveracruz.com\/#\/schema\/logo\/image\/"},"sameAs":["https:\/\/www.facebook.com\/people\/Notimemes-de-los-Polticos\/61565672886568\/","https:\/\/x.com\/LosPoliticosVer"]},{"@type":"Person","@id":"https:\/\/lospoliticosveracruz.com\/#\/schema\/person\/b8702bb0e538456e6efd07080bf2a4a2","name":"Lo viste en Los Pol\u00edticos","image":{"@type":"ImageObject","inLanguage":"es","@id":"https:\/\/secure.gravatar.com\/avatar\/3a8de04a2656d44082be478bd6c086daa447c4651605818287b9532d3d0bd435?s=96&d=mm&r=g","url":"https:\/\/secure.gravatar.com\/avatar\/3a8de04a2656d44082be478bd6c086daa447c4651605818287b9532d3d0bd435?s=96&d=mm&r=g","contentUrl":"https:\/\/secure.gravatar.com\/avatar\/3a8de04a2656d44082be478bd6c086daa447c4651605818287b9532d3d0bd435?s=96&d=mm&r=g","caption":"Lo viste en Los Pol\u00edticos"},"url":"https:\/\/lospoliticosveracruz.com\/?author=2"}]}},"_links":{"self":[{"href":"https:\/\/lospoliticosveracruz.com\/index.php?rest_route=\/wp\/v2\/posts\/93378","targetHints":{"allow":["GET"]}}],"collection":[{"href":"https:\/\/lospoliticosveracruz.com\/index.php?rest_route=\/wp\/v2\/posts"}],"about":[{"href":"https:\/\/lospoliticosveracruz.com\/index.php?rest_route=\/wp\/v2\/types\/post"}],"author":[{"embeddable":true,"href":"https:\/\/lospoliticosveracruz.com\/index.php?rest_route=\/wp\/v2\/users\/2"}],"replies":[{"embeddable":true,"href":"https:\/\/lospoliticosveracruz.com\/index.php?rest_route=%2Fwp%2Fv2%2Fcomments&post=93378"}],"version-history":[{"count":1,"href":"https:\/\/lospoliticosveracruz.com\/index.php?rest_route=\/wp\/v2\/posts\/93378\/revisions"}],"predecessor-version":[{"id":93380,"href":"https:\/\/lospoliticosveracruz.com\/index.php?rest_route=\/wp\/v2\/posts\/93378\/revisions\/93380"}],"wp:attachment":[{"href":"https:\/\/lospoliticosveracruz.com\/index.php?rest_route=%2Fwp%2Fv2%2Fmedia&parent=93378"}],"wp:term":[{"taxonomy":"category","embeddable":true,"href":"https:\/\/lospoliticosveracruz.com\/index.php?rest_route=%2Fwp%2Fv2%2Fcategories&post=93378"},{"taxonomy":"post_tag","embeddable":true,"href":"https:\/\/lospoliticosveracruz.com\/index.php?rest_route=%2Fwp%2Fv2%2Ftags&post=93378"}],"curies":[{"name":"wp","href":"https:\/\/api.w.org\/{rel}","templated":true}]}}