{"id":93397,"date":"2022-08-03T07:56:47","date_gmt":"2022-08-03T12:56:47","guid":{"rendered":"https:\/\/lospoliticosveracruz.com.mx\/?p=93397"},"modified":"2022-08-03T07:56:53","modified_gmt":"2022-08-03T12:56:53","slug":"no-era-necesaria-la-alharaca-pero-la-hicieron","status":"publish","type":"post","link":"https:\/\/lospoliticosveracruz.com\/?p=93397","title":{"rendered":"No era necesaria la alharaca, pero la hicieron"},"content":{"rendered":"\n<p><strong>Bernardo Guti\u00e9rrez Parra<\/strong><\/p>\n\n\n\n<p><em>Desde el Caf\u00e9<\/em><br><br><\/p>\n\n\n\n<p>As\u00ed es lector, ni la Constituci\u00f3n Pol\u00edtica de los Estados Unidos Mexicanos ni la Constituci\u00f3n de Veracruz, impiden que la se\u00f1ora Roc\u00edo Nahle nacida en Zacatecas sea candidata de Morena a la gubernatura de la entidad.<\/p>\n\n\n\n<div class=\"wp-block-image\"><figure class=\"alignleft size-medium\"><a href=\"https:\/\/lospoliticosveracruz.com.mx\/wp-content\/uploads\/2021\/10\/WhatsApp-Image-2021-10-02-at-15.20.25.jpeg\"><img loading=\"lazy\" decoding=\"async\" width=\"212\" height=\"300\" src=\"https:\/\/lospoliticosveracruz.com.mx\/wp-content\/uploads\/2021\/10\/WhatsApp-Image-2021-10-02-at-15.20.25-212x300.jpeg\" alt=\"\" class=\"wp-image-80177\" srcset=\"https:\/\/lospoliticosveracruz.com\/wp-content\/uploads\/2021\/10\/WhatsApp-Image-2021-10-02-at-15.20.25-212x300.jpeg 212w, https:\/\/lospoliticosveracruz.com\/wp-content\/uploads\/2021\/10\/WhatsApp-Image-2021-10-02-at-15.20.25-724x1024.jpeg 724w, https:\/\/lospoliticosveracruz.com\/wp-content\/uploads\/2021\/10\/WhatsApp-Image-2021-10-02-at-15.20.25-768x1086.jpeg 768w, https:\/\/lospoliticosveracruz.com\/wp-content\/uploads\/2021\/10\/WhatsApp-Image-2021-10-02-at-15.20.25.jpeg 905w\" sizes=\"auto, (max-width: 212px) 100vw, 212px\" \/><\/a><\/figure><\/div>\n\n\n\n<p>Es decir, no era necesaria la alharaca, pero los morenos quer\u00edan mostrar que en el Congreso local nom\u00e1s sus chicharrones truenan y armaron su numerito. Citaron a una sesi\u00f3n expr\u00e9s, le agregaron unas l\u00edneas al art\u00edculo 11 constitucional y listo.<\/p>\n\n\n\n<p>Que con esta reforma abrieron la puerta para que cualquier sujeto o sujeta no nacido en la entidad pueda ser magistrado, juez, alcalde, diputado local o federal, senador o titular del IVAI, la CEDH, el ORFIS o la Fiscal\u00eda estatal, ni hablar; eso luego se ver\u00e1.<\/p>\n\n\n\n<p>Que violentaron el reglamento que obliga a que las reformas a la Constituci\u00f3n se realicen en un periodo ordinario de sesiones y no en uno extraordinario, qui\u00e9n se fija en eso. Los de antes lo violentaron m\u00e1s.<\/p>\n\n\n\n<p>A partir de ayer Roc\u00edo Nahle Garc\u00eda es la aspirante extraoficial de Morena a gobernar Veracruz y eso no tiene reversa\u2026 por ahora.<\/p>\n\n\n\n<p>Quisiste decir \u201caspirante oficial\u201d, pero te equivocaste \u00bfverdad columnista?<\/p>\n\n\n\n<p>No, es candidata extraoficial, tanto del presidente L\u00f3pez Obrador como de Cuitl\u00e1huac Garc\u00eda y compa\u00f1\u00eda. Su candidatura se oficializar\u00e1 el d\u00eda que el tabasque\u00f1o le d\u00e9 su bendici\u00f3n, pero mientras eso no suceda los dem\u00e1s aspirantes de Morena siguen en la pelea.<\/p>\n\n\n\n<p>\u00bfA poco se le puede caer la candidatura? S\u00ed, como ya se le cay\u00f3 a Claudia Sheinbaum, aunque a\u00fan no se lo han dicho.<\/p>\n\n\n\n<p>Desde el 1 de diciembre del 2018 L\u00f3pez Obrador sab\u00eda que su candidata a la presidencia era Claudia y Roc\u00edo ir\u00eda a la gubernatura de Veracruz. En lo que nunca pens\u00f3 fue que ambas resultaran desangeladas y sin la chispa que debe tener un candidato.<\/p>\n\n\n\n<p>A Claudia la llev\u00f3 en su coraz\u00f3n hasta hace unos meses, pero cuando la capitalina mand\u00f3 al diablo su personalidad para convertirse en su clon, despert\u00f3 sus sospechas. \u201cTe pareces tanto a m\u00ed, que no puedes enga\u00f1arme\u201d, debi\u00f3 pensar.<\/p>\n\n\n\n<p>Sus recelos se confirmaron cuando le hicieron ver que la jefa de gobierno est\u00e1 actuando frente a \u00e9l como lo hizo Echeverr\u00eda con el presidente D\u00edaz Ordaz. \u201cY recuerde se\u00f1or, c\u00f3mo le fue despu\u00e9s a don Gustavo\u201d.<\/p>\n\n\n\n<p>De ah\u00ed que sus esperanzas las est\u00e9 poniendo en Ad\u00e1n Augusto L\u00f3pez, un hombre que conoce al derecho y al rev\u00e9s y que ser\u00e1 un excelente \u00e9mulo de Pascual Ortiz Rubio despu\u00e9s del 2024.<\/p>\n\n\n\n<p>Con Roc\u00edo Nahle es otro cantar. \u00bfQu\u00e9 hacer con esta mujer que no ha hecho nada por Veracruz, que no tiene carisma, que es due\u00f1a de un car\u00e1cter muy atravesado, que es d\u00e9spota y grosera con sus subalternos, pero en contrapunto es muy chambeadora, no dice que no a ninguna orden del presidente y le ha mostrado una fidelidad a toda prueba?<\/p>\n\n\n\n<p>Eh ah\u00ed el dilema.<\/p>\n\n\n\n<p>L\u00f3pez Obrador sabe que Roc\u00edo tendr\u00e1 que competir contra su impopularidad, contra el desgarriate que est\u00e1 dejando Cuitl\u00e1huac y contra el candidato opositor que le pongan enfrente.<\/p>\n\n\n\n<p>La Secretaria de Energ\u00eda no tendr\u00e1 un d\u00eda de campo as\u00ed tenga al aparato estatal y presidencial de su lado. Y en ese sentido bueno ser\u00e1 que se mire en el espejo de Francisco Labastida.<\/p>\n\n\n\n<p>Si hoy los morenos duros est\u00e1n felices porque si Roc\u00edo llega a la gubernatura los librar\u00e1 de una prisi\u00f3n segura, los opositores (por muy desbalagados que anden) est\u00e1n de fiesta con su probable candidatura.<\/p>\n\n\n\n<p>De ah\u00ed que L\u00f3pez Obrador est\u00e9 deshojando la margarita. Porque de que la mayor\u00eda de los veracruzanos van a botar a su muchacha apenas asome la cabeza como abanderada del partido guinda, eso el propio tabasque\u00f1o podr\u00eda apostarlo.<\/p>\n\n\n\n<p>bernardogup@hotmail.com<\/p>\n","protected":false},"excerpt":{"rendered":"<p>Bernardo Guti\u00e9rrez Parra Desde el Caf\u00e9 As\u00ed es lector, ni la Constituci\u00f3n Pol\u00edtica de los Estados Unidos Mexicanos ni la Constituci\u00f3n de Veracruz, impiden que la se\u00f1ora Roc\u00edo Nahle nacida en Zacatecas sea candidata de Morena a la gubernatura de la entidad. Es decir, no era necesaria la alharaca, pero los morenos quer\u00edan mostrar que [&hellip;]<\/p>\n","protected":false},"author":2,"featured_media":0,"comment_status":"closed","ping_status":"closed","sticky":false,"template":"","format":"standard","meta":{"tdm_status":"","tdm_grid_status":"","footnotes":""},"categories":[70],"tags":[618,34206,9627,1026,34436,3578,195],"class_list":{"0":"post-93397","1":"post","2":"type-post","3":"status-publish","4":"format-standard","6":"category-de-opinion","7":"tag-andres-manuel-lopez-obrador","8":"tag-bernardo-gutierrez-parra","9":"tag-claudia-sheinbaum","10":"tag-morena","11":"tag-pascual-ortiz-rubio","12":"tag-rocio-nahle","13":"tag-veracruz"},"yoast_head":"<!-- This site is optimized with the Yoast SEO plugin v27.4 - https:\/\/yoast.com\/product\/yoast-seo-wordpress\/ -->\n<title>No era necesaria la alharaca, pero la hicieron - Los pol\u00edticos Veracruz<\/title>\n<meta name=\"robots\" content=\"index, follow, max-snippet:-1, max-image-preview:large, max-video-preview:-1\" \/>\n<link rel=\"canonical\" href=\"https:\/\/lospoliticosveracruz.com\/?p=93397\" \/>\n<meta property=\"og:locale\" content=\"es_ES\" \/>\n<meta property=\"og:type\" content=\"article\" \/>\n<meta property=\"og:title\" content=\"No era necesaria la alharaca, pero la hicieron - Los pol\u00edticos Veracruz\" \/>\n<meta property=\"og:description\" content=\"Bernardo Guti\u00e9rrez Parra Desde el Caf\u00e9 As\u00ed es lector, ni la Constituci\u00f3n Pol\u00edtica de los Estados Unidos Mexicanos ni la Constituci\u00f3n de Veracruz, impiden que la se\u00f1ora Roc\u00edo Nahle nacida en Zacatecas sea candidata de Morena a la gubernatura de la entidad. Es decir, no era necesaria la alharaca, pero los morenos quer\u00edan mostrar que [&hellip;]\" \/>\n<meta property=\"og:url\" content=\"https:\/\/lospoliticosveracruz.com\/?p=93397\" \/>\n<meta property=\"og:site_name\" content=\"Los pol\u00edticos Veracruz\" \/>\n<meta property=\"article:publisher\" content=\"https:\/\/www.facebook.com\/people\/Notimemes-de-los-Polticos\/61565672886568\/\" \/>\n<meta property=\"article:published_time\" content=\"2022-08-03T12:56:47+00:00\" \/>\n<meta property=\"article:modified_time\" content=\"2022-08-03T12:56:53+00:00\" \/>\n<meta property=\"og:image\" content=\"https:\/\/lospoliticosveracruz.com.mx\/wp-content\/uploads\/2021\/10\/WhatsApp-Image-2021-10-02-at-15.20.25-212x300.jpeg\" \/>\n<meta name=\"author\" content=\"Lo viste en Los Pol\u00edticos\" \/>\n<meta name=\"twitter:card\" content=\"summary_large_image\" \/>\n<meta name=\"twitter:creator\" content=\"@LosPoliticosVer\" \/>\n<meta name=\"twitter:site\" content=\"@LosPoliticosVer\" \/>\n<meta name=\"twitter:label1\" content=\"Escrito por\" \/>\n\t<meta name=\"twitter:data1\" content=\"Lo viste en Los Pol\u00edticos\" \/>\n\t<meta name=\"twitter:label2\" content=\"Tiempo de lectura\" \/>\n\t<meta name=\"twitter:data2\" content=\"3 minutos\" \/>\n<script type=\"application\/ld+json\" class=\"yoast-schema-graph\">{\"@context\":\"https:\\\/\\\/schema.org\",\"@graph\":[{\"@type\":\"Article\",\"@id\":\"https:\\\/\\\/lospoliticosveracruz.com\\\/?p=93397#article\",\"isPartOf\":{\"@id\":\"https:\\\/\\\/lospoliticosveracruz.com\\\/?p=93397\"},\"author\":{\"name\":\"Lo viste en Los Pol\u00edticos\",\"@id\":\"https:\\\/\\\/lospoliticosveracruz.com\\\/#\\\/schema\\\/person\\\/b8702bb0e538456e6efd07080bf2a4a2\"},\"headline\":\"No era necesaria la alharaca, pero la hicieron\",\"datePublished\":\"2022-08-03T12:56:47+00:00\",\"dateModified\":\"2022-08-03T12:56:53+00:00\",\"mainEntityOfPage\":{\"@id\":\"https:\\\/\\\/lospoliticosveracruz.com\\\/?p=93397\"},\"wordCount\":684,\"publisher\":{\"@id\":\"https:\\\/\\\/lospoliticosveracruz.com\\\/#organization\"},\"image\":{\"@id\":\"https:\\\/\\\/lospoliticosveracruz.com\\\/?p=93397#primaryimage\"},\"thumbnailUrl\":\"https:\\\/\\\/lospoliticosveracruz.com.mx\\\/wp-content\\\/uploads\\\/2021\\\/10\\\/WhatsApp-Image-2021-10-02-at-15.20.25-212x300.jpeg\",\"keywords\":[\"Andr\u00e9s Manuel L\u00f3pez Obrador\",\"Bernardo Guti\u00e9rrez Parra\",\"Claudia Sheinbaum\",\"Morena\",\"Pascual Ortiz Rubio\",\"Roc\u00edo Nahle\",\"Veracruz\"],\"articleSection\":[\"De Opini\u00f3n\"],\"inLanguage\":\"es\"},{\"@type\":\"WebPage\",\"@id\":\"https:\\\/\\\/lospoliticosveracruz.com\\\/?p=93397\",\"url\":\"https:\\\/\\\/lospoliticosveracruz.com\\\/?p=93397\",\"name\":\"No era necesaria la alharaca, pero la hicieron - Los pol\u00edticos Veracruz\",\"isPartOf\":{\"@id\":\"https:\\\/\\\/lospoliticosveracruz.com\\\/#website\"},\"primaryImageOfPage\":{\"@id\":\"https:\\\/\\\/lospoliticosveracruz.com\\\/?p=93397#primaryimage\"},\"image\":{\"@id\":\"https:\\\/\\\/lospoliticosveracruz.com\\\/?p=93397#primaryimage\"},\"thumbnailUrl\":\"https:\\\/\\\/lospoliticosveracruz.com.mx\\\/wp-content\\\/uploads\\\/2021\\\/10\\\/WhatsApp-Image-2021-10-02-at-15.20.25-212x300.jpeg\",\"datePublished\":\"2022-08-03T12:56:47+00:00\",\"dateModified\":\"2022-08-03T12:56:53+00:00\",\"breadcrumb\":{\"@id\":\"https:\\\/\\\/lospoliticosveracruz.com\\\/?p=93397#breadcrumb\"},\"inLanguage\":\"es\",\"potentialAction\":[{\"@type\":\"ReadAction\",\"target\":[\"https:\\\/\\\/lospoliticosveracruz.com\\\/?p=93397\"]}]},{\"@type\":\"ImageObject\",\"inLanguage\":\"es\",\"@id\":\"https:\\\/\\\/lospoliticosveracruz.com\\\/?p=93397#primaryimage\",\"url\":\"https:\\\/\\\/lospoliticosveracruz.com.mx\\\/wp-content\\\/uploads\\\/2021\\\/10\\\/WhatsApp-Image-2021-10-02-at-15.20.25-212x300.jpeg\",\"contentUrl\":\"https:\\\/\\\/lospoliticosveracruz.com.mx\\\/wp-content\\\/uploads\\\/2021\\\/10\\\/WhatsApp-Image-2021-10-02-at-15.20.25-212x300.jpeg\"},{\"@type\":\"BreadcrumbList\",\"@id\":\"https:\\\/\\\/lospoliticosveracruz.com\\\/?p=93397#breadcrumb\",\"itemListElement\":[{\"@type\":\"ListItem\",\"position\":1,\"name\":\"Portada\",\"item\":\"https:\\\/\\\/lospoliticosveracruz.com\\\/\"},{\"@type\":\"ListItem\",\"position\":2,\"name\":\"No era necesaria la alharaca, pero la hicieron\"}]},{\"@type\":\"WebSite\",\"@id\":\"https:\\\/\\\/lospoliticosveracruz.com\\\/#website\",\"url\":\"https:\\\/\\\/lospoliticosveracruz.com\\\/\",\"name\":\"Los pol\u00edticos Veracruz\",\"description\":\"\",\"publisher\":{\"@id\":\"https:\\\/\\\/lospoliticosveracruz.com\\\/#organization\"},\"potentialAction\":[{\"@type\":\"SearchAction\",\"target\":{\"@type\":\"EntryPoint\",\"urlTemplate\":\"https:\\\/\\\/lospoliticosveracruz.com\\\/?s={search_term_string}\"},\"query-input\":{\"@type\":\"PropertyValueSpecification\",\"valueRequired\":true,\"valueName\":\"search_term_string\"}}],\"inLanguage\":\"es\"},{\"@type\":\"Organization\",\"@id\":\"https:\\\/\\\/lospoliticosveracruz.com\\\/#organization\",\"name\":\"Los pol\u00edticos Veracruz\",\"url\":\"https:\\\/\\\/lospoliticosveracruz.com\\\/\",\"logo\":{\"@type\":\"ImageObject\",\"inLanguage\":\"es\",\"@id\":\"https:\\\/\\\/lospoliticosveracruz.com\\\/#\\\/schema\\\/logo\\\/image\\\/\",\"url\":\"https:\\\/\\\/lospoliticosveracruz.com\\\/wp-content\\\/uploads\\\/2025\\\/12\\\/Logo-Nuevo-LOS-POLITICOS-1.jpg\",\"contentUrl\":\"https:\\\/\\\/lospoliticosveracruz.com\\\/wp-content\\\/uploads\\\/2025\\\/12\\\/Logo-Nuevo-LOS-POLITICOS-1.jpg\",\"width\":260,\"height\":70,\"caption\":\"Los pol\u00edticos Veracruz\"},\"image\":{\"@id\":\"https:\\\/\\\/lospoliticosveracruz.com\\\/#\\\/schema\\\/logo\\\/image\\\/\"},\"sameAs\":[\"https:\\\/\\\/www.facebook.com\\\/people\\\/Notimemes-de-los-Polticos\\\/61565672886568\\\/\",\"https:\\\/\\\/x.com\\\/LosPoliticosVer\"]},{\"@type\":\"Person\",\"@id\":\"https:\\\/\\\/lospoliticosveracruz.com\\\/#\\\/schema\\\/person\\\/b8702bb0e538456e6efd07080bf2a4a2\",\"name\":\"Lo viste en Los Pol\u00edticos\",\"image\":{\"@type\":\"ImageObject\",\"inLanguage\":\"es\",\"@id\":\"https:\\\/\\\/secure.gravatar.com\\\/avatar\\\/3a8de04a2656d44082be478bd6c086daa447c4651605818287b9532d3d0bd435?s=96&d=mm&r=g\",\"url\":\"https:\\\/\\\/secure.gravatar.com\\\/avatar\\\/3a8de04a2656d44082be478bd6c086daa447c4651605818287b9532d3d0bd435?s=96&d=mm&r=g\",\"contentUrl\":\"https:\\\/\\\/secure.gravatar.com\\\/avatar\\\/3a8de04a2656d44082be478bd6c086daa447c4651605818287b9532d3d0bd435?s=96&d=mm&r=g\",\"caption\":\"Lo viste en Los Pol\u00edticos\"},\"url\":\"https:\\\/\\\/lospoliticosveracruz.com\\\/?author=2\"}]}<\/script>\n<!-- \/ Yoast SEO plugin. -->","yoast_head_json":{"title":"No era necesaria la alharaca, pero la hicieron - Los pol\u00edticos Veracruz","robots":{"index":"index","follow":"follow","max-snippet":"max-snippet:-1","max-image-preview":"max-image-preview:large","max-video-preview":"max-video-preview:-1"},"canonical":"https:\/\/lospoliticosveracruz.com\/?p=93397","og_locale":"es_ES","og_type":"article","og_title":"No era necesaria la alharaca, pero la hicieron - Los pol\u00edticos Veracruz","og_description":"Bernardo Guti\u00e9rrez Parra Desde el Caf\u00e9 As\u00ed es lector, ni la Constituci\u00f3n Pol\u00edtica de los Estados Unidos Mexicanos ni la Constituci\u00f3n de Veracruz, impiden que la se\u00f1ora Roc\u00edo Nahle nacida en Zacatecas sea candidata de Morena a la gubernatura de la entidad. Es decir, no era necesaria la alharaca, pero los morenos quer\u00edan mostrar que [&hellip;]","og_url":"https:\/\/lospoliticosveracruz.com\/?p=93397","og_site_name":"Los pol\u00edticos Veracruz","article_publisher":"https:\/\/www.facebook.com\/people\/Notimemes-de-los-Polticos\/61565672886568\/","article_published_time":"2022-08-03T12:56:47+00:00","article_modified_time":"2022-08-03T12:56:53+00:00","og_image":[{"url":"https:\/\/lospoliticosveracruz.com.mx\/wp-content\/uploads\/2021\/10\/WhatsApp-Image-2021-10-02-at-15.20.25-212x300.jpeg","type":"","width":"","height":""}],"author":"Lo viste en Los Pol\u00edticos","twitter_card":"summary_large_image","twitter_creator":"@LosPoliticosVer","twitter_site":"@LosPoliticosVer","twitter_misc":{"Escrito por":"Lo viste en Los Pol\u00edticos","Tiempo de lectura":"3 minutos"},"schema":{"@context":"https:\/\/schema.org","@graph":[{"@type":"Article","@id":"https:\/\/lospoliticosveracruz.com\/?p=93397#article","isPartOf":{"@id":"https:\/\/lospoliticosveracruz.com\/?p=93397"},"author":{"name":"Lo viste en Los Pol\u00edticos","@id":"https:\/\/lospoliticosveracruz.com\/#\/schema\/person\/b8702bb0e538456e6efd07080bf2a4a2"},"headline":"No era necesaria la alharaca, pero la hicieron","datePublished":"2022-08-03T12:56:47+00:00","dateModified":"2022-08-03T12:56:53+00:00","mainEntityOfPage":{"@id":"https:\/\/lospoliticosveracruz.com\/?p=93397"},"wordCount":684,"publisher":{"@id":"https:\/\/lospoliticosveracruz.com\/#organization"},"image":{"@id":"https:\/\/lospoliticosveracruz.com\/?p=93397#primaryimage"},"thumbnailUrl":"https:\/\/lospoliticosveracruz.com.mx\/wp-content\/uploads\/2021\/10\/WhatsApp-Image-2021-10-02-at-15.20.25-212x300.jpeg","keywords":["Andr\u00e9s Manuel L\u00f3pez Obrador","Bernardo Guti\u00e9rrez Parra","Claudia Sheinbaum","Morena","Pascual Ortiz Rubio","Roc\u00edo Nahle","Veracruz"],"articleSection":["De Opini\u00f3n"],"inLanguage":"es"},{"@type":"WebPage","@id":"https:\/\/lospoliticosveracruz.com\/?p=93397","url":"https:\/\/lospoliticosveracruz.com\/?p=93397","name":"No era necesaria la alharaca, pero la hicieron - Los pol\u00edticos Veracruz","isPartOf":{"@id":"https:\/\/lospoliticosveracruz.com\/#website"},"primaryImageOfPage":{"@id":"https:\/\/lospoliticosveracruz.com\/?p=93397#primaryimage"},"image":{"@id":"https:\/\/lospoliticosveracruz.com\/?p=93397#primaryimage"},"thumbnailUrl":"https:\/\/lospoliticosveracruz.com.mx\/wp-content\/uploads\/2021\/10\/WhatsApp-Image-2021-10-02-at-15.20.25-212x300.jpeg","datePublished":"2022-08-03T12:56:47+00:00","dateModified":"2022-08-03T12:56:53+00:00","breadcrumb":{"@id":"https:\/\/lospoliticosveracruz.com\/?p=93397#breadcrumb"},"inLanguage":"es","potentialAction":[{"@type":"ReadAction","target":["https:\/\/lospoliticosveracruz.com\/?p=93397"]}]},{"@type":"ImageObject","inLanguage":"es","@id":"https:\/\/lospoliticosveracruz.com\/?p=93397#primaryimage","url":"https:\/\/lospoliticosveracruz.com.mx\/wp-content\/uploads\/2021\/10\/WhatsApp-Image-2021-10-02-at-15.20.25-212x300.jpeg","contentUrl":"https:\/\/lospoliticosveracruz.com.mx\/wp-content\/uploads\/2021\/10\/WhatsApp-Image-2021-10-02-at-15.20.25-212x300.jpeg"},{"@type":"BreadcrumbList","@id":"https:\/\/lospoliticosveracruz.com\/?p=93397#breadcrumb","itemListElement":[{"@type":"ListItem","position":1,"name":"Portada","item":"https:\/\/lospoliticosveracruz.com\/"},{"@type":"ListItem","position":2,"name":"No era necesaria la alharaca, pero la hicieron"}]},{"@type":"WebSite","@id":"https:\/\/lospoliticosveracruz.com\/#website","url":"https:\/\/lospoliticosveracruz.com\/","name":"Los pol\u00edticos Veracruz","description":"","publisher":{"@id":"https:\/\/lospoliticosveracruz.com\/#organization"},"potentialAction":[{"@type":"SearchAction","target":{"@type":"EntryPoint","urlTemplate":"https:\/\/lospoliticosveracruz.com\/?s={search_term_string}"},"query-input":{"@type":"PropertyValueSpecification","valueRequired":true,"valueName":"search_term_string"}}],"inLanguage":"es"},{"@type":"Organization","@id":"https:\/\/lospoliticosveracruz.com\/#organization","name":"Los pol\u00edticos Veracruz","url":"https:\/\/lospoliticosveracruz.com\/","logo":{"@type":"ImageObject","inLanguage":"es","@id":"https:\/\/lospoliticosveracruz.com\/#\/schema\/logo\/image\/","url":"https:\/\/lospoliticosveracruz.com\/wp-content\/uploads\/2025\/12\/Logo-Nuevo-LOS-POLITICOS-1.jpg","contentUrl":"https:\/\/lospoliticosveracruz.com\/wp-content\/uploads\/2025\/12\/Logo-Nuevo-LOS-POLITICOS-1.jpg","width":260,"height":70,"caption":"Los pol\u00edticos Veracruz"},"image":{"@id":"https:\/\/lospoliticosveracruz.com\/#\/schema\/logo\/image\/"},"sameAs":["https:\/\/www.facebook.com\/people\/Notimemes-de-los-Polticos\/61565672886568\/","https:\/\/x.com\/LosPoliticosVer"]},{"@type":"Person","@id":"https:\/\/lospoliticosveracruz.com\/#\/schema\/person\/b8702bb0e538456e6efd07080bf2a4a2","name":"Lo viste en Los Pol\u00edticos","image":{"@type":"ImageObject","inLanguage":"es","@id":"https:\/\/secure.gravatar.com\/avatar\/3a8de04a2656d44082be478bd6c086daa447c4651605818287b9532d3d0bd435?s=96&d=mm&r=g","url":"https:\/\/secure.gravatar.com\/avatar\/3a8de04a2656d44082be478bd6c086daa447c4651605818287b9532d3d0bd435?s=96&d=mm&r=g","contentUrl":"https:\/\/secure.gravatar.com\/avatar\/3a8de04a2656d44082be478bd6c086daa447c4651605818287b9532d3d0bd435?s=96&d=mm&r=g","caption":"Lo viste en Los Pol\u00edticos"},"url":"https:\/\/lospoliticosveracruz.com\/?author=2"}]}},"_links":{"self":[{"href":"https:\/\/lospoliticosveracruz.com\/index.php?rest_route=\/wp\/v2\/posts\/93397","targetHints":{"allow":["GET"]}}],"collection":[{"href":"https:\/\/lospoliticosveracruz.com\/index.php?rest_route=\/wp\/v2\/posts"}],"about":[{"href":"https:\/\/lospoliticosveracruz.com\/index.php?rest_route=\/wp\/v2\/types\/post"}],"author":[{"embeddable":true,"href":"https:\/\/lospoliticosveracruz.com\/index.php?rest_route=\/wp\/v2\/users\/2"}],"replies":[{"embeddable":true,"href":"https:\/\/lospoliticosveracruz.com\/index.php?rest_route=%2Fwp%2Fv2%2Fcomments&post=93397"}],"version-history":[{"count":1,"href":"https:\/\/lospoliticosveracruz.com\/index.php?rest_route=\/wp\/v2\/posts\/93397\/revisions"}],"predecessor-version":[{"id":93399,"href":"https:\/\/lospoliticosveracruz.com\/index.php?rest_route=\/wp\/v2\/posts\/93397\/revisions\/93399"}],"wp:attachment":[{"href":"https:\/\/lospoliticosveracruz.com\/index.php?rest_route=%2Fwp%2Fv2%2Fmedia&parent=93397"}],"wp:term":[{"taxonomy":"category","embeddable":true,"href":"https:\/\/lospoliticosveracruz.com\/index.php?rest_route=%2Fwp%2Fv2%2Fcategories&post=93397"},{"taxonomy":"post_tag","embeddable":true,"href":"https:\/\/lospoliticosveracruz.com\/index.php?rest_route=%2Fwp%2Fv2%2Ftags&post=93397"}],"curies":[{"name":"wp","href":"https:\/\/api.w.org\/{rel}","templated":true}]}}