{"id":93403,"date":"2022-08-03T08:44:49","date_gmt":"2022-08-03T13:44:49","guid":{"rendered":"https:\/\/lospoliticosveracruz.com.mx\/?p=93403"},"modified":"2022-08-03T08:44:57","modified_gmt":"2022-08-03T13:44:57","slug":"tambien-santos-degollado","status":"publish","type":"post","link":"https:\/\/lospoliticosveracruz.com\/?p=93403","title":{"rendered":"Tambi\u00e9n Santos Degollado"},"content":{"rendered":"\n<p><\/p>\n\n\n\n<p><\/p>\n\n\n\n<p><strong>Sergio Gonz\u00e1lez Levet<\/strong><br><em>Sin tacto<\/em><\/p>\n\n\n\n<p>Felicidades a mi hija Mariana, gran mujer y mejor<br>escritora, orgullo de mis huesos y de mi amor.<\/p>\n\n\n\n<p>Bueno, pues la Ley Nahle fue aprobada ayer en la Legislatura por 31 votos a favor de parte los diputados morenistas, tres de panistas (Nora Jessica Lagunes, Oth\u00f3n Hern\u00e1ndez y Hugo Saavedra), los dos petistas y los dos de las representantes del Partido Verde, contra 12 de la oposici\u00f3n.<br>\u200bY obvio, aun hecha la reforma al Art\u00edculo 11, siguen los pronunciamientos sobre el tema, que es candente en un estado tan regionalista como el nuestro. Sin embargo, la reflexi\u00f3n tiene que seguir por el camino de la raz\u00f3n y no de la emoci\u00f3n, y por eso contin\u00fao con el repaso hist\u00f3rico.<br>\u200bSantos Degollado, un juarista impecable y tambi\u00e9n diputado constituyente en 1856-57, particip\u00f3 en la discusi\u00f3n. La pol\u00e9mica se hab\u00eda orientado hacia la diferencia entre \u201cvecindad\u201d y \u201cresidencia\u201d. La primera se refer\u00eda al lugar en el que se establec\u00eda una persona de manera permanente, y la segunda se restring\u00eda al sitio en el que alguien estaba en ese momento. La vecindad se ganaba con el tiempo, y la residencia, con la sola presencia personal.<br>\u200b[S\u00ed, s\u00ed atiendo a que la querella era para el caso de la elecci\u00f3n de diputados, pero valen sus razonamientos para determinar qui\u00e9n puede ser elegible a gobernar un estado.]<br>\u200bOigamos a don Santos en la sesi\u00f3n legislativa del 1\u00ba de octubre de 1956:<br>\u200b\u201cSe ha hecho valer la observaci\u00f3n de que a cada ciudadano se le ha garantizado el derecho de votar y ser electo para los cargos de elecci\u00f3n popular; pero esto mismo es un argumento que robustece la justicia del art\u00edculo a discusi\u00f3n, pues si el voto activo s\u00f3lo puede ejercerse dentro de la municipalidad, dentro del partido o dentro del Estado respectivamente en que se vive de ordinario, en donde se tienen intereses, familia y v\u00ednculos sociales, y en que el ciudadano forma parte del censo de la poblaci\u00f3n y constituye la unidad del n\u00famero que sirve de base para la elecci\u00f3n, claro es que el voto pasivo no puede tener una extensi\u00f3n mayor, sin agraviar los derechos de todos los ciudadanos inclusos en la base determinada para el voto activo.\u201d<br>\u200bY de ah\u00ed don Santos pide que se determine que:<br>\u200b\u201cLa vecindad se adquiere por una residencia continua de dos a\u00f1os, por lo menos para el que haya trasladado sus intereses y familia con \u00e1nimo de morar; de tres a\u00f1os para el residente que haya mudado solamente sus intereses o su familia, y de cinco a\u00f1os para el que no haya trasladado m\u00e1s que su persona; pero ya sea que la<br>Comisi\u00f3n fije desde luego las reglas por las cuales sepamos c\u00f3mo se adquiere y c\u00f3mo se pierde la vecindad, ya sea que se deje \u00e9sta para que sirva de materia a una ley secundaria, siempre ser\u00e1 cierto que la exigencia del requisito de la vecindad equilibra perfectamente el sufragio pasivo y lo distribuye con igualdad entre todos los ciudadanos.\u201d<br>\u200bY esto sigue\u2026<\/p>\n\n\n\n<p>sglevet@gmail.com<\/p>\n","protected":false},"excerpt":{"rendered":"<p>Sergio Gonz\u00e1lez LevetSin tacto Felicidades a mi hija Mariana, gran mujer y mejorescritora, orgullo de mis huesos y de mi amor. Bueno, pues la Ley Nahle fue aprobada ayer en la Legislatura por 31 votos a favor de parte los diputados morenistas, tres de panistas (Nora Jessica Lagunes, Oth\u00f3n Hern\u00e1ndez y Hugo Saavedra), los dos [&hellip;]<\/p>\n","protected":false},"author":2,"featured_media":0,"comment_status":"closed","ping_status":"closed","sticky":false,"template":"","format":"standard","meta":{"tdm_status":"","tdm_grid_status":"","footnotes":""},"categories":[70],"tags":[34359,1026,34438,1282,195],"class_list":{"0":"post-93403","1":"post","2":"type-post","3":"status-publish","4":"format-standard","6":"category-de-opinion","7":"tag-ley-nahle","8":"tag-morena","9":"tag-santos-degollado","10":"tag-sergio-gonzalez-levet","11":"tag-veracruz"},"yoast_head":"<!-- This site is optimized with the Yoast SEO plugin v27.4 - https:\/\/yoast.com\/product\/yoast-seo-wordpress\/ -->\n<title>Tambi\u00e9n Santos Degollado - Los pol\u00edticos Veracruz<\/title>\n<meta name=\"robots\" content=\"index, follow, max-snippet:-1, max-image-preview:large, max-video-preview:-1\" \/>\n<link rel=\"canonical\" href=\"https:\/\/lospoliticosveracruz.com\/?p=93403\" \/>\n<meta property=\"og:locale\" content=\"es_ES\" \/>\n<meta property=\"og:type\" content=\"article\" \/>\n<meta property=\"og:title\" content=\"Tambi\u00e9n Santos Degollado - Los pol\u00edticos Veracruz\" \/>\n<meta property=\"og:description\" content=\"Sergio Gonz\u00e1lez LevetSin tacto Felicidades a mi hija Mariana, gran mujer y mejorescritora, orgullo de mis huesos y de mi amor. Bueno, pues la Ley Nahle fue aprobada ayer en la Legislatura por 31 votos a favor de parte los diputados morenistas, tres de panistas (Nora Jessica Lagunes, Oth\u00f3n Hern\u00e1ndez y Hugo Saavedra), los dos [&hellip;]\" \/>\n<meta property=\"og:url\" content=\"https:\/\/lospoliticosveracruz.com\/?p=93403\" \/>\n<meta property=\"og:site_name\" content=\"Los pol\u00edticos Veracruz\" \/>\n<meta property=\"article:publisher\" content=\"https:\/\/www.facebook.com\/people\/Notimemes-de-los-Polticos\/61565672886568\/\" \/>\n<meta property=\"article:published_time\" content=\"2022-08-03T13:44:49+00:00\" \/>\n<meta property=\"article:modified_time\" content=\"2022-08-03T13:44:57+00:00\" \/>\n<meta property=\"og:image\" content=\"https:\/\/lospoliticosveracruz.com\/wp-content\/uploads\/2016\/07\/Logo-Dor.jpg\" \/>\n\t<meta property=\"og:image:width\" content=\"200\" \/>\n\t<meta property=\"og:image:height\" content=\"200\" \/>\n\t<meta property=\"og:image:type\" content=\"image\/jpeg\" \/>\n<meta name=\"author\" content=\"Lo viste en Los Pol\u00edticos\" \/>\n<meta name=\"twitter:card\" content=\"summary_large_image\" \/>\n<meta name=\"twitter:creator\" content=\"@LosPoliticosVer\" \/>\n<meta name=\"twitter:site\" content=\"@LosPoliticosVer\" \/>\n<meta name=\"twitter:label1\" content=\"Escrito por\" \/>\n\t<meta name=\"twitter:data1\" content=\"Lo viste en Los Pol\u00edticos\" \/>\n\t<meta name=\"twitter:label2\" content=\"Tiempo de lectura\" \/>\n\t<meta name=\"twitter:data2\" content=\"3 minutos\" \/>\n<script type=\"application\/ld+json\" class=\"yoast-schema-graph\">{\"@context\":\"https:\\\/\\\/schema.org\",\"@graph\":[{\"@type\":\"Article\",\"@id\":\"https:\\\/\\\/lospoliticosveracruz.com\\\/?p=93403#article\",\"isPartOf\":{\"@id\":\"https:\\\/\\\/lospoliticosveracruz.com\\\/?p=93403\"},\"author\":{\"name\":\"Lo viste en Los Pol\u00edticos\",\"@id\":\"https:\\\/\\\/lospoliticosveracruz.com\\\/#\\\/schema\\\/person\\\/b8702bb0e538456e6efd07080bf2a4a2\"},\"headline\":\"Tambi\u00e9n Santos Degollado\",\"datePublished\":\"2022-08-03T13:44:49+00:00\",\"dateModified\":\"2022-08-03T13:44:57+00:00\",\"mainEntityOfPage\":{\"@id\":\"https:\\\/\\\/lospoliticosveracruz.com\\\/?p=93403\"},\"wordCount\":542,\"publisher\":{\"@id\":\"https:\\\/\\\/lospoliticosveracruz.com\\\/#organization\"},\"keywords\":[\"Ley Nahle\",\"Morena\",\"Santos Degollado\",\"Sergio Gonz\u00e1lez Levet\",\"Veracruz\"],\"articleSection\":[\"De Opini\u00f3n\"],\"inLanguage\":\"es\"},{\"@type\":\"WebPage\",\"@id\":\"https:\\\/\\\/lospoliticosveracruz.com\\\/?p=93403\",\"url\":\"https:\\\/\\\/lospoliticosveracruz.com\\\/?p=93403\",\"name\":\"Tambi\u00e9n Santos Degollado - Los pol\u00edticos Veracruz\",\"isPartOf\":{\"@id\":\"https:\\\/\\\/lospoliticosveracruz.com\\\/#website\"},\"datePublished\":\"2022-08-03T13:44:49+00:00\",\"dateModified\":\"2022-08-03T13:44:57+00:00\",\"breadcrumb\":{\"@id\":\"https:\\\/\\\/lospoliticosveracruz.com\\\/?p=93403#breadcrumb\"},\"inLanguage\":\"es\",\"potentialAction\":[{\"@type\":\"ReadAction\",\"target\":[\"https:\\\/\\\/lospoliticosveracruz.com\\\/?p=93403\"]}]},{\"@type\":\"BreadcrumbList\",\"@id\":\"https:\\\/\\\/lospoliticosveracruz.com\\\/?p=93403#breadcrumb\",\"itemListElement\":[{\"@type\":\"ListItem\",\"position\":1,\"name\":\"Portada\",\"item\":\"https:\\\/\\\/lospoliticosveracruz.com\\\/\"},{\"@type\":\"ListItem\",\"position\":2,\"name\":\"Tambi\u00e9n Santos Degollado\"}]},{\"@type\":\"WebSite\",\"@id\":\"https:\\\/\\\/lospoliticosveracruz.com\\\/#website\",\"url\":\"https:\\\/\\\/lospoliticosveracruz.com\\\/\",\"name\":\"Los pol\u00edticos Veracruz\",\"description\":\"\",\"publisher\":{\"@id\":\"https:\\\/\\\/lospoliticosveracruz.com\\\/#organization\"},\"potentialAction\":[{\"@type\":\"SearchAction\",\"target\":{\"@type\":\"EntryPoint\",\"urlTemplate\":\"https:\\\/\\\/lospoliticosveracruz.com\\\/?s={search_term_string}\"},\"query-input\":{\"@type\":\"PropertyValueSpecification\",\"valueRequired\":true,\"valueName\":\"search_term_string\"}}],\"inLanguage\":\"es\"},{\"@type\":\"Organization\",\"@id\":\"https:\\\/\\\/lospoliticosveracruz.com\\\/#organization\",\"name\":\"Los pol\u00edticos Veracruz\",\"url\":\"https:\\\/\\\/lospoliticosveracruz.com\\\/\",\"logo\":{\"@type\":\"ImageObject\",\"inLanguage\":\"es\",\"@id\":\"https:\\\/\\\/lospoliticosveracruz.com\\\/#\\\/schema\\\/logo\\\/image\\\/\",\"url\":\"https:\\\/\\\/lospoliticosveracruz.com\\\/wp-content\\\/uploads\\\/2025\\\/12\\\/Logo-Nuevo-LOS-POLITICOS-1.jpg\",\"contentUrl\":\"https:\\\/\\\/lospoliticosveracruz.com\\\/wp-content\\\/uploads\\\/2025\\\/12\\\/Logo-Nuevo-LOS-POLITICOS-1.jpg\",\"width\":260,\"height\":70,\"caption\":\"Los pol\u00edticos Veracruz\"},\"image\":{\"@id\":\"https:\\\/\\\/lospoliticosveracruz.com\\\/#\\\/schema\\\/logo\\\/image\\\/\"},\"sameAs\":[\"https:\\\/\\\/www.facebook.com\\\/people\\\/Notimemes-de-los-Polticos\\\/61565672886568\\\/\",\"https:\\\/\\\/x.com\\\/LosPoliticosVer\"]},{\"@type\":\"Person\",\"@id\":\"https:\\\/\\\/lospoliticosveracruz.com\\\/#\\\/schema\\\/person\\\/b8702bb0e538456e6efd07080bf2a4a2\",\"name\":\"Lo viste en Los Pol\u00edticos\",\"image\":{\"@type\":\"ImageObject\",\"inLanguage\":\"es\",\"@id\":\"https:\\\/\\\/secure.gravatar.com\\\/avatar\\\/3a8de04a2656d44082be478bd6c086daa447c4651605818287b9532d3d0bd435?s=96&d=mm&r=g\",\"url\":\"https:\\\/\\\/secure.gravatar.com\\\/avatar\\\/3a8de04a2656d44082be478bd6c086daa447c4651605818287b9532d3d0bd435?s=96&d=mm&r=g\",\"contentUrl\":\"https:\\\/\\\/secure.gravatar.com\\\/avatar\\\/3a8de04a2656d44082be478bd6c086daa447c4651605818287b9532d3d0bd435?s=96&d=mm&r=g\",\"caption\":\"Lo viste en Los Pol\u00edticos\"},\"url\":\"https:\\\/\\\/lospoliticosveracruz.com\\\/?author=2\"}]}<\/script>\n<!-- \/ Yoast SEO plugin. -->","yoast_head_json":{"title":"Tambi\u00e9n Santos Degollado - Los pol\u00edticos Veracruz","robots":{"index":"index","follow":"follow","max-snippet":"max-snippet:-1","max-image-preview":"max-image-preview:large","max-video-preview":"max-video-preview:-1"},"canonical":"https:\/\/lospoliticosveracruz.com\/?p=93403","og_locale":"es_ES","og_type":"article","og_title":"Tambi\u00e9n Santos Degollado - Los pol\u00edticos Veracruz","og_description":"Sergio Gonz\u00e1lez LevetSin tacto Felicidades a mi hija Mariana, gran mujer y mejorescritora, orgullo de mis huesos y de mi amor. Bueno, pues la Ley Nahle fue aprobada ayer en la Legislatura por 31 votos a favor de parte los diputados morenistas, tres de panistas (Nora Jessica Lagunes, Oth\u00f3n Hern\u00e1ndez y Hugo Saavedra), los dos [&hellip;]","og_url":"https:\/\/lospoliticosveracruz.com\/?p=93403","og_site_name":"Los pol\u00edticos Veracruz","article_publisher":"https:\/\/www.facebook.com\/people\/Notimemes-de-los-Polticos\/61565672886568\/","article_published_time":"2022-08-03T13:44:49+00:00","article_modified_time":"2022-08-03T13:44:57+00:00","og_image":[{"width":200,"height":200,"url":"https:\/\/lospoliticosveracruz.com\/wp-content\/uploads\/2016\/07\/Logo-Dor.jpg","type":"image\/jpeg"}],"author":"Lo viste en Los Pol\u00edticos","twitter_card":"summary_large_image","twitter_creator":"@LosPoliticosVer","twitter_site":"@LosPoliticosVer","twitter_misc":{"Escrito por":"Lo viste en Los Pol\u00edticos","Tiempo de lectura":"3 minutos"},"schema":{"@context":"https:\/\/schema.org","@graph":[{"@type":"Article","@id":"https:\/\/lospoliticosveracruz.com\/?p=93403#article","isPartOf":{"@id":"https:\/\/lospoliticosveracruz.com\/?p=93403"},"author":{"name":"Lo viste en Los Pol\u00edticos","@id":"https:\/\/lospoliticosveracruz.com\/#\/schema\/person\/b8702bb0e538456e6efd07080bf2a4a2"},"headline":"Tambi\u00e9n Santos Degollado","datePublished":"2022-08-03T13:44:49+00:00","dateModified":"2022-08-03T13:44:57+00:00","mainEntityOfPage":{"@id":"https:\/\/lospoliticosveracruz.com\/?p=93403"},"wordCount":542,"publisher":{"@id":"https:\/\/lospoliticosveracruz.com\/#organization"},"keywords":["Ley Nahle","Morena","Santos Degollado","Sergio Gonz\u00e1lez Levet","Veracruz"],"articleSection":["De Opini\u00f3n"],"inLanguage":"es"},{"@type":"WebPage","@id":"https:\/\/lospoliticosveracruz.com\/?p=93403","url":"https:\/\/lospoliticosveracruz.com\/?p=93403","name":"Tambi\u00e9n Santos Degollado - Los pol\u00edticos Veracruz","isPartOf":{"@id":"https:\/\/lospoliticosveracruz.com\/#website"},"datePublished":"2022-08-03T13:44:49+00:00","dateModified":"2022-08-03T13:44:57+00:00","breadcrumb":{"@id":"https:\/\/lospoliticosveracruz.com\/?p=93403#breadcrumb"},"inLanguage":"es","potentialAction":[{"@type":"ReadAction","target":["https:\/\/lospoliticosveracruz.com\/?p=93403"]}]},{"@type":"BreadcrumbList","@id":"https:\/\/lospoliticosveracruz.com\/?p=93403#breadcrumb","itemListElement":[{"@type":"ListItem","position":1,"name":"Portada","item":"https:\/\/lospoliticosveracruz.com\/"},{"@type":"ListItem","position":2,"name":"Tambi\u00e9n Santos Degollado"}]},{"@type":"WebSite","@id":"https:\/\/lospoliticosveracruz.com\/#website","url":"https:\/\/lospoliticosveracruz.com\/","name":"Los pol\u00edticos Veracruz","description":"","publisher":{"@id":"https:\/\/lospoliticosveracruz.com\/#organization"},"potentialAction":[{"@type":"SearchAction","target":{"@type":"EntryPoint","urlTemplate":"https:\/\/lospoliticosveracruz.com\/?s={search_term_string}"},"query-input":{"@type":"PropertyValueSpecification","valueRequired":true,"valueName":"search_term_string"}}],"inLanguage":"es"},{"@type":"Organization","@id":"https:\/\/lospoliticosveracruz.com\/#organization","name":"Los pol\u00edticos Veracruz","url":"https:\/\/lospoliticosveracruz.com\/","logo":{"@type":"ImageObject","inLanguage":"es","@id":"https:\/\/lospoliticosveracruz.com\/#\/schema\/logo\/image\/","url":"https:\/\/lospoliticosveracruz.com\/wp-content\/uploads\/2025\/12\/Logo-Nuevo-LOS-POLITICOS-1.jpg","contentUrl":"https:\/\/lospoliticosveracruz.com\/wp-content\/uploads\/2025\/12\/Logo-Nuevo-LOS-POLITICOS-1.jpg","width":260,"height":70,"caption":"Los pol\u00edticos Veracruz"},"image":{"@id":"https:\/\/lospoliticosveracruz.com\/#\/schema\/logo\/image\/"},"sameAs":["https:\/\/www.facebook.com\/people\/Notimemes-de-los-Polticos\/61565672886568\/","https:\/\/x.com\/LosPoliticosVer"]},{"@type":"Person","@id":"https:\/\/lospoliticosveracruz.com\/#\/schema\/person\/b8702bb0e538456e6efd07080bf2a4a2","name":"Lo viste en Los Pol\u00edticos","image":{"@type":"ImageObject","inLanguage":"es","@id":"https:\/\/secure.gravatar.com\/avatar\/3a8de04a2656d44082be478bd6c086daa447c4651605818287b9532d3d0bd435?s=96&d=mm&r=g","url":"https:\/\/secure.gravatar.com\/avatar\/3a8de04a2656d44082be478bd6c086daa447c4651605818287b9532d3d0bd435?s=96&d=mm&r=g","contentUrl":"https:\/\/secure.gravatar.com\/avatar\/3a8de04a2656d44082be478bd6c086daa447c4651605818287b9532d3d0bd435?s=96&d=mm&r=g","caption":"Lo viste en Los Pol\u00edticos"},"url":"https:\/\/lospoliticosveracruz.com\/?author=2"}]}},"_links":{"self":[{"href":"https:\/\/lospoliticosveracruz.com\/index.php?rest_route=\/wp\/v2\/posts\/93403","targetHints":{"allow":["GET"]}}],"collection":[{"href":"https:\/\/lospoliticosveracruz.com\/index.php?rest_route=\/wp\/v2\/posts"}],"about":[{"href":"https:\/\/lospoliticosveracruz.com\/index.php?rest_route=\/wp\/v2\/types\/post"}],"author":[{"embeddable":true,"href":"https:\/\/lospoliticosveracruz.com\/index.php?rest_route=\/wp\/v2\/users\/2"}],"replies":[{"embeddable":true,"href":"https:\/\/lospoliticosveracruz.com\/index.php?rest_route=%2Fwp%2Fv2%2Fcomments&post=93403"}],"version-history":[{"count":1,"href":"https:\/\/lospoliticosveracruz.com\/index.php?rest_route=\/wp\/v2\/posts\/93403\/revisions"}],"predecessor-version":[{"id":93405,"href":"https:\/\/lospoliticosveracruz.com\/index.php?rest_route=\/wp\/v2\/posts\/93403\/revisions\/93405"}],"wp:attachment":[{"href":"https:\/\/lospoliticosveracruz.com\/index.php?rest_route=%2Fwp%2Fv2%2Fmedia&parent=93403"}],"wp:term":[{"taxonomy":"category","embeddable":true,"href":"https:\/\/lospoliticosveracruz.com\/index.php?rest_route=%2Fwp%2Fv2%2Fcategories&post=93403"},{"taxonomy":"post_tag","embeddable":true,"href":"https:\/\/lospoliticosveracruz.com\/index.php?rest_route=%2Fwp%2Fv2%2Ftags&post=93403"}],"curies":[{"name":"wp","href":"https:\/\/api.w.org\/{rel}","templated":true}]}}