{"id":93446,"date":"2022-08-03T19:38:31","date_gmt":"2022-08-04T00:38:31","guid":{"rendered":"https:\/\/lospoliticosveracruz.com.mx\/?p=93446"},"modified":"2022-08-03T19:38:39","modified_gmt":"2022-08-04T00:38:39","slug":"la-morena-se-echo-a-perder","status":"publish","type":"post","link":"https:\/\/lospoliticosveracruz.com\/?p=93446","title":{"rendered":"La Morena se ech\u00f3 a perder"},"content":{"rendered":"\n<p><strong>Emilio C\u00e1rdenas Escobosa<br><\/strong><em>De Inter\u00e9s P\u00fablico<\/em><\/p>\n\n\n\n<p>Los resultados de las jornadas de elecciones internas de Morena para elegir a sus consejeros estatales y nacionales del pasado fin de semana dejaron en claro varias cosas:<\/p>\n\n\n\n<p>Esta fuerza pol\u00edtica mostr\u00f3 que opera con las mismas armas y mecanismos con los que le hicieron trampa por d\u00e9cadas a los partidos de oposici\u00f3n, a la izquierda y sobre todo a L\u00f3pez Obrador en las elecciones presidenciales del 2006 y 2012. Pero hoy Morena detenta el poder y ya sus dirigentes mostraron que no est\u00e1n dispuestos a cederlo por pruritos democr\u00e1ticos.<\/p>\n\n\n\n<figure class=\"wp-block-image size-full\"><a href=\"https:\/\/lospoliticosveracruz.com.mx\/wp-content\/uploads\/2022\/05\/Seguro-Julio-Cerecedo.jpg\"><img decoding=\"async\" src=\"https:\/\/lospoliticosveracruz.com.mx\/wp-content\/uploads\/2022\/05\/Seguro-Julio-Cerecedo.jpg\" alt=\"\" class=\"wp-image-90414\"\/><\/a><\/figure>\n\n\n\n<p>Usan el poder para organizar elecciones a modo y encumbrar a quien deseen. Lo hicieron ahora y lo repetir\u00e1n en el 2024. Ya perdieron la verg\u00fcenza y ante cualquier reclamo -a\u00fan de los suyos- miran para otro lado y culpan a gente externa a Morena y justifican con el machac\u00f3n \u201cpero antes hac\u00edan m\u00e1s trampas\u201d, refiri\u00e9ndose a los gobiernos del pasado.<\/p>\n\n\n\n<p>Tienen como argumento central que por la consolidaci\u00f3n de la Cuarta Transformaci\u00f3n todo se vale. \u201cNo me vengan con que la ley es la ley\u201d, dixit AMLO y el coro lo repite en los estados y municipios que gobiernan.<\/p>\n\n\n\n<p>La pobreza de amplias capas de la poblaci\u00f3n y el uso de los programas sociales con fines electorales les garantizan el triunfo y les permite contar con votantes cautivos. Es penoso y contradice lo que fue por a\u00f1os el reclamo del hoy presidente: el medrar con la pobreza y utilizar los programas sociales con fines de reclutamiento y control. Pero ya saben que ah\u00ed tienen el gane y lo seguir\u00e1n haciendo, justific\u00e1ndolo con malabares verbales sobre la justicia social que persiguen con esos programas asistenciales.<\/p>\n\n\n\n<p>La decisi\u00f3n de abrirle el paso a quien el presidente quiere ya qued\u00f3 en el registro de la ignominia y sumisi\u00f3n del Poder Legislativo veracruzano con el papel\u00f3n que hicieron los diputados morenistas y sus aliados, ahora incluso tres panistas, para reformar a la Constituci\u00f3n local de manera fast track para permitirle a la zacatecana Roc\u00edo Nahle, secretaria de Energ\u00eda y una de las favoritas de AMLO, postularse y llegar a ser, si la operaci\u00f3n electoral lo facilita, la pr\u00f3xima gobernadora de Veracruz.<\/p>\n\n\n\n<p>En ese tenor las decisiones que vienen respecto a las candidaturas ya se dibujan: Claudia Sheinbaum ser\u00e1 la candidata presidencial y para nuestro estado Veracruz no habr\u00e1 quien frene a Roc\u00edo Nahle. Salvo que haya una revuelta al interior de Morena, cosa que se ve poco probable, aunque no imposible, estas militantes del partido del presidente ir\u00e1n a la contienda electoral en el pa\u00eds y en el solar jarocho.<\/p>\n\n\n\n<p>Y apunto lo anterior porque justamente en el proceso interno del fin de semana los delegados que estaba decidido que ganaran llevar\u00e1n como consigna en los congresos estatales y nacional ratificar el m\u00e9todo de la encuesta para definir sus candidatos para los estados en que habr\u00e1 comicios el pr\u00f3ximo a\u00f1o y sobre todo en la elecci\u00f3n presidencial. M\u00e9todo que ha sido rechazado por el senador Ricardo Monreal y por el canciller Marcelo Ebrard porque en esas encuestas \u201cgana quien quieren que gane\u201d, como ha dicho el a\u00fan coordinador de los senadores de Morena.<\/p>\n\n\n\n<p>Si ya a Nahle la \u201cveracruzanizaron\u201d sin problema, a Ebrard es muy probable que lo dejen con el bat al hombro y se la haga el presidente. Porque Monreal ya solo tiene como opci\u00f3n buscar el apoyo de la alianza opositora. Y la inclusi\u00f3n del secretario de<br>Gobernaci\u00f3n, Ad\u00e1n Augusto Hern\u00e1ndez, entre los presidenciables no termina de convencer y se ve m\u00e1s como una pantalla para seguir cubriendo a la jefa de gobierno de la Ciudad de M\u00e9xico.<\/p>\n\n\n\n<p>Como sea, lo relevante al final es la forma en que Morena, la otrora \u201cesperanza de M\u00e9xico\u201d, ya se dej\u00f3 de remilgos y mostr\u00f3 el cobre. Una verdadera l\u00e1stima para millones de personas que confiaron en su mensaje, en que realmente impulsar\u00edan un cambio en las nocivas pr\u00e1cticas pol\u00edticas que han marcado la cultura de la trampa y el fraude en M\u00e9xico.<\/p>\n\n\n\n<p>Poco dur\u00f3 el gusto. La Morena se ech\u00f3 a perder.<\/p>\n\n\n\n<p>jecesco@hotmail.com<br>www.deinterespublico.com<\/p>\n","protected":false},"excerpt":{"rendered":"<p>Emilio C\u00e1rdenas EscobosaDe Inter\u00e9s P\u00fablico Los resultados de las jornadas de elecciones internas de Morena para elegir a sus consejeros estatales y nacionales del pasado fin de semana dejaron en claro varias cosas: Esta fuerza pol\u00edtica mostr\u00f3 que opera con las mismas armas y mecanismos con los que le hicieron trampa por d\u00e9cadas a los [&hellip;]<\/p>\n","protected":false},"author":2,"featured_media":0,"comment_status":"closed","ping_status":"closed","sticky":false,"template":"","format":"standard","meta":{"tdm_status":"","tdm_grid_status":"","footnotes":""},"categories":[70],"tags":[618,1432,34359,1026,10353,3578,195],"class_list":{"0":"post-93446","1":"post","2":"type-post","3":"status-publish","4":"format-standard","6":"category-de-opinion","7":"tag-andres-manuel-lopez-obrador","8":"tag-emilio-cardenas-escobosa","9":"tag-ley-nahle","10":"tag-morena","11":"tag-ricardo-monreal","12":"tag-rocio-nahle","13":"tag-veracruz"},"yoast_head":"<!-- This site is optimized with the Yoast SEO plugin v27.4 - https:\/\/yoast.com\/product\/yoast-seo-wordpress\/ -->\n<title>La Morena se ech\u00f3 a perder - Los pol\u00edticos Veracruz<\/title>\n<meta name=\"robots\" content=\"index, follow, max-snippet:-1, max-image-preview:large, max-video-preview:-1\" \/>\n<link rel=\"canonical\" href=\"https:\/\/lospoliticosveracruz.com\/?p=93446\" \/>\n<meta property=\"og:locale\" content=\"es_ES\" \/>\n<meta property=\"og:type\" content=\"article\" \/>\n<meta property=\"og:title\" content=\"La Morena se ech\u00f3 a perder - Los pol\u00edticos Veracruz\" \/>\n<meta property=\"og:description\" content=\"Emilio C\u00e1rdenas EscobosaDe Inter\u00e9s P\u00fablico Los resultados de las jornadas de elecciones internas de Morena para elegir a sus consejeros estatales y nacionales del pasado fin de semana dejaron en claro varias cosas: Esta fuerza pol\u00edtica mostr\u00f3 que opera con las mismas armas y mecanismos con los que le hicieron trampa por d\u00e9cadas a los [&hellip;]\" \/>\n<meta property=\"og:url\" content=\"https:\/\/lospoliticosveracruz.com\/?p=93446\" \/>\n<meta property=\"og:site_name\" content=\"Los pol\u00edticos Veracruz\" \/>\n<meta property=\"article:publisher\" content=\"https:\/\/www.facebook.com\/people\/Notimemes-de-los-Polticos\/61565672886568\/\" \/>\n<meta property=\"article:published_time\" content=\"2022-08-04T00:38:31+00:00\" \/>\n<meta property=\"article:modified_time\" content=\"2022-08-04T00:38:39+00:00\" \/>\n<meta property=\"og:image\" content=\"https:\/\/lospoliticosveracruz.com.mx\/wp-content\/uploads\/2022\/05\/Seguro-Julio-Cerecedo.jpg\" \/>\n<meta name=\"author\" content=\"Lo viste en Los Pol\u00edticos\" \/>\n<meta name=\"twitter:card\" content=\"summary_large_image\" \/>\n<meta name=\"twitter:creator\" content=\"@LosPoliticosVer\" \/>\n<meta name=\"twitter:site\" content=\"@LosPoliticosVer\" \/>\n<meta name=\"twitter:label1\" content=\"Escrito por\" \/>\n\t<meta name=\"twitter:data1\" content=\"Lo viste en Los Pol\u00edticos\" \/>\n\t<meta name=\"twitter:label2\" content=\"Tiempo de lectura\" \/>\n\t<meta name=\"twitter:data2\" content=\"4 minutos\" \/>\n<script type=\"application\/ld+json\" class=\"yoast-schema-graph\">{\"@context\":\"https:\\\/\\\/schema.org\",\"@graph\":[{\"@type\":\"Article\",\"@id\":\"https:\\\/\\\/lospoliticosveracruz.com\\\/?p=93446#article\",\"isPartOf\":{\"@id\":\"https:\\\/\\\/lospoliticosveracruz.com\\\/?p=93446\"},\"author\":{\"name\":\"Lo viste en Los Pol\u00edticos\",\"@id\":\"https:\\\/\\\/lospoliticosveracruz.com\\\/#\\\/schema\\\/person\\\/b8702bb0e538456e6efd07080bf2a4a2\"},\"headline\":\"La Morena se ech\u00f3 a perder\",\"datePublished\":\"2022-08-04T00:38:31+00:00\",\"dateModified\":\"2022-08-04T00:38:39+00:00\",\"mainEntityOfPage\":{\"@id\":\"https:\\\/\\\/lospoliticosveracruz.com\\\/?p=93446\"},\"wordCount\":736,\"publisher\":{\"@id\":\"https:\\\/\\\/lospoliticosveracruz.com\\\/#organization\"},\"image\":{\"@id\":\"https:\\\/\\\/lospoliticosveracruz.com\\\/?p=93446#primaryimage\"},\"thumbnailUrl\":\"https:\\\/\\\/lospoliticosveracruz.com.mx\\\/wp-content\\\/uploads\\\/2022\\\/05\\\/Seguro-Julio-Cerecedo.jpg\",\"keywords\":[\"Andr\u00e9s Manuel L\u00f3pez Obrador\",\"Emilio C\u00e1rdenas Escobosa\",\"Ley Nahle\",\"Morena\",\"Ricardo Monreal\",\"Roc\u00edo Nahle\",\"Veracruz\"],\"articleSection\":[\"De Opini\u00f3n\"],\"inLanguage\":\"es\"},{\"@type\":\"WebPage\",\"@id\":\"https:\\\/\\\/lospoliticosveracruz.com\\\/?p=93446\",\"url\":\"https:\\\/\\\/lospoliticosveracruz.com\\\/?p=93446\",\"name\":\"La Morena se ech\u00f3 a perder - Los pol\u00edticos Veracruz\",\"isPartOf\":{\"@id\":\"https:\\\/\\\/lospoliticosveracruz.com\\\/#website\"},\"primaryImageOfPage\":{\"@id\":\"https:\\\/\\\/lospoliticosveracruz.com\\\/?p=93446#primaryimage\"},\"image\":{\"@id\":\"https:\\\/\\\/lospoliticosveracruz.com\\\/?p=93446#primaryimage\"},\"thumbnailUrl\":\"https:\\\/\\\/lospoliticosveracruz.com.mx\\\/wp-content\\\/uploads\\\/2022\\\/05\\\/Seguro-Julio-Cerecedo.jpg\",\"datePublished\":\"2022-08-04T00:38:31+00:00\",\"dateModified\":\"2022-08-04T00:38:39+00:00\",\"breadcrumb\":{\"@id\":\"https:\\\/\\\/lospoliticosveracruz.com\\\/?p=93446#breadcrumb\"},\"inLanguage\":\"es\",\"potentialAction\":[{\"@type\":\"ReadAction\",\"target\":[\"https:\\\/\\\/lospoliticosveracruz.com\\\/?p=93446\"]}]},{\"@type\":\"ImageObject\",\"inLanguage\":\"es\",\"@id\":\"https:\\\/\\\/lospoliticosveracruz.com\\\/?p=93446#primaryimage\",\"url\":\"https:\\\/\\\/lospoliticosveracruz.com.mx\\\/wp-content\\\/uploads\\\/2022\\\/05\\\/Seguro-Julio-Cerecedo.jpg\",\"contentUrl\":\"https:\\\/\\\/lospoliticosveracruz.com.mx\\\/wp-content\\\/uploads\\\/2022\\\/05\\\/Seguro-Julio-Cerecedo.jpg\"},{\"@type\":\"BreadcrumbList\",\"@id\":\"https:\\\/\\\/lospoliticosveracruz.com\\\/?p=93446#breadcrumb\",\"itemListElement\":[{\"@type\":\"ListItem\",\"position\":1,\"name\":\"Portada\",\"item\":\"https:\\\/\\\/lospoliticosveracruz.com\\\/\"},{\"@type\":\"ListItem\",\"position\":2,\"name\":\"La Morena se ech\u00f3 a perder\"}]},{\"@type\":\"WebSite\",\"@id\":\"https:\\\/\\\/lospoliticosveracruz.com\\\/#website\",\"url\":\"https:\\\/\\\/lospoliticosveracruz.com\\\/\",\"name\":\"Los pol\u00edticos Veracruz\",\"description\":\"\",\"publisher\":{\"@id\":\"https:\\\/\\\/lospoliticosveracruz.com\\\/#organization\"},\"potentialAction\":[{\"@type\":\"SearchAction\",\"target\":{\"@type\":\"EntryPoint\",\"urlTemplate\":\"https:\\\/\\\/lospoliticosveracruz.com\\\/?s={search_term_string}\"},\"query-input\":{\"@type\":\"PropertyValueSpecification\",\"valueRequired\":true,\"valueName\":\"search_term_string\"}}],\"inLanguage\":\"es\"},{\"@type\":\"Organization\",\"@id\":\"https:\\\/\\\/lospoliticosveracruz.com\\\/#organization\",\"name\":\"Los pol\u00edticos Veracruz\",\"url\":\"https:\\\/\\\/lospoliticosveracruz.com\\\/\",\"logo\":{\"@type\":\"ImageObject\",\"inLanguage\":\"es\",\"@id\":\"https:\\\/\\\/lospoliticosveracruz.com\\\/#\\\/schema\\\/logo\\\/image\\\/\",\"url\":\"https:\\\/\\\/lospoliticosveracruz.com\\\/wp-content\\\/uploads\\\/2025\\\/12\\\/Logo-Nuevo-LOS-POLITICOS-1.jpg\",\"contentUrl\":\"https:\\\/\\\/lospoliticosveracruz.com\\\/wp-content\\\/uploads\\\/2025\\\/12\\\/Logo-Nuevo-LOS-POLITICOS-1.jpg\",\"width\":260,\"height\":70,\"caption\":\"Los pol\u00edticos Veracruz\"},\"image\":{\"@id\":\"https:\\\/\\\/lospoliticosveracruz.com\\\/#\\\/schema\\\/logo\\\/image\\\/\"},\"sameAs\":[\"https:\\\/\\\/www.facebook.com\\\/people\\\/Notimemes-de-los-Polticos\\\/61565672886568\\\/\",\"https:\\\/\\\/x.com\\\/LosPoliticosVer\"]},{\"@type\":\"Person\",\"@id\":\"https:\\\/\\\/lospoliticosveracruz.com\\\/#\\\/schema\\\/person\\\/b8702bb0e538456e6efd07080bf2a4a2\",\"name\":\"Lo viste en Los Pol\u00edticos\",\"image\":{\"@type\":\"ImageObject\",\"inLanguage\":\"es\",\"@id\":\"https:\\\/\\\/secure.gravatar.com\\\/avatar\\\/3a8de04a2656d44082be478bd6c086daa447c4651605818287b9532d3d0bd435?s=96&d=mm&r=g\",\"url\":\"https:\\\/\\\/secure.gravatar.com\\\/avatar\\\/3a8de04a2656d44082be478bd6c086daa447c4651605818287b9532d3d0bd435?s=96&d=mm&r=g\",\"contentUrl\":\"https:\\\/\\\/secure.gravatar.com\\\/avatar\\\/3a8de04a2656d44082be478bd6c086daa447c4651605818287b9532d3d0bd435?s=96&d=mm&r=g\",\"caption\":\"Lo viste en Los Pol\u00edticos\"},\"url\":\"https:\\\/\\\/lospoliticosveracruz.com\\\/?author=2\"}]}<\/script>\n<!-- \/ Yoast SEO plugin. -->","yoast_head_json":{"title":"La Morena se ech\u00f3 a perder - Los pol\u00edticos Veracruz","robots":{"index":"index","follow":"follow","max-snippet":"max-snippet:-1","max-image-preview":"max-image-preview:large","max-video-preview":"max-video-preview:-1"},"canonical":"https:\/\/lospoliticosveracruz.com\/?p=93446","og_locale":"es_ES","og_type":"article","og_title":"La Morena se ech\u00f3 a perder - Los pol\u00edticos Veracruz","og_description":"Emilio C\u00e1rdenas EscobosaDe Inter\u00e9s P\u00fablico Los resultados de las jornadas de elecciones internas de Morena para elegir a sus consejeros estatales y nacionales del pasado fin de semana dejaron en claro varias cosas: Esta fuerza pol\u00edtica mostr\u00f3 que opera con las mismas armas y mecanismos con los que le hicieron trampa por d\u00e9cadas a los [&hellip;]","og_url":"https:\/\/lospoliticosveracruz.com\/?p=93446","og_site_name":"Los pol\u00edticos Veracruz","article_publisher":"https:\/\/www.facebook.com\/people\/Notimemes-de-los-Polticos\/61565672886568\/","article_published_time":"2022-08-04T00:38:31+00:00","article_modified_time":"2022-08-04T00:38:39+00:00","og_image":[{"url":"https:\/\/lospoliticosveracruz.com.mx\/wp-content\/uploads\/2022\/05\/Seguro-Julio-Cerecedo.jpg","type":"","width":"","height":""}],"author":"Lo viste en Los Pol\u00edticos","twitter_card":"summary_large_image","twitter_creator":"@LosPoliticosVer","twitter_site":"@LosPoliticosVer","twitter_misc":{"Escrito por":"Lo viste en Los Pol\u00edticos","Tiempo de lectura":"4 minutos"},"schema":{"@context":"https:\/\/schema.org","@graph":[{"@type":"Article","@id":"https:\/\/lospoliticosveracruz.com\/?p=93446#article","isPartOf":{"@id":"https:\/\/lospoliticosveracruz.com\/?p=93446"},"author":{"name":"Lo viste en Los Pol\u00edticos","@id":"https:\/\/lospoliticosveracruz.com\/#\/schema\/person\/b8702bb0e538456e6efd07080bf2a4a2"},"headline":"La Morena se ech\u00f3 a perder","datePublished":"2022-08-04T00:38:31+00:00","dateModified":"2022-08-04T00:38:39+00:00","mainEntityOfPage":{"@id":"https:\/\/lospoliticosveracruz.com\/?p=93446"},"wordCount":736,"publisher":{"@id":"https:\/\/lospoliticosveracruz.com\/#organization"},"image":{"@id":"https:\/\/lospoliticosveracruz.com\/?p=93446#primaryimage"},"thumbnailUrl":"https:\/\/lospoliticosveracruz.com.mx\/wp-content\/uploads\/2022\/05\/Seguro-Julio-Cerecedo.jpg","keywords":["Andr\u00e9s Manuel L\u00f3pez Obrador","Emilio C\u00e1rdenas Escobosa","Ley Nahle","Morena","Ricardo Monreal","Roc\u00edo Nahle","Veracruz"],"articleSection":["De Opini\u00f3n"],"inLanguage":"es"},{"@type":"WebPage","@id":"https:\/\/lospoliticosveracruz.com\/?p=93446","url":"https:\/\/lospoliticosveracruz.com\/?p=93446","name":"La Morena se ech\u00f3 a perder - Los pol\u00edticos Veracruz","isPartOf":{"@id":"https:\/\/lospoliticosveracruz.com\/#website"},"primaryImageOfPage":{"@id":"https:\/\/lospoliticosveracruz.com\/?p=93446#primaryimage"},"image":{"@id":"https:\/\/lospoliticosveracruz.com\/?p=93446#primaryimage"},"thumbnailUrl":"https:\/\/lospoliticosveracruz.com.mx\/wp-content\/uploads\/2022\/05\/Seguro-Julio-Cerecedo.jpg","datePublished":"2022-08-04T00:38:31+00:00","dateModified":"2022-08-04T00:38:39+00:00","breadcrumb":{"@id":"https:\/\/lospoliticosveracruz.com\/?p=93446#breadcrumb"},"inLanguage":"es","potentialAction":[{"@type":"ReadAction","target":["https:\/\/lospoliticosveracruz.com\/?p=93446"]}]},{"@type":"ImageObject","inLanguage":"es","@id":"https:\/\/lospoliticosveracruz.com\/?p=93446#primaryimage","url":"https:\/\/lospoliticosveracruz.com.mx\/wp-content\/uploads\/2022\/05\/Seguro-Julio-Cerecedo.jpg","contentUrl":"https:\/\/lospoliticosveracruz.com.mx\/wp-content\/uploads\/2022\/05\/Seguro-Julio-Cerecedo.jpg"},{"@type":"BreadcrumbList","@id":"https:\/\/lospoliticosveracruz.com\/?p=93446#breadcrumb","itemListElement":[{"@type":"ListItem","position":1,"name":"Portada","item":"https:\/\/lospoliticosveracruz.com\/"},{"@type":"ListItem","position":2,"name":"La Morena se ech\u00f3 a perder"}]},{"@type":"WebSite","@id":"https:\/\/lospoliticosveracruz.com\/#website","url":"https:\/\/lospoliticosveracruz.com\/","name":"Los pol\u00edticos Veracruz","description":"","publisher":{"@id":"https:\/\/lospoliticosveracruz.com\/#organization"},"potentialAction":[{"@type":"SearchAction","target":{"@type":"EntryPoint","urlTemplate":"https:\/\/lospoliticosveracruz.com\/?s={search_term_string}"},"query-input":{"@type":"PropertyValueSpecification","valueRequired":true,"valueName":"search_term_string"}}],"inLanguage":"es"},{"@type":"Organization","@id":"https:\/\/lospoliticosveracruz.com\/#organization","name":"Los pol\u00edticos Veracruz","url":"https:\/\/lospoliticosveracruz.com\/","logo":{"@type":"ImageObject","inLanguage":"es","@id":"https:\/\/lospoliticosveracruz.com\/#\/schema\/logo\/image\/","url":"https:\/\/lospoliticosveracruz.com\/wp-content\/uploads\/2025\/12\/Logo-Nuevo-LOS-POLITICOS-1.jpg","contentUrl":"https:\/\/lospoliticosveracruz.com\/wp-content\/uploads\/2025\/12\/Logo-Nuevo-LOS-POLITICOS-1.jpg","width":260,"height":70,"caption":"Los pol\u00edticos Veracruz"},"image":{"@id":"https:\/\/lospoliticosveracruz.com\/#\/schema\/logo\/image\/"},"sameAs":["https:\/\/www.facebook.com\/people\/Notimemes-de-los-Polticos\/61565672886568\/","https:\/\/x.com\/LosPoliticosVer"]},{"@type":"Person","@id":"https:\/\/lospoliticosveracruz.com\/#\/schema\/person\/b8702bb0e538456e6efd07080bf2a4a2","name":"Lo viste en Los Pol\u00edticos","image":{"@type":"ImageObject","inLanguage":"es","@id":"https:\/\/secure.gravatar.com\/avatar\/3a8de04a2656d44082be478bd6c086daa447c4651605818287b9532d3d0bd435?s=96&d=mm&r=g","url":"https:\/\/secure.gravatar.com\/avatar\/3a8de04a2656d44082be478bd6c086daa447c4651605818287b9532d3d0bd435?s=96&d=mm&r=g","contentUrl":"https:\/\/secure.gravatar.com\/avatar\/3a8de04a2656d44082be478bd6c086daa447c4651605818287b9532d3d0bd435?s=96&d=mm&r=g","caption":"Lo viste en Los Pol\u00edticos"},"url":"https:\/\/lospoliticosveracruz.com\/?author=2"}]}},"_links":{"self":[{"href":"https:\/\/lospoliticosveracruz.com\/index.php?rest_route=\/wp\/v2\/posts\/93446","targetHints":{"allow":["GET"]}}],"collection":[{"href":"https:\/\/lospoliticosveracruz.com\/index.php?rest_route=\/wp\/v2\/posts"}],"about":[{"href":"https:\/\/lospoliticosveracruz.com\/index.php?rest_route=\/wp\/v2\/types\/post"}],"author":[{"embeddable":true,"href":"https:\/\/lospoliticosveracruz.com\/index.php?rest_route=\/wp\/v2\/users\/2"}],"replies":[{"embeddable":true,"href":"https:\/\/lospoliticosveracruz.com\/index.php?rest_route=%2Fwp%2Fv2%2Fcomments&post=93446"}],"version-history":[{"count":1,"href":"https:\/\/lospoliticosveracruz.com\/index.php?rest_route=\/wp\/v2\/posts\/93446\/revisions"}],"predecessor-version":[{"id":93447,"href":"https:\/\/lospoliticosveracruz.com\/index.php?rest_route=\/wp\/v2\/posts\/93446\/revisions\/93447"}],"wp:attachment":[{"href":"https:\/\/lospoliticosveracruz.com\/index.php?rest_route=%2Fwp%2Fv2%2Fmedia&parent=93446"}],"wp:term":[{"taxonomy":"category","embeddable":true,"href":"https:\/\/lospoliticosveracruz.com\/index.php?rest_route=%2Fwp%2Fv2%2Fcategories&post=93446"},{"taxonomy":"post_tag","embeddable":true,"href":"https:\/\/lospoliticosveracruz.com\/index.php?rest_route=%2Fwp%2Fv2%2Ftags&post=93446"}],"curies":[{"name":"wp","href":"https:\/\/api.w.org\/{rel}","templated":true}]}}