{"id":93513,"date":"2022-08-05T07:25:20","date_gmt":"2022-08-05T12:25:20","guid":{"rendered":"https:\/\/lospoliticosveracruz.com.mx\/?p=93513"},"modified":"2022-08-05T07:25:27","modified_gmt":"2022-08-05T12:25:27","slug":"beatriz-paredes-sorprende-a-todos","status":"publish","type":"post","link":"https:\/\/lospoliticosveracruz.com\/?p=93513","title":{"rendered":"Beatriz Paredes sorprende a todos"},"content":{"rendered":"\n<p><\/p>\n\n\n\n<p><br><strong>Bernardo Guti\u00e9rrez Parra<\/strong><br><em>Desde el Caf\u00e9<\/em><\/p>\n\n\n\n<p>Mientras en Morena ya tienen candidatos a la presidencia de la Rep\u00fablica, en la oposici\u00f3n nom\u00e1s nadie se mueve; est\u00e1n entre pasmados y aletargados. Y cuando se mueven como en el caso de Ricardo Anaya, los paran en seco con una orden de presentaci\u00f3n o dan a conocer audios comprometedores como los que traen asoleado a Alito Moreno.<\/p>\n\n\n\n<div class=\"wp-block-image\"><figure class=\"alignleft size-medium\"><a href=\"https:\/\/lospoliticosveracruz.com.mx\/wp-content\/uploads\/2021\/10\/Zacauilt.jpg\"><img decoding=\"async\" src=\"https:\/\/lospoliticosveracruz.com.mx\/wp-content\/uploads\/2021\/10\/Zacauilt-150x300.jpg\" alt=\"\" class=\"wp-image-80558\"\/><\/a><\/figure><\/div>\n\n\n\n<p>Pero este jueves el pasmo se rompi\u00f3 cuando la se\u00f1ora Beatriz Paredes Rangel, levant\u00f3 la mano y dijo que aspira a ser candidata a la presidencia de la Rep\u00fablica por una alianza fuerte que abarquen el PRI, PAN y PRD y a la que podr\u00eda sumarse MC.<\/p>\n\n\n\n<p>De 68 a\u00f1os de edad Beatriz le dijo a la periodista Martha Anaya que tiene \u201cpasi\u00f3n y emoci\u00f3n\u201d por abanderar a la oposici\u00f3n rumbo al 2024.<\/p>\n\n\n\n<p>Si la memoria no me falla, Beatriz es junto con Porfirio Mu\u00f1oz Ledo, los \u00fanicos pol\u00edticos en activo que provienen del echeverriato. A los 17 a\u00f1os, la entonces joven preparatoriana acompa\u00f1\u00f3 al candidato del PRI Luis Echeverr\u00eda en su gira por Tlaxcala. Y de ah\u00ed pal real.<\/p>\n\n\n\n<p>En el largo camino que lleva recorrido ha sido presidenta del PRI, gobernadora de su natal Tlaxcala, presidenta de la C\u00e1mara de Diputados, dirigente de la CNC, embajadora en Brasil y actualmente es senadora de la Rep\u00fablica.<\/p>\n\n\n\n<p>Si hace unas semanas dije que Margarita Zavala era (hasta ese momento), la \u00fanica pol\u00edtica con peso suficiente para hacerle frente al candidato o candidata de Morena, y agregu\u00e9 que su \u00fanico problema es que porta esposo prohibido (para L\u00f3pez Obrador), pienso que la propia Margarita ser\u00eda una gran aliada de Beatriz si \u00e9sta resulta candidata.<\/p>\n\n\n\n<p>\u00bfQu\u00e9 tiene la oposici\u00f3n para hacerle frente a Morena? Por el lado del PAN a un disminuido y quemado Ricardo Anaya; por el lado del PRI a Enrique de la Madrid, Alito Moreno, Miguel \u00c1ngel Osorio Chong y p\u00e1rale de contar, lector. El PRD no tiene a nadie y es muy probable que Movimiento Ciudadano presente a Luis Donaldo Colosio Riojas como su propuesta.<\/p>\n\n\n\n<p>Como se puede observar, la caballada no s\u00f3lo est\u00e1 an\u00e9mica sino preocupantemente fam\u00e9lica.<\/p>\n\n\n\n<p>El hecho de que la se\u00f1ora haya levantado la mano sac\u00f3 de su modorra a la clase pol\u00edtica, va a preocupar en Palacio Nacional e hizo que los priistas voltearan a verla antes de exclamar: \u201c\u00a1Beatriz Paredes! \u00bfc\u00f3mo es que no la vimos antes?\u201d<\/p>\n\n\n\n<p>Por lo pronto do\u00f1a Beatriz va a hacer ruido, mucho ruido, tanto como los truenos que se escuchan en los campos de cebada de Tlaxcala.<\/p>\n\n\n\n<p><strong>No nos gust\u00f3 el modito: Marlon<\/strong><\/p>\n\n\n\n<p>El l\u00edder estatal del PRI Marlon Ram\u00edrez Mar\u00edn, dijo en relaci\u00f3n a la llamada Ley Nahle que fue propuesta y votada fast track el pasado martes. \u201cEl modito es el que no gusta, la forma en la que se hacen las cosas. Yo creo que era completamente innecesario (votar los cambios a la ley), pero cada quien tiene sus modos, su manera. Nosotros somos de maneras distintas, ellos son de otra connotaci\u00f3n\u201d.<\/p>\n\n\n\n<p>En conferencia de prensa el tambi\u00e9n diputado local agreg\u00f3: \u00abNos parece que no est\u00e1 del todo bien que se hagan las reformas tan de manera expresa, que se hagan las cosas como trajes a la medida. Nos parece que la reforma constitucional debi\u00f3 haber contenido otros ingredientes, otros elementos. Parece que se perdi\u00f3 la oportunidad de poder discutir una reforma de mayor calado\u2026 Si la ley hubiera sido dise\u00f1ada con una mayor pulcritud, quiz\u00e1 no tendr\u00edamos nada qu\u00e9 criticar; la realidad es que esta reforma la hicieron con una dedicatoria espec\u00edfica para una persona\u201d, expres\u00f3 el dirigente tricolor.<\/p>\n\n\n\n<p>bernardogup@hotmail.com<\/p>\n","protected":false},"excerpt":{"rendered":"<p>Bernardo Guti\u00e9rrez ParraDesde el Caf\u00e9 Mientras en Morena ya tienen candidatos a la presidencia de la Rep\u00fablica, en la oposici\u00f3n nom\u00e1s nadie se mueve; est\u00e1n entre pasmados y aletargados. Y cuando se mueven como en el caso de Ricardo Anaya, los paran en seco con una orden de presentaci\u00f3n o dan a conocer audios comprometedores [&hellip;]<\/p>\n","protected":false},"author":2,"featured_media":0,"comment_status":"closed","ping_status":"closed","sticky":false,"template":"","format":"standard","meta":{"tdm_status":"","tdm_grid_status":"","footnotes":""},"categories":[70],"tags":[24359,618,1375,34206,12909,34359,1441,2908,445,1026,1025,251,2850],"class_list":{"0":"post-93513","1":"post","2":"type-post","3":"status-publish","4":"format-standard","6":"category-de-opinion","7":"tag-alito-moreno","8":"tag-andres-manuel-lopez-obrador","9":"tag-beatriz-paredes-rangel","10":"tag-bernardo-gutierrez-parra","11":"tag-enrique-de-la-madrid","12":"tag-ley-nahle","13":"tag-margarita-zavala","14":"tag-marlon-ramirez-marin","15":"tag-miguel-angel-osorio-chong","16":"tag-morena","17":"tag-porfirio-munoz-ledo","18":"tag-pri","19":"tag-ricardo-anaya"},"yoast_head":"<!-- This site is optimized with the Yoast SEO plugin v27.4 - https:\/\/yoast.com\/product\/yoast-seo-wordpress\/ -->\n<title>Beatriz Paredes sorprende a todos - Los pol\u00edticos Veracruz<\/title>\n<meta name=\"robots\" content=\"index, follow, max-snippet:-1, max-image-preview:large, max-video-preview:-1\" \/>\n<link rel=\"canonical\" href=\"https:\/\/lospoliticosveracruz.com\/?p=93513\" \/>\n<meta property=\"og:locale\" content=\"es_ES\" \/>\n<meta property=\"og:type\" content=\"article\" \/>\n<meta property=\"og:title\" content=\"Beatriz Paredes sorprende a todos - Los pol\u00edticos Veracruz\" \/>\n<meta property=\"og:description\" content=\"Bernardo Guti\u00e9rrez ParraDesde el Caf\u00e9 Mientras en Morena ya tienen candidatos a la presidencia de la Rep\u00fablica, en la oposici\u00f3n nom\u00e1s nadie se mueve; est\u00e1n entre pasmados y aletargados. Y cuando se mueven como en el caso de Ricardo Anaya, los paran en seco con una orden de presentaci\u00f3n o dan a conocer audios comprometedores [&hellip;]\" \/>\n<meta property=\"og:url\" content=\"https:\/\/lospoliticosveracruz.com\/?p=93513\" \/>\n<meta property=\"og:site_name\" content=\"Los pol\u00edticos Veracruz\" \/>\n<meta property=\"article:publisher\" content=\"https:\/\/www.facebook.com\/people\/Notimemes-de-los-Polticos\/61565672886568\/\" \/>\n<meta property=\"article:published_time\" content=\"2022-08-05T12:25:20+00:00\" \/>\n<meta property=\"article:modified_time\" content=\"2022-08-05T12:25:27+00:00\" \/>\n<meta property=\"og:image\" content=\"https:\/\/lospoliticosveracruz.com.mx\/wp-content\/uploads\/2021\/10\/Zacauilt-150x300.jpg\" \/>\n<meta name=\"author\" content=\"Lo viste en Los Pol\u00edticos\" \/>\n<meta name=\"twitter:card\" content=\"summary_large_image\" \/>\n<meta name=\"twitter:creator\" content=\"@LosPoliticosVer\" \/>\n<meta name=\"twitter:site\" content=\"@LosPoliticosVer\" \/>\n<meta name=\"twitter:label1\" content=\"Escrito por\" \/>\n\t<meta name=\"twitter:data1\" content=\"Lo viste en Los Pol\u00edticos\" \/>\n\t<meta name=\"twitter:label2\" content=\"Tiempo de lectura\" \/>\n\t<meta name=\"twitter:data2\" content=\"3 minutos\" \/>\n<script type=\"application\/ld+json\" class=\"yoast-schema-graph\">{\"@context\":\"https:\\\/\\\/schema.org\",\"@graph\":[{\"@type\":\"Article\",\"@id\":\"https:\\\/\\\/lospoliticosveracruz.com\\\/?p=93513#article\",\"isPartOf\":{\"@id\":\"https:\\\/\\\/lospoliticosveracruz.com\\\/?p=93513\"},\"author\":{\"name\":\"Lo viste en Los Pol\u00edticos\",\"@id\":\"https:\\\/\\\/lospoliticosveracruz.com\\\/#\\\/schema\\\/person\\\/b8702bb0e538456e6efd07080bf2a4a2\"},\"headline\":\"Beatriz Paredes sorprende a todos\",\"datePublished\":\"2022-08-05T12:25:20+00:00\",\"dateModified\":\"2022-08-05T12:25:27+00:00\",\"mainEntityOfPage\":{\"@id\":\"https:\\\/\\\/lospoliticosveracruz.com\\\/?p=93513\"},\"wordCount\":644,\"publisher\":{\"@id\":\"https:\\\/\\\/lospoliticosveracruz.com\\\/#organization\"},\"image\":{\"@id\":\"https:\\\/\\\/lospoliticosveracruz.com\\\/?p=93513#primaryimage\"},\"thumbnailUrl\":\"https:\\\/\\\/lospoliticosveracruz.com.mx\\\/wp-content\\\/uploads\\\/2021\\\/10\\\/Zacauilt-150x300.jpg\",\"keywords\":[\"Alito Moreno\",\"Andr\u00e9s Manuel L\u00f3pez Obrador\",\"Beatriz Paredes Rangel\",\"Bernardo Guti\u00e9rrez Parra\",\"Enrique de la Madrid\",\"Ley Nahle\",\"Margarita Zavala\",\"Marlon Ram\u00edrez Mar\u00edn\",\"Miguel \u00c1ngel Osorio Chong\",\"Morena\",\"Porfirio Mu\u00f1oz Ledo\",\"PRI\",\"Ricardo Anaya\"],\"articleSection\":[\"De Opini\u00f3n\"],\"inLanguage\":\"es\"},{\"@type\":\"WebPage\",\"@id\":\"https:\\\/\\\/lospoliticosveracruz.com\\\/?p=93513\",\"url\":\"https:\\\/\\\/lospoliticosveracruz.com\\\/?p=93513\",\"name\":\"Beatriz Paredes sorprende a todos - Los pol\u00edticos Veracruz\",\"isPartOf\":{\"@id\":\"https:\\\/\\\/lospoliticosveracruz.com\\\/#website\"},\"primaryImageOfPage\":{\"@id\":\"https:\\\/\\\/lospoliticosveracruz.com\\\/?p=93513#primaryimage\"},\"image\":{\"@id\":\"https:\\\/\\\/lospoliticosveracruz.com\\\/?p=93513#primaryimage\"},\"thumbnailUrl\":\"https:\\\/\\\/lospoliticosveracruz.com.mx\\\/wp-content\\\/uploads\\\/2021\\\/10\\\/Zacauilt-150x300.jpg\",\"datePublished\":\"2022-08-05T12:25:20+00:00\",\"dateModified\":\"2022-08-05T12:25:27+00:00\",\"breadcrumb\":{\"@id\":\"https:\\\/\\\/lospoliticosveracruz.com\\\/?p=93513#breadcrumb\"},\"inLanguage\":\"es\",\"potentialAction\":[{\"@type\":\"ReadAction\",\"target\":[\"https:\\\/\\\/lospoliticosveracruz.com\\\/?p=93513\"]}]},{\"@type\":\"ImageObject\",\"inLanguage\":\"es\",\"@id\":\"https:\\\/\\\/lospoliticosveracruz.com\\\/?p=93513#primaryimage\",\"url\":\"https:\\\/\\\/lospoliticosveracruz.com.mx\\\/wp-content\\\/uploads\\\/2021\\\/10\\\/Zacauilt-150x300.jpg\",\"contentUrl\":\"https:\\\/\\\/lospoliticosveracruz.com.mx\\\/wp-content\\\/uploads\\\/2021\\\/10\\\/Zacauilt-150x300.jpg\"},{\"@type\":\"BreadcrumbList\",\"@id\":\"https:\\\/\\\/lospoliticosveracruz.com\\\/?p=93513#breadcrumb\",\"itemListElement\":[{\"@type\":\"ListItem\",\"position\":1,\"name\":\"Portada\",\"item\":\"https:\\\/\\\/lospoliticosveracruz.com\\\/\"},{\"@type\":\"ListItem\",\"position\":2,\"name\":\"Beatriz Paredes sorprende a todos\"}]},{\"@type\":\"WebSite\",\"@id\":\"https:\\\/\\\/lospoliticosveracruz.com\\\/#website\",\"url\":\"https:\\\/\\\/lospoliticosveracruz.com\\\/\",\"name\":\"Los pol\u00edticos Veracruz\",\"description\":\"\",\"publisher\":{\"@id\":\"https:\\\/\\\/lospoliticosveracruz.com\\\/#organization\"},\"potentialAction\":[{\"@type\":\"SearchAction\",\"target\":{\"@type\":\"EntryPoint\",\"urlTemplate\":\"https:\\\/\\\/lospoliticosveracruz.com\\\/?s={search_term_string}\"},\"query-input\":{\"@type\":\"PropertyValueSpecification\",\"valueRequired\":true,\"valueName\":\"search_term_string\"}}],\"inLanguage\":\"es\"},{\"@type\":\"Organization\",\"@id\":\"https:\\\/\\\/lospoliticosveracruz.com\\\/#organization\",\"name\":\"Los pol\u00edticos Veracruz\",\"url\":\"https:\\\/\\\/lospoliticosveracruz.com\\\/\",\"logo\":{\"@type\":\"ImageObject\",\"inLanguage\":\"es\",\"@id\":\"https:\\\/\\\/lospoliticosveracruz.com\\\/#\\\/schema\\\/logo\\\/image\\\/\",\"url\":\"https:\\\/\\\/lospoliticosveracruz.com\\\/wp-content\\\/uploads\\\/2025\\\/12\\\/Logo-Nuevo-LOS-POLITICOS-1.jpg\",\"contentUrl\":\"https:\\\/\\\/lospoliticosveracruz.com\\\/wp-content\\\/uploads\\\/2025\\\/12\\\/Logo-Nuevo-LOS-POLITICOS-1.jpg\",\"width\":260,\"height\":70,\"caption\":\"Los pol\u00edticos Veracruz\"},\"image\":{\"@id\":\"https:\\\/\\\/lospoliticosveracruz.com\\\/#\\\/schema\\\/logo\\\/image\\\/\"},\"sameAs\":[\"https:\\\/\\\/www.facebook.com\\\/people\\\/Notimemes-de-los-Polticos\\\/61565672886568\\\/\",\"https:\\\/\\\/x.com\\\/LosPoliticosVer\"]},{\"@type\":\"Person\",\"@id\":\"https:\\\/\\\/lospoliticosveracruz.com\\\/#\\\/schema\\\/person\\\/b8702bb0e538456e6efd07080bf2a4a2\",\"name\":\"Lo viste en Los Pol\u00edticos\",\"image\":{\"@type\":\"ImageObject\",\"inLanguage\":\"es\",\"@id\":\"https:\\\/\\\/secure.gravatar.com\\\/avatar\\\/3a8de04a2656d44082be478bd6c086daa447c4651605818287b9532d3d0bd435?s=96&d=mm&r=g\",\"url\":\"https:\\\/\\\/secure.gravatar.com\\\/avatar\\\/3a8de04a2656d44082be478bd6c086daa447c4651605818287b9532d3d0bd435?s=96&d=mm&r=g\",\"contentUrl\":\"https:\\\/\\\/secure.gravatar.com\\\/avatar\\\/3a8de04a2656d44082be478bd6c086daa447c4651605818287b9532d3d0bd435?s=96&d=mm&r=g\",\"caption\":\"Lo viste en Los Pol\u00edticos\"},\"url\":\"https:\\\/\\\/lospoliticosveracruz.com\\\/?author=2\"}]}<\/script>\n<!-- \/ Yoast SEO plugin. -->","yoast_head_json":{"title":"Beatriz Paredes sorprende a todos - Los pol\u00edticos Veracruz","robots":{"index":"index","follow":"follow","max-snippet":"max-snippet:-1","max-image-preview":"max-image-preview:large","max-video-preview":"max-video-preview:-1"},"canonical":"https:\/\/lospoliticosveracruz.com\/?p=93513","og_locale":"es_ES","og_type":"article","og_title":"Beatriz Paredes sorprende a todos - Los pol\u00edticos Veracruz","og_description":"Bernardo Guti\u00e9rrez ParraDesde el Caf\u00e9 Mientras en Morena ya tienen candidatos a la presidencia de la Rep\u00fablica, en la oposici\u00f3n nom\u00e1s nadie se mueve; est\u00e1n entre pasmados y aletargados. Y cuando se mueven como en el caso de Ricardo Anaya, los paran en seco con una orden de presentaci\u00f3n o dan a conocer audios comprometedores [&hellip;]","og_url":"https:\/\/lospoliticosveracruz.com\/?p=93513","og_site_name":"Los pol\u00edticos Veracruz","article_publisher":"https:\/\/www.facebook.com\/people\/Notimemes-de-los-Polticos\/61565672886568\/","article_published_time":"2022-08-05T12:25:20+00:00","article_modified_time":"2022-08-05T12:25:27+00:00","og_image":[{"url":"https:\/\/lospoliticosveracruz.com.mx\/wp-content\/uploads\/2021\/10\/Zacauilt-150x300.jpg","type":"","width":"","height":""}],"author":"Lo viste en Los Pol\u00edticos","twitter_card":"summary_large_image","twitter_creator":"@LosPoliticosVer","twitter_site":"@LosPoliticosVer","twitter_misc":{"Escrito por":"Lo viste en Los Pol\u00edticos","Tiempo de lectura":"3 minutos"},"schema":{"@context":"https:\/\/schema.org","@graph":[{"@type":"Article","@id":"https:\/\/lospoliticosveracruz.com\/?p=93513#article","isPartOf":{"@id":"https:\/\/lospoliticosveracruz.com\/?p=93513"},"author":{"name":"Lo viste en Los Pol\u00edticos","@id":"https:\/\/lospoliticosveracruz.com\/#\/schema\/person\/b8702bb0e538456e6efd07080bf2a4a2"},"headline":"Beatriz Paredes sorprende a todos","datePublished":"2022-08-05T12:25:20+00:00","dateModified":"2022-08-05T12:25:27+00:00","mainEntityOfPage":{"@id":"https:\/\/lospoliticosveracruz.com\/?p=93513"},"wordCount":644,"publisher":{"@id":"https:\/\/lospoliticosveracruz.com\/#organization"},"image":{"@id":"https:\/\/lospoliticosveracruz.com\/?p=93513#primaryimage"},"thumbnailUrl":"https:\/\/lospoliticosveracruz.com.mx\/wp-content\/uploads\/2021\/10\/Zacauilt-150x300.jpg","keywords":["Alito Moreno","Andr\u00e9s Manuel L\u00f3pez Obrador","Beatriz Paredes Rangel","Bernardo Guti\u00e9rrez Parra","Enrique de la Madrid","Ley Nahle","Margarita Zavala","Marlon Ram\u00edrez Mar\u00edn","Miguel \u00c1ngel Osorio Chong","Morena","Porfirio Mu\u00f1oz Ledo","PRI","Ricardo Anaya"],"articleSection":["De Opini\u00f3n"],"inLanguage":"es"},{"@type":"WebPage","@id":"https:\/\/lospoliticosveracruz.com\/?p=93513","url":"https:\/\/lospoliticosveracruz.com\/?p=93513","name":"Beatriz Paredes sorprende a todos - Los pol\u00edticos Veracruz","isPartOf":{"@id":"https:\/\/lospoliticosveracruz.com\/#website"},"primaryImageOfPage":{"@id":"https:\/\/lospoliticosveracruz.com\/?p=93513#primaryimage"},"image":{"@id":"https:\/\/lospoliticosveracruz.com\/?p=93513#primaryimage"},"thumbnailUrl":"https:\/\/lospoliticosveracruz.com.mx\/wp-content\/uploads\/2021\/10\/Zacauilt-150x300.jpg","datePublished":"2022-08-05T12:25:20+00:00","dateModified":"2022-08-05T12:25:27+00:00","breadcrumb":{"@id":"https:\/\/lospoliticosveracruz.com\/?p=93513#breadcrumb"},"inLanguage":"es","potentialAction":[{"@type":"ReadAction","target":["https:\/\/lospoliticosveracruz.com\/?p=93513"]}]},{"@type":"ImageObject","inLanguage":"es","@id":"https:\/\/lospoliticosveracruz.com\/?p=93513#primaryimage","url":"https:\/\/lospoliticosveracruz.com.mx\/wp-content\/uploads\/2021\/10\/Zacauilt-150x300.jpg","contentUrl":"https:\/\/lospoliticosveracruz.com.mx\/wp-content\/uploads\/2021\/10\/Zacauilt-150x300.jpg"},{"@type":"BreadcrumbList","@id":"https:\/\/lospoliticosveracruz.com\/?p=93513#breadcrumb","itemListElement":[{"@type":"ListItem","position":1,"name":"Portada","item":"https:\/\/lospoliticosveracruz.com\/"},{"@type":"ListItem","position":2,"name":"Beatriz Paredes sorprende a todos"}]},{"@type":"WebSite","@id":"https:\/\/lospoliticosveracruz.com\/#website","url":"https:\/\/lospoliticosveracruz.com\/","name":"Los pol\u00edticos Veracruz","description":"","publisher":{"@id":"https:\/\/lospoliticosveracruz.com\/#organization"},"potentialAction":[{"@type":"SearchAction","target":{"@type":"EntryPoint","urlTemplate":"https:\/\/lospoliticosveracruz.com\/?s={search_term_string}"},"query-input":{"@type":"PropertyValueSpecification","valueRequired":true,"valueName":"search_term_string"}}],"inLanguage":"es"},{"@type":"Organization","@id":"https:\/\/lospoliticosveracruz.com\/#organization","name":"Los pol\u00edticos Veracruz","url":"https:\/\/lospoliticosveracruz.com\/","logo":{"@type":"ImageObject","inLanguage":"es","@id":"https:\/\/lospoliticosveracruz.com\/#\/schema\/logo\/image\/","url":"https:\/\/lospoliticosveracruz.com\/wp-content\/uploads\/2025\/12\/Logo-Nuevo-LOS-POLITICOS-1.jpg","contentUrl":"https:\/\/lospoliticosveracruz.com\/wp-content\/uploads\/2025\/12\/Logo-Nuevo-LOS-POLITICOS-1.jpg","width":260,"height":70,"caption":"Los pol\u00edticos Veracruz"},"image":{"@id":"https:\/\/lospoliticosveracruz.com\/#\/schema\/logo\/image\/"},"sameAs":["https:\/\/www.facebook.com\/people\/Notimemes-de-los-Polticos\/61565672886568\/","https:\/\/x.com\/LosPoliticosVer"]},{"@type":"Person","@id":"https:\/\/lospoliticosveracruz.com\/#\/schema\/person\/b8702bb0e538456e6efd07080bf2a4a2","name":"Lo viste en Los Pol\u00edticos","image":{"@type":"ImageObject","inLanguage":"es","@id":"https:\/\/secure.gravatar.com\/avatar\/3a8de04a2656d44082be478bd6c086daa447c4651605818287b9532d3d0bd435?s=96&d=mm&r=g","url":"https:\/\/secure.gravatar.com\/avatar\/3a8de04a2656d44082be478bd6c086daa447c4651605818287b9532d3d0bd435?s=96&d=mm&r=g","contentUrl":"https:\/\/secure.gravatar.com\/avatar\/3a8de04a2656d44082be478bd6c086daa447c4651605818287b9532d3d0bd435?s=96&d=mm&r=g","caption":"Lo viste en Los Pol\u00edticos"},"url":"https:\/\/lospoliticosveracruz.com\/?author=2"}]}},"_links":{"self":[{"href":"https:\/\/lospoliticosveracruz.com\/index.php?rest_route=\/wp\/v2\/posts\/93513","targetHints":{"allow":["GET"]}}],"collection":[{"href":"https:\/\/lospoliticosveracruz.com\/index.php?rest_route=\/wp\/v2\/posts"}],"about":[{"href":"https:\/\/lospoliticosveracruz.com\/index.php?rest_route=\/wp\/v2\/types\/post"}],"author":[{"embeddable":true,"href":"https:\/\/lospoliticosveracruz.com\/index.php?rest_route=\/wp\/v2\/users\/2"}],"replies":[{"embeddable":true,"href":"https:\/\/lospoliticosveracruz.com\/index.php?rest_route=%2Fwp%2Fv2%2Fcomments&post=93513"}],"version-history":[{"count":1,"href":"https:\/\/lospoliticosveracruz.com\/index.php?rest_route=\/wp\/v2\/posts\/93513\/revisions"}],"predecessor-version":[{"id":93518,"href":"https:\/\/lospoliticosveracruz.com\/index.php?rest_route=\/wp\/v2\/posts\/93513\/revisions\/93518"}],"wp:attachment":[{"href":"https:\/\/lospoliticosveracruz.com\/index.php?rest_route=%2Fwp%2Fv2%2Fmedia&parent=93513"}],"wp:term":[{"taxonomy":"category","embeddable":true,"href":"https:\/\/lospoliticosveracruz.com\/index.php?rest_route=%2Fwp%2Fv2%2Fcategories&post=93513"},{"taxonomy":"post_tag","embeddable":true,"href":"https:\/\/lospoliticosveracruz.com\/index.php?rest_route=%2Fwp%2Fv2%2Ftags&post=93513"}],"curies":[{"name":"wp","href":"https:\/\/api.w.org\/{rel}","templated":true}]}}