{"id":93633,"date":"2022-08-08T08:33:27","date_gmt":"2022-08-08T13:33:27","guid":{"rendered":"https:\/\/lospoliticosveracruz.com.mx\/?p=93633"},"modified":"2022-08-08T08:33:34","modified_gmt":"2022-08-08T13:33:34","slug":"sheinbaum-adan-y-cuic","status":"publish","type":"post","link":"https:\/\/lospoliticosveracruz.com\/?p=93633","title":{"rendered":"Sheinbaum, Ad\u00e1n y Cuic"},"content":{"rendered":"\n<p><strong>Ricardo Ch\u00faa<\/strong><br><em>Sale y Vale<\/em><\/p>\n\n\n\n<p>Despu\u00e9s de la visita de la Jefa de Gobierno de CDMX, Claudia Sheinbaum a Xalapa, que aunque diga que no se anda promocionando sino que es gira de trabajo\u2026 Se sabe que en Veracruz habr\u00e1n m\u00e1s eventos para seguir se\u00f1alando que los \u00abMorenos\u00bb de Palacio de Gobierno, se la \u00abjuegan\u00bb con ella para la Presidencia en 2024\u2026 Pero esta situaci\u00f3n dej\u00f3 m\u00e1s dudas que certezas a Cuitl\u00e1huac Garc\u00eda\u2026 Sobre todo porque el pr\u00f3ximo domingo viene Ad\u00e1n Augusto L\u00f3pez<\/p>\n\n\n\n<p>\u00abGarganta Profunda\u00bb cuenta que esta visita de Claudia a Xalapa, sus asesores del viejo edificio del antiguo Ayuntamiento de CDMX\u2026. Ya la hab\u00eda cancelado dos veces\u2026 Ya que seg\u00fan cuenta la cercan\u00eda de Cuitl\u00e1huac, no era bien vista por veracruzanos que colaboran de cerca con Sheinbaum\u2026 Es m\u00e1s, dicen que est\u00e1 visita, apenas la programaron el pasado jueves\u2026 Por eso, el gobernador de Veracruz NO SUPO qu\u00e9 hacer m\u00e1s que juntarle a los suyos\u2026 \u00bfAcaso hab\u00eda alguien m\u00e1s?\u2026<\/p>\n\n\n\n<p>El propio \u00abGarganta Profunda\u00bb hasta se\u00f1alan que dentro del comit\u00e9 nacional de MORENA\u2026 Cuando pasaron el reporte de la visita de la Jefa de Gobierno capitalina a Palacio de Gobierno en Xalapa\u2026 Les pareci\u00f3 m\u00e1s que interesante la ausencia del delegado del gobierno federal en Veracruz, Manuel Huerta.. De la senadora Gloria Sanchez, de los diputados federales\u2026 El \u00abfr\u00edo\u00bb a Eric Cisneros Burgos e incluso la ausencia de Roc\u00edo Nahle\u2026. \u00bfSer\u00e1 que los de CDMX tienen otros candidatos? o no conf\u00edan en el \u00abojo cl\u00ednico\u00bb de Cuitlahuac\u2026.<\/p>\n\n\n\n<p>Al final de cuentas, se puede decir que de esta visita de Claudia a Veracruz\u2026 S\u00f3lo fueron a rendirle \u00abpleites\u00eda\u00bb a los que les puede descontar el d\u00eda el gobierno estatal\u2026 Cuitl\u00e1huac le quiso dar a esta visita una connotaci\u00f3n feminista en el Estado con el mayor n\u00famero de feminic\u00eddios en la administraci\u00f3n de L\u00f3pez Obrador\u2026 Y la hizo posar en fotos con el pap\u00e1 de un ex funcionario de SEFIPLAN se\u00f1alado presuntamente de acoso sexual\u2026 Porque por eso lo separaron del cargo, sino lo hubiesen dejado\u2026 Ese fue el saldo de esta \u00abgira de trabajo\u00bb\u2026<\/p>\n\n\n\n<p>Pero bueno esta presencia de Sheinbaum en Xalapa\u2026 Deja claro que en Veracruz\u2026. Manuel Huerta va a \u00abjalar\u00bb con Marcelo Ebrard\u2026 Sabe que si gana Claudia a \u00e9l le pueden afectar penalmente.. Ya que se quedar\u00eda como Fiscal, Ver\u00f3nica Hern\u00e1ndez\u2026 Mientras que la senadora, Gloria Sanchez, har\u00e1 lo que diga Eric Cisneros, no Cuitl\u00e1huac\u2026 Los diputados federales de Veracruz (Ninguno de la cuadra de Cuitl\u00e1huac) est\u00e1n con Ad\u00e1n Augusto o Ricardo Monreal\u2026 As\u00ed van las definiciones ante esta \u00abtempestad\u00bb que viene en MORENA\u2026.<\/p>\n\n\n\n<p>Mientras tanto que Sheinbaum diga que viene a \u00abpromocionar\u00bb los \u00abPueblos M\u00e1gicos\u00bb que el propio Andr\u00e9s Manuel L\u00f3pez Obrador los desapareci\u00f3 en su gobierno\u2026 \u00bfA qui\u00e9n quieren enga\u00f1ar?\u2026 Fue una visita para promocionarla para el 2024 y decir que los \u00abMorenos\u00bb del gobierno estatal, van con ella\u2026 Ya que si no mete en problemas a Cuitl\u00e1huac.. Ya que el gobernador prometi\u00f3 un \u00abTREN\u00bb que denomin\u00f3 A\u00c9REO, como su MAGNA obra en Xalapa, que seguro fue \u00abconstruido entre las nubes\u00bb porque ning\u00fan xalape\u00f1o lo ha visto\u2026<\/p>\n\n\n\n<p>Lo que no contaba Cuitl\u00e1huac o se enter\u00f3 de \u00faltimo momento, dice \u00abGarganta Profunda\u00bb, que por eso adelantaron la visita de Sheinbaum\u2026 Es porque el secretario de Gobernaci\u00f3n, Ad\u00e1n Augusto L\u00f3pez, visitar\u00e1 la entidad el pr\u00f3ximo fin de semana\u2026 Y no viene a un evento del gobierno del Estado\u2026 Vendr\u00eda al Informe de Labores del diputado federal, Sergio Guti\u00e9rrez Luna, aspirante a gobernador por MORENA y que le disputa la candidatura a Roc\u00edo Nahle en Veracruz\u2026 Y Ad\u00e1n es precandidato Presidencial\u2026 EL QUE ENTENDI\u00d3, ENTENDI\u00d3\u2026<\/p>\n\n\n\n<p>Despu\u00e9s de lo sucedido este s\u00e1bado en Puebla, es que en Veracruz ponen a \u00abencender\u00bb los \u00abfocos rojos\u00bb en MORENA\u2026 Ya que el secretario de Gobernaci\u00f3n empieza apoyar a los \u201csuyos\u201d en sus Estados\u2026 Los que lo apoyan para ser candidato Presidencial y que estos a su vez, buscan ser candidatos a gobernadores\u2026 Tal como lo hace con el l\u00edder de los diputados federales de MORENA, Ignacio Mier, que trae un pleito cantado contra el gobernador poblano, Miguel Barbosa\u2026 \u00bfAd\u00e1n acaso har\u00e1 lo mismo con Sergio Guti\u00e9rrez en Veracruz?\u2026<\/p>\n\n\n\n<p>Si viene el secretario de Gobernaci\u00f3n a su informe como diputado federal, que ser\u00e1 en Minatitlan, el 14 de agosto\u2026 Y el grito al un\u00edsono sobre Ad\u00e1n Augusto es: \u00abPresidente, Presidente, Presidente\u00bb y de Sergio Guti\u00e9rrez es: \u00abGobernador, Gobernador, Gobernador\u00bb\u2026 Ser\u00e1 la peor \u00abcachetada\u00bb pol\u00edtica que haya recibido Cuitl\u00e1huac dentro de MORENA como gobernador y de paso ser\u00e1 un \u00abgolpe\u00bb contundente para Sheinbaum\u2026 La figura de Cuitl\u00e1huac quedar\u00eda muy \u00abmaltratada\u00bb en CDMX\u2026 Pero en la \u00abguerra y el amor, todo se vale\u00bb\u2026<\/p>\n\n\n\n<p>Adem\u00e1s \u00abfuera m\u00e1scaras\u00bb\u2026 No hay nada que esconder\u2026 En Veracruz, ya se sabe a quien quieren en MORENA que controlan en Palacio de Gobierno (Claudia y Roc\u00edo)\u2026 Ahora habr\u00e1 que ver a qui\u00e9n quieren para MORENA en Veracruz, los que controlan el comit\u00e9 nacional de este partido en Palacio Nacional, Bucareli y el Congreso de la Uni\u00f3n.. A lo mejor ah\u00ed tienen una decisi\u00f3n distinta a la que se piensa en Xalapa\u2026 El caso Ignacio Mier y Sergio Guti\u00e9rrez, ambos pronunciados por Adan, puede ser la \u00abpunta de esta madeja\u00bb\u2026<\/p>\n\n\n\n<p>As\u00ed que si viene Ad\u00e1n Augusto a Minatitlan el pr\u00f3ximo domingo\u2026 Mandar\u00e1 un mensaje a MORENA muy distinto al que se mand\u00f3 esta semana desde el Congreso del Estado\u2026 Qu\u00e9 ser\u00eda que la SUCESI\u00d3N ESTATAL en Veracruz\u2026 NO EST\u00c1 DECIDIDA\u2026 Y tendr\u00eda el aval de L\u00f3pez Obrador al dejar venir a Veracruz a su secretario de Gobernaci\u00f3n\u2026 Con esto demuestra que AMLO act\u00faa como lo que es: Un priista de la vieja guardia como lo es Adan, Marcelo o Monreal\u2026 Esa es la \u00abtempestad\u00bb que viene para Cuitl\u00e1huac en Veracruz\u2026<\/p>\n\n\n\n<p>Ya que L\u00f3pez Obrador copia a Jos\u00e9 L\u00f3pez Portillo cuando pon\u00eda a un candidato a gobernador y si hab\u00eda conflictos (Como sucede con Delfina en Edomex, Armenta en Puebla y Nahle en Veracruz) aplicaba la frase: \u00abPrimero el programa (proyecto) y luego el hombre\u00bb\u2026 Y lo hace para evitar que las candidaturas, le vayan a convulsionar el 2024 en lo local y federal\u2026 Por eso la urgencia de Sheinbaum en Xalapa y si viene Ad\u00e1n Augusto a Minatitl\u00e1n\u2026 El mensaje ser\u00eda: La sucesi\u00f3n en Veracruz, NO est\u00e1 decidida\u2026 LOS JUGADORES CAMBIAN, EL JUEGO NO<\/p>\n","protected":false},"excerpt":{"rendered":"<p>Ricardo Ch\u00faaSale y Vale Despu\u00e9s de la visita de la Jefa de Gobierno de CDMX, Claudia Sheinbaum a Xalapa, que aunque diga que no se anda promocionando sino que es gira de trabajo\u2026 Se sabe que en Veracruz habr\u00e1n m\u00e1s eventos para seguir se\u00f1alando que los \u00abMorenos\u00bb de Palacio de Gobierno, se la \u00abjuegan\u00bb con [&hellip;]<\/p>\n","protected":false},"author":2,"featured_media":0,"comment_status":"closed","ping_status":"closed","sticky":false,"template":"","format":"standard","meta":{"tdm_status":"","tdm_grid_status":"","footnotes":""},"categories":[70],"tags":[1563,12299,1026,26717,195],"class_list":{"0":"post-93633","1":"post","2":"type-post","3":"status-publish","4":"format-standard","6":"category-de-opinion","7":"tag-cuitlahuac-garcia-jimenez","8":"tag-eric-cisneros-burgos","9":"tag-morena","10":"tag-rocio-nahle-2","11":"tag-veracruz"},"yoast_head":"<!-- This site is optimized with the Yoast SEO plugin v27.4 - https:\/\/yoast.com\/product\/yoast-seo-wordpress\/ -->\n<title>Sheinbaum, Ad\u00e1n y Cuic - Los pol\u00edticos Veracruz<\/title>\n<meta name=\"robots\" content=\"index, follow, max-snippet:-1, max-image-preview:large, max-video-preview:-1\" \/>\n<link rel=\"canonical\" href=\"https:\/\/lospoliticosveracruz.com\/?p=93633\" \/>\n<meta property=\"og:locale\" content=\"es_ES\" \/>\n<meta property=\"og:type\" content=\"article\" \/>\n<meta property=\"og:title\" content=\"Sheinbaum, Ad\u00e1n y Cuic - Los pol\u00edticos Veracruz\" \/>\n<meta property=\"og:description\" content=\"Ricardo Ch\u00faaSale y Vale Despu\u00e9s de la visita de la Jefa de Gobierno de CDMX, Claudia Sheinbaum a Xalapa, que aunque diga que no se anda promocionando sino que es gira de trabajo\u2026 Se sabe que en Veracruz habr\u00e1n m\u00e1s eventos para seguir se\u00f1alando que los \u00abMorenos\u00bb de Palacio de Gobierno, se la \u00abjuegan\u00bb con [&hellip;]\" \/>\n<meta property=\"og:url\" content=\"https:\/\/lospoliticosveracruz.com\/?p=93633\" \/>\n<meta property=\"og:site_name\" content=\"Los pol\u00edticos Veracruz\" \/>\n<meta property=\"article:publisher\" content=\"https:\/\/www.facebook.com\/people\/Notimemes-de-los-Polticos\/61565672886568\/\" \/>\n<meta property=\"article:published_time\" content=\"2022-08-08T13:33:27+00:00\" \/>\n<meta property=\"article:modified_time\" content=\"2022-08-08T13:33:34+00:00\" \/>\n<meta property=\"og:image\" content=\"https:\/\/lospoliticosveracruz.com\/wp-content\/uploads\/2016\/07\/Logo-Dor.jpg\" \/>\n\t<meta property=\"og:image:width\" content=\"200\" \/>\n\t<meta property=\"og:image:height\" content=\"200\" \/>\n\t<meta property=\"og:image:type\" content=\"image\/jpeg\" \/>\n<meta name=\"author\" content=\"Lo viste en Los Pol\u00edticos\" \/>\n<meta name=\"twitter:card\" content=\"summary_large_image\" \/>\n<meta name=\"twitter:creator\" content=\"@LosPoliticosVer\" \/>\n<meta name=\"twitter:site\" content=\"@LosPoliticosVer\" \/>\n<meta name=\"twitter:label1\" content=\"Escrito por\" \/>\n\t<meta name=\"twitter:data1\" content=\"Lo viste en Los Pol\u00edticos\" \/>\n\t<meta name=\"twitter:label2\" content=\"Tiempo de lectura\" \/>\n\t<meta name=\"twitter:data2\" content=\"6 minutos\" \/>\n<script type=\"application\/ld+json\" class=\"yoast-schema-graph\">{\"@context\":\"https:\\\/\\\/schema.org\",\"@graph\":[{\"@type\":\"Article\",\"@id\":\"https:\\\/\\\/lospoliticosveracruz.com\\\/?p=93633#article\",\"isPartOf\":{\"@id\":\"https:\\\/\\\/lospoliticosveracruz.com\\\/?p=93633\"},\"author\":{\"name\":\"Lo viste en Los Pol\u00edticos\",\"@id\":\"https:\\\/\\\/lospoliticosveracruz.com\\\/#\\\/schema\\\/person\\\/b8702bb0e538456e6efd07080bf2a4a2\"},\"headline\":\"Sheinbaum, Ad\u00e1n y Cuic\",\"datePublished\":\"2022-08-08T13:33:27+00:00\",\"dateModified\":\"2022-08-08T13:33:34+00:00\",\"mainEntityOfPage\":{\"@id\":\"https:\\\/\\\/lospoliticosveracruz.com\\\/?p=93633\"},\"wordCount\":1142,\"publisher\":{\"@id\":\"https:\\\/\\\/lospoliticosveracruz.com\\\/#organization\"},\"keywords\":[\"Cuitl\u00e1huac Garc\u00eda Jim\u00e9nez\",\"Eric Cisneros Burgos\",\"Morena\",\"Rocio Nahle\",\"Veracruz\"],\"articleSection\":[\"De Opini\u00f3n\"],\"inLanguage\":\"es\"},{\"@type\":\"WebPage\",\"@id\":\"https:\\\/\\\/lospoliticosveracruz.com\\\/?p=93633\",\"url\":\"https:\\\/\\\/lospoliticosveracruz.com\\\/?p=93633\",\"name\":\"Sheinbaum, Ad\u00e1n y Cuic - Los pol\u00edticos Veracruz\",\"isPartOf\":{\"@id\":\"https:\\\/\\\/lospoliticosveracruz.com\\\/#website\"},\"datePublished\":\"2022-08-08T13:33:27+00:00\",\"dateModified\":\"2022-08-08T13:33:34+00:00\",\"breadcrumb\":{\"@id\":\"https:\\\/\\\/lospoliticosveracruz.com\\\/?p=93633#breadcrumb\"},\"inLanguage\":\"es\",\"potentialAction\":[{\"@type\":\"ReadAction\",\"target\":[\"https:\\\/\\\/lospoliticosveracruz.com\\\/?p=93633\"]}]},{\"@type\":\"BreadcrumbList\",\"@id\":\"https:\\\/\\\/lospoliticosveracruz.com\\\/?p=93633#breadcrumb\",\"itemListElement\":[{\"@type\":\"ListItem\",\"position\":1,\"name\":\"Portada\",\"item\":\"https:\\\/\\\/lospoliticosveracruz.com\\\/\"},{\"@type\":\"ListItem\",\"position\":2,\"name\":\"Sheinbaum, Ad\u00e1n y Cuic\"}]},{\"@type\":\"WebSite\",\"@id\":\"https:\\\/\\\/lospoliticosveracruz.com\\\/#website\",\"url\":\"https:\\\/\\\/lospoliticosveracruz.com\\\/\",\"name\":\"Los pol\u00edticos Veracruz\",\"description\":\"\",\"publisher\":{\"@id\":\"https:\\\/\\\/lospoliticosveracruz.com\\\/#organization\"},\"potentialAction\":[{\"@type\":\"SearchAction\",\"target\":{\"@type\":\"EntryPoint\",\"urlTemplate\":\"https:\\\/\\\/lospoliticosveracruz.com\\\/?s={search_term_string}\"},\"query-input\":{\"@type\":\"PropertyValueSpecification\",\"valueRequired\":true,\"valueName\":\"search_term_string\"}}],\"inLanguage\":\"es\"},{\"@type\":\"Organization\",\"@id\":\"https:\\\/\\\/lospoliticosveracruz.com\\\/#organization\",\"name\":\"Los pol\u00edticos Veracruz\",\"url\":\"https:\\\/\\\/lospoliticosveracruz.com\\\/\",\"logo\":{\"@type\":\"ImageObject\",\"inLanguage\":\"es\",\"@id\":\"https:\\\/\\\/lospoliticosveracruz.com\\\/#\\\/schema\\\/logo\\\/image\\\/\",\"url\":\"https:\\\/\\\/lospoliticosveracruz.com\\\/wp-content\\\/uploads\\\/2025\\\/12\\\/Logo-Nuevo-LOS-POLITICOS-1.jpg\",\"contentUrl\":\"https:\\\/\\\/lospoliticosveracruz.com\\\/wp-content\\\/uploads\\\/2025\\\/12\\\/Logo-Nuevo-LOS-POLITICOS-1.jpg\",\"width\":260,\"height\":70,\"caption\":\"Los pol\u00edticos Veracruz\"},\"image\":{\"@id\":\"https:\\\/\\\/lospoliticosveracruz.com\\\/#\\\/schema\\\/logo\\\/image\\\/\"},\"sameAs\":[\"https:\\\/\\\/www.facebook.com\\\/people\\\/Notimemes-de-los-Polticos\\\/61565672886568\\\/\",\"https:\\\/\\\/x.com\\\/LosPoliticosVer\"]},{\"@type\":\"Person\",\"@id\":\"https:\\\/\\\/lospoliticosveracruz.com\\\/#\\\/schema\\\/person\\\/b8702bb0e538456e6efd07080bf2a4a2\",\"name\":\"Lo viste en Los Pol\u00edticos\",\"image\":{\"@type\":\"ImageObject\",\"inLanguage\":\"es\",\"@id\":\"https:\\\/\\\/secure.gravatar.com\\\/avatar\\\/3a8de04a2656d44082be478bd6c086daa447c4651605818287b9532d3d0bd435?s=96&d=mm&r=g\",\"url\":\"https:\\\/\\\/secure.gravatar.com\\\/avatar\\\/3a8de04a2656d44082be478bd6c086daa447c4651605818287b9532d3d0bd435?s=96&d=mm&r=g\",\"contentUrl\":\"https:\\\/\\\/secure.gravatar.com\\\/avatar\\\/3a8de04a2656d44082be478bd6c086daa447c4651605818287b9532d3d0bd435?s=96&d=mm&r=g\",\"caption\":\"Lo viste en Los Pol\u00edticos\"},\"url\":\"https:\\\/\\\/lospoliticosveracruz.com\\\/?author=2\"}]}<\/script>\n<!-- \/ Yoast SEO plugin. -->","yoast_head_json":{"title":"Sheinbaum, Ad\u00e1n y Cuic - Los pol\u00edticos Veracruz","robots":{"index":"index","follow":"follow","max-snippet":"max-snippet:-1","max-image-preview":"max-image-preview:large","max-video-preview":"max-video-preview:-1"},"canonical":"https:\/\/lospoliticosveracruz.com\/?p=93633","og_locale":"es_ES","og_type":"article","og_title":"Sheinbaum, Ad\u00e1n y Cuic - Los pol\u00edticos Veracruz","og_description":"Ricardo Ch\u00faaSale y Vale Despu\u00e9s de la visita de la Jefa de Gobierno de CDMX, Claudia Sheinbaum a Xalapa, que aunque diga que no se anda promocionando sino que es gira de trabajo\u2026 Se sabe que en Veracruz habr\u00e1n m\u00e1s eventos para seguir se\u00f1alando que los \u00abMorenos\u00bb de Palacio de Gobierno, se la \u00abjuegan\u00bb con [&hellip;]","og_url":"https:\/\/lospoliticosveracruz.com\/?p=93633","og_site_name":"Los pol\u00edticos Veracruz","article_publisher":"https:\/\/www.facebook.com\/people\/Notimemes-de-los-Polticos\/61565672886568\/","article_published_time":"2022-08-08T13:33:27+00:00","article_modified_time":"2022-08-08T13:33:34+00:00","og_image":[{"width":200,"height":200,"url":"https:\/\/lospoliticosveracruz.com\/wp-content\/uploads\/2016\/07\/Logo-Dor.jpg","type":"image\/jpeg"}],"author":"Lo viste en Los Pol\u00edticos","twitter_card":"summary_large_image","twitter_creator":"@LosPoliticosVer","twitter_site":"@LosPoliticosVer","twitter_misc":{"Escrito por":"Lo viste en Los Pol\u00edticos","Tiempo de lectura":"6 minutos"},"schema":{"@context":"https:\/\/schema.org","@graph":[{"@type":"Article","@id":"https:\/\/lospoliticosveracruz.com\/?p=93633#article","isPartOf":{"@id":"https:\/\/lospoliticosveracruz.com\/?p=93633"},"author":{"name":"Lo viste en Los Pol\u00edticos","@id":"https:\/\/lospoliticosveracruz.com\/#\/schema\/person\/b8702bb0e538456e6efd07080bf2a4a2"},"headline":"Sheinbaum, Ad\u00e1n y Cuic","datePublished":"2022-08-08T13:33:27+00:00","dateModified":"2022-08-08T13:33:34+00:00","mainEntityOfPage":{"@id":"https:\/\/lospoliticosveracruz.com\/?p=93633"},"wordCount":1142,"publisher":{"@id":"https:\/\/lospoliticosveracruz.com\/#organization"},"keywords":["Cuitl\u00e1huac Garc\u00eda Jim\u00e9nez","Eric Cisneros Burgos","Morena","Rocio Nahle","Veracruz"],"articleSection":["De Opini\u00f3n"],"inLanguage":"es"},{"@type":"WebPage","@id":"https:\/\/lospoliticosveracruz.com\/?p=93633","url":"https:\/\/lospoliticosveracruz.com\/?p=93633","name":"Sheinbaum, Ad\u00e1n y Cuic - Los pol\u00edticos Veracruz","isPartOf":{"@id":"https:\/\/lospoliticosveracruz.com\/#website"},"datePublished":"2022-08-08T13:33:27+00:00","dateModified":"2022-08-08T13:33:34+00:00","breadcrumb":{"@id":"https:\/\/lospoliticosveracruz.com\/?p=93633#breadcrumb"},"inLanguage":"es","potentialAction":[{"@type":"ReadAction","target":["https:\/\/lospoliticosveracruz.com\/?p=93633"]}]},{"@type":"BreadcrumbList","@id":"https:\/\/lospoliticosveracruz.com\/?p=93633#breadcrumb","itemListElement":[{"@type":"ListItem","position":1,"name":"Portada","item":"https:\/\/lospoliticosveracruz.com\/"},{"@type":"ListItem","position":2,"name":"Sheinbaum, Ad\u00e1n y Cuic"}]},{"@type":"WebSite","@id":"https:\/\/lospoliticosveracruz.com\/#website","url":"https:\/\/lospoliticosveracruz.com\/","name":"Los pol\u00edticos Veracruz","description":"","publisher":{"@id":"https:\/\/lospoliticosveracruz.com\/#organization"},"potentialAction":[{"@type":"SearchAction","target":{"@type":"EntryPoint","urlTemplate":"https:\/\/lospoliticosveracruz.com\/?s={search_term_string}"},"query-input":{"@type":"PropertyValueSpecification","valueRequired":true,"valueName":"search_term_string"}}],"inLanguage":"es"},{"@type":"Organization","@id":"https:\/\/lospoliticosveracruz.com\/#organization","name":"Los pol\u00edticos Veracruz","url":"https:\/\/lospoliticosveracruz.com\/","logo":{"@type":"ImageObject","inLanguage":"es","@id":"https:\/\/lospoliticosveracruz.com\/#\/schema\/logo\/image\/","url":"https:\/\/lospoliticosveracruz.com\/wp-content\/uploads\/2025\/12\/Logo-Nuevo-LOS-POLITICOS-1.jpg","contentUrl":"https:\/\/lospoliticosveracruz.com\/wp-content\/uploads\/2025\/12\/Logo-Nuevo-LOS-POLITICOS-1.jpg","width":260,"height":70,"caption":"Los pol\u00edticos Veracruz"},"image":{"@id":"https:\/\/lospoliticosveracruz.com\/#\/schema\/logo\/image\/"},"sameAs":["https:\/\/www.facebook.com\/people\/Notimemes-de-los-Polticos\/61565672886568\/","https:\/\/x.com\/LosPoliticosVer"]},{"@type":"Person","@id":"https:\/\/lospoliticosveracruz.com\/#\/schema\/person\/b8702bb0e538456e6efd07080bf2a4a2","name":"Lo viste en Los Pol\u00edticos","image":{"@type":"ImageObject","inLanguage":"es","@id":"https:\/\/secure.gravatar.com\/avatar\/3a8de04a2656d44082be478bd6c086daa447c4651605818287b9532d3d0bd435?s=96&d=mm&r=g","url":"https:\/\/secure.gravatar.com\/avatar\/3a8de04a2656d44082be478bd6c086daa447c4651605818287b9532d3d0bd435?s=96&d=mm&r=g","contentUrl":"https:\/\/secure.gravatar.com\/avatar\/3a8de04a2656d44082be478bd6c086daa447c4651605818287b9532d3d0bd435?s=96&d=mm&r=g","caption":"Lo viste en Los Pol\u00edticos"},"url":"https:\/\/lospoliticosveracruz.com\/?author=2"}]}},"_links":{"self":[{"href":"https:\/\/lospoliticosveracruz.com\/index.php?rest_route=\/wp\/v2\/posts\/93633","targetHints":{"allow":["GET"]}}],"collection":[{"href":"https:\/\/lospoliticosveracruz.com\/index.php?rest_route=\/wp\/v2\/posts"}],"about":[{"href":"https:\/\/lospoliticosveracruz.com\/index.php?rest_route=\/wp\/v2\/types\/post"}],"author":[{"embeddable":true,"href":"https:\/\/lospoliticosveracruz.com\/index.php?rest_route=\/wp\/v2\/users\/2"}],"replies":[{"embeddable":true,"href":"https:\/\/lospoliticosveracruz.com\/index.php?rest_route=%2Fwp%2Fv2%2Fcomments&post=93633"}],"version-history":[{"count":1,"href":"https:\/\/lospoliticosveracruz.com\/index.php?rest_route=\/wp\/v2\/posts\/93633\/revisions"}],"predecessor-version":[{"id":93635,"href":"https:\/\/lospoliticosveracruz.com\/index.php?rest_route=\/wp\/v2\/posts\/93633\/revisions\/93635"}],"wp:attachment":[{"href":"https:\/\/lospoliticosveracruz.com\/index.php?rest_route=%2Fwp%2Fv2%2Fmedia&parent=93633"}],"wp:term":[{"taxonomy":"category","embeddable":true,"href":"https:\/\/lospoliticosveracruz.com\/index.php?rest_route=%2Fwp%2Fv2%2Fcategories&post=93633"},{"taxonomy":"post_tag","embeddable":true,"href":"https:\/\/lospoliticosveracruz.com\/index.php?rest_route=%2Fwp%2Fv2%2Ftags&post=93633"}],"curies":[{"name":"wp","href":"https:\/\/api.w.org\/{rel}","templated":true}]}}