{"id":93644,"date":"2022-08-08T09:53:16","date_gmt":"2022-08-08T14:53:16","guid":{"rendered":"https:\/\/lospoliticosveracruz.com.mx\/?p=93644"},"modified":"2022-08-08T09:53:24","modified_gmt":"2022-08-08T14:53:24","slug":"sheinbaum-en-veracruz-2","status":"publish","type":"post","link":"https:\/\/lospoliticosveracruz.com\/?p=93644","title":{"rendered":"Sheinbaum en Veracruz"},"content":{"rendered":"\n<p><strong>Ignacio Alvarez<br><\/strong><em>Pluma Negra<\/em><\/p>\n\n\n\n<p>La presencia de la jefa de Gobierno de la Ciudad de M\u00e9xico, en un domingo siete de agosto, dej\u00f3 el claro mensaje del acomodamiento de los grupos pol\u00edticos al interior de MORENA rumbo a la carrera Presidencial del 2024 y de la gubernatura de Veracruz, que incluye senadores, diputados federales y locales.<\/p>\n\n\n\n<figure class=\"wp-block-embed is-type-video is-provider-youtube wp-block-embed-youtube wp-embed-aspect-16-9 wp-has-aspect-ratio\"><div class=\"wp-block-embed__wrapper\">\n<iframe loading=\"lazy\" title=\"Cluster Coworking\" width=\"696\" height=\"392\" src=\"https:\/\/www.youtube.com\/embed\/Nxe-vxf8GuY?feature=oembed\" frameborder=\"0\" allow=\"accelerometer; autoplay; clipboard-write; encrypted-media; gyroscope; picture-in-picture; web-share\" referrerpolicy=\"strict-origin-when-cross-origin\" allowfullscreen><\/iframe>\n<\/div><\/figure>\n\n\n\n<p>Queda claro que el jefe pol\u00edtico veracruzano tiende la mano para respaldar el proyecto por la candidatura presidencial de Sheinbaum, por encima de Ad\u00e1n Augusto L\u00f3pez Hern\u00e1ndez y de Marcelo Ebrard; precisamente en la semana que el Congreso Local aprob\u00f3 la llamada Ley Nahle, que adopta a NO veracruzanos para participar al cargo gobernador o gobernadora de Veracruz.<\/p>\n\n\n\n<p>La convocatoria para recibir a Claudia Sheinbaum, incluy\u00f3 al Gabinete Estatal y los organismos descentralizados, la Fiscal General, adem\u00e1s del coordinador de los diputados locales y algunos legisladores, as\u00ed como algunos alcaldes entre los que se observ\u00f3 al pap\u00e1 del ex funcionario de SEFIPLAN acusado de violaci\u00f3n sexual, Jos\u00e9 Manuel Pozos, lo que indica que habr\u00e1 justicia y gracia para el hijo acusado.<\/p>\n\n\n\n<p>El motivo de la reuni\u00f3n dominical, fue el seguimiento a los acuerdos para la digitalizaci\u00f3n, turismo y cultura.<\/p>\n\n\n\n<p>Parece que el gobernador Garc\u00eda Jim\u00e9nez saca y apuesta sus cartas a dos mujeres; a la Presidencia y al Gobierno de Veracruz, pero para el Senado, por cuestiones de equidad y de alianzas, MORENA tendr\u00eda dificultades ya que tendr\u00edan que ir a la boleta un hombre y una mujer y por lo visto hay pocas mujeres que destacan en el plano estatal dentro de MORENA y de los aliados PT y PVEM, mucho menos.<\/p>\n\n\n\n<p>Ta vez por eso, la presencia de la Fiscal General, Ver\u00f3nica Hern\u00e1ndez sea cada vez m\u00e1s frecuente en los eventos pol\u00edticos; el 22 de julio pasado, a Fiscal estuvo en primera fila en el mon\u00f3logo de la Secretaria de Energ\u00eda, Norma Roc\u00edo Nahle con los alcaldes, en el WTC de Boca del R\u00edo y este domingo tambi\u00e9n se difundieron sus fotos con la jefa de Gobierno, hay una clara se\u00f1al de que es importantes posicionarla en el estado.<\/p>\n\n\n\n<p>De mantener el control total de Veracruz, el grupo local de MORENA estar\u00edan en condiciones de poner todos los candidatos; y es que desde a elecci\u00f3n local del 2021 y la consulta p\u00fablica para la renovaci\u00f3n de mandato, las huestes morenistas en Veracruz hacen y deshacen, hasta ahora s\u00f3lo la justicia federal les ha revirado los expedientes de Jos\u00e9 Manuel del R\u00edo Virgen y de Paisano Rueda Canseco, pero en todo lo dem\u00e1s se hace la voluntad morena.<br>Ebrard inicia redes<\/p>\n\n\n\n<p>Personal de los diputados federales afines a Marcelo Ebrard y que ya son asamble\u00edstas de MORENA, abrieron la convocatoria para iniciar redes a favor de las aspiraciones presidenciales del Secretario de Relaciones Exteriores, Marcelo Ebrard quien no quita el dedo del rengl\u00f3n para suceder a AMLO en la Presidencia.<\/p>\n\n\n\n<p>Desde la semana pasada, los morenistas ajenos a los grupos estatales, convocaron en sus redes sociales a los veracruzanos a inscribirse como parte de grupos de amigos de Marcelo Ebrard con la intenci\u00f3n de establecer plataformas de promotores para activarlas llegado el momento.<\/p>\n","protected":false},"excerpt":{"rendered":"<p>Ignacio AlvarezPluma Negra La presencia de la jefa de Gobierno de la Ciudad de M\u00e9xico, en un domingo siete de agosto, dej\u00f3 el claro mensaje del acomodamiento de los grupos pol\u00edticos al interior de MORENA rumbo a la carrera Presidencial del 2024 y de la gubernatura de Veracruz, que incluye senadores, diputados federales y locales. [&hellip;]<\/p>\n","protected":false},"author":2,"featured_media":0,"comment_status":"closed","ping_status":"closed","sticky":false,"template":"","format":"standard","meta":{"tdm_status":"","tdm_grid_status":"","footnotes":""},"categories":[70],"tags":[34502,9627,1563,28674,7909,15536,34359,24123,1026,3258,33892,640,195],"class_list":{"0":"post-93644","1":"post","2":"type-post","3":"status-publish","4":"format-standard","6":"category-de-opinion","7":"tag-carrera-presidencial-del-2024","8":"tag-claudia-sheinbaum","9":"tag-cuitlahuac-garcia-jimenez","10":"tag-ignacio-alvarez","11":"tag-jose-manuel-del-rio-virgen","12":"tag-jose-manuel-pozos","13":"tag-ley-nahle","14":"tag-marcelo-ebrad","15":"tag-morena","16":"tag-norma-rocio-nahle","17":"tag-paisano-rueda-canseco","18":"tag-sefiplan","19":"tag-veracruz"},"yoast_head":"<!-- This site is optimized with the Yoast SEO plugin v27.4 - https:\/\/yoast.com\/product\/yoast-seo-wordpress\/ -->\n<title>Sheinbaum en Veracruz - Los pol\u00edticos Veracruz<\/title>\n<meta name=\"robots\" content=\"index, follow, max-snippet:-1, max-image-preview:large, max-video-preview:-1\" \/>\n<link rel=\"canonical\" href=\"https:\/\/lospoliticosveracruz.com\/?p=93644\" \/>\n<meta property=\"og:locale\" content=\"es_ES\" \/>\n<meta property=\"og:type\" content=\"article\" \/>\n<meta property=\"og:title\" content=\"Sheinbaum en Veracruz - Los pol\u00edticos Veracruz\" \/>\n<meta property=\"og:description\" content=\"Ignacio AlvarezPluma Negra La presencia de la jefa de Gobierno de la Ciudad de M\u00e9xico, en un domingo siete de agosto, dej\u00f3 el claro mensaje del acomodamiento de los grupos pol\u00edticos al interior de MORENA rumbo a la carrera Presidencial del 2024 y de la gubernatura de Veracruz, que incluye senadores, diputados federales y locales. [&hellip;]\" \/>\n<meta property=\"og:url\" content=\"https:\/\/lospoliticosveracruz.com\/?p=93644\" \/>\n<meta property=\"og:site_name\" content=\"Los pol\u00edticos Veracruz\" \/>\n<meta property=\"article:publisher\" content=\"https:\/\/www.facebook.com\/people\/Notimemes-de-los-Polticos\/61565672886568\/\" \/>\n<meta property=\"article:published_time\" content=\"2022-08-08T14:53:16+00:00\" \/>\n<meta property=\"article:modified_time\" content=\"2022-08-08T14:53:24+00:00\" \/>\n<meta property=\"og:image\" content=\"https:\/\/lospoliticosveracruz.com\/wp-content\/uploads\/2016\/07\/Logo-Dor.jpg\" \/>\n\t<meta property=\"og:image:width\" content=\"200\" \/>\n\t<meta property=\"og:image:height\" content=\"200\" \/>\n\t<meta property=\"og:image:type\" content=\"image\/jpeg\" \/>\n<meta name=\"author\" content=\"Lo viste en Los Pol\u00edticos\" \/>\n<meta name=\"twitter:card\" content=\"summary_large_image\" \/>\n<meta name=\"twitter:creator\" content=\"@LosPoliticosVer\" \/>\n<meta name=\"twitter:site\" content=\"@LosPoliticosVer\" \/>\n<meta name=\"twitter:label1\" content=\"Escrito por\" \/>\n\t<meta name=\"twitter:data1\" content=\"Lo viste en Los Pol\u00edticos\" \/>\n\t<meta name=\"twitter:label2\" content=\"Tiempo de lectura\" \/>\n\t<meta name=\"twitter:data2\" content=\"3 minutos\" \/>\n<script type=\"application\/ld+json\" class=\"yoast-schema-graph\">{\"@context\":\"https:\\\/\\\/schema.org\",\"@graph\":[{\"@type\":\"Article\",\"@id\":\"https:\\\/\\\/lospoliticosveracruz.com\\\/?p=93644#article\",\"isPartOf\":{\"@id\":\"https:\\\/\\\/lospoliticosveracruz.com\\\/?p=93644\"},\"author\":{\"name\":\"Lo viste en Los Pol\u00edticos\",\"@id\":\"https:\\\/\\\/lospoliticosveracruz.com\\\/#\\\/schema\\\/person\\\/b8702bb0e538456e6efd07080bf2a4a2\"},\"headline\":\"Sheinbaum en Veracruz\",\"datePublished\":\"2022-08-08T14:53:16+00:00\",\"dateModified\":\"2022-08-08T14:53:24+00:00\",\"mainEntityOfPage\":{\"@id\":\"https:\\\/\\\/lospoliticosveracruz.com\\\/?p=93644\"},\"wordCount\":559,\"publisher\":{\"@id\":\"https:\\\/\\\/lospoliticosveracruz.com\\\/#organization\"},\"keywords\":[\"carrera Presidencial del 2024\",\"Claudia Sheinbaum\",\"Cuitl\u00e1huac Garc\u00eda Jim\u00e9nez\",\"Ignacio Alvarez\",\"Jos\u00e9 Manuel del R\u00edo Virgen\",\"Jos\u00e9 Manuel Pozos\",\"Ley Nahle\",\"Marcelo Ebrad\",\"Morena\",\"Norma Roc\u00edo Nahle\",\"Paisano Rueda Canseco\",\"Sefiplan\",\"Veracruz\"],\"articleSection\":[\"De Opini\u00f3n\"],\"inLanguage\":\"es\"},{\"@type\":\"WebPage\",\"@id\":\"https:\\\/\\\/lospoliticosveracruz.com\\\/?p=93644\",\"url\":\"https:\\\/\\\/lospoliticosveracruz.com\\\/?p=93644\",\"name\":\"Sheinbaum en Veracruz - Los pol\u00edticos Veracruz\",\"isPartOf\":{\"@id\":\"https:\\\/\\\/lospoliticosveracruz.com\\\/#website\"},\"datePublished\":\"2022-08-08T14:53:16+00:00\",\"dateModified\":\"2022-08-08T14:53:24+00:00\",\"breadcrumb\":{\"@id\":\"https:\\\/\\\/lospoliticosveracruz.com\\\/?p=93644#breadcrumb\"},\"inLanguage\":\"es\",\"potentialAction\":[{\"@type\":\"ReadAction\",\"target\":[\"https:\\\/\\\/lospoliticosveracruz.com\\\/?p=93644\"]}]},{\"@type\":\"BreadcrumbList\",\"@id\":\"https:\\\/\\\/lospoliticosveracruz.com\\\/?p=93644#breadcrumb\",\"itemListElement\":[{\"@type\":\"ListItem\",\"position\":1,\"name\":\"Portada\",\"item\":\"https:\\\/\\\/lospoliticosveracruz.com\\\/\"},{\"@type\":\"ListItem\",\"position\":2,\"name\":\"Sheinbaum en Veracruz\"}]},{\"@type\":\"WebSite\",\"@id\":\"https:\\\/\\\/lospoliticosveracruz.com\\\/#website\",\"url\":\"https:\\\/\\\/lospoliticosveracruz.com\\\/\",\"name\":\"Los pol\u00edticos Veracruz\",\"description\":\"\",\"publisher\":{\"@id\":\"https:\\\/\\\/lospoliticosveracruz.com\\\/#organization\"},\"potentialAction\":[{\"@type\":\"SearchAction\",\"target\":{\"@type\":\"EntryPoint\",\"urlTemplate\":\"https:\\\/\\\/lospoliticosveracruz.com\\\/?s={search_term_string}\"},\"query-input\":{\"@type\":\"PropertyValueSpecification\",\"valueRequired\":true,\"valueName\":\"search_term_string\"}}],\"inLanguage\":\"es\"},{\"@type\":\"Organization\",\"@id\":\"https:\\\/\\\/lospoliticosveracruz.com\\\/#organization\",\"name\":\"Los pol\u00edticos Veracruz\",\"url\":\"https:\\\/\\\/lospoliticosveracruz.com\\\/\",\"logo\":{\"@type\":\"ImageObject\",\"inLanguage\":\"es\",\"@id\":\"https:\\\/\\\/lospoliticosveracruz.com\\\/#\\\/schema\\\/logo\\\/image\\\/\",\"url\":\"https:\\\/\\\/lospoliticosveracruz.com\\\/wp-content\\\/uploads\\\/2025\\\/12\\\/Logo-Nuevo-LOS-POLITICOS-1.jpg\",\"contentUrl\":\"https:\\\/\\\/lospoliticosveracruz.com\\\/wp-content\\\/uploads\\\/2025\\\/12\\\/Logo-Nuevo-LOS-POLITICOS-1.jpg\",\"width\":260,\"height\":70,\"caption\":\"Los pol\u00edticos Veracruz\"},\"image\":{\"@id\":\"https:\\\/\\\/lospoliticosveracruz.com\\\/#\\\/schema\\\/logo\\\/image\\\/\"},\"sameAs\":[\"https:\\\/\\\/www.facebook.com\\\/people\\\/Notimemes-de-los-Polticos\\\/61565672886568\\\/\",\"https:\\\/\\\/x.com\\\/LosPoliticosVer\"]},{\"@type\":\"Person\",\"@id\":\"https:\\\/\\\/lospoliticosveracruz.com\\\/#\\\/schema\\\/person\\\/b8702bb0e538456e6efd07080bf2a4a2\",\"name\":\"Lo viste en Los Pol\u00edticos\",\"image\":{\"@type\":\"ImageObject\",\"inLanguage\":\"es\",\"@id\":\"https:\\\/\\\/secure.gravatar.com\\\/avatar\\\/3a8de04a2656d44082be478bd6c086daa447c4651605818287b9532d3d0bd435?s=96&d=mm&r=g\",\"url\":\"https:\\\/\\\/secure.gravatar.com\\\/avatar\\\/3a8de04a2656d44082be478bd6c086daa447c4651605818287b9532d3d0bd435?s=96&d=mm&r=g\",\"contentUrl\":\"https:\\\/\\\/secure.gravatar.com\\\/avatar\\\/3a8de04a2656d44082be478bd6c086daa447c4651605818287b9532d3d0bd435?s=96&d=mm&r=g\",\"caption\":\"Lo viste en Los Pol\u00edticos\"},\"url\":\"https:\\\/\\\/lospoliticosveracruz.com\\\/?author=2\"}]}<\/script>\n<!-- \/ Yoast SEO plugin. -->","yoast_head_json":{"title":"Sheinbaum en Veracruz - Los pol\u00edticos Veracruz","robots":{"index":"index","follow":"follow","max-snippet":"max-snippet:-1","max-image-preview":"max-image-preview:large","max-video-preview":"max-video-preview:-1"},"canonical":"https:\/\/lospoliticosveracruz.com\/?p=93644","og_locale":"es_ES","og_type":"article","og_title":"Sheinbaum en Veracruz - Los pol\u00edticos Veracruz","og_description":"Ignacio AlvarezPluma Negra La presencia de la jefa de Gobierno de la Ciudad de M\u00e9xico, en un domingo siete de agosto, dej\u00f3 el claro mensaje del acomodamiento de los grupos pol\u00edticos al interior de MORENA rumbo a la carrera Presidencial del 2024 y de la gubernatura de Veracruz, que incluye senadores, diputados federales y locales. [&hellip;]","og_url":"https:\/\/lospoliticosveracruz.com\/?p=93644","og_site_name":"Los pol\u00edticos Veracruz","article_publisher":"https:\/\/www.facebook.com\/people\/Notimemes-de-los-Polticos\/61565672886568\/","article_published_time":"2022-08-08T14:53:16+00:00","article_modified_time":"2022-08-08T14:53:24+00:00","og_image":[{"width":200,"height":200,"url":"https:\/\/lospoliticosveracruz.com\/wp-content\/uploads\/2016\/07\/Logo-Dor.jpg","type":"image\/jpeg"}],"author":"Lo viste en Los Pol\u00edticos","twitter_card":"summary_large_image","twitter_creator":"@LosPoliticosVer","twitter_site":"@LosPoliticosVer","twitter_misc":{"Escrito por":"Lo viste en Los Pol\u00edticos","Tiempo de lectura":"3 minutos"},"schema":{"@context":"https:\/\/schema.org","@graph":[{"@type":"Article","@id":"https:\/\/lospoliticosveracruz.com\/?p=93644#article","isPartOf":{"@id":"https:\/\/lospoliticosveracruz.com\/?p=93644"},"author":{"name":"Lo viste en Los Pol\u00edticos","@id":"https:\/\/lospoliticosveracruz.com\/#\/schema\/person\/b8702bb0e538456e6efd07080bf2a4a2"},"headline":"Sheinbaum en Veracruz","datePublished":"2022-08-08T14:53:16+00:00","dateModified":"2022-08-08T14:53:24+00:00","mainEntityOfPage":{"@id":"https:\/\/lospoliticosveracruz.com\/?p=93644"},"wordCount":559,"publisher":{"@id":"https:\/\/lospoliticosveracruz.com\/#organization"},"keywords":["carrera Presidencial del 2024","Claudia Sheinbaum","Cuitl\u00e1huac Garc\u00eda Jim\u00e9nez","Ignacio Alvarez","Jos\u00e9 Manuel del R\u00edo Virgen","Jos\u00e9 Manuel Pozos","Ley Nahle","Marcelo Ebrad","Morena","Norma Roc\u00edo Nahle","Paisano Rueda Canseco","Sefiplan","Veracruz"],"articleSection":["De Opini\u00f3n"],"inLanguage":"es"},{"@type":"WebPage","@id":"https:\/\/lospoliticosveracruz.com\/?p=93644","url":"https:\/\/lospoliticosveracruz.com\/?p=93644","name":"Sheinbaum en Veracruz - Los pol\u00edticos Veracruz","isPartOf":{"@id":"https:\/\/lospoliticosveracruz.com\/#website"},"datePublished":"2022-08-08T14:53:16+00:00","dateModified":"2022-08-08T14:53:24+00:00","breadcrumb":{"@id":"https:\/\/lospoliticosveracruz.com\/?p=93644#breadcrumb"},"inLanguage":"es","potentialAction":[{"@type":"ReadAction","target":["https:\/\/lospoliticosveracruz.com\/?p=93644"]}]},{"@type":"BreadcrumbList","@id":"https:\/\/lospoliticosveracruz.com\/?p=93644#breadcrumb","itemListElement":[{"@type":"ListItem","position":1,"name":"Portada","item":"https:\/\/lospoliticosveracruz.com\/"},{"@type":"ListItem","position":2,"name":"Sheinbaum en Veracruz"}]},{"@type":"WebSite","@id":"https:\/\/lospoliticosveracruz.com\/#website","url":"https:\/\/lospoliticosveracruz.com\/","name":"Los pol\u00edticos Veracruz","description":"","publisher":{"@id":"https:\/\/lospoliticosveracruz.com\/#organization"},"potentialAction":[{"@type":"SearchAction","target":{"@type":"EntryPoint","urlTemplate":"https:\/\/lospoliticosveracruz.com\/?s={search_term_string}"},"query-input":{"@type":"PropertyValueSpecification","valueRequired":true,"valueName":"search_term_string"}}],"inLanguage":"es"},{"@type":"Organization","@id":"https:\/\/lospoliticosveracruz.com\/#organization","name":"Los pol\u00edticos Veracruz","url":"https:\/\/lospoliticosveracruz.com\/","logo":{"@type":"ImageObject","inLanguage":"es","@id":"https:\/\/lospoliticosveracruz.com\/#\/schema\/logo\/image\/","url":"https:\/\/lospoliticosveracruz.com\/wp-content\/uploads\/2025\/12\/Logo-Nuevo-LOS-POLITICOS-1.jpg","contentUrl":"https:\/\/lospoliticosveracruz.com\/wp-content\/uploads\/2025\/12\/Logo-Nuevo-LOS-POLITICOS-1.jpg","width":260,"height":70,"caption":"Los pol\u00edticos Veracruz"},"image":{"@id":"https:\/\/lospoliticosveracruz.com\/#\/schema\/logo\/image\/"},"sameAs":["https:\/\/www.facebook.com\/people\/Notimemes-de-los-Polticos\/61565672886568\/","https:\/\/x.com\/LosPoliticosVer"]},{"@type":"Person","@id":"https:\/\/lospoliticosveracruz.com\/#\/schema\/person\/b8702bb0e538456e6efd07080bf2a4a2","name":"Lo viste en Los Pol\u00edticos","image":{"@type":"ImageObject","inLanguage":"es","@id":"https:\/\/secure.gravatar.com\/avatar\/3a8de04a2656d44082be478bd6c086daa447c4651605818287b9532d3d0bd435?s=96&d=mm&r=g","url":"https:\/\/secure.gravatar.com\/avatar\/3a8de04a2656d44082be478bd6c086daa447c4651605818287b9532d3d0bd435?s=96&d=mm&r=g","contentUrl":"https:\/\/secure.gravatar.com\/avatar\/3a8de04a2656d44082be478bd6c086daa447c4651605818287b9532d3d0bd435?s=96&d=mm&r=g","caption":"Lo viste en Los Pol\u00edticos"},"url":"https:\/\/lospoliticosveracruz.com\/?author=2"}]}},"_links":{"self":[{"href":"https:\/\/lospoliticosveracruz.com\/index.php?rest_route=\/wp\/v2\/posts\/93644","targetHints":{"allow":["GET"]}}],"collection":[{"href":"https:\/\/lospoliticosveracruz.com\/index.php?rest_route=\/wp\/v2\/posts"}],"about":[{"href":"https:\/\/lospoliticosveracruz.com\/index.php?rest_route=\/wp\/v2\/types\/post"}],"author":[{"embeddable":true,"href":"https:\/\/lospoliticosveracruz.com\/index.php?rest_route=\/wp\/v2\/users\/2"}],"replies":[{"embeddable":true,"href":"https:\/\/lospoliticosveracruz.com\/index.php?rest_route=%2Fwp%2Fv2%2Fcomments&post=93644"}],"version-history":[{"count":1,"href":"https:\/\/lospoliticosveracruz.com\/index.php?rest_route=\/wp\/v2\/posts\/93644\/revisions"}],"predecessor-version":[{"id":93645,"href":"https:\/\/lospoliticosveracruz.com\/index.php?rest_route=\/wp\/v2\/posts\/93644\/revisions\/93645"}],"wp:attachment":[{"href":"https:\/\/lospoliticosveracruz.com\/index.php?rest_route=%2Fwp%2Fv2%2Fmedia&parent=93644"}],"wp:term":[{"taxonomy":"category","embeddable":true,"href":"https:\/\/lospoliticosveracruz.com\/index.php?rest_route=%2Fwp%2Fv2%2Fcategories&post=93644"},{"taxonomy":"post_tag","embeddable":true,"href":"https:\/\/lospoliticosveracruz.com\/index.php?rest_route=%2Fwp%2Fv2%2Ftags&post=93644"}],"curies":[{"name":"wp","href":"https:\/\/api.w.org\/{rel}","templated":true}]}}