{"id":93648,"date":"2022-08-08T10:57:04","date_gmt":"2022-08-08T15:57:04","guid":{"rendered":"https:\/\/lospoliticosveracruz.com.mx\/?p=93648"},"modified":"2022-08-08T10:57:12","modified_gmt":"2022-08-08T15:57:12","slug":"cero-concesiones-a-empresa-chelera","status":"publish","type":"post","link":"https:\/\/lospoliticosveracruz.com\/?p=93648","title":{"rendered":"Cero concesiones a empresa chelera!"},"content":{"rendered":"\n<p><\/p>\n\n\n\n<p><strong>Karla M\u00e9ndez<\/strong><br><em>Elementos Mx\/ Xalapa<\/em><br>El titular de la Secretar\u00eda de Desarrollo Econ\u00f3mico y Portuario(Sedecop) Enrique Nach\u00f3n Garc\u00eda, rechaz\u00f3 que se hayan otorgado nuevas concesiones de agua para la Cervecera Constellation Brands.<\/p>\n\n\n\n<p>Mencion\u00f3 que la empresa har\u00e1 uso de concesiones no utilizadas por medio de transmisi\u00f3n de derechos para acceder al agua proveniente del acu\u00edfero Costera de Veracruz.<\/p>\n\n\n\n<p>Con esto se aclaran los rumores de que presuntamente la Comisi\u00f3n Nacional del Agua (CONAGUA), otorg\u00f3 nuevas concesiones a la empresa para explotar los cuerpos de agua de la zona del puerto de Veracruz.<\/p>\n\n\n\n<p>Cabe mencionar que desde la semana pasada, versiones period\u00edsticas apuntaban que la Comisi\u00f3n dio nuevas concesiones para acceder al agua de la entidad, poniendo en riesgo la disponibilidad del l\u00edquido para la poblaci\u00f3n en general.<\/p>\n\n\n\n<p>Al respecto, la propia dependencia aclar\u00f3 que si bien retir\u00f3 3.4 millones de metros c\u00fabicos anuales de agua a campesinos de Veracruz para otorg\u00e1rselos a la empresa cervecera, esto no afecta a los agricultores pues el agua ni siquiera era utilizada y ellos estuvieron de acuerdo en traspasar 14 concesiones ya contempladas previamente al anuncio de la llegada de la empresa.<\/p>\n\n\n\n<p>En ese sentido, Nach\u00f3n Garc\u00eda dijo que en su momento, la cerveza inform\u00f3 al gobierno de Veracruz que de las concesiones ya otorgadas, lograron un traspaso de los derechos sobre las mismas, con la venia de los agricultores.<\/p>\n\n\n\n<p>\u201cNunca se dio una nueva concesi\u00f3n; eso sigue igual, hubo una concesi\u00f3n de derechos de concesiones no utilizadas otorgadas en el pasado y que no hay ni una autorizaci\u00f3n nueva\u201d.<\/p>\n\n\n\n<p>Finalmente, puntualiz\u00f3 que no ser\u00e1 necesario gestionar nuevas concesiones, pues con las 14 que explotar\u00e1 Constellation Brands, se cumple el requerimiento necesario para el funcionamiento de la planta.<\/p>\n","protected":false},"excerpt":{"rendered":"<p>Karla M\u00e9ndezElementos Mx\/ XalapaEl titular de la Secretar\u00eda de Desarrollo Econ\u00f3mico y Portuario(Sedecop) Enrique Nach\u00f3n Garc\u00eda, rechaz\u00f3 que se hayan otorgado nuevas concesiones de agua para la Cervecera Constellation Brands. Mencion\u00f3 que la empresa har\u00e1 uso de concesiones no utilizadas por medio de transmisi\u00f3n de derechos para acceder al agua proveniente del acu\u00edfero Costera de [&hellip;]<\/p>\n","protected":false},"author":2,"featured_media":50177,"comment_status":"closed","ping_status":"closed","sticky":false,"template":"","format":"standard","meta":{"tdm_status":"","tdm_grid_status":"","footnotes":""},"categories":[6446],"tags":[6725,17316,1026,5102,195],"class_list":{"0":"post-93648","1":"post","2":"type-post","3":"status-publish","4":"format-standard","5":"has-post-thumbnail","7":"category-la-nota","8":"tag-agua","9":"tag-constellation-brands","10":"tag-morena","11":"tag-sedecop","12":"tag-veracruz"},"yoast_head":"<!-- This site is optimized with the Yoast SEO plugin v27.4 - https:\/\/yoast.com\/product\/yoast-seo-wordpress\/ -->\n<title>Cero concesiones a empresa chelera! - Los pol\u00edticos Veracruz<\/title>\n<meta name=\"robots\" content=\"index, follow, max-snippet:-1, max-image-preview:large, max-video-preview:-1\" \/>\n<link rel=\"canonical\" href=\"https:\/\/lospoliticosveracruz.com\/?p=93648\" \/>\n<meta property=\"og:locale\" content=\"es_ES\" \/>\n<meta property=\"og:type\" content=\"article\" \/>\n<meta property=\"og:title\" content=\"Cero concesiones a empresa chelera! - Los pol\u00edticos Veracruz\" \/>\n<meta property=\"og:description\" content=\"Karla M\u00e9ndezElementos Mx\/ XalapaEl titular de la Secretar\u00eda de Desarrollo Econ\u00f3mico y Portuario(Sedecop) Enrique Nach\u00f3n Garc\u00eda, rechaz\u00f3 que se hayan otorgado nuevas concesiones de agua para la Cervecera Constellation Brands. Mencion\u00f3 que la empresa har\u00e1 uso de concesiones no utilizadas por medio de transmisi\u00f3n de derechos para acceder al agua proveniente del acu\u00edfero Costera de [&hellip;]\" \/>\n<meta property=\"og:url\" content=\"https:\/\/lospoliticosveracruz.com\/?p=93648\" \/>\n<meta property=\"og:site_name\" content=\"Los pol\u00edticos Veracruz\" \/>\n<meta property=\"article:publisher\" content=\"https:\/\/www.facebook.com\/people\/Notimemes-de-los-Polticos\/61565672886568\/\" \/>\n<meta property=\"article:published_time\" content=\"2022-08-08T15:57:04+00:00\" \/>\n<meta property=\"article:modified_time\" content=\"2022-08-08T15:57:12+00:00\" \/>\n<meta property=\"og:image\" content=\"https:\/\/lospoliticosveracruz.com\/wp-content\/uploads\/2019\/10\/Enrique-Nach\u00f3n-Garc\u00eda.jpg\" \/>\n\t<meta property=\"og:image:width\" content=\"600\" \/>\n\t<meta property=\"og:image:height\" content=\"360\" \/>\n\t<meta property=\"og:image:type\" content=\"image\/jpeg\" \/>\n<meta name=\"author\" content=\"Lo viste en Los Pol\u00edticos\" \/>\n<meta name=\"twitter:card\" content=\"summary_large_image\" \/>\n<meta name=\"twitter:creator\" content=\"@LosPoliticosVer\" \/>\n<meta name=\"twitter:site\" content=\"@LosPoliticosVer\" \/>\n<meta name=\"twitter:label1\" content=\"Escrito por\" \/>\n\t<meta name=\"twitter:data1\" content=\"Lo viste en Los Pol\u00edticos\" \/>\n\t<meta name=\"twitter:label2\" content=\"Tiempo de lectura\" \/>\n\t<meta name=\"twitter:data2\" content=\"1 minuto\" \/>\n<script type=\"application\/ld+json\" class=\"yoast-schema-graph\">{\"@context\":\"https:\\\/\\\/schema.org\",\"@graph\":[{\"@type\":\"Article\",\"@id\":\"https:\\\/\\\/lospoliticosveracruz.com\\\/?p=93648#article\",\"isPartOf\":{\"@id\":\"https:\\\/\\\/lospoliticosveracruz.com\\\/?p=93648\"},\"author\":{\"name\":\"Lo viste en Los Pol\u00edticos\",\"@id\":\"https:\\\/\\\/lospoliticosveracruz.com\\\/#\\\/schema\\\/person\\\/b8702bb0e538456e6efd07080bf2a4a2\"},\"headline\":\"Cero concesiones a empresa chelera!\",\"datePublished\":\"2022-08-08T15:57:04+00:00\",\"dateModified\":\"2022-08-08T15:57:12+00:00\",\"mainEntityOfPage\":{\"@id\":\"https:\\\/\\\/lospoliticosveracruz.com\\\/?p=93648\"},\"wordCount\":306,\"publisher\":{\"@id\":\"https:\\\/\\\/lospoliticosveracruz.com\\\/#organization\"},\"image\":{\"@id\":\"https:\\\/\\\/lospoliticosveracruz.com\\\/?p=93648#primaryimage\"},\"thumbnailUrl\":\"https:\\\/\\\/lospoliticosveracruz.com\\\/wp-content\\\/uploads\\\/2019\\\/10\\\/Enrique-Nach\u00f3n-Garc\u00eda.jpg\",\"keywords\":[\"Agua\",\"Constellation Brands\",\"Morena\",\"Sedecop\",\"Veracruz\"],\"articleSection\":[\"La Nota\"],\"inLanguage\":\"es\"},{\"@type\":\"WebPage\",\"@id\":\"https:\\\/\\\/lospoliticosveracruz.com\\\/?p=93648\",\"url\":\"https:\\\/\\\/lospoliticosveracruz.com\\\/?p=93648\",\"name\":\"Cero concesiones a empresa chelera! - Los pol\u00edticos Veracruz\",\"isPartOf\":{\"@id\":\"https:\\\/\\\/lospoliticosveracruz.com\\\/#website\"},\"primaryImageOfPage\":{\"@id\":\"https:\\\/\\\/lospoliticosveracruz.com\\\/?p=93648#primaryimage\"},\"image\":{\"@id\":\"https:\\\/\\\/lospoliticosveracruz.com\\\/?p=93648#primaryimage\"},\"thumbnailUrl\":\"https:\\\/\\\/lospoliticosveracruz.com\\\/wp-content\\\/uploads\\\/2019\\\/10\\\/Enrique-Nach\u00f3n-Garc\u00eda.jpg\",\"datePublished\":\"2022-08-08T15:57:04+00:00\",\"dateModified\":\"2022-08-08T15:57:12+00:00\",\"breadcrumb\":{\"@id\":\"https:\\\/\\\/lospoliticosveracruz.com\\\/?p=93648#breadcrumb\"},\"inLanguage\":\"es\",\"potentialAction\":[{\"@type\":\"ReadAction\",\"target\":[\"https:\\\/\\\/lospoliticosveracruz.com\\\/?p=93648\"]}]},{\"@type\":\"ImageObject\",\"inLanguage\":\"es\",\"@id\":\"https:\\\/\\\/lospoliticosveracruz.com\\\/?p=93648#primaryimage\",\"url\":\"https:\\\/\\\/lospoliticosveracruz.com\\\/wp-content\\\/uploads\\\/2019\\\/10\\\/Enrique-Nach\u00f3n-Garc\u00eda.jpg\",\"contentUrl\":\"https:\\\/\\\/lospoliticosveracruz.com\\\/wp-content\\\/uploads\\\/2019\\\/10\\\/Enrique-Nach\u00f3n-Garc\u00eda.jpg\",\"width\":600,\"height\":360},{\"@type\":\"BreadcrumbList\",\"@id\":\"https:\\\/\\\/lospoliticosveracruz.com\\\/?p=93648#breadcrumb\",\"itemListElement\":[{\"@type\":\"ListItem\",\"position\":1,\"name\":\"Portada\",\"item\":\"https:\\\/\\\/lospoliticosveracruz.com\\\/\"},{\"@type\":\"ListItem\",\"position\":2,\"name\":\"Cero concesiones a empresa chelera!\"}]},{\"@type\":\"WebSite\",\"@id\":\"https:\\\/\\\/lospoliticosveracruz.com\\\/#website\",\"url\":\"https:\\\/\\\/lospoliticosveracruz.com\\\/\",\"name\":\"Los pol\u00edticos Veracruz\",\"description\":\"\",\"publisher\":{\"@id\":\"https:\\\/\\\/lospoliticosveracruz.com\\\/#organization\"},\"potentialAction\":[{\"@type\":\"SearchAction\",\"target\":{\"@type\":\"EntryPoint\",\"urlTemplate\":\"https:\\\/\\\/lospoliticosveracruz.com\\\/?s={search_term_string}\"},\"query-input\":{\"@type\":\"PropertyValueSpecification\",\"valueRequired\":true,\"valueName\":\"search_term_string\"}}],\"inLanguage\":\"es\"},{\"@type\":\"Organization\",\"@id\":\"https:\\\/\\\/lospoliticosveracruz.com\\\/#organization\",\"name\":\"Los pol\u00edticos Veracruz\",\"url\":\"https:\\\/\\\/lospoliticosveracruz.com\\\/\",\"logo\":{\"@type\":\"ImageObject\",\"inLanguage\":\"es\",\"@id\":\"https:\\\/\\\/lospoliticosveracruz.com\\\/#\\\/schema\\\/logo\\\/image\\\/\",\"url\":\"https:\\\/\\\/lospoliticosveracruz.com\\\/wp-content\\\/uploads\\\/2025\\\/12\\\/Logo-Nuevo-LOS-POLITICOS-1.jpg\",\"contentUrl\":\"https:\\\/\\\/lospoliticosveracruz.com\\\/wp-content\\\/uploads\\\/2025\\\/12\\\/Logo-Nuevo-LOS-POLITICOS-1.jpg\",\"width\":260,\"height\":70,\"caption\":\"Los pol\u00edticos Veracruz\"},\"image\":{\"@id\":\"https:\\\/\\\/lospoliticosveracruz.com\\\/#\\\/schema\\\/logo\\\/image\\\/\"},\"sameAs\":[\"https:\\\/\\\/www.facebook.com\\\/people\\\/Notimemes-de-los-Polticos\\\/61565672886568\\\/\",\"https:\\\/\\\/x.com\\\/LosPoliticosVer\"]},{\"@type\":\"Person\",\"@id\":\"https:\\\/\\\/lospoliticosveracruz.com\\\/#\\\/schema\\\/person\\\/b8702bb0e538456e6efd07080bf2a4a2\",\"name\":\"Lo viste en Los Pol\u00edticos\",\"image\":{\"@type\":\"ImageObject\",\"inLanguage\":\"es\",\"@id\":\"https:\\\/\\\/secure.gravatar.com\\\/avatar\\\/3a8de04a2656d44082be478bd6c086daa447c4651605818287b9532d3d0bd435?s=96&d=mm&r=g\",\"url\":\"https:\\\/\\\/secure.gravatar.com\\\/avatar\\\/3a8de04a2656d44082be478bd6c086daa447c4651605818287b9532d3d0bd435?s=96&d=mm&r=g\",\"contentUrl\":\"https:\\\/\\\/secure.gravatar.com\\\/avatar\\\/3a8de04a2656d44082be478bd6c086daa447c4651605818287b9532d3d0bd435?s=96&d=mm&r=g\",\"caption\":\"Lo viste en Los Pol\u00edticos\"},\"url\":\"https:\\\/\\\/lospoliticosveracruz.com\\\/?author=2\"}]}<\/script>\n<!-- \/ Yoast SEO plugin. -->","yoast_head_json":{"title":"Cero concesiones a empresa chelera! - Los pol\u00edticos Veracruz","robots":{"index":"index","follow":"follow","max-snippet":"max-snippet:-1","max-image-preview":"max-image-preview:large","max-video-preview":"max-video-preview:-1"},"canonical":"https:\/\/lospoliticosveracruz.com\/?p=93648","og_locale":"es_ES","og_type":"article","og_title":"Cero concesiones a empresa chelera! - Los pol\u00edticos Veracruz","og_description":"Karla M\u00e9ndezElementos Mx\/ XalapaEl titular de la Secretar\u00eda de Desarrollo Econ\u00f3mico y Portuario(Sedecop) Enrique Nach\u00f3n Garc\u00eda, rechaz\u00f3 que se hayan otorgado nuevas concesiones de agua para la Cervecera Constellation Brands. Mencion\u00f3 que la empresa har\u00e1 uso de concesiones no utilizadas por medio de transmisi\u00f3n de derechos para acceder al agua proveniente del acu\u00edfero Costera de [&hellip;]","og_url":"https:\/\/lospoliticosveracruz.com\/?p=93648","og_site_name":"Los pol\u00edticos Veracruz","article_publisher":"https:\/\/www.facebook.com\/people\/Notimemes-de-los-Polticos\/61565672886568\/","article_published_time":"2022-08-08T15:57:04+00:00","article_modified_time":"2022-08-08T15:57:12+00:00","og_image":[{"width":600,"height":360,"url":"https:\/\/lospoliticosveracruz.com\/wp-content\/uploads\/2019\/10\/Enrique-Nach\u00f3n-Garc\u00eda.jpg","type":"image\/jpeg"}],"author":"Lo viste en Los Pol\u00edticos","twitter_card":"summary_large_image","twitter_creator":"@LosPoliticosVer","twitter_site":"@LosPoliticosVer","twitter_misc":{"Escrito por":"Lo viste en Los Pol\u00edticos","Tiempo de lectura":"1 minuto"},"schema":{"@context":"https:\/\/schema.org","@graph":[{"@type":"Article","@id":"https:\/\/lospoliticosveracruz.com\/?p=93648#article","isPartOf":{"@id":"https:\/\/lospoliticosveracruz.com\/?p=93648"},"author":{"name":"Lo viste en Los Pol\u00edticos","@id":"https:\/\/lospoliticosveracruz.com\/#\/schema\/person\/b8702bb0e538456e6efd07080bf2a4a2"},"headline":"Cero concesiones a empresa chelera!","datePublished":"2022-08-08T15:57:04+00:00","dateModified":"2022-08-08T15:57:12+00:00","mainEntityOfPage":{"@id":"https:\/\/lospoliticosveracruz.com\/?p=93648"},"wordCount":306,"publisher":{"@id":"https:\/\/lospoliticosveracruz.com\/#organization"},"image":{"@id":"https:\/\/lospoliticosveracruz.com\/?p=93648#primaryimage"},"thumbnailUrl":"https:\/\/lospoliticosveracruz.com\/wp-content\/uploads\/2019\/10\/Enrique-Nach\u00f3n-Garc\u00eda.jpg","keywords":["Agua","Constellation Brands","Morena","Sedecop","Veracruz"],"articleSection":["La Nota"],"inLanguage":"es"},{"@type":"WebPage","@id":"https:\/\/lospoliticosveracruz.com\/?p=93648","url":"https:\/\/lospoliticosveracruz.com\/?p=93648","name":"Cero concesiones a empresa chelera! - Los pol\u00edticos Veracruz","isPartOf":{"@id":"https:\/\/lospoliticosveracruz.com\/#website"},"primaryImageOfPage":{"@id":"https:\/\/lospoliticosveracruz.com\/?p=93648#primaryimage"},"image":{"@id":"https:\/\/lospoliticosveracruz.com\/?p=93648#primaryimage"},"thumbnailUrl":"https:\/\/lospoliticosveracruz.com\/wp-content\/uploads\/2019\/10\/Enrique-Nach\u00f3n-Garc\u00eda.jpg","datePublished":"2022-08-08T15:57:04+00:00","dateModified":"2022-08-08T15:57:12+00:00","breadcrumb":{"@id":"https:\/\/lospoliticosveracruz.com\/?p=93648#breadcrumb"},"inLanguage":"es","potentialAction":[{"@type":"ReadAction","target":["https:\/\/lospoliticosveracruz.com\/?p=93648"]}]},{"@type":"ImageObject","inLanguage":"es","@id":"https:\/\/lospoliticosveracruz.com\/?p=93648#primaryimage","url":"https:\/\/lospoliticosveracruz.com\/wp-content\/uploads\/2019\/10\/Enrique-Nach\u00f3n-Garc\u00eda.jpg","contentUrl":"https:\/\/lospoliticosveracruz.com\/wp-content\/uploads\/2019\/10\/Enrique-Nach\u00f3n-Garc\u00eda.jpg","width":600,"height":360},{"@type":"BreadcrumbList","@id":"https:\/\/lospoliticosveracruz.com\/?p=93648#breadcrumb","itemListElement":[{"@type":"ListItem","position":1,"name":"Portada","item":"https:\/\/lospoliticosveracruz.com\/"},{"@type":"ListItem","position":2,"name":"Cero concesiones a empresa chelera!"}]},{"@type":"WebSite","@id":"https:\/\/lospoliticosveracruz.com\/#website","url":"https:\/\/lospoliticosveracruz.com\/","name":"Los pol\u00edticos Veracruz","description":"","publisher":{"@id":"https:\/\/lospoliticosveracruz.com\/#organization"},"potentialAction":[{"@type":"SearchAction","target":{"@type":"EntryPoint","urlTemplate":"https:\/\/lospoliticosveracruz.com\/?s={search_term_string}"},"query-input":{"@type":"PropertyValueSpecification","valueRequired":true,"valueName":"search_term_string"}}],"inLanguage":"es"},{"@type":"Organization","@id":"https:\/\/lospoliticosveracruz.com\/#organization","name":"Los pol\u00edticos Veracruz","url":"https:\/\/lospoliticosveracruz.com\/","logo":{"@type":"ImageObject","inLanguage":"es","@id":"https:\/\/lospoliticosveracruz.com\/#\/schema\/logo\/image\/","url":"https:\/\/lospoliticosveracruz.com\/wp-content\/uploads\/2025\/12\/Logo-Nuevo-LOS-POLITICOS-1.jpg","contentUrl":"https:\/\/lospoliticosveracruz.com\/wp-content\/uploads\/2025\/12\/Logo-Nuevo-LOS-POLITICOS-1.jpg","width":260,"height":70,"caption":"Los pol\u00edticos Veracruz"},"image":{"@id":"https:\/\/lospoliticosveracruz.com\/#\/schema\/logo\/image\/"},"sameAs":["https:\/\/www.facebook.com\/people\/Notimemes-de-los-Polticos\/61565672886568\/","https:\/\/x.com\/LosPoliticosVer"]},{"@type":"Person","@id":"https:\/\/lospoliticosveracruz.com\/#\/schema\/person\/b8702bb0e538456e6efd07080bf2a4a2","name":"Lo viste en Los Pol\u00edticos","image":{"@type":"ImageObject","inLanguage":"es","@id":"https:\/\/secure.gravatar.com\/avatar\/3a8de04a2656d44082be478bd6c086daa447c4651605818287b9532d3d0bd435?s=96&d=mm&r=g","url":"https:\/\/secure.gravatar.com\/avatar\/3a8de04a2656d44082be478bd6c086daa447c4651605818287b9532d3d0bd435?s=96&d=mm&r=g","contentUrl":"https:\/\/secure.gravatar.com\/avatar\/3a8de04a2656d44082be478bd6c086daa447c4651605818287b9532d3d0bd435?s=96&d=mm&r=g","caption":"Lo viste en Los Pol\u00edticos"},"url":"https:\/\/lospoliticosveracruz.com\/?author=2"}]}},"_links":{"self":[{"href":"https:\/\/lospoliticosveracruz.com\/index.php?rest_route=\/wp\/v2\/posts\/93648","targetHints":{"allow":["GET"]}}],"collection":[{"href":"https:\/\/lospoliticosveracruz.com\/index.php?rest_route=\/wp\/v2\/posts"}],"about":[{"href":"https:\/\/lospoliticosveracruz.com\/index.php?rest_route=\/wp\/v2\/types\/post"}],"author":[{"embeddable":true,"href":"https:\/\/lospoliticosveracruz.com\/index.php?rest_route=\/wp\/v2\/users\/2"}],"replies":[{"embeddable":true,"href":"https:\/\/lospoliticosveracruz.com\/index.php?rest_route=%2Fwp%2Fv2%2Fcomments&post=93648"}],"version-history":[{"count":1,"href":"https:\/\/lospoliticosveracruz.com\/index.php?rest_route=\/wp\/v2\/posts\/93648\/revisions"}],"predecessor-version":[{"id":93649,"href":"https:\/\/lospoliticosveracruz.com\/index.php?rest_route=\/wp\/v2\/posts\/93648\/revisions\/93649"}],"wp:featuredmedia":[{"embeddable":true,"href":"https:\/\/lospoliticosveracruz.com\/index.php?rest_route=\/wp\/v2\/media\/50177"}],"wp:attachment":[{"href":"https:\/\/lospoliticosveracruz.com\/index.php?rest_route=%2Fwp%2Fv2%2Fmedia&parent=93648"}],"wp:term":[{"taxonomy":"category","embeddable":true,"href":"https:\/\/lospoliticosveracruz.com\/index.php?rest_route=%2Fwp%2Fv2%2Fcategories&post=93648"},{"taxonomy":"post_tag","embeddable":true,"href":"https:\/\/lospoliticosveracruz.com\/index.php?rest_route=%2Fwp%2Fv2%2Ftags&post=93648"}],"curies":[{"name":"wp","href":"https:\/\/api.w.org\/{rel}","templated":true}]}}