{"id":93756,"date":"2022-08-10T07:48:12","date_gmt":"2022-08-10T12:48:12","guid":{"rendered":"https:\/\/lospoliticosveracruz.com.mx\/?p=93756"},"modified":"2022-08-10T07:48:18","modified_gmt":"2022-08-10T12:48:18","slug":"rocio-nahle-un-desgaste-tempranero","status":"publish","type":"post","link":"https:\/\/lospoliticosveracruz.com\/?p=93756","title":{"rendered":"Roc\u00edo Nahle; un desgaste tempranero"},"content":{"rendered":"\n<p><\/p>\n\n\n\n<p><strong>Bernardo Guti\u00e9rrez Parra<\/strong><br><em>Desde el Caf\u00e9<\/em><br>Lo cuento como me lo contaron y lo que me contaron es que Roc\u00edo Nahle est\u00e1 preocupada y turbada porque la Ley que lleva su nombre, y le facilitar\u00e1 ser candidata de Morena a la gubernatura de Veracruz sali\u00f3 contraproducente. Y es que la zarandeada que le han dado los veracruzanos de a pie ha sido b\u00e1rbara.<\/p>\n\n\n\n<div class=\"wp-block-image\"><figure class=\"alignleft size-medium\"><a href=\"https:\/\/lospoliticosveracruz.com.mx\/wp-content\/uploads\/2021\/10\/Zacauilt.jpg\"><img decoding=\"async\" src=\"https:\/\/lospoliticosveracruz.com.mx\/wp-content\/uploads\/2021\/10\/Zacauilt-150x300.jpg\" alt=\"\" class=\"wp-image-80558\"\/><\/a><\/figure><\/div>\n\n\n\n<p>\u201cDe dos semanas para ac\u00e1 todo ha salido mal. Sali\u00f3 mal lo de la encuesta y sali\u00f3 mal lo de la reforma al 11 constitucional porque se la han acabado en las redes. Roci\u00f3 est\u00e1 mortificada porque no la quieren en su tierra adoptiva\u201d, me dijeron.<\/p>\n\n\n\n<p>\u00a1Vaya hombre!, hasta que se dio cuenta la se\u00f1ora.<\/p>\n\n\n\n<p>Vamos por partes; la encuesta que mand\u00f3 hacer Morena y se dio a conocer en julio es pat\u00e9tica de tan burda. Roc\u00edo Nahle aparece con 34% de las preferencias, muy por arriba de Ricardo Ahued que est\u00e1 con el 16%. Le siguen Juan Javier G\u00f3mez Cazar\u00edn con 8.6%, Zenyazen Escobar con 8.3% y Manuel Huerta con 7.4%.<\/p>\n\n\n\n<p>Pero donde se tuerce muy feo es con Eric Cisneros al que le da un imposible 6.2% de aceptaci\u00f3n. Y es que nadie cree en un porcentaje tan alto para el funcionario m\u00e1s detestado de la entidad. Cierran la \u201cencuesta\u201d (de alguna manera hay que llamarla) Sergio Guti\u00e9rrez con 4.6% y Jos\u00e9 Luis Lima Franco con 3.3%, porcentajes tambi\u00e9n imposibles pues en cualquier encuesta seria est\u00e1n mejor calificados.<\/p>\n\n\n\n<p>Si la encuesta fue un fiasco, el remiendo al 11 constitucional estuvo peor. Si los legisladores morenos pensaron que los veracruzanos se echar\u00edan a las calles a festejar la posibilidad de tener una gobernadora zacatecana, se equivocaron en redondo porque en respuesta, la hicieron pedazos en las redes.<\/p>\n\n\n\n<p>\u201cNunca se ha granjeado nuestro respeto, tampoco nuestro afecto y mucho menos nuestro cari\u00f1o, sin contar con que no ha hecho nada por la entidad. Y que nom\u00e1s de repente venga a decirnos \u2018oigan, quiero ser su pr\u00f3xima gobernadora\u2019 pues como que no, \u00bfverdad?\u201d me dijo un analista de caf\u00e9.<\/p>\n\n\n\n<p>Tiene raz\u00f3n el gobernador Cuitl\u00e1huac Garc\u00eda cuando dice que Roc\u00edo a\u00fan no es candidata, pero no la tiene cuando asegura que la oposici\u00f3n le tiene miedo.<\/p>\n\n\n\n<p>Lo que le tienen es recelo y desconfianza. Y no es la oposici\u00f3n, son los veracruzanos.<\/p>\n\n\n\n<p>Queriendo brindarle su apoyo antes de tiempo, Cuitl\u00e1huac orden\u00f3 meterle mano a la Constituci\u00f3n de Veracruz y la volvi\u00f3 a regar porque eso es una ilegalidad que tumbar\u00e1 la Suprema Corte de Justicia de la Naci\u00f3n. Cosa que no ser\u00e1 impedimento para que Roc\u00edo sea candidata porque la ampara la Constituci\u00f3n Pol\u00edtica de los Estados Unidos Mexicanos.<\/p>\n\n\n\n<p>El asunto es que al destaparla tan temprano, el gobernador provoc\u00f3 (sin pensarlo, porque no piensa el se\u00f1or), un brutal golpeteo contra la zacatecana que la har\u00e1 llegar m\u00e1s desgastada que un zapato viejo a la contienda electoral. Claro, si resulta agraciada con el \u201cresultado de las encuestas\u201d.<\/p>\n\n\n\n<p>En lo personal deseo que sea la elegida de Andr\u00e9s Manuel; nada me dar\u00e1 m\u00e1s gusto que verla convertida en candidata.<\/p>\n\n\n\n<p>bernardogup@hotmail.com<\/p>\n","protected":false},"excerpt":{"rendered":"<p>Bernardo Guti\u00e9rrez ParraDesde el Caf\u00e9Lo cuento como me lo contaron y lo que me contaron es que Roc\u00edo Nahle est\u00e1 preocupada y turbada porque la Ley que lleva su nombre, y le facilitar\u00e1 ser candidata de Morena a la gubernatura de Veracruz sali\u00f3 contraproducente. Y es que la zarandeada que le han dado los veracruzanos [&hellip;]<\/p>\n","protected":false},"author":2,"featured_media":0,"comment_status":"closed","ping_status":"closed","sticky":false,"template":"","format":"standard","meta":{"tdm_status":"","tdm_grid_status":"","footnotes":""},"categories":[70],"tags":[34206,1563,1026,3578,195],"class_list":{"0":"post-93756","1":"post","2":"type-post","3":"status-publish","4":"format-standard","6":"category-de-opinion","7":"tag-bernardo-gutierrez-parra","8":"tag-cuitlahuac-garcia-jimenez","9":"tag-morena","10":"tag-rocio-nahle","11":"tag-veracruz"},"yoast_head":"<!-- This site is optimized with the Yoast SEO plugin v27.4 - https:\/\/yoast.com\/product\/yoast-seo-wordpress\/ -->\n<title>Roc\u00edo Nahle; un desgaste tempranero - Los pol\u00edticos Veracruz<\/title>\n<meta name=\"robots\" content=\"index, follow, max-snippet:-1, max-image-preview:large, max-video-preview:-1\" \/>\n<link rel=\"canonical\" href=\"https:\/\/lospoliticosveracruz.com\/?p=93756\" \/>\n<meta property=\"og:locale\" content=\"es_ES\" \/>\n<meta property=\"og:type\" content=\"article\" \/>\n<meta property=\"og:title\" content=\"Roc\u00edo Nahle; un desgaste tempranero - Los pol\u00edticos Veracruz\" \/>\n<meta property=\"og:description\" content=\"Bernardo Guti\u00e9rrez ParraDesde el Caf\u00e9Lo cuento como me lo contaron y lo que me contaron es que Roc\u00edo Nahle est\u00e1 preocupada y turbada porque la Ley que lleva su nombre, y le facilitar\u00e1 ser candidata de Morena a la gubernatura de Veracruz sali\u00f3 contraproducente. Y es que la zarandeada que le han dado los veracruzanos [&hellip;]\" \/>\n<meta property=\"og:url\" content=\"https:\/\/lospoliticosveracruz.com\/?p=93756\" \/>\n<meta property=\"og:site_name\" content=\"Los pol\u00edticos Veracruz\" \/>\n<meta property=\"article:publisher\" content=\"https:\/\/www.facebook.com\/people\/Notimemes-de-los-Polticos\/61565672886568\/\" \/>\n<meta property=\"article:published_time\" content=\"2022-08-10T12:48:12+00:00\" \/>\n<meta property=\"article:modified_time\" content=\"2022-08-10T12:48:18+00:00\" \/>\n<meta property=\"og:image\" content=\"https:\/\/lospoliticosveracruz.com.mx\/wp-content\/uploads\/2021\/10\/Zacauilt-150x300.jpg\" \/>\n<meta name=\"author\" content=\"Lo viste en Los Pol\u00edticos\" \/>\n<meta name=\"twitter:card\" content=\"summary_large_image\" \/>\n<meta name=\"twitter:creator\" content=\"@LosPoliticosVer\" \/>\n<meta name=\"twitter:site\" content=\"@LosPoliticosVer\" \/>\n<meta name=\"twitter:label1\" content=\"Escrito por\" \/>\n\t<meta name=\"twitter:data1\" content=\"Lo viste en Los Pol\u00edticos\" \/>\n\t<meta name=\"twitter:label2\" content=\"Tiempo de lectura\" \/>\n\t<meta name=\"twitter:data2\" content=\"3 minutos\" \/>\n<script type=\"application\/ld+json\" class=\"yoast-schema-graph\">{\"@context\":\"https:\\\/\\\/schema.org\",\"@graph\":[{\"@type\":\"Article\",\"@id\":\"https:\\\/\\\/lospoliticosveracruz.com\\\/?p=93756#article\",\"isPartOf\":{\"@id\":\"https:\\\/\\\/lospoliticosveracruz.com\\\/?p=93756\"},\"author\":{\"name\":\"Lo viste en Los Pol\u00edticos\",\"@id\":\"https:\\\/\\\/lospoliticosveracruz.com\\\/#\\\/schema\\\/person\\\/b8702bb0e538456e6efd07080bf2a4a2\"},\"headline\":\"Roc\u00edo Nahle; un desgaste tempranero\",\"datePublished\":\"2022-08-10T12:48:12+00:00\",\"dateModified\":\"2022-08-10T12:48:18+00:00\",\"mainEntityOfPage\":{\"@id\":\"https:\\\/\\\/lospoliticosveracruz.com\\\/?p=93756\"},\"wordCount\":542,\"publisher\":{\"@id\":\"https:\\\/\\\/lospoliticosveracruz.com\\\/#organization\"},\"image\":{\"@id\":\"https:\\\/\\\/lospoliticosveracruz.com\\\/?p=93756#primaryimage\"},\"thumbnailUrl\":\"https:\\\/\\\/lospoliticosveracruz.com.mx\\\/wp-content\\\/uploads\\\/2021\\\/10\\\/Zacauilt-150x300.jpg\",\"keywords\":[\"Bernardo Guti\u00e9rrez Parra\",\"Cuitl\u00e1huac Garc\u00eda Jim\u00e9nez\",\"Morena\",\"Roc\u00edo Nahle\",\"Veracruz\"],\"articleSection\":[\"De Opini\u00f3n\"],\"inLanguage\":\"es\"},{\"@type\":\"WebPage\",\"@id\":\"https:\\\/\\\/lospoliticosveracruz.com\\\/?p=93756\",\"url\":\"https:\\\/\\\/lospoliticosveracruz.com\\\/?p=93756\",\"name\":\"Roc\u00edo Nahle; un desgaste tempranero - Los pol\u00edticos Veracruz\",\"isPartOf\":{\"@id\":\"https:\\\/\\\/lospoliticosveracruz.com\\\/#website\"},\"primaryImageOfPage\":{\"@id\":\"https:\\\/\\\/lospoliticosveracruz.com\\\/?p=93756#primaryimage\"},\"image\":{\"@id\":\"https:\\\/\\\/lospoliticosveracruz.com\\\/?p=93756#primaryimage\"},\"thumbnailUrl\":\"https:\\\/\\\/lospoliticosveracruz.com.mx\\\/wp-content\\\/uploads\\\/2021\\\/10\\\/Zacauilt-150x300.jpg\",\"datePublished\":\"2022-08-10T12:48:12+00:00\",\"dateModified\":\"2022-08-10T12:48:18+00:00\",\"breadcrumb\":{\"@id\":\"https:\\\/\\\/lospoliticosveracruz.com\\\/?p=93756#breadcrumb\"},\"inLanguage\":\"es\",\"potentialAction\":[{\"@type\":\"ReadAction\",\"target\":[\"https:\\\/\\\/lospoliticosveracruz.com\\\/?p=93756\"]}]},{\"@type\":\"ImageObject\",\"inLanguage\":\"es\",\"@id\":\"https:\\\/\\\/lospoliticosveracruz.com\\\/?p=93756#primaryimage\",\"url\":\"https:\\\/\\\/lospoliticosveracruz.com.mx\\\/wp-content\\\/uploads\\\/2021\\\/10\\\/Zacauilt-150x300.jpg\",\"contentUrl\":\"https:\\\/\\\/lospoliticosveracruz.com.mx\\\/wp-content\\\/uploads\\\/2021\\\/10\\\/Zacauilt-150x300.jpg\"},{\"@type\":\"BreadcrumbList\",\"@id\":\"https:\\\/\\\/lospoliticosveracruz.com\\\/?p=93756#breadcrumb\",\"itemListElement\":[{\"@type\":\"ListItem\",\"position\":1,\"name\":\"Portada\",\"item\":\"https:\\\/\\\/lospoliticosveracruz.com\\\/\"},{\"@type\":\"ListItem\",\"position\":2,\"name\":\"Roc\u00edo Nahle; un desgaste tempranero\"}]},{\"@type\":\"WebSite\",\"@id\":\"https:\\\/\\\/lospoliticosveracruz.com\\\/#website\",\"url\":\"https:\\\/\\\/lospoliticosveracruz.com\\\/\",\"name\":\"Los pol\u00edticos Veracruz\",\"description\":\"\",\"publisher\":{\"@id\":\"https:\\\/\\\/lospoliticosveracruz.com\\\/#organization\"},\"potentialAction\":[{\"@type\":\"SearchAction\",\"target\":{\"@type\":\"EntryPoint\",\"urlTemplate\":\"https:\\\/\\\/lospoliticosveracruz.com\\\/?s={search_term_string}\"},\"query-input\":{\"@type\":\"PropertyValueSpecification\",\"valueRequired\":true,\"valueName\":\"search_term_string\"}}],\"inLanguage\":\"es\"},{\"@type\":\"Organization\",\"@id\":\"https:\\\/\\\/lospoliticosveracruz.com\\\/#organization\",\"name\":\"Los pol\u00edticos Veracruz\",\"url\":\"https:\\\/\\\/lospoliticosveracruz.com\\\/\",\"logo\":{\"@type\":\"ImageObject\",\"inLanguage\":\"es\",\"@id\":\"https:\\\/\\\/lospoliticosveracruz.com\\\/#\\\/schema\\\/logo\\\/image\\\/\",\"url\":\"https:\\\/\\\/lospoliticosveracruz.com\\\/wp-content\\\/uploads\\\/2025\\\/12\\\/Logo-Nuevo-LOS-POLITICOS-1.jpg\",\"contentUrl\":\"https:\\\/\\\/lospoliticosveracruz.com\\\/wp-content\\\/uploads\\\/2025\\\/12\\\/Logo-Nuevo-LOS-POLITICOS-1.jpg\",\"width\":260,\"height\":70,\"caption\":\"Los pol\u00edticos Veracruz\"},\"image\":{\"@id\":\"https:\\\/\\\/lospoliticosveracruz.com\\\/#\\\/schema\\\/logo\\\/image\\\/\"},\"sameAs\":[\"https:\\\/\\\/www.facebook.com\\\/people\\\/Notimemes-de-los-Polticos\\\/61565672886568\\\/\",\"https:\\\/\\\/x.com\\\/LosPoliticosVer\"]},{\"@type\":\"Person\",\"@id\":\"https:\\\/\\\/lospoliticosveracruz.com\\\/#\\\/schema\\\/person\\\/b8702bb0e538456e6efd07080bf2a4a2\",\"name\":\"Lo viste en Los Pol\u00edticos\",\"image\":{\"@type\":\"ImageObject\",\"inLanguage\":\"es\",\"@id\":\"https:\\\/\\\/secure.gravatar.com\\\/avatar\\\/3a8de04a2656d44082be478bd6c086daa447c4651605818287b9532d3d0bd435?s=96&d=mm&r=g\",\"url\":\"https:\\\/\\\/secure.gravatar.com\\\/avatar\\\/3a8de04a2656d44082be478bd6c086daa447c4651605818287b9532d3d0bd435?s=96&d=mm&r=g\",\"contentUrl\":\"https:\\\/\\\/secure.gravatar.com\\\/avatar\\\/3a8de04a2656d44082be478bd6c086daa447c4651605818287b9532d3d0bd435?s=96&d=mm&r=g\",\"caption\":\"Lo viste en Los Pol\u00edticos\"},\"url\":\"https:\\\/\\\/lospoliticosveracruz.com\\\/?author=2\"}]}<\/script>\n<!-- \/ Yoast SEO plugin. -->","yoast_head_json":{"title":"Roc\u00edo Nahle; un desgaste tempranero - Los pol\u00edticos Veracruz","robots":{"index":"index","follow":"follow","max-snippet":"max-snippet:-1","max-image-preview":"max-image-preview:large","max-video-preview":"max-video-preview:-1"},"canonical":"https:\/\/lospoliticosveracruz.com\/?p=93756","og_locale":"es_ES","og_type":"article","og_title":"Roc\u00edo Nahle; un desgaste tempranero - Los pol\u00edticos Veracruz","og_description":"Bernardo Guti\u00e9rrez ParraDesde el Caf\u00e9Lo cuento como me lo contaron y lo que me contaron es que Roc\u00edo Nahle est\u00e1 preocupada y turbada porque la Ley que lleva su nombre, y le facilitar\u00e1 ser candidata de Morena a la gubernatura de Veracruz sali\u00f3 contraproducente. Y es que la zarandeada que le han dado los veracruzanos [&hellip;]","og_url":"https:\/\/lospoliticosveracruz.com\/?p=93756","og_site_name":"Los pol\u00edticos Veracruz","article_publisher":"https:\/\/www.facebook.com\/people\/Notimemes-de-los-Polticos\/61565672886568\/","article_published_time":"2022-08-10T12:48:12+00:00","article_modified_time":"2022-08-10T12:48:18+00:00","og_image":[{"url":"https:\/\/lospoliticosveracruz.com.mx\/wp-content\/uploads\/2021\/10\/Zacauilt-150x300.jpg","type":"","width":"","height":""}],"author":"Lo viste en Los Pol\u00edticos","twitter_card":"summary_large_image","twitter_creator":"@LosPoliticosVer","twitter_site":"@LosPoliticosVer","twitter_misc":{"Escrito por":"Lo viste en Los Pol\u00edticos","Tiempo de lectura":"3 minutos"},"schema":{"@context":"https:\/\/schema.org","@graph":[{"@type":"Article","@id":"https:\/\/lospoliticosveracruz.com\/?p=93756#article","isPartOf":{"@id":"https:\/\/lospoliticosveracruz.com\/?p=93756"},"author":{"name":"Lo viste en Los Pol\u00edticos","@id":"https:\/\/lospoliticosveracruz.com\/#\/schema\/person\/b8702bb0e538456e6efd07080bf2a4a2"},"headline":"Roc\u00edo Nahle; un desgaste tempranero","datePublished":"2022-08-10T12:48:12+00:00","dateModified":"2022-08-10T12:48:18+00:00","mainEntityOfPage":{"@id":"https:\/\/lospoliticosveracruz.com\/?p=93756"},"wordCount":542,"publisher":{"@id":"https:\/\/lospoliticosveracruz.com\/#organization"},"image":{"@id":"https:\/\/lospoliticosveracruz.com\/?p=93756#primaryimage"},"thumbnailUrl":"https:\/\/lospoliticosveracruz.com.mx\/wp-content\/uploads\/2021\/10\/Zacauilt-150x300.jpg","keywords":["Bernardo Guti\u00e9rrez Parra","Cuitl\u00e1huac Garc\u00eda Jim\u00e9nez","Morena","Roc\u00edo Nahle","Veracruz"],"articleSection":["De Opini\u00f3n"],"inLanguage":"es"},{"@type":"WebPage","@id":"https:\/\/lospoliticosveracruz.com\/?p=93756","url":"https:\/\/lospoliticosveracruz.com\/?p=93756","name":"Roc\u00edo Nahle; un desgaste tempranero - Los pol\u00edticos Veracruz","isPartOf":{"@id":"https:\/\/lospoliticosveracruz.com\/#website"},"primaryImageOfPage":{"@id":"https:\/\/lospoliticosveracruz.com\/?p=93756#primaryimage"},"image":{"@id":"https:\/\/lospoliticosveracruz.com\/?p=93756#primaryimage"},"thumbnailUrl":"https:\/\/lospoliticosveracruz.com.mx\/wp-content\/uploads\/2021\/10\/Zacauilt-150x300.jpg","datePublished":"2022-08-10T12:48:12+00:00","dateModified":"2022-08-10T12:48:18+00:00","breadcrumb":{"@id":"https:\/\/lospoliticosveracruz.com\/?p=93756#breadcrumb"},"inLanguage":"es","potentialAction":[{"@type":"ReadAction","target":["https:\/\/lospoliticosveracruz.com\/?p=93756"]}]},{"@type":"ImageObject","inLanguage":"es","@id":"https:\/\/lospoliticosveracruz.com\/?p=93756#primaryimage","url":"https:\/\/lospoliticosveracruz.com.mx\/wp-content\/uploads\/2021\/10\/Zacauilt-150x300.jpg","contentUrl":"https:\/\/lospoliticosveracruz.com.mx\/wp-content\/uploads\/2021\/10\/Zacauilt-150x300.jpg"},{"@type":"BreadcrumbList","@id":"https:\/\/lospoliticosveracruz.com\/?p=93756#breadcrumb","itemListElement":[{"@type":"ListItem","position":1,"name":"Portada","item":"https:\/\/lospoliticosveracruz.com\/"},{"@type":"ListItem","position":2,"name":"Roc\u00edo Nahle; un desgaste tempranero"}]},{"@type":"WebSite","@id":"https:\/\/lospoliticosveracruz.com\/#website","url":"https:\/\/lospoliticosveracruz.com\/","name":"Los pol\u00edticos Veracruz","description":"","publisher":{"@id":"https:\/\/lospoliticosveracruz.com\/#organization"},"potentialAction":[{"@type":"SearchAction","target":{"@type":"EntryPoint","urlTemplate":"https:\/\/lospoliticosveracruz.com\/?s={search_term_string}"},"query-input":{"@type":"PropertyValueSpecification","valueRequired":true,"valueName":"search_term_string"}}],"inLanguage":"es"},{"@type":"Organization","@id":"https:\/\/lospoliticosveracruz.com\/#organization","name":"Los pol\u00edticos Veracruz","url":"https:\/\/lospoliticosveracruz.com\/","logo":{"@type":"ImageObject","inLanguage":"es","@id":"https:\/\/lospoliticosveracruz.com\/#\/schema\/logo\/image\/","url":"https:\/\/lospoliticosveracruz.com\/wp-content\/uploads\/2025\/12\/Logo-Nuevo-LOS-POLITICOS-1.jpg","contentUrl":"https:\/\/lospoliticosveracruz.com\/wp-content\/uploads\/2025\/12\/Logo-Nuevo-LOS-POLITICOS-1.jpg","width":260,"height":70,"caption":"Los pol\u00edticos Veracruz"},"image":{"@id":"https:\/\/lospoliticosveracruz.com\/#\/schema\/logo\/image\/"},"sameAs":["https:\/\/www.facebook.com\/people\/Notimemes-de-los-Polticos\/61565672886568\/","https:\/\/x.com\/LosPoliticosVer"]},{"@type":"Person","@id":"https:\/\/lospoliticosveracruz.com\/#\/schema\/person\/b8702bb0e538456e6efd07080bf2a4a2","name":"Lo viste en Los Pol\u00edticos","image":{"@type":"ImageObject","inLanguage":"es","@id":"https:\/\/secure.gravatar.com\/avatar\/3a8de04a2656d44082be478bd6c086daa447c4651605818287b9532d3d0bd435?s=96&d=mm&r=g","url":"https:\/\/secure.gravatar.com\/avatar\/3a8de04a2656d44082be478bd6c086daa447c4651605818287b9532d3d0bd435?s=96&d=mm&r=g","contentUrl":"https:\/\/secure.gravatar.com\/avatar\/3a8de04a2656d44082be478bd6c086daa447c4651605818287b9532d3d0bd435?s=96&d=mm&r=g","caption":"Lo viste en Los Pol\u00edticos"},"url":"https:\/\/lospoliticosveracruz.com\/?author=2"}]}},"_links":{"self":[{"href":"https:\/\/lospoliticosveracruz.com\/index.php?rest_route=\/wp\/v2\/posts\/93756","targetHints":{"allow":["GET"]}}],"collection":[{"href":"https:\/\/lospoliticosveracruz.com\/index.php?rest_route=\/wp\/v2\/posts"}],"about":[{"href":"https:\/\/lospoliticosveracruz.com\/index.php?rest_route=\/wp\/v2\/types\/post"}],"author":[{"embeddable":true,"href":"https:\/\/lospoliticosveracruz.com\/index.php?rest_route=\/wp\/v2\/users\/2"}],"replies":[{"embeddable":true,"href":"https:\/\/lospoliticosveracruz.com\/index.php?rest_route=%2Fwp%2Fv2%2Fcomments&post=93756"}],"version-history":[{"count":1,"href":"https:\/\/lospoliticosveracruz.com\/index.php?rest_route=\/wp\/v2\/posts\/93756\/revisions"}],"predecessor-version":[{"id":93757,"href":"https:\/\/lospoliticosveracruz.com\/index.php?rest_route=\/wp\/v2\/posts\/93756\/revisions\/93757"}],"wp:attachment":[{"href":"https:\/\/lospoliticosveracruz.com\/index.php?rest_route=%2Fwp%2Fv2%2Fmedia&parent=93756"}],"wp:term":[{"taxonomy":"category","embeddable":true,"href":"https:\/\/lospoliticosveracruz.com\/index.php?rest_route=%2Fwp%2Fv2%2Fcategories&post=93756"},{"taxonomy":"post_tag","embeddable":true,"href":"https:\/\/lospoliticosveracruz.com\/index.php?rest_route=%2Fwp%2Fv2%2Ftags&post=93756"}],"curies":[{"name":"wp","href":"https:\/\/api.w.org\/{rel}","templated":true}]}}