{"id":94002,"date":"2022-08-15T14:12:22","date_gmt":"2022-08-15T19:12:22","guid":{"rendered":"https:\/\/lospoliticosveracruz.com.mx\/?p=94002"},"modified":"2022-08-15T14:12:32","modified_gmt":"2022-08-15T19:12:32","slug":"mina-cheko-bola-8-y-caron","status":"publish","type":"post","link":"https:\/\/lospoliticosveracruz.com\/?p=94002","title":{"rendered":"Mina: Cheko, Bola 8 y Car\u00f3n"},"content":{"rendered":"\n<p><br><strong>Salvador Mu\u00f1oz<\/strong><br><em>Los Pol\u00edticos<\/em><\/p>\n\n\n\n<p>El Minatitl\u00e1n del domingo da para la cantidad de lecturas pol\u00edticas que el lector quiera, de acuerdo a c\u00f3mo se movi\u00f3 cada personaje que a continuaci\u00f3n comento\u2026<\/p>\n\n\n\n<figure class=\"wp-block-image size-full\"><a href=\"https:\/\/lospoliticosveracruz.com.mx\/wp-content\/uploads\/2022\/05\/Seguro-Julio-Cerecedo.jpg\"><img decoding=\"async\" src=\"https:\/\/lospoliticosveracruz.com.mx\/wp-content\/uploads\/2022\/05\/Seguro-Julio-Cerecedo.jpg\" alt=\"\" class=\"wp-image-90414\"\/><\/a><\/figure>\n\n\n\n<p><br>Por ejemplo, habr\u00e1 quienes vean en el Informe del diputado Sergio Guti\u00e9rrez Luna, no s\u00f3lo detalle de su trabajo tanto como legislador as\u00ed como de presidente de la C\u00e1mara de Diputados; incluso se podr\u00eda hablar de la cantidad as\u00ed como de la calidad de los presentes en tal evento, pero sobre todo, del mensaje que da Cheko no s\u00f3lo a los veracruzanos, sino a sus compa\u00f1eros de partido: no va a parar hasta el final, en su inter\u00e9s por buscar la candidatura a gobernador de Veracruz.<br>Rengl\u00f3n aparte merece una dama.<br>Lo interesante de este domingo en Mina fue conocer de cierto modo a la diputada federal por ese distrito, Rosalba Valencia Cruz, que es seguro que en todo lo que va del a\u00f1o, no hab\u00eda recibido tanta atenci\u00f3n, \u00a1ni en su casa! como la que tuvo en su Informe: diputados locales y federales; el alcalde de Mina, Amado Cruz Malpica; el titular de la SEV, Zenyazen Escobar y como cereza del pastel, el Jucopo, Juan Javier G\u00f3mez Cazar\u00edn. Por supuesto, la gran ausente fue la diputada local por el distrito, Jessica Ram\u00edrez Cisneros\u2026 \u00a1ella est\u00e1 con Cheko a morir!<br>As\u00ed, a grosso modo, son las lecturas simples que se pueden ver en el Minatitl\u00e1n del Domingo, pero hay otras dos que resultan m\u00e1s interesantes, tan interesantes que empiezan desde el s\u00e1bado:<br>Es claro que en Morena, al igual que en otros partidos, se compone de grupos, tribus, camarillas, o como quieran llamarlas, que est\u00e1n en pugna por el Poder.<br>Esa misma lucha es la misma en el PRI, PAN, PRD, hasta en Fuerza por M\u00e9xico (recuerden Jacky vs Tato) aunque se haga de otros modos\u2026 cada quien tiene su manera de matar pulgas\u2026 hay unos que son burdos que al hacerlo, tambi\u00e9n matan al perro o en el peor de los casos, se matan a s\u00ed mismos\u2026<br>Es obvio que uno de esos grupos al interior de Morena, se preocupa por empoderar a Sergio Guti\u00e9rrez Luna haci\u00e9ndolo m\u00e1rtir\u2026 \u00a1es su principal promotor!<br>Es obvio y queda claro que otro de esos grupos al interior de Morena, se ocupa de cerrarle de cualquier modo las puertas a Sergio Guti\u00e9rrez Luna\u2026<br>Dos formas con un objetivo: Sergio, pero con distintos enfoques\u2026<br>En el primero, aparece Bola 8, que cada vez que abre la boca, es un escupitajo p\u2019arriba\u2026<br>En el segundo, aparece el Car\u00f3n, quien moviendo a Rosalba Valencia Cruz, expuso el m\u00fasculo y la fuerza de este grupo que le manda un mensaje a Sergio Guti\u00e9rrez: \u201cSi no es Nahle, ser\u00e1 cualquiera de nosotros, menos t\u00fa\u2026\u201d<br>La segunda lectura creo que es la m\u00e1s interesante\u2026<br>Bola 8 entr\u00f3 a una etapa de culto a s\u00ed mismo, donde ya hasta su imagen se sobrepone a la del Gobernador con la zalamer\u00eda de algunos alcaldes, como el de Misantla; agregue su torcida idea de lo que implica el cargo que finge fungir como secretario de Gobierno que m\u00e1s parece de Turismo paseando en moto; y si a eso le sumamos por citar lo \u00faltimo, Sayula de Alem\u00e1n, nos habla de una pol\u00edtica de Gobierno hecha Bola.<br>Por el otro lado aparece G\u00f3mez Cazar\u00edn, quien de plano parece la mano derecha del Gobernador en el ejercicio de la pol\u00edtica interna que va desde el aparato de Gobierno hasta el de partido\u2026 lo del domingo es un bot\u00f3n de muestra de qui\u00e9n realmente trabaja la pol\u00edtica y lo del s\u00e1bado motorizado, de qui\u00e9n se sirve de la pol\u00edtica para sus fines personales.<br>Bola 8 parece que perdi\u00f3 la Br\u00fajula en el sentido de hacer equipo con el Gobernador\u2026 est\u00e1 m\u00e1s preocupado por andar en moto y maltratar animales (montarse \u00e9l en un caballo no se puede decir de otro modo) que atender la pol\u00edtica del Estado, entendida por Cisneros Burgos como Fiestas Patronales y enarbolar la bandera de la afroveracruzanidad, de donde es seguro que se monte para buscar una curul\u2026<br>A Cazar\u00edn hay que agregarle Zenyazen Escobar y por ah\u00ed Jos\u00e9 Luis Lima Franco, que parece ser el tridente de todas las confianzas del Gobernador\u2026<br>Las lecturas pues, son varias pero se concentran en esto: en Morena, como en cualquier otro partido, hay grupos y pugna por el poder\u2026 y este fin de semana se vio al menos tres: Sergio Guti\u00e9rrez Luna, por un lado; los de Cuitl\u00e1huac con Car\u00f3n, Zenyazen y Lima, por otro; y Bola, en moto\u2026<br>Esto es lo que nos deja el Domingo en Mina\u2026 y un poco del s\u00e1bado en la Cuenca\u2026<\/p>\n\n\n\n<p>smcainito@gmail.com<\/p>\n","protected":false},"excerpt":{"rendered":"<p>Salvador Mu\u00f1ozLos Pol\u00edticos El Minatitl\u00e1n del domingo da para la cantidad de lecturas pol\u00edticas que el lector quiera, de acuerdo a c\u00f3mo se movi\u00f3 cada personaje que a continuaci\u00f3n comento\u2026 Por ejemplo, habr\u00e1 quienes vean en el Informe del diputado Sergio Guti\u00e9rrez Luna, no s\u00f3lo detalle de su trabajo tanto como legislador as\u00ed como de [&hellip;]<\/p>\n","protected":false},"author":2,"featured_media":0,"comment_status":"closed","ping_status":"closed","sticky":false,"template":"","format":"standard","meta":{"tdm_status":"","tdm_grid_status":"","footnotes":""},"categories":[70],"tags":[5618,12299,13448,12695,201,24897,2646,16147],"class_list":{"0":"post-94002","1":"post","2":"type-post","3":"status-publish","4":"format-standard","6":"category-de-opinion","7":"tag-amado-cruz-malpica","8":"tag-eric-cisneros-burgos","9":"tag-jessica-ramirez-cisneros","10":"tag-juan-javier-gomez-cazarin","11":"tag-misantla","12":"tag-rosalba-valencia-cruz","13":"tag-salvador-munoz","14":"tag-sergio-gutierrez-luna"},"yoast_head":"<!-- This site is optimized with the Yoast SEO plugin v27.4 - https:\/\/yoast.com\/product\/yoast-seo-wordpress\/ -->\n<title>Mina: Cheko, Bola 8 y Car\u00f3n - Los pol\u00edticos Veracruz<\/title>\n<meta name=\"robots\" content=\"index, follow, max-snippet:-1, max-image-preview:large, max-video-preview:-1\" \/>\n<link rel=\"canonical\" href=\"https:\/\/lospoliticosveracruz.com\/?p=94002\" \/>\n<meta property=\"og:locale\" content=\"es_ES\" \/>\n<meta property=\"og:type\" content=\"article\" \/>\n<meta property=\"og:title\" content=\"Mina: Cheko, Bola 8 y Car\u00f3n - Los pol\u00edticos Veracruz\" \/>\n<meta property=\"og:description\" content=\"Salvador Mu\u00f1ozLos Pol\u00edticos El Minatitl\u00e1n del domingo da para la cantidad de lecturas pol\u00edticas que el lector quiera, de acuerdo a c\u00f3mo se movi\u00f3 cada personaje que a continuaci\u00f3n comento\u2026 Por ejemplo, habr\u00e1 quienes vean en el Informe del diputado Sergio Guti\u00e9rrez Luna, no s\u00f3lo detalle de su trabajo tanto como legislador as\u00ed como de [&hellip;]\" \/>\n<meta property=\"og:url\" content=\"https:\/\/lospoliticosveracruz.com\/?p=94002\" \/>\n<meta property=\"og:site_name\" content=\"Los pol\u00edticos Veracruz\" \/>\n<meta property=\"article:publisher\" content=\"https:\/\/www.facebook.com\/people\/Notimemes-de-los-Polticos\/61565672886568\/\" \/>\n<meta property=\"article:published_time\" content=\"2022-08-15T19:12:22+00:00\" \/>\n<meta property=\"article:modified_time\" content=\"2022-08-15T19:12:32+00:00\" \/>\n<meta property=\"og:image\" content=\"https:\/\/lospoliticosveracruz.com.mx\/wp-content\/uploads\/2022\/05\/Seguro-Julio-Cerecedo.jpg\" \/>\n<meta name=\"author\" content=\"Lo viste en Los Pol\u00edticos\" \/>\n<meta name=\"twitter:card\" content=\"summary_large_image\" \/>\n<meta name=\"twitter:creator\" content=\"@LosPoliticosVer\" \/>\n<meta name=\"twitter:site\" content=\"@LosPoliticosVer\" \/>\n<meta name=\"twitter:label1\" content=\"Escrito por\" \/>\n\t<meta name=\"twitter:data1\" content=\"Lo viste en Los Pol\u00edticos\" \/>\n\t<meta name=\"twitter:label2\" content=\"Tiempo de lectura\" \/>\n\t<meta name=\"twitter:data2\" content=\"4 minutos\" \/>\n<script type=\"application\/ld+json\" class=\"yoast-schema-graph\">{\"@context\":\"https:\\\/\\\/schema.org\",\"@graph\":[{\"@type\":\"Article\",\"@id\":\"https:\\\/\\\/lospoliticosveracruz.com\\\/?p=94002#article\",\"isPartOf\":{\"@id\":\"https:\\\/\\\/lospoliticosveracruz.com\\\/?p=94002\"},\"author\":{\"name\":\"Lo viste en Los Pol\u00edticos\",\"@id\":\"https:\\\/\\\/lospoliticosveracruz.com\\\/#\\\/schema\\\/person\\\/b8702bb0e538456e6efd07080bf2a4a2\"},\"headline\":\"Mina: Cheko, Bola 8 y Car\u00f3n\",\"datePublished\":\"2022-08-15T19:12:22+00:00\",\"dateModified\":\"2022-08-15T19:12:32+00:00\",\"mainEntityOfPage\":{\"@id\":\"https:\\\/\\\/lospoliticosveracruz.com\\\/?p=94002\"},\"wordCount\":837,\"publisher\":{\"@id\":\"https:\\\/\\\/lospoliticosveracruz.com\\\/#organization\"},\"image\":{\"@id\":\"https:\\\/\\\/lospoliticosveracruz.com\\\/?p=94002#primaryimage\"},\"thumbnailUrl\":\"https:\\\/\\\/lospoliticosveracruz.com.mx\\\/wp-content\\\/uploads\\\/2022\\\/05\\\/Seguro-Julio-Cerecedo.jpg\",\"keywords\":[\"Amado Cruz Malpica\",\"Eric Cisneros Burgos\",\"Jessica Ram\u00edrez Cisneros\",\"Juan Javier G\u00f3mez Cazar\u00edn\",\"Misantla\",\"Rosalba Valencia Cruz\",\"Salvador Mu\u00f1oz\",\"Sergio Guti\u00e9rrez Luna\"],\"articleSection\":[\"De Opini\u00f3n\"],\"inLanguage\":\"es\"},{\"@type\":\"WebPage\",\"@id\":\"https:\\\/\\\/lospoliticosveracruz.com\\\/?p=94002\",\"url\":\"https:\\\/\\\/lospoliticosveracruz.com\\\/?p=94002\",\"name\":\"Mina: Cheko, Bola 8 y Car\u00f3n - Los pol\u00edticos Veracruz\",\"isPartOf\":{\"@id\":\"https:\\\/\\\/lospoliticosveracruz.com\\\/#website\"},\"primaryImageOfPage\":{\"@id\":\"https:\\\/\\\/lospoliticosveracruz.com\\\/?p=94002#primaryimage\"},\"image\":{\"@id\":\"https:\\\/\\\/lospoliticosveracruz.com\\\/?p=94002#primaryimage\"},\"thumbnailUrl\":\"https:\\\/\\\/lospoliticosveracruz.com.mx\\\/wp-content\\\/uploads\\\/2022\\\/05\\\/Seguro-Julio-Cerecedo.jpg\",\"datePublished\":\"2022-08-15T19:12:22+00:00\",\"dateModified\":\"2022-08-15T19:12:32+00:00\",\"breadcrumb\":{\"@id\":\"https:\\\/\\\/lospoliticosveracruz.com\\\/?p=94002#breadcrumb\"},\"inLanguage\":\"es\",\"potentialAction\":[{\"@type\":\"ReadAction\",\"target\":[\"https:\\\/\\\/lospoliticosveracruz.com\\\/?p=94002\"]}]},{\"@type\":\"ImageObject\",\"inLanguage\":\"es\",\"@id\":\"https:\\\/\\\/lospoliticosveracruz.com\\\/?p=94002#primaryimage\",\"url\":\"https:\\\/\\\/lospoliticosveracruz.com.mx\\\/wp-content\\\/uploads\\\/2022\\\/05\\\/Seguro-Julio-Cerecedo.jpg\",\"contentUrl\":\"https:\\\/\\\/lospoliticosveracruz.com.mx\\\/wp-content\\\/uploads\\\/2022\\\/05\\\/Seguro-Julio-Cerecedo.jpg\"},{\"@type\":\"BreadcrumbList\",\"@id\":\"https:\\\/\\\/lospoliticosveracruz.com\\\/?p=94002#breadcrumb\",\"itemListElement\":[{\"@type\":\"ListItem\",\"position\":1,\"name\":\"Portada\",\"item\":\"https:\\\/\\\/lospoliticosveracruz.com\\\/\"},{\"@type\":\"ListItem\",\"position\":2,\"name\":\"Mina: Cheko, Bola 8 y Car\u00f3n\"}]},{\"@type\":\"WebSite\",\"@id\":\"https:\\\/\\\/lospoliticosveracruz.com\\\/#website\",\"url\":\"https:\\\/\\\/lospoliticosveracruz.com\\\/\",\"name\":\"Los pol\u00edticos Veracruz\",\"description\":\"\",\"publisher\":{\"@id\":\"https:\\\/\\\/lospoliticosveracruz.com\\\/#organization\"},\"potentialAction\":[{\"@type\":\"SearchAction\",\"target\":{\"@type\":\"EntryPoint\",\"urlTemplate\":\"https:\\\/\\\/lospoliticosveracruz.com\\\/?s={search_term_string}\"},\"query-input\":{\"@type\":\"PropertyValueSpecification\",\"valueRequired\":true,\"valueName\":\"search_term_string\"}}],\"inLanguage\":\"es\"},{\"@type\":\"Organization\",\"@id\":\"https:\\\/\\\/lospoliticosveracruz.com\\\/#organization\",\"name\":\"Los pol\u00edticos Veracruz\",\"url\":\"https:\\\/\\\/lospoliticosveracruz.com\\\/\",\"logo\":{\"@type\":\"ImageObject\",\"inLanguage\":\"es\",\"@id\":\"https:\\\/\\\/lospoliticosveracruz.com\\\/#\\\/schema\\\/logo\\\/image\\\/\",\"url\":\"https:\\\/\\\/lospoliticosveracruz.com\\\/wp-content\\\/uploads\\\/2025\\\/12\\\/Logo-Nuevo-LOS-POLITICOS-1.jpg\",\"contentUrl\":\"https:\\\/\\\/lospoliticosveracruz.com\\\/wp-content\\\/uploads\\\/2025\\\/12\\\/Logo-Nuevo-LOS-POLITICOS-1.jpg\",\"width\":260,\"height\":70,\"caption\":\"Los pol\u00edticos Veracruz\"},\"image\":{\"@id\":\"https:\\\/\\\/lospoliticosveracruz.com\\\/#\\\/schema\\\/logo\\\/image\\\/\"},\"sameAs\":[\"https:\\\/\\\/www.facebook.com\\\/people\\\/Notimemes-de-los-Polticos\\\/61565672886568\\\/\",\"https:\\\/\\\/x.com\\\/LosPoliticosVer\"]},{\"@type\":\"Person\",\"@id\":\"https:\\\/\\\/lospoliticosveracruz.com\\\/#\\\/schema\\\/person\\\/b8702bb0e538456e6efd07080bf2a4a2\",\"name\":\"Lo viste en Los Pol\u00edticos\",\"image\":{\"@type\":\"ImageObject\",\"inLanguage\":\"es\",\"@id\":\"https:\\\/\\\/secure.gravatar.com\\\/avatar\\\/3a8de04a2656d44082be478bd6c086daa447c4651605818287b9532d3d0bd435?s=96&d=mm&r=g\",\"url\":\"https:\\\/\\\/secure.gravatar.com\\\/avatar\\\/3a8de04a2656d44082be478bd6c086daa447c4651605818287b9532d3d0bd435?s=96&d=mm&r=g\",\"contentUrl\":\"https:\\\/\\\/secure.gravatar.com\\\/avatar\\\/3a8de04a2656d44082be478bd6c086daa447c4651605818287b9532d3d0bd435?s=96&d=mm&r=g\",\"caption\":\"Lo viste en Los Pol\u00edticos\"},\"url\":\"https:\\\/\\\/lospoliticosveracruz.com\\\/?author=2\"}]}<\/script>\n<!-- \/ Yoast SEO plugin. -->","yoast_head_json":{"title":"Mina: Cheko, Bola 8 y Car\u00f3n - Los pol\u00edticos Veracruz","robots":{"index":"index","follow":"follow","max-snippet":"max-snippet:-1","max-image-preview":"max-image-preview:large","max-video-preview":"max-video-preview:-1"},"canonical":"https:\/\/lospoliticosveracruz.com\/?p=94002","og_locale":"es_ES","og_type":"article","og_title":"Mina: Cheko, Bola 8 y Car\u00f3n - Los pol\u00edticos Veracruz","og_description":"Salvador Mu\u00f1ozLos Pol\u00edticos El Minatitl\u00e1n del domingo da para la cantidad de lecturas pol\u00edticas que el lector quiera, de acuerdo a c\u00f3mo se movi\u00f3 cada personaje que a continuaci\u00f3n comento\u2026 Por ejemplo, habr\u00e1 quienes vean en el Informe del diputado Sergio Guti\u00e9rrez Luna, no s\u00f3lo detalle de su trabajo tanto como legislador as\u00ed como de [&hellip;]","og_url":"https:\/\/lospoliticosveracruz.com\/?p=94002","og_site_name":"Los pol\u00edticos Veracruz","article_publisher":"https:\/\/www.facebook.com\/people\/Notimemes-de-los-Polticos\/61565672886568\/","article_published_time":"2022-08-15T19:12:22+00:00","article_modified_time":"2022-08-15T19:12:32+00:00","og_image":[{"url":"https:\/\/lospoliticosveracruz.com.mx\/wp-content\/uploads\/2022\/05\/Seguro-Julio-Cerecedo.jpg","type":"","width":"","height":""}],"author":"Lo viste en Los Pol\u00edticos","twitter_card":"summary_large_image","twitter_creator":"@LosPoliticosVer","twitter_site":"@LosPoliticosVer","twitter_misc":{"Escrito por":"Lo viste en Los Pol\u00edticos","Tiempo de lectura":"4 minutos"},"schema":{"@context":"https:\/\/schema.org","@graph":[{"@type":"Article","@id":"https:\/\/lospoliticosveracruz.com\/?p=94002#article","isPartOf":{"@id":"https:\/\/lospoliticosveracruz.com\/?p=94002"},"author":{"name":"Lo viste en Los Pol\u00edticos","@id":"https:\/\/lospoliticosveracruz.com\/#\/schema\/person\/b8702bb0e538456e6efd07080bf2a4a2"},"headline":"Mina: Cheko, Bola 8 y Car\u00f3n","datePublished":"2022-08-15T19:12:22+00:00","dateModified":"2022-08-15T19:12:32+00:00","mainEntityOfPage":{"@id":"https:\/\/lospoliticosveracruz.com\/?p=94002"},"wordCount":837,"publisher":{"@id":"https:\/\/lospoliticosveracruz.com\/#organization"},"image":{"@id":"https:\/\/lospoliticosveracruz.com\/?p=94002#primaryimage"},"thumbnailUrl":"https:\/\/lospoliticosveracruz.com.mx\/wp-content\/uploads\/2022\/05\/Seguro-Julio-Cerecedo.jpg","keywords":["Amado Cruz Malpica","Eric Cisneros Burgos","Jessica Ram\u00edrez Cisneros","Juan Javier G\u00f3mez Cazar\u00edn","Misantla","Rosalba Valencia Cruz","Salvador Mu\u00f1oz","Sergio Guti\u00e9rrez Luna"],"articleSection":["De Opini\u00f3n"],"inLanguage":"es"},{"@type":"WebPage","@id":"https:\/\/lospoliticosveracruz.com\/?p=94002","url":"https:\/\/lospoliticosveracruz.com\/?p=94002","name":"Mina: Cheko, Bola 8 y Car\u00f3n - Los pol\u00edticos Veracruz","isPartOf":{"@id":"https:\/\/lospoliticosveracruz.com\/#website"},"primaryImageOfPage":{"@id":"https:\/\/lospoliticosveracruz.com\/?p=94002#primaryimage"},"image":{"@id":"https:\/\/lospoliticosveracruz.com\/?p=94002#primaryimage"},"thumbnailUrl":"https:\/\/lospoliticosveracruz.com.mx\/wp-content\/uploads\/2022\/05\/Seguro-Julio-Cerecedo.jpg","datePublished":"2022-08-15T19:12:22+00:00","dateModified":"2022-08-15T19:12:32+00:00","breadcrumb":{"@id":"https:\/\/lospoliticosveracruz.com\/?p=94002#breadcrumb"},"inLanguage":"es","potentialAction":[{"@type":"ReadAction","target":["https:\/\/lospoliticosveracruz.com\/?p=94002"]}]},{"@type":"ImageObject","inLanguage":"es","@id":"https:\/\/lospoliticosveracruz.com\/?p=94002#primaryimage","url":"https:\/\/lospoliticosveracruz.com.mx\/wp-content\/uploads\/2022\/05\/Seguro-Julio-Cerecedo.jpg","contentUrl":"https:\/\/lospoliticosveracruz.com.mx\/wp-content\/uploads\/2022\/05\/Seguro-Julio-Cerecedo.jpg"},{"@type":"BreadcrumbList","@id":"https:\/\/lospoliticosveracruz.com\/?p=94002#breadcrumb","itemListElement":[{"@type":"ListItem","position":1,"name":"Portada","item":"https:\/\/lospoliticosveracruz.com\/"},{"@type":"ListItem","position":2,"name":"Mina: Cheko, Bola 8 y Car\u00f3n"}]},{"@type":"WebSite","@id":"https:\/\/lospoliticosveracruz.com\/#website","url":"https:\/\/lospoliticosveracruz.com\/","name":"Los pol\u00edticos Veracruz","description":"","publisher":{"@id":"https:\/\/lospoliticosveracruz.com\/#organization"},"potentialAction":[{"@type":"SearchAction","target":{"@type":"EntryPoint","urlTemplate":"https:\/\/lospoliticosveracruz.com\/?s={search_term_string}"},"query-input":{"@type":"PropertyValueSpecification","valueRequired":true,"valueName":"search_term_string"}}],"inLanguage":"es"},{"@type":"Organization","@id":"https:\/\/lospoliticosveracruz.com\/#organization","name":"Los pol\u00edticos Veracruz","url":"https:\/\/lospoliticosveracruz.com\/","logo":{"@type":"ImageObject","inLanguage":"es","@id":"https:\/\/lospoliticosveracruz.com\/#\/schema\/logo\/image\/","url":"https:\/\/lospoliticosveracruz.com\/wp-content\/uploads\/2025\/12\/Logo-Nuevo-LOS-POLITICOS-1.jpg","contentUrl":"https:\/\/lospoliticosveracruz.com\/wp-content\/uploads\/2025\/12\/Logo-Nuevo-LOS-POLITICOS-1.jpg","width":260,"height":70,"caption":"Los pol\u00edticos Veracruz"},"image":{"@id":"https:\/\/lospoliticosveracruz.com\/#\/schema\/logo\/image\/"},"sameAs":["https:\/\/www.facebook.com\/people\/Notimemes-de-los-Polticos\/61565672886568\/","https:\/\/x.com\/LosPoliticosVer"]},{"@type":"Person","@id":"https:\/\/lospoliticosveracruz.com\/#\/schema\/person\/b8702bb0e538456e6efd07080bf2a4a2","name":"Lo viste en Los Pol\u00edticos","image":{"@type":"ImageObject","inLanguage":"es","@id":"https:\/\/secure.gravatar.com\/avatar\/3a8de04a2656d44082be478bd6c086daa447c4651605818287b9532d3d0bd435?s=96&d=mm&r=g","url":"https:\/\/secure.gravatar.com\/avatar\/3a8de04a2656d44082be478bd6c086daa447c4651605818287b9532d3d0bd435?s=96&d=mm&r=g","contentUrl":"https:\/\/secure.gravatar.com\/avatar\/3a8de04a2656d44082be478bd6c086daa447c4651605818287b9532d3d0bd435?s=96&d=mm&r=g","caption":"Lo viste en Los Pol\u00edticos"},"url":"https:\/\/lospoliticosveracruz.com\/?author=2"}]}},"_links":{"self":[{"href":"https:\/\/lospoliticosveracruz.com\/index.php?rest_route=\/wp\/v2\/posts\/94002","targetHints":{"allow":["GET"]}}],"collection":[{"href":"https:\/\/lospoliticosveracruz.com\/index.php?rest_route=\/wp\/v2\/posts"}],"about":[{"href":"https:\/\/lospoliticosveracruz.com\/index.php?rest_route=\/wp\/v2\/types\/post"}],"author":[{"embeddable":true,"href":"https:\/\/lospoliticosveracruz.com\/index.php?rest_route=\/wp\/v2\/users\/2"}],"replies":[{"embeddable":true,"href":"https:\/\/lospoliticosveracruz.com\/index.php?rest_route=%2Fwp%2Fv2%2Fcomments&post=94002"}],"version-history":[{"count":1,"href":"https:\/\/lospoliticosveracruz.com\/index.php?rest_route=\/wp\/v2\/posts\/94002\/revisions"}],"predecessor-version":[{"id":94004,"href":"https:\/\/lospoliticosveracruz.com\/index.php?rest_route=\/wp\/v2\/posts\/94002\/revisions\/94004"}],"wp:attachment":[{"href":"https:\/\/lospoliticosveracruz.com\/index.php?rest_route=%2Fwp%2Fv2%2Fmedia&parent=94002"}],"wp:term":[{"taxonomy":"category","embeddable":true,"href":"https:\/\/lospoliticosveracruz.com\/index.php?rest_route=%2Fwp%2Fv2%2Fcategories&post=94002"},{"taxonomy":"post_tag","embeddable":true,"href":"https:\/\/lospoliticosveracruz.com\/index.php?rest_route=%2Fwp%2Fv2%2Ftags&post=94002"}],"curies":[{"name":"wp","href":"https:\/\/api.w.org\/{rel}","templated":true}]}}