{"id":94030,"date":"2022-08-16T07:44:41","date_gmt":"2022-08-16T12:44:41","guid":{"rendered":"https:\/\/lospoliticosveracruz.com.mx\/?p=94030"},"modified":"2022-08-16T07:48:15","modified_gmt":"2022-08-16T12:48:15","slug":"la-popularidad-que-dan-2-mil-500-pesos-bimestrales","status":"publish","type":"post","link":"https:\/\/lospoliticosveracruz.com\/?p=94030","title":{"rendered":"La popularidad que dan 2 mil 500 pesos bimestrales"},"content":{"rendered":"\n<p><\/p>\n\n\n\n<p><br><strong>Bernardo Guti\u00e9rrez Parra<\/strong><br><em>Desde el Caf\u00e9<\/em><\/p>\n\n\n\n<p>Salvo tu mejor opini\u00f3n lector, desde 1998 en que Miguel Alem\u00e1n tom\u00f3 posesi\u00f3n como gobernador de Veracruz, a los veracruzanos les ha ido como en feria y nom\u00e1s no la ven llegar. De entonces a la fecha cada gobernador en funciones ha resultado peor que el anterior y van cinco seguiditos.<\/p>\n\n\n\n<figure class=\"wp-block-image size-full\"><a href=\"https:\/\/lospoliticosveracruz.com.mx\/wp-content\/uploads\/2022\/05\/Seguro-Julio-Cerecedo.jpg\"><img decoding=\"async\" src=\"https:\/\/lospoliticosveracruz.com.mx\/wp-content\/uploads\/2022\/05\/Seguro-Julio-Cerecedo.jpg\" alt=\"\" class=\"wp-image-90414\"\/><\/a><\/figure>\n\n\n\n<p>Pero sucede algo curioso. Si los malos gobiernos de Alem\u00e1n, Fidel y Javier echaron al PRI de Palacio de Gobierno e igual pas\u00f3 con el PAN debido a p\u00e9sima administraci\u00f3n de Yunes Linares, al parecer no suceder\u00e1 lo mismo con el desatinado y deplorable trabajo realizado por Cuitl\u00e1huac Garc\u00eda, considerado el peor gobernador en 80 a\u00f1os.<\/p>\n\n\n\n<p>De acuerdo con la encuestadora MetricsMx y SDP Noticias, durante la primera semana de agosto (1 al 7), Cuitl\u00e1huac Garc\u00eda se fue otra vez al fondo de la tabla de evaluaci\u00f3n y aceptaci\u00f3n ciudadana, que lo ubic\u00f3 en el pen\u00faltimo lugar entre los 32 gobernadores del pa\u00eds, s\u00f3lo arriba de Cuauht\u00e9moc Blanco que va en \u00faltimo. Cuitl\u00e1huac tiene el 35.9 de aceptaci\u00f3n por el 35.4 del ex futbolista.<\/p>\n\n\n\n<p>M\u00e1s tarda Garc\u00eda Jim\u00e9nez en llegar a mitad de la tabla, que en desbarrancarse en la siguiente encuesta.<\/p>\n\n\n\n<p>Pero no sucede lo mismo con Morena que de acuerdo con la encuestadora Massive Caller tiene un 52% de aceptaci\u00f3n entre los veracruzanos, por un 20.8% del PAN; un 5.9% del PRI y un 3.9% de Movimiento Ciudadano. Es decir, la suma de los tres partidos da un 30.6% de aceptaci\u00f3n, lejos, lej\u00edsimos de Morena que los aventaja con el 21.4%.<\/p>\n\n\n\n<p>Y es aqu\u00ed donde a los analistas pol\u00edticos se les hace bolas el engrudo, porque no les entra en la cabeza que un gobernador tan feamente calificado no incida negativamente en su partido.<\/p>\n\n\n\n<p>Si entre Alem\u00e1n, Fidel y Javier se llevaron al hoyo al PRI, \u00bfpor qu\u00e9 no sucede lo mismo con Morena que patrocina al peor gobernador en ocho d\u00e9cadas?<\/p>\n\n\n\n<p>Porque a Morena lo identifican con Andr\u00e9s Manuel L\u00f3pez Obrador. \u00bfY eso qu\u00e9? Andr\u00e9s Manuel no ha podido con la violencia, el desabasto, el desempleo, el alza a los combustibles y la corrupci\u00f3n; ha violado en reiteradas ocasiones la Constituci\u00f3n, ha polarizado al pa\u00eds\u2026<\/p>\n\n\n\n<p>S\u00ed, s\u00ed, en efecto, pero ha dado apoyos como ning\u00fan otro presidente en la historia.<\/p>\n\n\n\n<p>Por lo anterior, a Cuitl\u00e1huac Garc\u00eda le tiene sin cuidado ser un gobernador impopular, la inseguridad y la violencia no le quitan el sue\u00f1o, como tampoco el hecho de saber que de febrero a junio m\u00e1s de 16 mil veracruzanos se quedaron sin empleo. Nada de eso lo perturba mientras 1.5 millones de veracruzanos reciban bimestralmente 2 mil 500 pesos en promedio.<\/p>\n\n\n\n<p>Basado en esa premisa, es muy probable que el presidente imponga como candidata a la gubernatura a Roc\u00edo Nahle, se\u00f1alada de corrupci\u00f3n, tr\u00e1fico de influencias, conflicto de intereses y de hacer multimillonarios a familiares y amigos con negocios poco escrupulosos.<\/p>\n\n\n\n<p>Es decir, una mujer que a todas luces ser\u00e1 peor que sus cinco antecesores, pero que contender\u00e1 bajo las siglas de Morena, un partido con mucha popularidad.<\/p>\n\n\n\n<p>La popularidad que le dan los 2 mil 500 pesos que entrega bimestralmente a los menos favorecidos.<\/p>\n\n\n\n<p>De ah\u00ed que en las encuestas Morena est\u00e9 muy por encima de sus gobernantes y los robos, actos de corrupci\u00f3n y dem\u00e1s fregaderas que \u00e9stos cometan, le hagan lo que el viento a Ju\u00e1rez.<\/p>\n\n\n\n<p><strong>Aclarando amanece<\/strong><\/p>\n\n\n\n<p>Un colega minatitleco me confirm\u00f3 que el secretario de Finanzas, Jos\u00e9 Luis Lima Franco no asisti\u00f3 este domingo al informe de la diputada Rosalba Valencia Cruz, como err\u00f3neamente se public\u00f3 ayer en este espacio. Pero eso no obsta para que conste que el nativo de Poza Rica sigue siendo uno de los firmes aspirantes a la candidatura por la gubernatura de Veracruz. Mientras no se d\u00e9 a conocer el nombre, Lima Franco tiene exactamente las mismas posibilidades que los otros aspirantes de Morena.<\/p>\n\n\n\n<p>bernardogup@hotmail.com<\/p>\n","protected":false},"excerpt":{"rendered":"<p>Bernardo Guti\u00e9rrez ParraDesde el Caf\u00e9 Salvo tu mejor opini\u00f3n lector, desde 1998 en que Miguel Alem\u00e1n tom\u00f3 posesi\u00f3n como gobernador de Veracruz, a los veracruzanos les ha ido como en feria y nom\u00e1s no la ven llegar. De entonces a la fecha cada gobernador en funciones ha resultado peor que el anterior y van cinco [&hellip;]<\/p>\n","protected":false},"author":2,"featured_media":0,"comment_status":"closed","ping_status":"closed","sticky":false,"template":"","format":"standard","meta":{"tdm_status":"","tdm_grid_status":"","footnotes":""},"categories":[70],"tags":[618,34206,1563,13713,1026,3578,24897,195],"class_list":{"0":"post-94030","1":"post","2":"type-post","3":"status-publish","4":"format-standard","6":"category-de-opinion","7":"tag-andres-manuel-lopez-obrador","8":"tag-bernardo-gutierrez-parra","9":"tag-cuitlahuac-garcia-jimenez","10":"tag-jose-luis-lima-franco","11":"tag-morena","12":"tag-rocio-nahle","13":"tag-rosalba-valencia-cruz","14":"tag-veracruz"},"yoast_head":"<!-- This site is optimized with the Yoast SEO plugin v27.4 - https:\/\/yoast.com\/product\/yoast-seo-wordpress\/ -->\n<title>La popularidad que dan 2 mil 500 pesos bimestrales - Los pol\u00edticos Veracruz<\/title>\n<meta name=\"robots\" content=\"index, follow, max-snippet:-1, max-image-preview:large, max-video-preview:-1\" \/>\n<link rel=\"canonical\" href=\"https:\/\/lospoliticosveracruz.com\/?p=94030\" \/>\n<meta property=\"og:locale\" content=\"es_ES\" \/>\n<meta property=\"og:type\" content=\"article\" \/>\n<meta property=\"og:title\" content=\"La popularidad que dan 2 mil 500 pesos bimestrales - Los pol\u00edticos Veracruz\" \/>\n<meta property=\"og:description\" content=\"Bernardo Guti\u00e9rrez ParraDesde el Caf\u00e9 Salvo tu mejor opini\u00f3n lector, desde 1998 en que Miguel Alem\u00e1n tom\u00f3 posesi\u00f3n como gobernador de Veracruz, a los veracruzanos les ha ido como en feria y nom\u00e1s no la ven llegar. De entonces a la fecha cada gobernador en funciones ha resultado peor que el anterior y van cinco [&hellip;]\" \/>\n<meta property=\"og:url\" content=\"https:\/\/lospoliticosveracruz.com\/?p=94030\" \/>\n<meta property=\"og:site_name\" content=\"Los pol\u00edticos Veracruz\" \/>\n<meta property=\"article:publisher\" content=\"https:\/\/www.facebook.com\/people\/Notimemes-de-los-Polticos\/61565672886568\/\" \/>\n<meta property=\"article:published_time\" content=\"2022-08-16T12:44:41+00:00\" \/>\n<meta property=\"article:modified_time\" content=\"2022-08-16T12:48:15+00:00\" \/>\n<meta property=\"og:image\" content=\"https:\/\/lospoliticosveracruz.com.mx\/wp-content\/uploads\/2022\/05\/Seguro-Julio-Cerecedo.jpg\" \/>\n<meta name=\"author\" content=\"Lo viste en Los Pol\u00edticos\" \/>\n<meta name=\"twitter:card\" content=\"summary_large_image\" \/>\n<meta name=\"twitter:creator\" content=\"@LosPoliticosVer\" \/>\n<meta name=\"twitter:site\" content=\"@LosPoliticosVer\" \/>\n<meta name=\"twitter:label1\" content=\"Escrito por\" \/>\n\t<meta name=\"twitter:data1\" content=\"Lo viste en Los Pol\u00edticos\" \/>\n\t<meta name=\"twitter:label2\" content=\"Tiempo de lectura\" \/>\n\t<meta name=\"twitter:data2\" content=\"3 minutos\" \/>\n<script type=\"application\/ld+json\" class=\"yoast-schema-graph\">{\"@context\":\"https:\\\/\\\/schema.org\",\"@graph\":[{\"@type\":\"Article\",\"@id\":\"https:\\\/\\\/lospoliticosveracruz.com\\\/?p=94030#article\",\"isPartOf\":{\"@id\":\"https:\\\/\\\/lospoliticosveracruz.com\\\/?p=94030\"},\"author\":{\"name\":\"Lo viste en Los Pol\u00edticos\",\"@id\":\"https:\\\/\\\/lospoliticosveracruz.com\\\/#\\\/schema\\\/person\\\/b8702bb0e538456e6efd07080bf2a4a2\"},\"headline\":\"La popularidad que dan 2 mil 500 pesos bimestrales\",\"datePublished\":\"2022-08-16T12:44:41+00:00\",\"dateModified\":\"2022-08-16T12:48:15+00:00\",\"mainEntityOfPage\":{\"@id\":\"https:\\\/\\\/lospoliticosveracruz.com\\\/?p=94030\"},\"wordCount\":685,\"publisher\":{\"@id\":\"https:\\\/\\\/lospoliticosveracruz.com\\\/#organization\"},\"image\":{\"@id\":\"https:\\\/\\\/lospoliticosveracruz.com\\\/?p=94030#primaryimage\"},\"thumbnailUrl\":\"https:\\\/\\\/lospoliticosveracruz.com.mx\\\/wp-content\\\/uploads\\\/2022\\\/05\\\/Seguro-Julio-Cerecedo.jpg\",\"keywords\":[\"Andr\u00e9s Manuel L\u00f3pez Obrador\",\"Bernardo Guti\u00e9rrez Parra\",\"Cuitl\u00e1huac Garc\u00eda Jim\u00e9nez\",\"Jos\u00e9 Luis Lima Franco\",\"Morena\",\"Roc\u00edo Nahle\",\"Rosalba Valencia Cruz\",\"Veracruz\"],\"articleSection\":[\"De Opini\u00f3n\"],\"inLanguage\":\"es\"},{\"@type\":\"WebPage\",\"@id\":\"https:\\\/\\\/lospoliticosveracruz.com\\\/?p=94030\",\"url\":\"https:\\\/\\\/lospoliticosveracruz.com\\\/?p=94030\",\"name\":\"La popularidad que dan 2 mil 500 pesos bimestrales - Los pol\u00edticos Veracruz\",\"isPartOf\":{\"@id\":\"https:\\\/\\\/lospoliticosveracruz.com\\\/#website\"},\"primaryImageOfPage\":{\"@id\":\"https:\\\/\\\/lospoliticosveracruz.com\\\/?p=94030#primaryimage\"},\"image\":{\"@id\":\"https:\\\/\\\/lospoliticosveracruz.com\\\/?p=94030#primaryimage\"},\"thumbnailUrl\":\"https:\\\/\\\/lospoliticosveracruz.com.mx\\\/wp-content\\\/uploads\\\/2022\\\/05\\\/Seguro-Julio-Cerecedo.jpg\",\"datePublished\":\"2022-08-16T12:44:41+00:00\",\"dateModified\":\"2022-08-16T12:48:15+00:00\",\"breadcrumb\":{\"@id\":\"https:\\\/\\\/lospoliticosveracruz.com\\\/?p=94030#breadcrumb\"},\"inLanguage\":\"es\",\"potentialAction\":[{\"@type\":\"ReadAction\",\"target\":[\"https:\\\/\\\/lospoliticosveracruz.com\\\/?p=94030\"]}]},{\"@type\":\"ImageObject\",\"inLanguage\":\"es\",\"@id\":\"https:\\\/\\\/lospoliticosveracruz.com\\\/?p=94030#primaryimage\",\"url\":\"https:\\\/\\\/lospoliticosveracruz.com.mx\\\/wp-content\\\/uploads\\\/2022\\\/05\\\/Seguro-Julio-Cerecedo.jpg\",\"contentUrl\":\"https:\\\/\\\/lospoliticosveracruz.com.mx\\\/wp-content\\\/uploads\\\/2022\\\/05\\\/Seguro-Julio-Cerecedo.jpg\"},{\"@type\":\"BreadcrumbList\",\"@id\":\"https:\\\/\\\/lospoliticosveracruz.com\\\/?p=94030#breadcrumb\",\"itemListElement\":[{\"@type\":\"ListItem\",\"position\":1,\"name\":\"Portada\",\"item\":\"https:\\\/\\\/lospoliticosveracruz.com\\\/\"},{\"@type\":\"ListItem\",\"position\":2,\"name\":\"La popularidad que dan 2 mil 500 pesos bimestrales\"}]},{\"@type\":\"WebSite\",\"@id\":\"https:\\\/\\\/lospoliticosveracruz.com\\\/#website\",\"url\":\"https:\\\/\\\/lospoliticosveracruz.com\\\/\",\"name\":\"Los pol\u00edticos Veracruz\",\"description\":\"\",\"publisher\":{\"@id\":\"https:\\\/\\\/lospoliticosveracruz.com\\\/#organization\"},\"potentialAction\":[{\"@type\":\"SearchAction\",\"target\":{\"@type\":\"EntryPoint\",\"urlTemplate\":\"https:\\\/\\\/lospoliticosveracruz.com\\\/?s={search_term_string}\"},\"query-input\":{\"@type\":\"PropertyValueSpecification\",\"valueRequired\":true,\"valueName\":\"search_term_string\"}}],\"inLanguage\":\"es\"},{\"@type\":\"Organization\",\"@id\":\"https:\\\/\\\/lospoliticosveracruz.com\\\/#organization\",\"name\":\"Los pol\u00edticos Veracruz\",\"url\":\"https:\\\/\\\/lospoliticosveracruz.com\\\/\",\"logo\":{\"@type\":\"ImageObject\",\"inLanguage\":\"es\",\"@id\":\"https:\\\/\\\/lospoliticosveracruz.com\\\/#\\\/schema\\\/logo\\\/image\\\/\",\"url\":\"https:\\\/\\\/lospoliticosveracruz.com\\\/wp-content\\\/uploads\\\/2025\\\/12\\\/Logo-Nuevo-LOS-POLITICOS-1.jpg\",\"contentUrl\":\"https:\\\/\\\/lospoliticosveracruz.com\\\/wp-content\\\/uploads\\\/2025\\\/12\\\/Logo-Nuevo-LOS-POLITICOS-1.jpg\",\"width\":260,\"height\":70,\"caption\":\"Los pol\u00edticos Veracruz\"},\"image\":{\"@id\":\"https:\\\/\\\/lospoliticosveracruz.com\\\/#\\\/schema\\\/logo\\\/image\\\/\"},\"sameAs\":[\"https:\\\/\\\/www.facebook.com\\\/people\\\/Notimemes-de-los-Polticos\\\/61565672886568\\\/\",\"https:\\\/\\\/x.com\\\/LosPoliticosVer\"]},{\"@type\":\"Person\",\"@id\":\"https:\\\/\\\/lospoliticosveracruz.com\\\/#\\\/schema\\\/person\\\/b8702bb0e538456e6efd07080bf2a4a2\",\"name\":\"Lo viste en Los Pol\u00edticos\",\"image\":{\"@type\":\"ImageObject\",\"inLanguage\":\"es\",\"@id\":\"https:\\\/\\\/secure.gravatar.com\\\/avatar\\\/3a8de04a2656d44082be478bd6c086daa447c4651605818287b9532d3d0bd435?s=96&d=mm&r=g\",\"url\":\"https:\\\/\\\/secure.gravatar.com\\\/avatar\\\/3a8de04a2656d44082be478bd6c086daa447c4651605818287b9532d3d0bd435?s=96&d=mm&r=g\",\"contentUrl\":\"https:\\\/\\\/secure.gravatar.com\\\/avatar\\\/3a8de04a2656d44082be478bd6c086daa447c4651605818287b9532d3d0bd435?s=96&d=mm&r=g\",\"caption\":\"Lo viste en Los Pol\u00edticos\"},\"url\":\"https:\\\/\\\/lospoliticosveracruz.com\\\/?author=2\"}]}<\/script>\n<!-- \/ Yoast SEO plugin. -->","yoast_head_json":{"title":"La popularidad que dan 2 mil 500 pesos bimestrales - Los pol\u00edticos Veracruz","robots":{"index":"index","follow":"follow","max-snippet":"max-snippet:-1","max-image-preview":"max-image-preview:large","max-video-preview":"max-video-preview:-1"},"canonical":"https:\/\/lospoliticosveracruz.com\/?p=94030","og_locale":"es_ES","og_type":"article","og_title":"La popularidad que dan 2 mil 500 pesos bimestrales - Los pol\u00edticos Veracruz","og_description":"Bernardo Guti\u00e9rrez ParraDesde el Caf\u00e9 Salvo tu mejor opini\u00f3n lector, desde 1998 en que Miguel Alem\u00e1n tom\u00f3 posesi\u00f3n como gobernador de Veracruz, a los veracruzanos les ha ido como en feria y nom\u00e1s no la ven llegar. De entonces a la fecha cada gobernador en funciones ha resultado peor que el anterior y van cinco [&hellip;]","og_url":"https:\/\/lospoliticosveracruz.com\/?p=94030","og_site_name":"Los pol\u00edticos Veracruz","article_publisher":"https:\/\/www.facebook.com\/people\/Notimemes-de-los-Polticos\/61565672886568\/","article_published_time":"2022-08-16T12:44:41+00:00","article_modified_time":"2022-08-16T12:48:15+00:00","og_image":[{"url":"https:\/\/lospoliticosveracruz.com.mx\/wp-content\/uploads\/2022\/05\/Seguro-Julio-Cerecedo.jpg","type":"","width":"","height":""}],"author":"Lo viste en Los Pol\u00edticos","twitter_card":"summary_large_image","twitter_creator":"@LosPoliticosVer","twitter_site":"@LosPoliticosVer","twitter_misc":{"Escrito por":"Lo viste en Los Pol\u00edticos","Tiempo de lectura":"3 minutos"},"schema":{"@context":"https:\/\/schema.org","@graph":[{"@type":"Article","@id":"https:\/\/lospoliticosveracruz.com\/?p=94030#article","isPartOf":{"@id":"https:\/\/lospoliticosveracruz.com\/?p=94030"},"author":{"name":"Lo viste en Los Pol\u00edticos","@id":"https:\/\/lospoliticosveracruz.com\/#\/schema\/person\/b8702bb0e538456e6efd07080bf2a4a2"},"headline":"La popularidad que dan 2 mil 500 pesos bimestrales","datePublished":"2022-08-16T12:44:41+00:00","dateModified":"2022-08-16T12:48:15+00:00","mainEntityOfPage":{"@id":"https:\/\/lospoliticosveracruz.com\/?p=94030"},"wordCount":685,"publisher":{"@id":"https:\/\/lospoliticosveracruz.com\/#organization"},"image":{"@id":"https:\/\/lospoliticosveracruz.com\/?p=94030#primaryimage"},"thumbnailUrl":"https:\/\/lospoliticosveracruz.com.mx\/wp-content\/uploads\/2022\/05\/Seguro-Julio-Cerecedo.jpg","keywords":["Andr\u00e9s Manuel L\u00f3pez Obrador","Bernardo Guti\u00e9rrez Parra","Cuitl\u00e1huac Garc\u00eda Jim\u00e9nez","Jos\u00e9 Luis Lima Franco","Morena","Roc\u00edo Nahle","Rosalba Valencia Cruz","Veracruz"],"articleSection":["De Opini\u00f3n"],"inLanguage":"es"},{"@type":"WebPage","@id":"https:\/\/lospoliticosveracruz.com\/?p=94030","url":"https:\/\/lospoliticosveracruz.com\/?p=94030","name":"La popularidad que dan 2 mil 500 pesos bimestrales - Los pol\u00edticos Veracruz","isPartOf":{"@id":"https:\/\/lospoliticosveracruz.com\/#website"},"primaryImageOfPage":{"@id":"https:\/\/lospoliticosveracruz.com\/?p=94030#primaryimage"},"image":{"@id":"https:\/\/lospoliticosveracruz.com\/?p=94030#primaryimage"},"thumbnailUrl":"https:\/\/lospoliticosveracruz.com.mx\/wp-content\/uploads\/2022\/05\/Seguro-Julio-Cerecedo.jpg","datePublished":"2022-08-16T12:44:41+00:00","dateModified":"2022-08-16T12:48:15+00:00","breadcrumb":{"@id":"https:\/\/lospoliticosveracruz.com\/?p=94030#breadcrumb"},"inLanguage":"es","potentialAction":[{"@type":"ReadAction","target":["https:\/\/lospoliticosveracruz.com\/?p=94030"]}]},{"@type":"ImageObject","inLanguage":"es","@id":"https:\/\/lospoliticosveracruz.com\/?p=94030#primaryimage","url":"https:\/\/lospoliticosveracruz.com.mx\/wp-content\/uploads\/2022\/05\/Seguro-Julio-Cerecedo.jpg","contentUrl":"https:\/\/lospoliticosveracruz.com.mx\/wp-content\/uploads\/2022\/05\/Seguro-Julio-Cerecedo.jpg"},{"@type":"BreadcrumbList","@id":"https:\/\/lospoliticosveracruz.com\/?p=94030#breadcrumb","itemListElement":[{"@type":"ListItem","position":1,"name":"Portada","item":"https:\/\/lospoliticosveracruz.com\/"},{"@type":"ListItem","position":2,"name":"La popularidad que dan 2 mil 500 pesos bimestrales"}]},{"@type":"WebSite","@id":"https:\/\/lospoliticosveracruz.com\/#website","url":"https:\/\/lospoliticosveracruz.com\/","name":"Los pol\u00edticos Veracruz","description":"","publisher":{"@id":"https:\/\/lospoliticosveracruz.com\/#organization"},"potentialAction":[{"@type":"SearchAction","target":{"@type":"EntryPoint","urlTemplate":"https:\/\/lospoliticosveracruz.com\/?s={search_term_string}"},"query-input":{"@type":"PropertyValueSpecification","valueRequired":true,"valueName":"search_term_string"}}],"inLanguage":"es"},{"@type":"Organization","@id":"https:\/\/lospoliticosveracruz.com\/#organization","name":"Los pol\u00edticos Veracruz","url":"https:\/\/lospoliticosveracruz.com\/","logo":{"@type":"ImageObject","inLanguage":"es","@id":"https:\/\/lospoliticosveracruz.com\/#\/schema\/logo\/image\/","url":"https:\/\/lospoliticosveracruz.com\/wp-content\/uploads\/2025\/12\/Logo-Nuevo-LOS-POLITICOS-1.jpg","contentUrl":"https:\/\/lospoliticosveracruz.com\/wp-content\/uploads\/2025\/12\/Logo-Nuevo-LOS-POLITICOS-1.jpg","width":260,"height":70,"caption":"Los pol\u00edticos Veracruz"},"image":{"@id":"https:\/\/lospoliticosveracruz.com\/#\/schema\/logo\/image\/"},"sameAs":["https:\/\/www.facebook.com\/people\/Notimemes-de-los-Polticos\/61565672886568\/","https:\/\/x.com\/LosPoliticosVer"]},{"@type":"Person","@id":"https:\/\/lospoliticosveracruz.com\/#\/schema\/person\/b8702bb0e538456e6efd07080bf2a4a2","name":"Lo viste en Los Pol\u00edticos","image":{"@type":"ImageObject","inLanguage":"es","@id":"https:\/\/secure.gravatar.com\/avatar\/3a8de04a2656d44082be478bd6c086daa447c4651605818287b9532d3d0bd435?s=96&d=mm&r=g","url":"https:\/\/secure.gravatar.com\/avatar\/3a8de04a2656d44082be478bd6c086daa447c4651605818287b9532d3d0bd435?s=96&d=mm&r=g","contentUrl":"https:\/\/secure.gravatar.com\/avatar\/3a8de04a2656d44082be478bd6c086daa447c4651605818287b9532d3d0bd435?s=96&d=mm&r=g","caption":"Lo viste en Los Pol\u00edticos"},"url":"https:\/\/lospoliticosveracruz.com\/?author=2"}]}},"_links":{"self":[{"href":"https:\/\/lospoliticosveracruz.com\/index.php?rest_route=\/wp\/v2\/posts\/94030","targetHints":{"allow":["GET"]}}],"collection":[{"href":"https:\/\/lospoliticosveracruz.com\/index.php?rest_route=\/wp\/v2\/posts"}],"about":[{"href":"https:\/\/lospoliticosveracruz.com\/index.php?rest_route=\/wp\/v2\/types\/post"}],"author":[{"embeddable":true,"href":"https:\/\/lospoliticosveracruz.com\/index.php?rest_route=\/wp\/v2\/users\/2"}],"replies":[{"embeddable":true,"href":"https:\/\/lospoliticosveracruz.com\/index.php?rest_route=%2Fwp%2Fv2%2Fcomments&post=94030"}],"version-history":[{"count":1,"href":"https:\/\/lospoliticosveracruz.com\/index.php?rest_route=\/wp\/v2\/posts\/94030\/revisions"}],"predecessor-version":[{"id":94031,"href":"https:\/\/lospoliticosveracruz.com\/index.php?rest_route=\/wp\/v2\/posts\/94030\/revisions\/94031"}],"wp:attachment":[{"href":"https:\/\/lospoliticosveracruz.com\/index.php?rest_route=%2Fwp%2Fv2%2Fmedia&parent=94030"}],"wp:term":[{"taxonomy":"category","embeddable":true,"href":"https:\/\/lospoliticosveracruz.com\/index.php?rest_route=%2Fwp%2Fv2%2Fcategories&post=94030"},{"taxonomy":"post_tag","embeddable":true,"href":"https:\/\/lospoliticosveracruz.com\/index.php?rest_route=%2Fwp%2Fv2%2Ftags&post=94030"}],"curies":[{"name":"wp","href":"https:\/\/api.w.org\/{rel}","templated":true}]}}