{"id":94093,"date":"2022-08-17T08:37:01","date_gmt":"2022-08-17T13:37:01","guid":{"rendered":"https:\/\/lospoliticosveracruz.com.mx\/?p=94093"},"modified":"2022-08-17T08:37:06","modified_gmt":"2022-08-17T13:37:06","slug":"el-usurpador-de-ctm","status":"publish","type":"post","link":"https:\/\/lospoliticosveracruz.com\/?p=94093","title":{"rendered":"El usurpador de CTM"},"content":{"rendered":"\n<p><\/p>\n\n\n\n<p><strong>Omar Z\u00fa\u00f1iga<\/strong><br><em>De Primera Mano Taj\u00edn<\/em><\/p>\n\n\n\n<p>El arte del enga\u00f1o existe desde que el mundo es mundo y ha servido para m\u00faltiples objetivos, desde traicionar gobernantes para asesinarlos y acceder al trono, hasta cosas m\u00e1s simples, como ganar adeptos o posiciones en tal o cual gobierno.<br>Pues bien, resulta que el viernes pasado, se inaugur\u00f3 una exposici\u00f3n de artesanos, afiliados a la Confederaci\u00f3n de Trabajadores de M\u00e9xico CTM regi\u00f3n Xalapa, en los bajos de Palacio Municipal, hasta aqu\u00ed todo bien, pues hay que darle oportunidad a todos de ganarse una lana extra, no hay ning\u00fan problema, el grand\u00edsimo \u201cpero\u201d de siempre, es que An\u00edbal Pacheco, Regidor Primero del Ayuntamiento, tambi\u00e9n se ostent\u00f3 como \u201crepresentante\u201d de esta organizaci\u00f3n, cuando efectivamente \u201cfue\u201d, del verbo ya no es, pues en realidad dej\u00f3 de fungir como tal en 2019.<br>Se realiz\u00f3 una elecci\u00f3n en esta organizaci\u00f3n gremial (perteneciente al PRI desde siempre) el 20 agosto de 2021, hace casi un a\u00f1o exacto, resultando electo, Carlos Aceves Amezcua como Secretario General del Comit\u00e9 Ejecutivo Regional de la Confederaci\u00f3n de Trabajadores de M\u00e9xico, cuyo periodo termina el 19 de agosto de 2024, es decir el chinguetas por cuatro a\u00f1os es Carlos Aceves, como consta en la toma de nota ante la Secretar\u00eda del Trabajo y Previsi\u00f3n Social que encabeza Luisa Mar\u00eda Alcalde, con fecha 15 de octubre del mismo 2021, es decir, bastante tiempo ha pasado como para que An\u00edbal no se haya enterado de que \u00e9l \u201cya no es\u201d.<br>El tema es que especialistas en derecho laboral consultados al respecto, derivado de una \u201ccontroversia\u201d en redes sociales, coinciden en que se estar\u00eda configurando un probable delito, al usurpar un cargo y utilizar unas siglas que no est\u00e1 autorizado, como dice el C\u00f3digo Federal de Procedimientos Penales en su Art\u00edculo 250 \u201c(\u2026) se sanciona la usurpaci\u00f3n de funciones p\u00fablicas o de profesi\u00f3n y uso indebido de condecoraciones, uniformes, grados jer\u00e1rquicos, divisas, insignias y siglas (\u2026) y se castiga con una pena d c\u00e1rcel de entre unoqa a seis a\u00f1os adem\u00e1s de una sanci\u00f3n econ\u00f3mica de entre 100 a 300 d\u00edas de salario m\u00ednimo vigentes (\u2026)\u201d, que al final del d\u00eda, se libra la c\u00e1rcel por ser un delito menor y la multa no creo que los afecte mucho, pero el tema es que existe la probable configuraci\u00f3n de un delito.<br>Por si fuera poco, se busca enga\u00f1ar (o intentar enga\u00f1ar) a la gente, incluidos agremiados a la CTM, pues sabemos De Primera Mano, que adem\u00e1s el buen An\u00edbal, no es miembro de la otrora poderosa central obrera, no tiene cargo en el comit\u00e9 nacional, en el estatal y tampoco en el regional.<br>Sin embargo, quienes no est\u00e1n enterados, que al final son quienes resultan afectados (como en este caso los artesanos) son enga\u00f1ados y \u201ccompran\u201d esa realidad alternativa.<br>Incluso, nos argumentan que se podr\u00eda incurrir en el delito de fraude, pues el Art\u00edculo 386 del mismo C\u00f3digo dice que: \u201cComete el delito de fraude el que enga\u00f1ando o aprovech\u00e1ndose del error en que \u00e9ste se halla, se hace il\u00edcitamente de cosa alguna o alcanza un lucro indebido\u201d; y como dicen los abogados: \u201clo que resulte\u201d\u2026., \u00bfdenunciar\u00e1 Aceves?, \u00a1invest\u00edguelo Vargas!<\/p>\n\n\n\n<hr class=\"wp-block-separator\"\/>\n\n\n\n<p>Y sigue la mata dando\u2026 resulta que el regidor 12 del Ayuntamiento de Xalapa, Daniel Fern\u00e1ndez Carri\u00f3n, el mismo que expusimos el viernes pasado andaba de vacaci\u00f3n partidista en el PVEM en d\u00eda h\u00e1bil, pagada por sus impuestos y los m\u00edos, en la Ciudad de M\u00e9xico, hace hasta lo imposible por salir en la foto (habr\u00e1 escuchado mentar a don Fidel y no Herrera) pues como en micro de autotransporte p\u00fablico, lleg\u00f3 tarde y atropellando literalmente a quien se le pusiera enfrente, fuera quien fuera, incluso sus compa\u00f1eras regidoras que llegaron temprano, para ponerse exactamente detr\u00e1s del artista y sonre\u00edr a la c\u00e1mara, (como dan cuenta las fotos del evento y que adem\u00e1s son parte del bolet\u00edn oficial) durante la inauguraci\u00f3n de la muestra fotogr\u00e1fica del maestro H\u00e9ctor Montes de Oca, ayer en el patio de palacio municipal. Y que quede claro que no hay nada personal ni por consigna, pues esto lo conozco De Primera Mano.<br>\u00bfSer\u00e1 \u2013como dicen por a\u2019i-, que est\u00e1 verde para el Verde? \u00bfQu\u00e9 hay de eso Josefina? \u00a1Apl\u00edquense pues!<\/p>\n\n\n\n<p>\u00a1Qu\u00e9 barbaridad!<br>deprimera.mano2020@gmail.com<\/p>\n","protected":false},"excerpt":{"rendered":"<p>Omar Z\u00fa\u00f1igaDe Primera Mano Taj\u00edn El arte del enga\u00f1o existe desde que el mundo es mundo y ha servido para m\u00faltiples objetivos, desde traicionar gobernantes para asesinarlos y acceder al trono, hasta cosas m\u00e1s simples, como ganar adeptos o posiciones en tal o cual gobierno.Pues bien, resulta que el viernes pasado, se inaugur\u00f3 una exposici\u00f3n [&hellip;]<\/p>\n","protected":false},"author":2,"featured_media":0,"comment_status":"closed","ping_status":"closed","sticky":false,"template":"","format":"standard","meta":{"tdm_status":"","tdm_grid_status":"","footnotes":""},"categories":[70],"tags":[1534,2167,29421,4012,17604,28705],"class_list":{"0":"post-94093","1":"post","2":"type-post","3":"status-publish","4":"format-standard","6":"category-de-opinion","7":"tag-ayuntamiento-de-xalapa","8":"tag-carlos-aceves-amezcua","9":"tag-ctm-region-xalapa","10":"tag-daniel-fernandez-carrion","11":"tag-luisa-maria-alcalde","12":"tag-omar-zuniga"},"yoast_head":"<!-- This site is optimized with the Yoast SEO plugin v27.4 - https:\/\/yoast.com\/product\/yoast-seo-wordpress\/ -->\n<title>El usurpador de CTM - Los pol\u00edticos Veracruz<\/title>\n<meta name=\"robots\" content=\"index, follow, max-snippet:-1, max-image-preview:large, max-video-preview:-1\" \/>\n<link rel=\"canonical\" href=\"https:\/\/lospoliticosveracruz.com\/?p=94093\" \/>\n<meta property=\"og:locale\" content=\"es_ES\" \/>\n<meta property=\"og:type\" content=\"article\" \/>\n<meta property=\"og:title\" content=\"El usurpador de CTM - Los pol\u00edticos Veracruz\" \/>\n<meta property=\"og:description\" content=\"Omar Z\u00fa\u00f1igaDe Primera Mano Taj\u00edn El arte del enga\u00f1o existe desde que el mundo es mundo y ha servido para m\u00faltiples objetivos, desde traicionar gobernantes para asesinarlos y acceder al trono, hasta cosas m\u00e1s simples, como ganar adeptos o posiciones en tal o cual gobierno.Pues bien, resulta que el viernes pasado, se inaugur\u00f3 una exposici\u00f3n [&hellip;]\" \/>\n<meta property=\"og:url\" content=\"https:\/\/lospoliticosveracruz.com\/?p=94093\" \/>\n<meta property=\"og:site_name\" content=\"Los pol\u00edticos Veracruz\" \/>\n<meta property=\"article:publisher\" content=\"https:\/\/www.facebook.com\/people\/Notimemes-de-los-Polticos\/61565672886568\/\" \/>\n<meta property=\"article:published_time\" content=\"2022-08-17T13:37:01+00:00\" \/>\n<meta property=\"article:modified_time\" content=\"2022-08-17T13:37:06+00:00\" \/>\n<meta property=\"og:image\" content=\"https:\/\/lospoliticosveracruz.com\/wp-content\/uploads\/2016\/07\/Logo-Dor.jpg\" \/>\n\t<meta property=\"og:image:width\" content=\"200\" \/>\n\t<meta property=\"og:image:height\" content=\"200\" \/>\n\t<meta property=\"og:image:type\" content=\"image\/jpeg\" \/>\n<meta name=\"author\" content=\"Lo viste en Los Pol\u00edticos\" \/>\n<meta name=\"twitter:card\" content=\"summary_large_image\" \/>\n<meta name=\"twitter:creator\" content=\"@LosPoliticosVer\" \/>\n<meta name=\"twitter:site\" content=\"@LosPoliticosVer\" \/>\n<meta name=\"twitter:label1\" content=\"Escrito por\" \/>\n\t<meta name=\"twitter:data1\" content=\"Lo viste en Los Pol\u00edticos\" \/>\n\t<meta name=\"twitter:label2\" content=\"Tiempo de lectura\" \/>\n\t<meta name=\"twitter:data2\" content=\"4 minutos\" \/>\n<script type=\"application\/ld+json\" class=\"yoast-schema-graph\">{\"@context\":\"https:\\\/\\\/schema.org\",\"@graph\":[{\"@type\":\"Article\",\"@id\":\"https:\\\/\\\/lospoliticosveracruz.com\\\/?p=94093#article\",\"isPartOf\":{\"@id\":\"https:\\\/\\\/lospoliticosveracruz.com\\\/?p=94093\"},\"author\":{\"name\":\"Lo viste en Los Pol\u00edticos\",\"@id\":\"https:\\\/\\\/lospoliticosveracruz.com\\\/#\\\/schema\\\/person\\\/b8702bb0e538456e6efd07080bf2a4a2\"},\"headline\":\"El usurpador de CTM\",\"datePublished\":\"2022-08-17T13:37:01+00:00\",\"dateModified\":\"2022-08-17T13:37:06+00:00\",\"mainEntityOfPage\":{\"@id\":\"https:\\\/\\\/lospoliticosveracruz.com\\\/?p=94093\"},\"wordCount\":766,\"publisher\":{\"@id\":\"https:\\\/\\\/lospoliticosveracruz.com\\\/#organization\"},\"keywords\":[\"ayuntamiento de Xalapa\",\"Carlos Aceves Amezcua\",\"CTM Regi\u00f3n Xalapa\",\"Daniel Fern\u00e1ndez Carri\u00f3n\",\"Luisa Mar\u00eda Alcalde\",\"Omar Z\u00fa\u00f1iga\"],\"articleSection\":[\"De Opini\u00f3n\"],\"inLanguage\":\"es\"},{\"@type\":\"WebPage\",\"@id\":\"https:\\\/\\\/lospoliticosveracruz.com\\\/?p=94093\",\"url\":\"https:\\\/\\\/lospoliticosveracruz.com\\\/?p=94093\",\"name\":\"El usurpador de CTM - Los pol\u00edticos Veracruz\",\"isPartOf\":{\"@id\":\"https:\\\/\\\/lospoliticosveracruz.com\\\/#website\"},\"datePublished\":\"2022-08-17T13:37:01+00:00\",\"dateModified\":\"2022-08-17T13:37:06+00:00\",\"breadcrumb\":{\"@id\":\"https:\\\/\\\/lospoliticosveracruz.com\\\/?p=94093#breadcrumb\"},\"inLanguage\":\"es\",\"potentialAction\":[{\"@type\":\"ReadAction\",\"target\":[\"https:\\\/\\\/lospoliticosveracruz.com\\\/?p=94093\"]}]},{\"@type\":\"BreadcrumbList\",\"@id\":\"https:\\\/\\\/lospoliticosveracruz.com\\\/?p=94093#breadcrumb\",\"itemListElement\":[{\"@type\":\"ListItem\",\"position\":1,\"name\":\"Portada\",\"item\":\"https:\\\/\\\/lospoliticosveracruz.com\\\/\"},{\"@type\":\"ListItem\",\"position\":2,\"name\":\"El usurpador de CTM\"}]},{\"@type\":\"WebSite\",\"@id\":\"https:\\\/\\\/lospoliticosveracruz.com\\\/#website\",\"url\":\"https:\\\/\\\/lospoliticosveracruz.com\\\/\",\"name\":\"Los pol\u00edticos Veracruz\",\"description\":\"\",\"publisher\":{\"@id\":\"https:\\\/\\\/lospoliticosveracruz.com\\\/#organization\"},\"potentialAction\":[{\"@type\":\"SearchAction\",\"target\":{\"@type\":\"EntryPoint\",\"urlTemplate\":\"https:\\\/\\\/lospoliticosveracruz.com\\\/?s={search_term_string}\"},\"query-input\":{\"@type\":\"PropertyValueSpecification\",\"valueRequired\":true,\"valueName\":\"search_term_string\"}}],\"inLanguage\":\"es\"},{\"@type\":\"Organization\",\"@id\":\"https:\\\/\\\/lospoliticosveracruz.com\\\/#organization\",\"name\":\"Los pol\u00edticos Veracruz\",\"url\":\"https:\\\/\\\/lospoliticosveracruz.com\\\/\",\"logo\":{\"@type\":\"ImageObject\",\"inLanguage\":\"es\",\"@id\":\"https:\\\/\\\/lospoliticosveracruz.com\\\/#\\\/schema\\\/logo\\\/image\\\/\",\"url\":\"https:\\\/\\\/lospoliticosveracruz.com\\\/wp-content\\\/uploads\\\/2025\\\/12\\\/Logo-Nuevo-LOS-POLITICOS-1.jpg\",\"contentUrl\":\"https:\\\/\\\/lospoliticosveracruz.com\\\/wp-content\\\/uploads\\\/2025\\\/12\\\/Logo-Nuevo-LOS-POLITICOS-1.jpg\",\"width\":260,\"height\":70,\"caption\":\"Los pol\u00edticos Veracruz\"},\"image\":{\"@id\":\"https:\\\/\\\/lospoliticosveracruz.com\\\/#\\\/schema\\\/logo\\\/image\\\/\"},\"sameAs\":[\"https:\\\/\\\/www.facebook.com\\\/people\\\/Notimemes-de-los-Polticos\\\/61565672886568\\\/\",\"https:\\\/\\\/x.com\\\/LosPoliticosVer\"]},{\"@type\":\"Person\",\"@id\":\"https:\\\/\\\/lospoliticosveracruz.com\\\/#\\\/schema\\\/person\\\/b8702bb0e538456e6efd07080bf2a4a2\",\"name\":\"Lo viste en Los Pol\u00edticos\",\"image\":{\"@type\":\"ImageObject\",\"inLanguage\":\"es\",\"@id\":\"https:\\\/\\\/secure.gravatar.com\\\/avatar\\\/3a8de04a2656d44082be478bd6c086daa447c4651605818287b9532d3d0bd435?s=96&d=mm&r=g\",\"url\":\"https:\\\/\\\/secure.gravatar.com\\\/avatar\\\/3a8de04a2656d44082be478bd6c086daa447c4651605818287b9532d3d0bd435?s=96&d=mm&r=g\",\"contentUrl\":\"https:\\\/\\\/secure.gravatar.com\\\/avatar\\\/3a8de04a2656d44082be478bd6c086daa447c4651605818287b9532d3d0bd435?s=96&d=mm&r=g\",\"caption\":\"Lo viste en Los Pol\u00edticos\"},\"url\":\"https:\\\/\\\/lospoliticosveracruz.com\\\/?author=2\"}]}<\/script>\n<!-- \/ Yoast SEO plugin. -->","yoast_head_json":{"title":"El usurpador de CTM - Los pol\u00edticos Veracruz","robots":{"index":"index","follow":"follow","max-snippet":"max-snippet:-1","max-image-preview":"max-image-preview:large","max-video-preview":"max-video-preview:-1"},"canonical":"https:\/\/lospoliticosveracruz.com\/?p=94093","og_locale":"es_ES","og_type":"article","og_title":"El usurpador de CTM - Los pol\u00edticos Veracruz","og_description":"Omar Z\u00fa\u00f1igaDe Primera Mano Taj\u00edn El arte del enga\u00f1o existe desde que el mundo es mundo y ha servido para m\u00faltiples objetivos, desde traicionar gobernantes para asesinarlos y acceder al trono, hasta cosas m\u00e1s simples, como ganar adeptos o posiciones en tal o cual gobierno.Pues bien, resulta que el viernes pasado, se inaugur\u00f3 una exposici\u00f3n [&hellip;]","og_url":"https:\/\/lospoliticosveracruz.com\/?p=94093","og_site_name":"Los pol\u00edticos Veracruz","article_publisher":"https:\/\/www.facebook.com\/people\/Notimemes-de-los-Polticos\/61565672886568\/","article_published_time":"2022-08-17T13:37:01+00:00","article_modified_time":"2022-08-17T13:37:06+00:00","og_image":[{"width":200,"height":200,"url":"https:\/\/lospoliticosveracruz.com\/wp-content\/uploads\/2016\/07\/Logo-Dor.jpg","type":"image\/jpeg"}],"author":"Lo viste en Los Pol\u00edticos","twitter_card":"summary_large_image","twitter_creator":"@LosPoliticosVer","twitter_site":"@LosPoliticosVer","twitter_misc":{"Escrito por":"Lo viste en Los Pol\u00edticos","Tiempo de lectura":"4 minutos"},"schema":{"@context":"https:\/\/schema.org","@graph":[{"@type":"Article","@id":"https:\/\/lospoliticosveracruz.com\/?p=94093#article","isPartOf":{"@id":"https:\/\/lospoliticosveracruz.com\/?p=94093"},"author":{"name":"Lo viste en Los Pol\u00edticos","@id":"https:\/\/lospoliticosveracruz.com\/#\/schema\/person\/b8702bb0e538456e6efd07080bf2a4a2"},"headline":"El usurpador de CTM","datePublished":"2022-08-17T13:37:01+00:00","dateModified":"2022-08-17T13:37:06+00:00","mainEntityOfPage":{"@id":"https:\/\/lospoliticosveracruz.com\/?p=94093"},"wordCount":766,"publisher":{"@id":"https:\/\/lospoliticosveracruz.com\/#organization"},"keywords":["ayuntamiento de Xalapa","Carlos Aceves Amezcua","CTM Regi\u00f3n Xalapa","Daniel Fern\u00e1ndez Carri\u00f3n","Luisa Mar\u00eda Alcalde","Omar Z\u00fa\u00f1iga"],"articleSection":["De Opini\u00f3n"],"inLanguage":"es"},{"@type":"WebPage","@id":"https:\/\/lospoliticosveracruz.com\/?p=94093","url":"https:\/\/lospoliticosveracruz.com\/?p=94093","name":"El usurpador de CTM - Los pol\u00edticos Veracruz","isPartOf":{"@id":"https:\/\/lospoliticosveracruz.com\/#website"},"datePublished":"2022-08-17T13:37:01+00:00","dateModified":"2022-08-17T13:37:06+00:00","breadcrumb":{"@id":"https:\/\/lospoliticosveracruz.com\/?p=94093#breadcrumb"},"inLanguage":"es","potentialAction":[{"@type":"ReadAction","target":["https:\/\/lospoliticosveracruz.com\/?p=94093"]}]},{"@type":"BreadcrumbList","@id":"https:\/\/lospoliticosveracruz.com\/?p=94093#breadcrumb","itemListElement":[{"@type":"ListItem","position":1,"name":"Portada","item":"https:\/\/lospoliticosveracruz.com\/"},{"@type":"ListItem","position":2,"name":"El usurpador de CTM"}]},{"@type":"WebSite","@id":"https:\/\/lospoliticosveracruz.com\/#website","url":"https:\/\/lospoliticosveracruz.com\/","name":"Los pol\u00edticos Veracruz","description":"","publisher":{"@id":"https:\/\/lospoliticosveracruz.com\/#organization"},"potentialAction":[{"@type":"SearchAction","target":{"@type":"EntryPoint","urlTemplate":"https:\/\/lospoliticosveracruz.com\/?s={search_term_string}"},"query-input":{"@type":"PropertyValueSpecification","valueRequired":true,"valueName":"search_term_string"}}],"inLanguage":"es"},{"@type":"Organization","@id":"https:\/\/lospoliticosveracruz.com\/#organization","name":"Los pol\u00edticos Veracruz","url":"https:\/\/lospoliticosveracruz.com\/","logo":{"@type":"ImageObject","inLanguage":"es","@id":"https:\/\/lospoliticosveracruz.com\/#\/schema\/logo\/image\/","url":"https:\/\/lospoliticosveracruz.com\/wp-content\/uploads\/2025\/12\/Logo-Nuevo-LOS-POLITICOS-1.jpg","contentUrl":"https:\/\/lospoliticosveracruz.com\/wp-content\/uploads\/2025\/12\/Logo-Nuevo-LOS-POLITICOS-1.jpg","width":260,"height":70,"caption":"Los pol\u00edticos Veracruz"},"image":{"@id":"https:\/\/lospoliticosveracruz.com\/#\/schema\/logo\/image\/"},"sameAs":["https:\/\/www.facebook.com\/people\/Notimemes-de-los-Polticos\/61565672886568\/","https:\/\/x.com\/LosPoliticosVer"]},{"@type":"Person","@id":"https:\/\/lospoliticosveracruz.com\/#\/schema\/person\/b8702bb0e538456e6efd07080bf2a4a2","name":"Lo viste en Los Pol\u00edticos","image":{"@type":"ImageObject","inLanguage":"es","@id":"https:\/\/secure.gravatar.com\/avatar\/3a8de04a2656d44082be478bd6c086daa447c4651605818287b9532d3d0bd435?s=96&d=mm&r=g","url":"https:\/\/secure.gravatar.com\/avatar\/3a8de04a2656d44082be478bd6c086daa447c4651605818287b9532d3d0bd435?s=96&d=mm&r=g","contentUrl":"https:\/\/secure.gravatar.com\/avatar\/3a8de04a2656d44082be478bd6c086daa447c4651605818287b9532d3d0bd435?s=96&d=mm&r=g","caption":"Lo viste en Los Pol\u00edticos"},"url":"https:\/\/lospoliticosveracruz.com\/?author=2"}]}},"_links":{"self":[{"href":"https:\/\/lospoliticosveracruz.com\/index.php?rest_route=\/wp\/v2\/posts\/94093","targetHints":{"allow":["GET"]}}],"collection":[{"href":"https:\/\/lospoliticosveracruz.com\/index.php?rest_route=\/wp\/v2\/posts"}],"about":[{"href":"https:\/\/lospoliticosveracruz.com\/index.php?rest_route=\/wp\/v2\/types\/post"}],"author":[{"embeddable":true,"href":"https:\/\/lospoliticosveracruz.com\/index.php?rest_route=\/wp\/v2\/users\/2"}],"replies":[{"embeddable":true,"href":"https:\/\/lospoliticosveracruz.com\/index.php?rest_route=%2Fwp%2Fv2%2Fcomments&post=94093"}],"version-history":[{"count":1,"href":"https:\/\/lospoliticosveracruz.com\/index.php?rest_route=\/wp\/v2\/posts\/94093\/revisions"}],"predecessor-version":[{"id":94095,"href":"https:\/\/lospoliticosveracruz.com\/index.php?rest_route=\/wp\/v2\/posts\/94093\/revisions\/94095"}],"wp:attachment":[{"href":"https:\/\/lospoliticosveracruz.com\/index.php?rest_route=%2Fwp%2Fv2%2Fmedia&parent=94093"}],"wp:term":[{"taxonomy":"category","embeddable":true,"href":"https:\/\/lospoliticosveracruz.com\/index.php?rest_route=%2Fwp%2Fv2%2Fcategories&post=94093"},{"taxonomy":"post_tag","embeddable":true,"href":"https:\/\/lospoliticosveracruz.com\/index.php?rest_route=%2Fwp%2Fv2%2Ftags&post=94093"}],"curies":[{"name":"wp","href":"https:\/\/api.w.org\/{rel}","templated":true}]}}