{"id":94096,"date":"2022-08-17T08:44:57","date_gmt":"2022-08-17T13:44:57","guid":{"rendered":"https:\/\/lospoliticosveracruz.com.mx\/?p=94096"},"modified":"2022-08-17T08:45:03","modified_gmt":"2022-08-17T13:45:03","slug":"amores-perros","status":"publish","type":"post","link":"https:\/\/lospoliticosveracruz.com\/?p=94096","title":{"rendered":"Amores perros"},"content":{"rendered":"\n<p><\/p>\n\n\n\n<p><\/p>\n\n\n\n<p><strong>Ignacio Alvarez<\/strong><br><em>Pluma Negra<\/em><\/p>\n\n\n\n<p>De aut\u00e9ntica pena ajena lo que declar\u00f3 ayer la Coordinadora General del Centro Estatal de Justicia para las Mujeres (Cejum), Irma Hern\u00e1ndez San Gabriel, a quien muy poco le ense\u00f1aron tantos a\u00f1os trabajando como ministerio p\u00fablico y ahora, con tal de hacerse notar, coment\u00f3 que hay mujeres que hasta disfrutan los golpes de sus parejas y que no los denuncian por amor.<\/p>\n\n\n\n<p>La versi\u00f3n estenogr\u00e1fica de la entrevista de la funcionaria lleg\u00f3 a Palacio de Gobierno, donde desde hace varios meses se plantean la posibilidad de hacer un cambio en esa \u00e1rea que depende de la Secretar\u00eda de Gobierno.<\/p>\n\n\n\n<p>Y es que las estad\u00edsticas no son sencillas, unas mil mujeres se han acercado a pedir ayuda, de las cuales 651 se han armado de valor para interponer las denuncias formales y otras 400 por temor argumentan que aman a sus parejas y aguantan un poco m\u00e1s, sin conocer las consecuencias de la tolerancia.<\/p>\n\n\n\n<p>Hern\u00e1ndez San Gabriel se gan\u00f3 a pulso la rechifla de activistas y colectivos feministas e, incluso, hasta de quienes exigen su cabeza, pues resulta indignante que alguien con esa mentalidad tan machista se sostenga en el cargo, pues cada d\u00eda se ven m\u00e1s casos y de mayor gravedad en contra de mujeres, que en t\u00e9rminos pr\u00e1cticos ha sido uno de los talones de Aquiles de la 4T.<\/p>\n\n\n\n<p>Se sabe que este caso, documentado y todo, se har\u00e1 llegar al Congreso del Estado, ya que por filias y fobias pol\u00edtica, Irma Hern\u00e1ndez no es bien vista por la mayor\u00eda de los diputados de Morena e, incluso, se maneja la versi\u00f3n de que la har\u00e1n ofrecer una disculpa p\u00fablica.<\/p>\n\n\n\n<p>Como de improvisada no la bajan, no caer\u00eda mal un curso de empata y sororidad para dirigir una de las instancias que se supone es la primera en defender la violencia contra las mujeres y no romantizar, por decir lo menos, una de las problem\u00e1ticas sociales m\u00e1s dram\u00e1ticas que nos azota como sociedad.<\/p>\n\n\n\n<p>Tal vez esa tolerancia es motivo para que incluso, los funcionarios p\u00fablicos como un subsecretario de Finanzas abusara sexualmente de una empleada y el secretario del Ayuntamiento de R\u00edo Blanco es detenido por violencia intrafamiliar y sale libre al tercer d\u00eda.<\/p>\n\n\n\n<p><strong>Limitan Salud en Cotaxtla<\/strong><br>El Centro de Salud de la Secretar\u00eda de Salud de Veracruz (SESVER) que se ubica en la cabecera municipal, se encuentra limitado en atenci\u00f3n y medicamentos para los pacientes que buscan resolver sus padecimientos y urgencias m\u00e9dicas, denunciaron usuarios que no cuentan con otra prestaci\u00f3n m\u00e9dica y que en caso de alguna enfermedad se deben trasladar a Veracruz.<\/p>\n\n\n\n<p>A pesar de que el municipio existen cinco centros, que dependen de la Jurisdicci\u00f3n Sanitaria n\u00famero VIII de Servicios de Salud de Veracruz, con sede en el puerto de Veracruz, el m\u00e1s completo es el de la cabecera, y ahora, presenta problemas de abasto de medicamentos y personal insuficiente para atender a la poblaci\u00f3n de acuerdo a las necesidades, el resto de los centros se encuentran en peores condiciones.<\/p>\n\n\n\n<p>En el ultimo mes, los habitantes de las comunidades de Cotaxtla han recibido servicios de salud alternos con la Unidad de Medicina de PEMEX que recorre todo el municipio con atenci\u00f3n de m\u00e9dicos e incluyen los medicamentos.<\/p>\n\n\n\n<p>Pero en el Centro de Salud, el personal m\u00e9dico, aplaza hasta 15 d\u00edas o m\u00e1s, las citas para atender a los pacientes en medicina general y de seguimiento, a pesar de que en muchas ocasiones se trata de asuntos de salud urgentes y ponen trabas para expedir las referencias a los enfermos que requieren de servicios de especialidad en los hospitales de Boca del R\u00edo o Veracruz.<\/p>\n\n\n\n<p>Los usuarios informaron que en el caso de las vacunas, con frecuencia se atrasan las aplicaciones por falta del buen funcionamiento del refrigerador y deben traerlas del Centro de Salud de Mata Espino.<\/p>\n\n\n\n<p>Aunque el servicio de atenci\u00f3n m\u00e9dica es de 8:00 a 15:00 horas, el personal m\u00e9dico s\u00f3lo atiende hasta las 13:00 horas m\u00e1ximo con cita, de lo contrario solo se atienen urgencias, pero si el paciente es sospechoso de COVID-19 no recibe ning\u00fan tipo de atenci\u00f3n.<\/p>\n","protected":false},"excerpt":{"rendered":"<p>Ignacio AlvarezPluma Negra De aut\u00e9ntica pena ajena lo que declar\u00f3 ayer la Coordinadora General del Centro Estatal de Justicia para las Mujeres (Cejum), Irma Hern\u00e1ndez San Gabriel, a quien muy poco le ense\u00f1aron tantos a\u00f1os trabajando como ministerio p\u00fablico y ahora, con tal de hacerse notar, coment\u00f3 que hay mujeres que hasta disfrutan los golpes [&hellip;]<\/p>\n","protected":false},"author":2,"featured_media":0,"comment_status":"closed","ping_status":"closed","sticky":false,"template":"","format":"standard","meta":{"tdm_status":"","tdm_grid_status":"","footnotes":""},"categories":[70],"tags":[34476,34614,28674,34477,998],"class_list":{"0":"post-94096","1":"post","2":"type-post","3":"status-publish","4":"format-standard","6":"category-de-opinion","7":"tag-cejum","8":"tag-centro-estatal-de-justicia-para-las-mujeres","9":"tag-ignacio-alvarez","10":"tag-irma-hernandez-san-gabriel","11":"tag-sesver"},"yoast_head":"<!-- This site is optimized with the Yoast SEO plugin v27.4 - https:\/\/yoast.com\/product\/yoast-seo-wordpress\/ -->\n<title>Amores perros - Los pol\u00edticos Veracruz<\/title>\n<meta name=\"robots\" content=\"index, follow, max-snippet:-1, max-image-preview:large, max-video-preview:-1\" \/>\n<link rel=\"canonical\" href=\"https:\/\/lospoliticosveracruz.com\/?p=94096\" \/>\n<meta property=\"og:locale\" content=\"es_ES\" \/>\n<meta property=\"og:type\" content=\"article\" \/>\n<meta property=\"og:title\" content=\"Amores perros - Los pol\u00edticos Veracruz\" \/>\n<meta property=\"og:description\" content=\"Ignacio AlvarezPluma Negra De aut\u00e9ntica pena ajena lo que declar\u00f3 ayer la Coordinadora General del Centro Estatal de Justicia para las Mujeres (Cejum), Irma Hern\u00e1ndez San Gabriel, a quien muy poco le ense\u00f1aron tantos a\u00f1os trabajando como ministerio p\u00fablico y ahora, con tal de hacerse notar, coment\u00f3 que hay mujeres que hasta disfrutan los golpes [&hellip;]\" \/>\n<meta property=\"og:url\" content=\"https:\/\/lospoliticosveracruz.com\/?p=94096\" \/>\n<meta property=\"og:site_name\" content=\"Los pol\u00edticos Veracruz\" \/>\n<meta property=\"article:publisher\" content=\"https:\/\/www.facebook.com\/people\/Notimemes-de-los-Polticos\/61565672886568\/\" \/>\n<meta property=\"article:published_time\" content=\"2022-08-17T13:44:57+00:00\" \/>\n<meta property=\"article:modified_time\" content=\"2022-08-17T13:45:03+00:00\" \/>\n<meta property=\"og:image\" content=\"https:\/\/lospoliticosveracruz.com\/wp-content\/uploads\/2016\/07\/Logo-Dor.jpg\" \/>\n\t<meta property=\"og:image:width\" content=\"200\" \/>\n\t<meta property=\"og:image:height\" content=\"200\" \/>\n\t<meta property=\"og:image:type\" content=\"image\/jpeg\" \/>\n<meta name=\"author\" content=\"Lo viste en Los Pol\u00edticos\" \/>\n<meta name=\"twitter:card\" content=\"summary_large_image\" \/>\n<meta name=\"twitter:creator\" content=\"@LosPoliticosVer\" \/>\n<meta name=\"twitter:site\" content=\"@LosPoliticosVer\" \/>\n<meta name=\"twitter:label1\" content=\"Escrito por\" \/>\n\t<meta name=\"twitter:data1\" content=\"Lo viste en Los Pol\u00edticos\" \/>\n\t<meta name=\"twitter:label2\" content=\"Tiempo de lectura\" \/>\n\t<meta name=\"twitter:data2\" content=\"4 minutos\" \/>\n<script type=\"application\/ld+json\" class=\"yoast-schema-graph\">{\"@context\":\"https:\\\/\\\/schema.org\",\"@graph\":[{\"@type\":\"Article\",\"@id\":\"https:\\\/\\\/lospoliticosveracruz.com\\\/?p=94096#article\",\"isPartOf\":{\"@id\":\"https:\\\/\\\/lospoliticosveracruz.com\\\/?p=94096\"},\"author\":{\"name\":\"Lo viste en Los Pol\u00edticos\",\"@id\":\"https:\\\/\\\/lospoliticosveracruz.com\\\/#\\\/schema\\\/person\\\/b8702bb0e538456e6efd07080bf2a4a2\"},\"headline\":\"Amores perros\",\"datePublished\":\"2022-08-17T13:44:57+00:00\",\"dateModified\":\"2022-08-17T13:45:03+00:00\",\"mainEntityOfPage\":{\"@id\":\"https:\\\/\\\/lospoliticosveracruz.com\\\/?p=94096\"},\"wordCount\":727,\"publisher\":{\"@id\":\"https:\\\/\\\/lospoliticosveracruz.com\\\/#organization\"},\"keywords\":[\"CEJUM\",\"Centro Estatal de Justicia para las Mujeres\",\"Ignacio Alvarez\",\"Irma Hern\u00e1ndez San Gabriel\",\"Sesver\"],\"articleSection\":[\"De Opini\u00f3n\"],\"inLanguage\":\"es\"},{\"@type\":\"WebPage\",\"@id\":\"https:\\\/\\\/lospoliticosveracruz.com\\\/?p=94096\",\"url\":\"https:\\\/\\\/lospoliticosveracruz.com\\\/?p=94096\",\"name\":\"Amores perros - Los pol\u00edticos Veracruz\",\"isPartOf\":{\"@id\":\"https:\\\/\\\/lospoliticosveracruz.com\\\/#website\"},\"datePublished\":\"2022-08-17T13:44:57+00:00\",\"dateModified\":\"2022-08-17T13:45:03+00:00\",\"breadcrumb\":{\"@id\":\"https:\\\/\\\/lospoliticosveracruz.com\\\/?p=94096#breadcrumb\"},\"inLanguage\":\"es\",\"potentialAction\":[{\"@type\":\"ReadAction\",\"target\":[\"https:\\\/\\\/lospoliticosveracruz.com\\\/?p=94096\"]}]},{\"@type\":\"BreadcrumbList\",\"@id\":\"https:\\\/\\\/lospoliticosveracruz.com\\\/?p=94096#breadcrumb\",\"itemListElement\":[{\"@type\":\"ListItem\",\"position\":1,\"name\":\"Portada\",\"item\":\"https:\\\/\\\/lospoliticosveracruz.com\\\/\"},{\"@type\":\"ListItem\",\"position\":2,\"name\":\"Amores perros\"}]},{\"@type\":\"WebSite\",\"@id\":\"https:\\\/\\\/lospoliticosveracruz.com\\\/#website\",\"url\":\"https:\\\/\\\/lospoliticosveracruz.com\\\/\",\"name\":\"Los pol\u00edticos Veracruz\",\"description\":\"\",\"publisher\":{\"@id\":\"https:\\\/\\\/lospoliticosveracruz.com\\\/#organization\"},\"potentialAction\":[{\"@type\":\"SearchAction\",\"target\":{\"@type\":\"EntryPoint\",\"urlTemplate\":\"https:\\\/\\\/lospoliticosveracruz.com\\\/?s={search_term_string}\"},\"query-input\":{\"@type\":\"PropertyValueSpecification\",\"valueRequired\":true,\"valueName\":\"search_term_string\"}}],\"inLanguage\":\"es\"},{\"@type\":\"Organization\",\"@id\":\"https:\\\/\\\/lospoliticosveracruz.com\\\/#organization\",\"name\":\"Los pol\u00edticos Veracruz\",\"url\":\"https:\\\/\\\/lospoliticosveracruz.com\\\/\",\"logo\":{\"@type\":\"ImageObject\",\"inLanguage\":\"es\",\"@id\":\"https:\\\/\\\/lospoliticosveracruz.com\\\/#\\\/schema\\\/logo\\\/image\\\/\",\"url\":\"https:\\\/\\\/lospoliticosveracruz.com\\\/wp-content\\\/uploads\\\/2025\\\/12\\\/Logo-Nuevo-LOS-POLITICOS-1.jpg\",\"contentUrl\":\"https:\\\/\\\/lospoliticosveracruz.com\\\/wp-content\\\/uploads\\\/2025\\\/12\\\/Logo-Nuevo-LOS-POLITICOS-1.jpg\",\"width\":260,\"height\":70,\"caption\":\"Los pol\u00edticos Veracruz\"},\"image\":{\"@id\":\"https:\\\/\\\/lospoliticosveracruz.com\\\/#\\\/schema\\\/logo\\\/image\\\/\"},\"sameAs\":[\"https:\\\/\\\/www.facebook.com\\\/people\\\/Notimemes-de-los-Polticos\\\/61565672886568\\\/\",\"https:\\\/\\\/x.com\\\/LosPoliticosVer\"]},{\"@type\":\"Person\",\"@id\":\"https:\\\/\\\/lospoliticosveracruz.com\\\/#\\\/schema\\\/person\\\/b8702bb0e538456e6efd07080bf2a4a2\",\"name\":\"Lo viste en Los Pol\u00edticos\",\"image\":{\"@type\":\"ImageObject\",\"inLanguage\":\"es\",\"@id\":\"https:\\\/\\\/secure.gravatar.com\\\/avatar\\\/3a8de04a2656d44082be478bd6c086daa447c4651605818287b9532d3d0bd435?s=96&d=mm&r=g\",\"url\":\"https:\\\/\\\/secure.gravatar.com\\\/avatar\\\/3a8de04a2656d44082be478bd6c086daa447c4651605818287b9532d3d0bd435?s=96&d=mm&r=g\",\"contentUrl\":\"https:\\\/\\\/secure.gravatar.com\\\/avatar\\\/3a8de04a2656d44082be478bd6c086daa447c4651605818287b9532d3d0bd435?s=96&d=mm&r=g\",\"caption\":\"Lo viste en Los Pol\u00edticos\"},\"url\":\"https:\\\/\\\/lospoliticosveracruz.com\\\/?author=2\"}]}<\/script>\n<!-- \/ Yoast SEO plugin. -->","yoast_head_json":{"title":"Amores perros - Los pol\u00edticos Veracruz","robots":{"index":"index","follow":"follow","max-snippet":"max-snippet:-1","max-image-preview":"max-image-preview:large","max-video-preview":"max-video-preview:-1"},"canonical":"https:\/\/lospoliticosveracruz.com\/?p=94096","og_locale":"es_ES","og_type":"article","og_title":"Amores perros - Los pol\u00edticos Veracruz","og_description":"Ignacio AlvarezPluma Negra De aut\u00e9ntica pena ajena lo que declar\u00f3 ayer la Coordinadora General del Centro Estatal de Justicia para las Mujeres (Cejum), Irma Hern\u00e1ndez San Gabriel, a quien muy poco le ense\u00f1aron tantos a\u00f1os trabajando como ministerio p\u00fablico y ahora, con tal de hacerse notar, coment\u00f3 que hay mujeres que hasta disfrutan los golpes [&hellip;]","og_url":"https:\/\/lospoliticosveracruz.com\/?p=94096","og_site_name":"Los pol\u00edticos Veracruz","article_publisher":"https:\/\/www.facebook.com\/people\/Notimemes-de-los-Polticos\/61565672886568\/","article_published_time":"2022-08-17T13:44:57+00:00","article_modified_time":"2022-08-17T13:45:03+00:00","og_image":[{"width":200,"height":200,"url":"https:\/\/lospoliticosveracruz.com\/wp-content\/uploads\/2016\/07\/Logo-Dor.jpg","type":"image\/jpeg"}],"author":"Lo viste en Los Pol\u00edticos","twitter_card":"summary_large_image","twitter_creator":"@LosPoliticosVer","twitter_site":"@LosPoliticosVer","twitter_misc":{"Escrito por":"Lo viste en Los Pol\u00edticos","Tiempo de lectura":"4 minutos"},"schema":{"@context":"https:\/\/schema.org","@graph":[{"@type":"Article","@id":"https:\/\/lospoliticosveracruz.com\/?p=94096#article","isPartOf":{"@id":"https:\/\/lospoliticosveracruz.com\/?p=94096"},"author":{"name":"Lo viste en Los Pol\u00edticos","@id":"https:\/\/lospoliticosveracruz.com\/#\/schema\/person\/b8702bb0e538456e6efd07080bf2a4a2"},"headline":"Amores perros","datePublished":"2022-08-17T13:44:57+00:00","dateModified":"2022-08-17T13:45:03+00:00","mainEntityOfPage":{"@id":"https:\/\/lospoliticosveracruz.com\/?p=94096"},"wordCount":727,"publisher":{"@id":"https:\/\/lospoliticosveracruz.com\/#organization"},"keywords":["CEJUM","Centro Estatal de Justicia para las Mujeres","Ignacio Alvarez","Irma Hern\u00e1ndez San Gabriel","Sesver"],"articleSection":["De Opini\u00f3n"],"inLanguage":"es"},{"@type":"WebPage","@id":"https:\/\/lospoliticosveracruz.com\/?p=94096","url":"https:\/\/lospoliticosveracruz.com\/?p=94096","name":"Amores perros - Los pol\u00edticos Veracruz","isPartOf":{"@id":"https:\/\/lospoliticosveracruz.com\/#website"},"datePublished":"2022-08-17T13:44:57+00:00","dateModified":"2022-08-17T13:45:03+00:00","breadcrumb":{"@id":"https:\/\/lospoliticosveracruz.com\/?p=94096#breadcrumb"},"inLanguage":"es","potentialAction":[{"@type":"ReadAction","target":["https:\/\/lospoliticosveracruz.com\/?p=94096"]}]},{"@type":"BreadcrumbList","@id":"https:\/\/lospoliticosveracruz.com\/?p=94096#breadcrumb","itemListElement":[{"@type":"ListItem","position":1,"name":"Portada","item":"https:\/\/lospoliticosveracruz.com\/"},{"@type":"ListItem","position":2,"name":"Amores perros"}]},{"@type":"WebSite","@id":"https:\/\/lospoliticosveracruz.com\/#website","url":"https:\/\/lospoliticosveracruz.com\/","name":"Los pol\u00edticos Veracruz","description":"","publisher":{"@id":"https:\/\/lospoliticosveracruz.com\/#organization"},"potentialAction":[{"@type":"SearchAction","target":{"@type":"EntryPoint","urlTemplate":"https:\/\/lospoliticosveracruz.com\/?s={search_term_string}"},"query-input":{"@type":"PropertyValueSpecification","valueRequired":true,"valueName":"search_term_string"}}],"inLanguage":"es"},{"@type":"Organization","@id":"https:\/\/lospoliticosveracruz.com\/#organization","name":"Los pol\u00edticos Veracruz","url":"https:\/\/lospoliticosveracruz.com\/","logo":{"@type":"ImageObject","inLanguage":"es","@id":"https:\/\/lospoliticosveracruz.com\/#\/schema\/logo\/image\/","url":"https:\/\/lospoliticosveracruz.com\/wp-content\/uploads\/2025\/12\/Logo-Nuevo-LOS-POLITICOS-1.jpg","contentUrl":"https:\/\/lospoliticosveracruz.com\/wp-content\/uploads\/2025\/12\/Logo-Nuevo-LOS-POLITICOS-1.jpg","width":260,"height":70,"caption":"Los pol\u00edticos Veracruz"},"image":{"@id":"https:\/\/lospoliticosveracruz.com\/#\/schema\/logo\/image\/"},"sameAs":["https:\/\/www.facebook.com\/people\/Notimemes-de-los-Polticos\/61565672886568\/","https:\/\/x.com\/LosPoliticosVer"]},{"@type":"Person","@id":"https:\/\/lospoliticosveracruz.com\/#\/schema\/person\/b8702bb0e538456e6efd07080bf2a4a2","name":"Lo viste en Los Pol\u00edticos","image":{"@type":"ImageObject","inLanguage":"es","@id":"https:\/\/secure.gravatar.com\/avatar\/3a8de04a2656d44082be478bd6c086daa447c4651605818287b9532d3d0bd435?s=96&d=mm&r=g","url":"https:\/\/secure.gravatar.com\/avatar\/3a8de04a2656d44082be478bd6c086daa447c4651605818287b9532d3d0bd435?s=96&d=mm&r=g","contentUrl":"https:\/\/secure.gravatar.com\/avatar\/3a8de04a2656d44082be478bd6c086daa447c4651605818287b9532d3d0bd435?s=96&d=mm&r=g","caption":"Lo viste en Los Pol\u00edticos"},"url":"https:\/\/lospoliticosveracruz.com\/?author=2"}]}},"_links":{"self":[{"href":"https:\/\/lospoliticosveracruz.com\/index.php?rest_route=\/wp\/v2\/posts\/94096","targetHints":{"allow":["GET"]}}],"collection":[{"href":"https:\/\/lospoliticosveracruz.com\/index.php?rest_route=\/wp\/v2\/posts"}],"about":[{"href":"https:\/\/lospoliticosveracruz.com\/index.php?rest_route=\/wp\/v2\/types\/post"}],"author":[{"embeddable":true,"href":"https:\/\/lospoliticosveracruz.com\/index.php?rest_route=\/wp\/v2\/users\/2"}],"replies":[{"embeddable":true,"href":"https:\/\/lospoliticosveracruz.com\/index.php?rest_route=%2Fwp%2Fv2%2Fcomments&post=94096"}],"version-history":[{"count":1,"href":"https:\/\/lospoliticosveracruz.com\/index.php?rest_route=\/wp\/v2\/posts\/94096\/revisions"}],"predecessor-version":[{"id":94098,"href":"https:\/\/lospoliticosveracruz.com\/index.php?rest_route=\/wp\/v2\/posts\/94096\/revisions\/94098"}],"wp:attachment":[{"href":"https:\/\/lospoliticosveracruz.com\/index.php?rest_route=%2Fwp%2Fv2%2Fmedia&parent=94096"}],"wp:term":[{"taxonomy":"category","embeddable":true,"href":"https:\/\/lospoliticosveracruz.com\/index.php?rest_route=%2Fwp%2Fv2%2Fcategories&post=94096"},{"taxonomy":"post_tag","embeddable":true,"href":"https:\/\/lospoliticosveracruz.com\/index.php?rest_route=%2Fwp%2Fv2%2Ftags&post=94096"}],"curies":[{"name":"wp","href":"https:\/\/api.w.org\/{rel}","templated":true}]}}