{"id":94168,"date":"2022-08-18T10:48:36","date_gmt":"2022-08-18T15:48:36","guid":{"rendered":"https:\/\/lospoliticosveracruz.com.mx\/?p=94168"},"modified":"2022-08-18T10:48:41","modified_gmt":"2022-08-18T15:48:41","slug":"la-seguridad-fallida-en-veracruz","status":"publish","type":"post","link":"https:\/\/lospoliticosveracruz.com\/?p=94168","title":{"rendered":"La seguridad fallida en Veracruz"},"content":{"rendered":"\n<p><\/p>\n\n\n\n<p><\/p>\n\n\n\n<p><strong>Uriel Flores Aguayo<\/strong><\/p>\n\n\n\n<p>Basta una observaci\u00f3n simple de las formas y actuaciones de las polic\u00edas locales en Veracruz para concluir en que no son lo profesional e institucionales que se requieren. Ver al Secretario del ramo en actos pol\u00edticos disfrazados de consultas o conferencias \u201cmagistrales\u201d, da una idea del ocio y la concepci\u00f3n en que se mueve. Por cierto, importado de Nuevo Le\u00f3n sobrelleva un d\u00e9ficit de conocimiento profundo de nuestro Estado. Hay muchas muestras que dan una idea completa de unas polic\u00edas, estatales y municipales, lejanas de cualquier renovaci\u00f3n; no son mejores a las tradicionales, de la vieja escuela. Bastar\u00eda detenerse en la reiteraci\u00f3n de los retenes y en el enmascaramiento de sus elementos; los retenes no tienen un sentido estrat\u00e9gico ni una utilidad palpable. Es obvio que no sirven para fines de seguridad ni operan con protocolos espec\u00edficos; m\u00e1s bien son una demostraci\u00f3n de alg\u00fan tipo de trabajo y logran una recaudaci\u00f3n informal. La sola instalaci\u00f3n indiscriminada de esos retenes pinta una Secretar\u00eda de seguridad obsoleta. Las m\u00e1scaras en las polic\u00edas es otro dato contundente que cuestiona la seriedad de esas corporaciones. Es una imitaci\u00f3n de los cuerpos policiales anti terroristas de Europa, donde para acciones peligrosas los polic\u00edas cubren su rostro. Aqu\u00ed, en alg\u00fan momento, alguien ide\u00f3 reproducirlo, qued\u00e1ndose as\u00ed hasta la fecha. Es obvio que para su trabajo cotidiano los cuerpos policiales no deben ni necesitan cubrir su rostro; al contrario, necesitan mayor confianza y cercan\u00eda con la sociedad. Los retenes y las m\u00e1scaras son elementos de una polic\u00eda fallida. Desde luego hay m\u00e1s. Tenemos a la polic\u00eda municipal de Xalapa uniformada en forma similar con la Estatal; su identidad debe ser distinta en tanto que tiene funciones y alcances diferentes. Es llamativo que los polic\u00edas que cuidan accesos a edificios p\u00fablicos porten armas largas o pistolas; los bienes resguardados no ameritan ese tipo de armamento. Es un exceso tambi\u00e9n tradicional. Son espectaculares las caravanas policiales de patrullas donde los uniformados apuntan sus armas hacia la gente cual si estuvieran en situaciones de guerra. Es cuestionable la labor que realiza la polic\u00eda vial persiguiendo a los automovilistas con cualquier pretexto; son de temer con sus enormes armas. Ah\u00ed radica otra incongruencia: armas largas para atender asuntos viales. Un poco folkl\u00f3rico es que en los municipios organicen ceremonias para la entrega de uniformes; lo toman como un acto pol\u00edtico cuando simplemente est\u00e1n cumpliendo con una obligaci\u00f3n b\u00e1sica. Es notable el descontrol en las polic\u00edas, sus problemas de preparaci\u00f3n profesional. Pero m\u00e1s preocupante es que la ciudadan\u00eda no tenga pr\u00e1cticamente a donde acudir en caso de que sufra atropellos; no es clara, no se le pone \u00e9nfasis, la instancia responsable de atender a la gente que tenga quejas de los polic\u00edas. En realidad es mucho lo que hace falta para que contemos en Veracruz con una polic\u00eda profesional, cient\u00edfica, respetuosa de los derechos humanos y merecedora de la plena confianza de la sociedad.<\/p>\n\n\n\n<p>Hay algo peor y peligroso: el involucramiento sistem\u00e1tico de la polic\u00eda estatal, en particular la fuerza civil, en hechos violentos, robos y asesinatos contra la ciudadan\u00eda. Parece un patr\u00f3n de conducta, de mezcla delincuencial, auspiciado y encubierto por sus mandos. En esas condiciones estamos ante cuerpos mafiosos que nada tienen que ver con la seguridad de la sociedad. Ante esa gravedad las instancias pol\u00edticas oficiales han guardado un sospechoso y c\u00f3mplice silencio. Urge una sacudida a los cuerpos policiales para que cumplan con su deber.<\/p>\n\n\n\n<p>Recadito: como en las monarqu\u00edas hay quien, en Veracruz, cree que le pertenece la verdad y la gente.<br>Ufa.1959@gmail.com<\/p>\n","protected":false},"excerpt":{"rendered":"<p>Uriel Flores Aguayo Basta una observaci\u00f3n simple de las formas y actuaciones de las polic\u00edas locales en Veracruz para concluir en que no son lo profesional e institucionales que se requieren. Ver al Secretario del ramo en actos pol\u00edticos disfrazados de consultas o conferencias \u201cmagistrales\u201d, da una idea del ocio y la concepci\u00f3n en que [&hellip;]<\/p>\n","protected":false},"author":2,"featured_media":0,"comment_status":"closed","ping_status":"closed","sticky":false,"template":"","format":"standard","meta":{"tdm_status":"","tdm_grid_status":"","footnotes":""},"categories":[70],"tags":[34633,5372,470,23636,13303,1026,505,195],"class_list":{"0":"post-94168","1":"post","2":"type-post","3":"status-publish","4":"format-standard","6":"category-de-opinion","7":"tag-cuerpos-policiales","8":"tag-delincuencia","9":"tag-fuerza-civil","10":"tag-hechos-violentos","11":"tag-hugo-gutierrez-maldonado","12":"tag-morena","13":"tag-robos","14":"tag-veracruz"},"yoast_head":"<!-- This site is optimized with the Yoast SEO plugin v27.4 - https:\/\/yoast.com\/product\/yoast-seo-wordpress\/ -->\n<title>La seguridad fallida en Veracruz - Los pol\u00edticos Veracruz<\/title>\n<meta name=\"robots\" content=\"index, follow, max-snippet:-1, max-image-preview:large, max-video-preview:-1\" \/>\n<link rel=\"canonical\" href=\"https:\/\/lospoliticosveracruz.com\/?p=94168\" \/>\n<meta property=\"og:locale\" content=\"es_ES\" \/>\n<meta property=\"og:type\" content=\"article\" \/>\n<meta property=\"og:title\" content=\"La seguridad fallida en Veracruz - Los pol\u00edticos Veracruz\" \/>\n<meta property=\"og:description\" content=\"Uriel Flores Aguayo Basta una observaci\u00f3n simple de las formas y actuaciones de las polic\u00edas locales en Veracruz para concluir en que no son lo profesional e institucionales que se requieren. Ver al Secretario del ramo en actos pol\u00edticos disfrazados de consultas o conferencias \u201cmagistrales\u201d, da una idea del ocio y la concepci\u00f3n en que [&hellip;]\" \/>\n<meta property=\"og:url\" content=\"https:\/\/lospoliticosveracruz.com\/?p=94168\" \/>\n<meta property=\"og:site_name\" content=\"Los pol\u00edticos Veracruz\" \/>\n<meta property=\"article:publisher\" content=\"https:\/\/www.facebook.com\/people\/Notimemes-de-los-Polticos\/61565672886568\/\" \/>\n<meta property=\"article:published_time\" content=\"2022-08-18T15:48:36+00:00\" \/>\n<meta property=\"article:modified_time\" content=\"2022-08-18T15:48:41+00:00\" \/>\n<meta property=\"og:image\" content=\"https:\/\/lospoliticosveracruz.com\/wp-content\/uploads\/2016\/07\/Logo-Dor.jpg\" \/>\n\t<meta property=\"og:image:width\" content=\"200\" \/>\n\t<meta property=\"og:image:height\" content=\"200\" \/>\n\t<meta property=\"og:image:type\" content=\"image\/jpeg\" \/>\n<meta name=\"author\" content=\"Lo viste en Los Pol\u00edticos\" \/>\n<meta name=\"twitter:card\" content=\"summary_large_image\" \/>\n<meta name=\"twitter:creator\" content=\"@LosPoliticosVer\" \/>\n<meta name=\"twitter:site\" content=\"@LosPoliticosVer\" \/>\n<meta name=\"twitter:label1\" content=\"Escrito por\" \/>\n\t<meta name=\"twitter:data1\" content=\"Lo viste en Los Pol\u00edticos\" \/>\n\t<meta name=\"twitter:label2\" content=\"Tiempo de lectura\" \/>\n\t<meta name=\"twitter:data2\" content=\"3 minutos\" \/>\n<script type=\"application\/ld+json\" class=\"yoast-schema-graph\">{\"@context\":\"https:\\\/\\\/schema.org\",\"@graph\":[{\"@type\":\"Article\",\"@id\":\"https:\\\/\\\/lospoliticosveracruz.com\\\/?p=94168#article\",\"isPartOf\":{\"@id\":\"https:\\\/\\\/lospoliticosveracruz.com\\\/?p=94168\"},\"author\":{\"name\":\"Lo viste en Los Pol\u00edticos\",\"@id\":\"https:\\\/\\\/lospoliticosveracruz.com\\\/#\\\/schema\\\/person\\\/b8702bb0e538456e6efd07080bf2a4a2\"},\"headline\":\"La seguridad fallida en Veracruz\",\"datePublished\":\"2022-08-18T15:48:36+00:00\",\"dateModified\":\"2022-08-18T15:48:41+00:00\",\"mainEntityOfPage\":{\"@id\":\"https:\\\/\\\/lospoliticosveracruz.com\\\/?p=94168\"},\"wordCount\":649,\"publisher\":{\"@id\":\"https:\\\/\\\/lospoliticosveracruz.com\\\/#organization\"},\"keywords\":[\"cuerpos policiales\",\"delincuencia\",\"Fuerza Civil\",\"Hechos violentos\",\"Hugo Guti\u00e9rrez Maldonado\",\"Morena\",\"robos\",\"Veracruz\"],\"articleSection\":[\"De Opini\u00f3n\"],\"inLanguage\":\"es\"},{\"@type\":\"WebPage\",\"@id\":\"https:\\\/\\\/lospoliticosveracruz.com\\\/?p=94168\",\"url\":\"https:\\\/\\\/lospoliticosveracruz.com\\\/?p=94168\",\"name\":\"La seguridad fallida en Veracruz - Los pol\u00edticos Veracruz\",\"isPartOf\":{\"@id\":\"https:\\\/\\\/lospoliticosveracruz.com\\\/#website\"},\"datePublished\":\"2022-08-18T15:48:36+00:00\",\"dateModified\":\"2022-08-18T15:48:41+00:00\",\"breadcrumb\":{\"@id\":\"https:\\\/\\\/lospoliticosveracruz.com\\\/?p=94168#breadcrumb\"},\"inLanguage\":\"es\",\"potentialAction\":[{\"@type\":\"ReadAction\",\"target\":[\"https:\\\/\\\/lospoliticosveracruz.com\\\/?p=94168\"]}]},{\"@type\":\"BreadcrumbList\",\"@id\":\"https:\\\/\\\/lospoliticosveracruz.com\\\/?p=94168#breadcrumb\",\"itemListElement\":[{\"@type\":\"ListItem\",\"position\":1,\"name\":\"Portada\",\"item\":\"https:\\\/\\\/lospoliticosveracruz.com\\\/\"},{\"@type\":\"ListItem\",\"position\":2,\"name\":\"La seguridad fallida en Veracruz\"}]},{\"@type\":\"WebSite\",\"@id\":\"https:\\\/\\\/lospoliticosveracruz.com\\\/#website\",\"url\":\"https:\\\/\\\/lospoliticosveracruz.com\\\/\",\"name\":\"Los pol\u00edticos Veracruz\",\"description\":\"\",\"publisher\":{\"@id\":\"https:\\\/\\\/lospoliticosveracruz.com\\\/#organization\"},\"potentialAction\":[{\"@type\":\"SearchAction\",\"target\":{\"@type\":\"EntryPoint\",\"urlTemplate\":\"https:\\\/\\\/lospoliticosveracruz.com\\\/?s={search_term_string}\"},\"query-input\":{\"@type\":\"PropertyValueSpecification\",\"valueRequired\":true,\"valueName\":\"search_term_string\"}}],\"inLanguage\":\"es\"},{\"@type\":\"Organization\",\"@id\":\"https:\\\/\\\/lospoliticosveracruz.com\\\/#organization\",\"name\":\"Los pol\u00edticos Veracruz\",\"url\":\"https:\\\/\\\/lospoliticosveracruz.com\\\/\",\"logo\":{\"@type\":\"ImageObject\",\"inLanguage\":\"es\",\"@id\":\"https:\\\/\\\/lospoliticosveracruz.com\\\/#\\\/schema\\\/logo\\\/image\\\/\",\"url\":\"https:\\\/\\\/lospoliticosveracruz.com\\\/wp-content\\\/uploads\\\/2025\\\/12\\\/Logo-Nuevo-LOS-POLITICOS-1.jpg\",\"contentUrl\":\"https:\\\/\\\/lospoliticosveracruz.com\\\/wp-content\\\/uploads\\\/2025\\\/12\\\/Logo-Nuevo-LOS-POLITICOS-1.jpg\",\"width\":260,\"height\":70,\"caption\":\"Los pol\u00edticos Veracruz\"},\"image\":{\"@id\":\"https:\\\/\\\/lospoliticosveracruz.com\\\/#\\\/schema\\\/logo\\\/image\\\/\"},\"sameAs\":[\"https:\\\/\\\/www.facebook.com\\\/people\\\/Notimemes-de-los-Polticos\\\/61565672886568\\\/\",\"https:\\\/\\\/x.com\\\/LosPoliticosVer\"]},{\"@type\":\"Person\",\"@id\":\"https:\\\/\\\/lospoliticosveracruz.com\\\/#\\\/schema\\\/person\\\/b8702bb0e538456e6efd07080bf2a4a2\",\"name\":\"Lo viste en Los Pol\u00edticos\",\"image\":{\"@type\":\"ImageObject\",\"inLanguage\":\"es\",\"@id\":\"https:\\\/\\\/secure.gravatar.com\\\/avatar\\\/3a8de04a2656d44082be478bd6c086daa447c4651605818287b9532d3d0bd435?s=96&d=mm&r=g\",\"url\":\"https:\\\/\\\/secure.gravatar.com\\\/avatar\\\/3a8de04a2656d44082be478bd6c086daa447c4651605818287b9532d3d0bd435?s=96&d=mm&r=g\",\"contentUrl\":\"https:\\\/\\\/secure.gravatar.com\\\/avatar\\\/3a8de04a2656d44082be478bd6c086daa447c4651605818287b9532d3d0bd435?s=96&d=mm&r=g\",\"caption\":\"Lo viste en Los Pol\u00edticos\"},\"url\":\"https:\\\/\\\/lospoliticosveracruz.com\\\/?author=2\"}]}<\/script>\n<!-- \/ Yoast SEO plugin. -->","yoast_head_json":{"title":"La seguridad fallida en Veracruz - Los pol\u00edticos Veracruz","robots":{"index":"index","follow":"follow","max-snippet":"max-snippet:-1","max-image-preview":"max-image-preview:large","max-video-preview":"max-video-preview:-1"},"canonical":"https:\/\/lospoliticosveracruz.com\/?p=94168","og_locale":"es_ES","og_type":"article","og_title":"La seguridad fallida en Veracruz - Los pol\u00edticos Veracruz","og_description":"Uriel Flores Aguayo Basta una observaci\u00f3n simple de las formas y actuaciones de las polic\u00edas locales en Veracruz para concluir en que no son lo profesional e institucionales que se requieren. Ver al Secretario del ramo en actos pol\u00edticos disfrazados de consultas o conferencias \u201cmagistrales\u201d, da una idea del ocio y la concepci\u00f3n en que [&hellip;]","og_url":"https:\/\/lospoliticosveracruz.com\/?p=94168","og_site_name":"Los pol\u00edticos Veracruz","article_publisher":"https:\/\/www.facebook.com\/people\/Notimemes-de-los-Polticos\/61565672886568\/","article_published_time":"2022-08-18T15:48:36+00:00","article_modified_time":"2022-08-18T15:48:41+00:00","og_image":[{"width":200,"height":200,"url":"https:\/\/lospoliticosveracruz.com\/wp-content\/uploads\/2016\/07\/Logo-Dor.jpg","type":"image\/jpeg"}],"author":"Lo viste en Los Pol\u00edticos","twitter_card":"summary_large_image","twitter_creator":"@LosPoliticosVer","twitter_site":"@LosPoliticosVer","twitter_misc":{"Escrito por":"Lo viste en Los Pol\u00edticos","Tiempo de lectura":"3 minutos"},"schema":{"@context":"https:\/\/schema.org","@graph":[{"@type":"Article","@id":"https:\/\/lospoliticosveracruz.com\/?p=94168#article","isPartOf":{"@id":"https:\/\/lospoliticosveracruz.com\/?p=94168"},"author":{"name":"Lo viste en Los Pol\u00edticos","@id":"https:\/\/lospoliticosveracruz.com\/#\/schema\/person\/b8702bb0e538456e6efd07080bf2a4a2"},"headline":"La seguridad fallida en Veracruz","datePublished":"2022-08-18T15:48:36+00:00","dateModified":"2022-08-18T15:48:41+00:00","mainEntityOfPage":{"@id":"https:\/\/lospoliticosveracruz.com\/?p=94168"},"wordCount":649,"publisher":{"@id":"https:\/\/lospoliticosveracruz.com\/#organization"},"keywords":["cuerpos policiales","delincuencia","Fuerza Civil","Hechos violentos","Hugo Guti\u00e9rrez Maldonado","Morena","robos","Veracruz"],"articleSection":["De Opini\u00f3n"],"inLanguage":"es"},{"@type":"WebPage","@id":"https:\/\/lospoliticosveracruz.com\/?p=94168","url":"https:\/\/lospoliticosveracruz.com\/?p=94168","name":"La seguridad fallida en Veracruz - Los pol\u00edticos Veracruz","isPartOf":{"@id":"https:\/\/lospoliticosveracruz.com\/#website"},"datePublished":"2022-08-18T15:48:36+00:00","dateModified":"2022-08-18T15:48:41+00:00","breadcrumb":{"@id":"https:\/\/lospoliticosveracruz.com\/?p=94168#breadcrumb"},"inLanguage":"es","potentialAction":[{"@type":"ReadAction","target":["https:\/\/lospoliticosveracruz.com\/?p=94168"]}]},{"@type":"BreadcrumbList","@id":"https:\/\/lospoliticosveracruz.com\/?p=94168#breadcrumb","itemListElement":[{"@type":"ListItem","position":1,"name":"Portada","item":"https:\/\/lospoliticosveracruz.com\/"},{"@type":"ListItem","position":2,"name":"La seguridad fallida en Veracruz"}]},{"@type":"WebSite","@id":"https:\/\/lospoliticosveracruz.com\/#website","url":"https:\/\/lospoliticosveracruz.com\/","name":"Los pol\u00edticos Veracruz","description":"","publisher":{"@id":"https:\/\/lospoliticosveracruz.com\/#organization"},"potentialAction":[{"@type":"SearchAction","target":{"@type":"EntryPoint","urlTemplate":"https:\/\/lospoliticosveracruz.com\/?s={search_term_string}"},"query-input":{"@type":"PropertyValueSpecification","valueRequired":true,"valueName":"search_term_string"}}],"inLanguage":"es"},{"@type":"Organization","@id":"https:\/\/lospoliticosveracruz.com\/#organization","name":"Los pol\u00edticos Veracruz","url":"https:\/\/lospoliticosveracruz.com\/","logo":{"@type":"ImageObject","inLanguage":"es","@id":"https:\/\/lospoliticosveracruz.com\/#\/schema\/logo\/image\/","url":"https:\/\/lospoliticosveracruz.com\/wp-content\/uploads\/2025\/12\/Logo-Nuevo-LOS-POLITICOS-1.jpg","contentUrl":"https:\/\/lospoliticosveracruz.com\/wp-content\/uploads\/2025\/12\/Logo-Nuevo-LOS-POLITICOS-1.jpg","width":260,"height":70,"caption":"Los pol\u00edticos Veracruz"},"image":{"@id":"https:\/\/lospoliticosveracruz.com\/#\/schema\/logo\/image\/"},"sameAs":["https:\/\/www.facebook.com\/people\/Notimemes-de-los-Polticos\/61565672886568\/","https:\/\/x.com\/LosPoliticosVer"]},{"@type":"Person","@id":"https:\/\/lospoliticosveracruz.com\/#\/schema\/person\/b8702bb0e538456e6efd07080bf2a4a2","name":"Lo viste en Los Pol\u00edticos","image":{"@type":"ImageObject","inLanguage":"es","@id":"https:\/\/secure.gravatar.com\/avatar\/3a8de04a2656d44082be478bd6c086daa447c4651605818287b9532d3d0bd435?s=96&d=mm&r=g","url":"https:\/\/secure.gravatar.com\/avatar\/3a8de04a2656d44082be478bd6c086daa447c4651605818287b9532d3d0bd435?s=96&d=mm&r=g","contentUrl":"https:\/\/secure.gravatar.com\/avatar\/3a8de04a2656d44082be478bd6c086daa447c4651605818287b9532d3d0bd435?s=96&d=mm&r=g","caption":"Lo viste en Los Pol\u00edticos"},"url":"https:\/\/lospoliticosveracruz.com\/?author=2"}]}},"_links":{"self":[{"href":"https:\/\/lospoliticosveracruz.com\/index.php?rest_route=\/wp\/v2\/posts\/94168","targetHints":{"allow":["GET"]}}],"collection":[{"href":"https:\/\/lospoliticosveracruz.com\/index.php?rest_route=\/wp\/v2\/posts"}],"about":[{"href":"https:\/\/lospoliticosveracruz.com\/index.php?rest_route=\/wp\/v2\/types\/post"}],"author":[{"embeddable":true,"href":"https:\/\/lospoliticosveracruz.com\/index.php?rest_route=\/wp\/v2\/users\/2"}],"replies":[{"embeddable":true,"href":"https:\/\/lospoliticosveracruz.com\/index.php?rest_route=%2Fwp%2Fv2%2Fcomments&post=94168"}],"version-history":[{"count":1,"href":"https:\/\/lospoliticosveracruz.com\/index.php?rest_route=\/wp\/v2\/posts\/94168\/revisions"}],"predecessor-version":[{"id":94169,"href":"https:\/\/lospoliticosveracruz.com\/index.php?rest_route=\/wp\/v2\/posts\/94168\/revisions\/94169"}],"wp:attachment":[{"href":"https:\/\/lospoliticosveracruz.com\/index.php?rest_route=%2Fwp%2Fv2%2Fmedia&parent=94168"}],"wp:term":[{"taxonomy":"category","embeddable":true,"href":"https:\/\/lospoliticosveracruz.com\/index.php?rest_route=%2Fwp%2Fv2%2Fcategories&post=94168"},{"taxonomy":"post_tag","embeddable":true,"href":"https:\/\/lospoliticosveracruz.com\/index.php?rest_route=%2Fwp%2Fv2%2Ftags&post=94168"}],"curies":[{"name":"wp","href":"https:\/\/api.w.org\/{rel}","templated":true}]}}