{"id":94185,"date":"2022-08-19T07:50:46","date_gmt":"2022-08-19T12:50:46","guid":{"rendered":"https:\/\/lospoliticosveracruz.com.mx\/?p=94185"},"modified":"2022-08-19T07:50:54","modified_gmt":"2022-08-19T12:50:54","slug":"aclara-lima-franco-aportaciones-al-sar-y-recursos-del-ipe","status":"publish","type":"post","link":"https:\/\/lospoliticosveracruz.com\/?p=94185","title":{"rendered":"Aclara Lima Franco aportaciones al SAR y recursos del IPE"},"content":{"rendered":"\n<p><\/p>\n\n\n\n<p><br><strong>Bernardo Guti\u00e9rrez Parra<\/strong><br><em>Desde el Caf\u00e9<\/em><\/p>\n\n\n\n<p>Hace siete a\u00f1os, apenas se corr\u00eda la voz de que no habr\u00eda dinero para pagar a los pensionados del IPE, de inmediato se armaban los plantones en la Plaza Lerdo. Y es que por lo general el rumor resultaba cierto. Estoy hablando del quinto a\u00f1o de gobierno de Javier Duarte, cuando ya andaba en busca de su quinto secretario para la Sefiplan de los seis que tuvo en esa dependencia.<\/p>\n\n\n\n<figure class=\"wp-block-image size-full\"><a href=\"https:\/\/lospoliticosveracruz.com.mx\/wp-content\/uploads\/2022\/05\/Seguro-Julio-Cerecedo.jpg\"><img decoding=\"async\" src=\"https:\/\/lospoliticosveracruz.com.mx\/wp-content\/uploads\/2022\/05\/Seguro-Julio-Cerecedo.jpg\" alt=\"\" class=\"wp-image-90414\"\/><\/a><\/figure>\n\n\n\n<p>Si mal no recuerdo lector, los plantones eran casi cada mes, pues ya para entonces las finanzas estaban hechas un desastre. Un desastre que Yunes Linares no se preocup\u00f3 en combatir sino que simplemente dej\u00f3 correr.<\/p>\n\n\n\n<p>Ya he comentado que cuando Jos\u00e9 Luis Lima Franco lleg\u00f3 a la titularidad de la Sefiplan, se encontr\u00f3 las arcas m\u00e1s secas que los mares de la luna, pues no hab\u00eda siquiera para pagar sueldos y aguinaldos.<\/p>\n\n\n\n<p>El pago a pensionados y jubilados fue el coco de los gobiernos de Javier Duarte y Yunes Linares, pero especialmente del primero que desvi\u00f3 esos recursos a la famosa \u201clicuadora\u201d y en varias ocasiones dej\u00f3 de pagarles en tiempo y forma.<\/p>\n\n\n\n<p>En contrapunto, si de algo se ha preocupado Lima Franco es que esos pagos se hagan con puntualidad y hasta la fecha no ha habido problemas. Adem\u00e1s, es fama que el buen manejo de los recursos de pensionados y jubilados es hasta sagrado para el titular de esa dependencia.<\/p>\n\n\n\n<p>Por eso caus\u00f3 extra\u00f1eza una nota donde se asegura que desde el a\u00f1o anterior, los recursos de la reserva t\u00e9cnica del IPE \u201cse juegan su suerte\u201d en la Bolsa lo que los llev\u00f3 a perder 134 millones de pesos en febrero del 2022, cantidad \u201cque al final del a\u00f1o fue subsanada\u201d.<\/p>\n\n\n\n<p>A ver, agosto que es el octavo mes, \u00bfya se cuenta como fin de a\u00f1o?<\/p>\n\n\n\n<p>La nota agrega que aunque esos recursos han obtenido rendimientos positivos, en el IPE existe temor de haber fallado al elegir una Casa de Bolsa que les fue recomendada por la Secretar\u00eda de Finanzas.<\/p>\n\n\n\n<p>En respuesta, Jos\u00e9 Luis Lima Franco manifest\u00f3 que las aportaciones de los trabajadores al Sistema de Aportaciones para el Retiro (SAR) no est\u00e1n en riesgo, ya que se invierten en un fideicomiso celebrado con una instituci\u00f3n financiera que es vigilada por un Comit\u00e9 T\u00e9cnico.<\/p>\n\n\n\n<p>Indic\u00f3 que esas aportaciones \u201cest\u00e1n protegidas con esquemas que operan en el marco de la Ley General de Instituciones de Cr\u00e9dito, sin posibilidad de ser afectadas. Est\u00e1n aseguradas y no podr\u00edamos actuar de otra manera que no sea buscando el beneficio de quienes se esfuerzan y construyen d\u00eda a d\u00eda un mejor futuro para Veracruz\u201d.<\/p>\n\n\n\n<p>Expuso que gracias al buen manejo de los recursos y a la inversi\u00f3n que se ha realizado, tanto en el IPE como en el SAR el monto ha aumentado y ejemplific\u00f3: \u201cCuando inici\u00f3 esta administraci\u00f3n, en la reserva t\u00e9cnica del IPE hab\u00eda cerca de mil 100 millones, hoy al cierre de julio, traemos cerca de mil 800 millones de pesos, se han aumentado 700 millones de pesos gracias a esta gesti\u00f3n financiera y todo esto sin poner en riesgo nunca, los recursos de los trabajadores\u201d.<\/p>\n\n\n\n<p>Entonces \u00bfes falsa la informaci\u00f3n que se dio a conocer?, se le pregunt\u00f3. \u201cTotalmente falsa\u201d contest\u00f3 al botepronto. Y agreg\u00f3 que por ley el gobierno estatal no puede invertir en instrumentos de renta variable, es decir, que suban, bajen o se desplomen de acuerdo a las fluctuaciones del mercado.<\/p>\n\n\n\n<p>La historia reciente nos ha ense\u00f1ado que un mal administrador apesta y para muestra los seis titulares de la Sefiplan que tuvo Javier Duarte. S\u00f3lo uno se ha escapado de se\u00f1alamientos judiciales.<\/p>\n\n\n\n<p>Guste o no guste a algunos, a Jos\u00e9 Luis Lima Franco se le puede acusar de evitar el protagonismo y las candilejas. Pero hasta hoy, son muy pocos los que ponen en duda su honradez y honestidad en el manejo del dinero que le confiaron los veracruzanos.<\/p>\n\n\n\n<p>bernardogup@hotmail.com<\/p>\n","protected":false},"excerpt":{"rendered":"<p>Bernardo Guti\u00e9rrez ParraDesde el Caf\u00e9 Hace siete a\u00f1os, apenas se corr\u00eda la voz de que no habr\u00eda dinero para pagar a los pensionados del IPE, de inmediato se armaban los plantones en la Plaza Lerdo. Y es que por lo general el rumor resultaba cierto. Estoy hablando del quinto a\u00f1o de gobierno de Javier Duarte, [&hellip;]<\/p>\n","protected":false},"author":2,"featured_media":0,"comment_status":"closed","ping_status":"closed","sticky":false,"template":"","format":"standard","meta":{"tdm_status":"","tdm_grid_status":"","footnotes":""},"categories":[70],"tags":[34206,4248,13713,24146,3530,34638,640,34637],"class_list":{"0":"post-94185","1":"post","2":"type-post","3":"status-publish","4":"format-standard","6":"category-de-opinion","7":"tag-bernardo-gutierrez-parra","8":"tag-ipe","9":"tag-jose-luis-lima-franco","10":"tag-jubilados-y-pensionados","11":"tag-pensionados","12":"tag-sar","13":"tag-sefiplan","14":"tag-trabajadores-al-sistema-de-aportaciones-para-el-retiro"},"yoast_head":"<!-- This site is optimized with the Yoast SEO plugin v27.4 - https:\/\/yoast.com\/product\/yoast-seo-wordpress\/ -->\n<title>Aclara Lima Franco aportaciones al SAR y recursos del IPE - Los pol\u00edticos Veracruz<\/title>\n<meta name=\"robots\" content=\"index, follow, max-snippet:-1, max-image-preview:large, max-video-preview:-1\" \/>\n<link rel=\"canonical\" href=\"https:\/\/lospoliticosveracruz.com\/?p=94185\" \/>\n<meta property=\"og:locale\" content=\"es_ES\" \/>\n<meta property=\"og:type\" content=\"article\" \/>\n<meta property=\"og:title\" content=\"Aclara Lima Franco aportaciones al SAR y recursos del IPE - Los pol\u00edticos Veracruz\" \/>\n<meta property=\"og:description\" content=\"Bernardo Guti\u00e9rrez ParraDesde el Caf\u00e9 Hace siete a\u00f1os, apenas se corr\u00eda la voz de que no habr\u00eda dinero para pagar a los pensionados del IPE, de inmediato se armaban los plantones en la Plaza Lerdo. Y es que por lo general el rumor resultaba cierto. Estoy hablando del quinto a\u00f1o de gobierno de Javier Duarte, [&hellip;]\" \/>\n<meta property=\"og:url\" content=\"https:\/\/lospoliticosveracruz.com\/?p=94185\" \/>\n<meta property=\"og:site_name\" content=\"Los pol\u00edticos Veracruz\" \/>\n<meta property=\"article:publisher\" content=\"https:\/\/www.facebook.com\/people\/Notimemes-de-los-Polticos\/61565672886568\/\" \/>\n<meta property=\"article:published_time\" content=\"2022-08-19T12:50:46+00:00\" \/>\n<meta property=\"article:modified_time\" content=\"2022-08-19T12:50:54+00:00\" \/>\n<meta property=\"og:image\" content=\"https:\/\/lospoliticosveracruz.com.mx\/wp-content\/uploads\/2022\/05\/Seguro-Julio-Cerecedo.jpg\" \/>\n<meta name=\"author\" content=\"Lo viste en Los Pol\u00edticos\" \/>\n<meta name=\"twitter:card\" content=\"summary_large_image\" \/>\n<meta name=\"twitter:creator\" content=\"@LosPoliticosVer\" \/>\n<meta name=\"twitter:site\" content=\"@LosPoliticosVer\" \/>\n<meta name=\"twitter:label1\" content=\"Escrito por\" \/>\n\t<meta name=\"twitter:data1\" content=\"Lo viste en Los Pol\u00edticos\" \/>\n\t<meta name=\"twitter:label2\" content=\"Tiempo de lectura\" \/>\n\t<meta name=\"twitter:data2\" content=\"3 minutos\" \/>\n<script type=\"application\/ld+json\" class=\"yoast-schema-graph\">{\"@context\":\"https:\\\/\\\/schema.org\",\"@graph\":[{\"@type\":\"Article\",\"@id\":\"https:\\\/\\\/lospoliticosveracruz.com\\\/?p=94185#article\",\"isPartOf\":{\"@id\":\"https:\\\/\\\/lospoliticosveracruz.com\\\/?p=94185\"},\"author\":{\"name\":\"Lo viste en Los Pol\u00edticos\",\"@id\":\"https:\\\/\\\/lospoliticosveracruz.com\\\/#\\\/schema\\\/person\\\/b8702bb0e538456e6efd07080bf2a4a2\"},\"headline\":\"Aclara Lima Franco aportaciones al SAR y recursos del IPE\",\"datePublished\":\"2022-08-19T12:50:46+00:00\",\"dateModified\":\"2022-08-19T12:50:54+00:00\",\"mainEntityOfPage\":{\"@id\":\"https:\\\/\\\/lospoliticosveracruz.com\\\/?p=94185\"},\"wordCount\":691,\"publisher\":{\"@id\":\"https:\\\/\\\/lospoliticosveracruz.com\\\/#organization\"},\"image\":{\"@id\":\"https:\\\/\\\/lospoliticosveracruz.com\\\/?p=94185#primaryimage\"},\"thumbnailUrl\":\"https:\\\/\\\/lospoliticosveracruz.com.mx\\\/wp-content\\\/uploads\\\/2022\\\/05\\\/Seguro-Julio-Cerecedo.jpg\",\"keywords\":[\"Bernardo Guti\u00e9rrez Parra\",\"IPE\",\"Jos\u00e9 Luis Lima Franco\",\"Jubilados y Pensionados\",\"Pensionados\",\"SAR\",\"Sefiplan\",\"trabajadores al Sistema de Aportaciones para el Retiro\"],\"articleSection\":[\"De Opini\u00f3n\"],\"inLanguage\":\"es\"},{\"@type\":\"WebPage\",\"@id\":\"https:\\\/\\\/lospoliticosveracruz.com\\\/?p=94185\",\"url\":\"https:\\\/\\\/lospoliticosveracruz.com\\\/?p=94185\",\"name\":\"Aclara Lima Franco aportaciones al SAR y recursos del IPE - Los pol\u00edticos Veracruz\",\"isPartOf\":{\"@id\":\"https:\\\/\\\/lospoliticosveracruz.com\\\/#website\"},\"primaryImageOfPage\":{\"@id\":\"https:\\\/\\\/lospoliticosveracruz.com\\\/?p=94185#primaryimage\"},\"image\":{\"@id\":\"https:\\\/\\\/lospoliticosveracruz.com\\\/?p=94185#primaryimage\"},\"thumbnailUrl\":\"https:\\\/\\\/lospoliticosveracruz.com.mx\\\/wp-content\\\/uploads\\\/2022\\\/05\\\/Seguro-Julio-Cerecedo.jpg\",\"datePublished\":\"2022-08-19T12:50:46+00:00\",\"dateModified\":\"2022-08-19T12:50:54+00:00\",\"breadcrumb\":{\"@id\":\"https:\\\/\\\/lospoliticosveracruz.com\\\/?p=94185#breadcrumb\"},\"inLanguage\":\"es\",\"potentialAction\":[{\"@type\":\"ReadAction\",\"target\":[\"https:\\\/\\\/lospoliticosveracruz.com\\\/?p=94185\"]}]},{\"@type\":\"ImageObject\",\"inLanguage\":\"es\",\"@id\":\"https:\\\/\\\/lospoliticosveracruz.com\\\/?p=94185#primaryimage\",\"url\":\"https:\\\/\\\/lospoliticosveracruz.com.mx\\\/wp-content\\\/uploads\\\/2022\\\/05\\\/Seguro-Julio-Cerecedo.jpg\",\"contentUrl\":\"https:\\\/\\\/lospoliticosveracruz.com.mx\\\/wp-content\\\/uploads\\\/2022\\\/05\\\/Seguro-Julio-Cerecedo.jpg\"},{\"@type\":\"BreadcrumbList\",\"@id\":\"https:\\\/\\\/lospoliticosveracruz.com\\\/?p=94185#breadcrumb\",\"itemListElement\":[{\"@type\":\"ListItem\",\"position\":1,\"name\":\"Portada\",\"item\":\"https:\\\/\\\/lospoliticosveracruz.com\\\/\"},{\"@type\":\"ListItem\",\"position\":2,\"name\":\"Aclara Lima Franco aportaciones al SAR y recursos del IPE\"}]},{\"@type\":\"WebSite\",\"@id\":\"https:\\\/\\\/lospoliticosveracruz.com\\\/#website\",\"url\":\"https:\\\/\\\/lospoliticosveracruz.com\\\/\",\"name\":\"Los pol\u00edticos Veracruz\",\"description\":\"\",\"publisher\":{\"@id\":\"https:\\\/\\\/lospoliticosveracruz.com\\\/#organization\"},\"potentialAction\":[{\"@type\":\"SearchAction\",\"target\":{\"@type\":\"EntryPoint\",\"urlTemplate\":\"https:\\\/\\\/lospoliticosveracruz.com\\\/?s={search_term_string}\"},\"query-input\":{\"@type\":\"PropertyValueSpecification\",\"valueRequired\":true,\"valueName\":\"search_term_string\"}}],\"inLanguage\":\"es\"},{\"@type\":\"Organization\",\"@id\":\"https:\\\/\\\/lospoliticosveracruz.com\\\/#organization\",\"name\":\"Los pol\u00edticos Veracruz\",\"url\":\"https:\\\/\\\/lospoliticosveracruz.com\\\/\",\"logo\":{\"@type\":\"ImageObject\",\"inLanguage\":\"es\",\"@id\":\"https:\\\/\\\/lospoliticosveracruz.com\\\/#\\\/schema\\\/logo\\\/image\\\/\",\"url\":\"https:\\\/\\\/lospoliticosveracruz.com\\\/wp-content\\\/uploads\\\/2025\\\/12\\\/Logo-Nuevo-LOS-POLITICOS-1.jpg\",\"contentUrl\":\"https:\\\/\\\/lospoliticosveracruz.com\\\/wp-content\\\/uploads\\\/2025\\\/12\\\/Logo-Nuevo-LOS-POLITICOS-1.jpg\",\"width\":260,\"height\":70,\"caption\":\"Los pol\u00edticos Veracruz\"},\"image\":{\"@id\":\"https:\\\/\\\/lospoliticosveracruz.com\\\/#\\\/schema\\\/logo\\\/image\\\/\"},\"sameAs\":[\"https:\\\/\\\/www.facebook.com\\\/people\\\/Notimemes-de-los-Polticos\\\/61565672886568\\\/\",\"https:\\\/\\\/x.com\\\/LosPoliticosVer\"]},{\"@type\":\"Person\",\"@id\":\"https:\\\/\\\/lospoliticosveracruz.com\\\/#\\\/schema\\\/person\\\/b8702bb0e538456e6efd07080bf2a4a2\",\"name\":\"Lo viste en Los Pol\u00edticos\",\"image\":{\"@type\":\"ImageObject\",\"inLanguage\":\"es\",\"@id\":\"https:\\\/\\\/secure.gravatar.com\\\/avatar\\\/3a8de04a2656d44082be478bd6c086daa447c4651605818287b9532d3d0bd435?s=96&d=mm&r=g\",\"url\":\"https:\\\/\\\/secure.gravatar.com\\\/avatar\\\/3a8de04a2656d44082be478bd6c086daa447c4651605818287b9532d3d0bd435?s=96&d=mm&r=g\",\"contentUrl\":\"https:\\\/\\\/secure.gravatar.com\\\/avatar\\\/3a8de04a2656d44082be478bd6c086daa447c4651605818287b9532d3d0bd435?s=96&d=mm&r=g\",\"caption\":\"Lo viste en Los Pol\u00edticos\"},\"url\":\"https:\\\/\\\/lospoliticosveracruz.com\\\/?author=2\"}]}<\/script>\n<!-- \/ Yoast SEO plugin. -->","yoast_head_json":{"title":"Aclara Lima Franco aportaciones al SAR y recursos del IPE - Los pol\u00edticos Veracruz","robots":{"index":"index","follow":"follow","max-snippet":"max-snippet:-1","max-image-preview":"max-image-preview:large","max-video-preview":"max-video-preview:-1"},"canonical":"https:\/\/lospoliticosveracruz.com\/?p=94185","og_locale":"es_ES","og_type":"article","og_title":"Aclara Lima Franco aportaciones al SAR y recursos del IPE - Los pol\u00edticos Veracruz","og_description":"Bernardo Guti\u00e9rrez ParraDesde el Caf\u00e9 Hace siete a\u00f1os, apenas se corr\u00eda la voz de que no habr\u00eda dinero para pagar a los pensionados del IPE, de inmediato se armaban los plantones en la Plaza Lerdo. Y es que por lo general el rumor resultaba cierto. Estoy hablando del quinto a\u00f1o de gobierno de Javier Duarte, [&hellip;]","og_url":"https:\/\/lospoliticosveracruz.com\/?p=94185","og_site_name":"Los pol\u00edticos Veracruz","article_publisher":"https:\/\/www.facebook.com\/people\/Notimemes-de-los-Polticos\/61565672886568\/","article_published_time":"2022-08-19T12:50:46+00:00","article_modified_time":"2022-08-19T12:50:54+00:00","og_image":[{"url":"https:\/\/lospoliticosveracruz.com.mx\/wp-content\/uploads\/2022\/05\/Seguro-Julio-Cerecedo.jpg","type":"","width":"","height":""}],"author":"Lo viste en Los Pol\u00edticos","twitter_card":"summary_large_image","twitter_creator":"@LosPoliticosVer","twitter_site":"@LosPoliticosVer","twitter_misc":{"Escrito por":"Lo viste en Los Pol\u00edticos","Tiempo de lectura":"3 minutos"},"schema":{"@context":"https:\/\/schema.org","@graph":[{"@type":"Article","@id":"https:\/\/lospoliticosveracruz.com\/?p=94185#article","isPartOf":{"@id":"https:\/\/lospoliticosveracruz.com\/?p=94185"},"author":{"name":"Lo viste en Los Pol\u00edticos","@id":"https:\/\/lospoliticosveracruz.com\/#\/schema\/person\/b8702bb0e538456e6efd07080bf2a4a2"},"headline":"Aclara Lima Franco aportaciones al SAR y recursos del IPE","datePublished":"2022-08-19T12:50:46+00:00","dateModified":"2022-08-19T12:50:54+00:00","mainEntityOfPage":{"@id":"https:\/\/lospoliticosveracruz.com\/?p=94185"},"wordCount":691,"publisher":{"@id":"https:\/\/lospoliticosveracruz.com\/#organization"},"image":{"@id":"https:\/\/lospoliticosveracruz.com\/?p=94185#primaryimage"},"thumbnailUrl":"https:\/\/lospoliticosveracruz.com.mx\/wp-content\/uploads\/2022\/05\/Seguro-Julio-Cerecedo.jpg","keywords":["Bernardo Guti\u00e9rrez Parra","IPE","Jos\u00e9 Luis Lima Franco","Jubilados y Pensionados","Pensionados","SAR","Sefiplan","trabajadores al Sistema de Aportaciones para el Retiro"],"articleSection":["De Opini\u00f3n"],"inLanguage":"es"},{"@type":"WebPage","@id":"https:\/\/lospoliticosveracruz.com\/?p=94185","url":"https:\/\/lospoliticosveracruz.com\/?p=94185","name":"Aclara Lima Franco aportaciones al SAR y recursos del IPE - Los pol\u00edticos Veracruz","isPartOf":{"@id":"https:\/\/lospoliticosveracruz.com\/#website"},"primaryImageOfPage":{"@id":"https:\/\/lospoliticosveracruz.com\/?p=94185#primaryimage"},"image":{"@id":"https:\/\/lospoliticosveracruz.com\/?p=94185#primaryimage"},"thumbnailUrl":"https:\/\/lospoliticosveracruz.com.mx\/wp-content\/uploads\/2022\/05\/Seguro-Julio-Cerecedo.jpg","datePublished":"2022-08-19T12:50:46+00:00","dateModified":"2022-08-19T12:50:54+00:00","breadcrumb":{"@id":"https:\/\/lospoliticosveracruz.com\/?p=94185#breadcrumb"},"inLanguage":"es","potentialAction":[{"@type":"ReadAction","target":["https:\/\/lospoliticosveracruz.com\/?p=94185"]}]},{"@type":"ImageObject","inLanguage":"es","@id":"https:\/\/lospoliticosveracruz.com\/?p=94185#primaryimage","url":"https:\/\/lospoliticosveracruz.com.mx\/wp-content\/uploads\/2022\/05\/Seguro-Julio-Cerecedo.jpg","contentUrl":"https:\/\/lospoliticosveracruz.com.mx\/wp-content\/uploads\/2022\/05\/Seguro-Julio-Cerecedo.jpg"},{"@type":"BreadcrumbList","@id":"https:\/\/lospoliticosveracruz.com\/?p=94185#breadcrumb","itemListElement":[{"@type":"ListItem","position":1,"name":"Portada","item":"https:\/\/lospoliticosveracruz.com\/"},{"@type":"ListItem","position":2,"name":"Aclara Lima Franco aportaciones al SAR y recursos del IPE"}]},{"@type":"WebSite","@id":"https:\/\/lospoliticosveracruz.com\/#website","url":"https:\/\/lospoliticosveracruz.com\/","name":"Los pol\u00edticos Veracruz","description":"","publisher":{"@id":"https:\/\/lospoliticosveracruz.com\/#organization"},"potentialAction":[{"@type":"SearchAction","target":{"@type":"EntryPoint","urlTemplate":"https:\/\/lospoliticosveracruz.com\/?s={search_term_string}"},"query-input":{"@type":"PropertyValueSpecification","valueRequired":true,"valueName":"search_term_string"}}],"inLanguage":"es"},{"@type":"Organization","@id":"https:\/\/lospoliticosveracruz.com\/#organization","name":"Los pol\u00edticos Veracruz","url":"https:\/\/lospoliticosveracruz.com\/","logo":{"@type":"ImageObject","inLanguage":"es","@id":"https:\/\/lospoliticosveracruz.com\/#\/schema\/logo\/image\/","url":"https:\/\/lospoliticosveracruz.com\/wp-content\/uploads\/2025\/12\/Logo-Nuevo-LOS-POLITICOS-1.jpg","contentUrl":"https:\/\/lospoliticosveracruz.com\/wp-content\/uploads\/2025\/12\/Logo-Nuevo-LOS-POLITICOS-1.jpg","width":260,"height":70,"caption":"Los pol\u00edticos Veracruz"},"image":{"@id":"https:\/\/lospoliticosveracruz.com\/#\/schema\/logo\/image\/"},"sameAs":["https:\/\/www.facebook.com\/people\/Notimemes-de-los-Polticos\/61565672886568\/","https:\/\/x.com\/LosPoliticosVer"]},{"@type":"Person","@id":"https:\/\/lospoliticosveracruz.com\/#\/schema\/person\/b8702bb0e538456e6efd07080bf2a4a2","name":"Lo viste en Los Pol\u00edticos","image":{"@type":"ImageObject","inLanguage":"es","@id":"https:\/\/secure.gravatar.com\/avatar\/3a8de04a2656d44082be478bd6c086daa447c4651605818287b9532d3d0bd435?s=96&d=mm&r=g","url":"https:\/\/secure.gravatar.com\/avatar\/3a8de04a2656d44082be478bd6c086daa447c4651605818287b9532d3d0bd435?s=96&d=mm&r=g","contentUrl":"https:\/\/secure.gravatar.com\/avatar\/3a8de04a2656d44082be478bd6c086daa447c4651605818287b9532d3d0bd435?s=96&d=mm&r=g","caption":"Lo viste en Los Pol\u00edticos"},"url":"https:\/\/lospoliticosveracruz.com\/?author=2"}]}},"_links":{"self":[{"href":"https:\/\/lospoliticosveracruz.com\/index.php?rest_route=\/wp\/v2\/posts\/94185","targetHints":{"allow":["GET"]}}],"collection":[{"href":"https:\/\/lospoliticosveracruz.com\/index.php?rest_route=\/wp\/v2\/posts"}],"about":[{"href":"https:\/\/lospoliticosveracruz.com\/index.php?rest_route=\/wp\/v2\/types\/post"}],"author":[{"embeddable":true,"href":"https:\/\/lospoliticosveracruz.com\/index.php?rest_route=\/wp\/v2\/users\/2"}],"replies":[{"embeddable":true,"href":"https:\/\/lospoliticosveracruz.com\/index.php?rest_route=%2Fwp%2Fv2%2Fcomments&post=94185"}],"version-history":[{"count":1,"href":"https:\/\/lospoliticosveracruz.com\/index.php?rest_route=\/wp\/v2\/posts\/94185\/revisions"}],"predecessor-version":[{"id":94186,"href":"https:\/\/lospoliticosveracruz.com\/index.php?rest_route=\/wp\/v2\/posts\/94185\/revisions\/94186"}],"wp:attachment":[{"href":"https:\/\/lospoliticosveracruz.com\/index.php?rest_route=%2Fwp%2Fv2%2Fmedia&parent=94185"}],"wp:term":[{"taxonomy":"category","embeddable":true,"href":"https:\/\/lospoliticosveracruz.com\/index.php?rest_route=%2Fwp%2Fv2%2Fcategories&post=94185"},{"taxonomy":"post_tag","embeddable":true,"href":"https:\/\/lospoliticosveracruz.com\/index.php?rest_route=%2Fwp%2Fv2%2Ftags&post=94185"}],"curies":[{"name":"wp","href":"https:\/\/api.w.org\/{rel}","templated":true}]}}