{"id":94196,"date":"2022-08-19T08:51:56","date_gmt":"2022-08-19T13:51:56","guid":{"rendered":"https:\/\/lospoliticosveracruz.com.mx\/?p=94196"},"modified":"2022-08-19T08:52:05","modified_gmt":"2022-08-19T13:52:05","slug":"citlali-para-2024","status":"publish","type":"post","link":"https:\/\/lospoliticosveracruz.com\/?p=94196","title":{"rendered":"Citlali para 2024"},"content":{"rendered":"\n<p><\/p>\n\n\n\n<p><strong>Omar Z\u00fa\u00f1iga<\/strong><br><em>De Primera Mano Taj\u00edn<\/em><\/p>\n\n\n\n<p>El mi\u00e9rcoles pasado en la Ciudad de M\u00e9xico, la diputada del PVEM al Congreso de Veracruz, Citlali Medell\u00edn Careaga, fue distinguida con el encargo de los trabajos legislativos de la Federaci\u00f3n Latinoamericana de Ciudades, Municipios y Asociaciones de Gobiernos Locales (FLACMA), cargo en el que repite por segundo periodo consecutivo y cuyo nombramiento lo recibi\u00f3 de manos del Secretario Ejecutivo de FLACMA, Sergio Arredondo Olvera.<br>Hasta aqu\u00ed, pareciera que se tratara de una nota buena onda de sociales, sin embargo dista mucho de serlo, pues FLACMA reviste una importancia por dem\u00e1s relevante a nivel continental y mundial, con un peso espec\u00edfico muy fuerte.<br>Este refrendo en su nombramiento tampoco ha sido gratis, sino que se lo ha ganado a pulso, a costa de chamba, trabajo que ha proyectado no s\u00f3lo en su distrito, sino a nivel nacional e incluso internacional, una muestra es la relaci\u00f3n con Ricardo Gallardo Cardona el Pollo, gobernador del vecino estado de San Luis Potos\u00ed tambi\u00e9n por el PVEM, o el v\u00ednculo con la hermana Rep\u00fablica de Colombia, con quien, gracias a Citlali, se pudieron suscribir varios convenios con municipios veracruzanos, incluso trabajar temas con instancias estatales , como una feria que est\u00e1 en puerta en India y Dubai para promocionar productos veracruzanos.<br>Ning\u00fan diputado local que yo recuerde, y si estoy mal, bienvenidas las aclaraciones y las mentadas, que con gusto se publican, tiene la productividad y el trabajo internacional que tiene la tamiahuense, a quien no se le dan las oportunidades, las busca, va por ellas, como el buen reportero de anta\u00f1o, que no esperaba el bolet\u00edn, sino que iba por \u00e9l.<br>No es ning\u00fan secreto -para nadie- que en el CEN del PVEM la tienen considerada para alguna posici\u00f3n en 2024, su relaci\u00f3n con el cachorro Herrera y Marcelo Ruiz es mejor que excelente y el trabajo lo tiene, la gran pregunta es\u2026 para d\u00f3nde la mandar\u00e1n, pues adem\u00e1s est\u00e1 el tema de la alianza con Morena, pero de que es un activo, lo es y grande, a pesar de los pesares, pues las cosas no siempre son tersas en la familia.<br>Por v\u00eda de mientras, Citlali est\u00e1 metida en el trabajo inmediato, que es dar resultados por y para Veracruz, lo mismo est\u00e1 promoviendo productos veracruzanos, metida en ferias de Turismo, que haciendo gestiones en su distrito o trabajando iniciativas sobre equidad de g\u00e9nero y justicia, consciente de que nuestro estado lo necesita y lo merece.<br>Ella no est\u00e1 verde en el Verde. Uuuuufff.<\/p>\n\n\n\n<hr class=\"wp-block-separator\"\/>\n\n\n\n<p>Luego de que le expusimos este mismo mi\u00e9rcoles, de la probable usurpaci\u00f3n de funciones al frente de la Federaci\u00f3n Regional de la CTM Xalapa, donde An\u00edbal Pacheco trataba de seguir \u201csiendo aquel\u201d y Carlos Aceves Amezcua, como en el barrio le dijo, \u201cno, yo soy aquel y tu eres Raquel\u201d, y para que no hubiera duda, el mandam\u00e1s de la Confederaci\u00f3n de Trabajadores de M\u00e9xico, uno de los herederos del poderos\u00edsimo Fidel\u2026 Vel\u00e1zquez, Carlos Aceves del Olmo, recibi\u00f3 en sus oficinas al sobri, se tomaron la foto, le dio el espaldarazo que necesitaba y se calmaran las aguas. A trav\u00e9s de un mensaje en sus redes sociales, el l\u00edder cetemista dijo \u201cpara fortalecer y ampliar nuestra labor sindical en Veracruz, recib\u00ed a Carlos Aceves Amezcua, Secretario General de la Federaci\u00f3n de Trabajadores Regi\u00f3n Xalapa (\u2026)\u201d, buena jugada de Carlitos, que, con esta acci\u00f3n, ni siquiera hubo necesidad de preguntarle si proceder\u00eda legalmente. No hay duda de que \u00e9l es el bueno y punto\u2026 y al que no le guste ya sabe el camino.<\/p>\n\n\n\n<p>\u00a1Qu\u00e9 barbaridad!<br>deprimera.mano2020@gmail.com<\/p>\n","protected":false},"excerpt":{"rendered":"<p>Omar Z\u00fa\u00f1igaDe Primera Mano Taj\u00edn El mi\u00e9rcoles pasado en la Ciudad de M\u00e9xico, la diputada del PVEM al Congreso de Veracruz, Citlali Medell\u00edn Careaga, fue distinguida con el encargo de los trabajos legislativos de la Federaci\u00f3n Latinoamericana de Ciudades, Municipios y Asociaciones de Gobiernos Locales (FLACMA), cargo en el que repite por segundo periodo consecutivo [&hellip;]<\/p>\n","protected":false},"author":2,"featured_media":0,"comment_status":"closed","ping_status":"closed","sticky":false,"template":"","format":"standard","meta":{"tdm_status":"","tdm_grid_status":"","footnotes":""},"categories":[70],"tags":[2167,34641,8106,28705],"class_list":{"0":"post-94196","1":"post","2":"type-post","3":"status-publish","4":"format-standard","6":"category-de-opinion","7":"tag-carlos-aceves-amezcua","8":"tag-carlos-aceves-del-olmo","9":"tag-citlali-medellin-careaga","10":"tag-omar-zuniga"},"yoast_head":"<!-- This site is optimized with the Yoast SEO plugin v27.4 - https:\/\/yoast.com\/product\/yoast-seo-wordpress\/ -->\n<title>Citlali para 2024 - Los pol\u00edticos Veracruz<\/title>\n<meta name=\"robots\" content=\"index, follow, max-snippet:-1, max-image-preview:large, max-video-preview:-1\" \/>\n<link rel=\"canonical\" href=\"https:\/\/lospoliticosveracruz.com\/?p=94196\" \/>\n<meta property=\"og:locale\" content=\"es_ES\" \/>\n<meta property=\"og:type\" content=\"article\" \/>\n<meta property=\"og:title\" content=\"Citlali para 2024 - Los pol\u00edticos Veracruz\" \/>\n<meta property=\"og:description\" content=\"Omar Z\u00fa\u00f1igaDe Primera Mano Taj\u00edn El mi\u00e9rcoles pasado en la Ciudad de M\u00e9xico, la diputada del PVEM al Congreso de Veracruz, Citlali Medell\u00edn Careaga, fue distinguida con el encargo de los trabajos legislativos de la Federaci\u00f3n Latinoamericana de Ciudades, Municipios y Asociaciones de Gobiernos Locales (FLACMA), cargo en el que repite por segundo periodo consecutivo [&hellip;]\" \/>\n<meta property=\"og:url\" content=\"https:\/\/lospoliticosveracruz.com\/?p=94196\" \/>\n<meta property=\"og:site_name\" content=\"Los pol\u00edticos Veracruz\" \/>\n<meta property=\"article:publisher\" content=\"https:\/\/www.facebook.com\/people\/Notimemes-de-los-Polticos\/61565672886568\/\" \/>\n<meta property=\"article:published_time\" content=\"2022-08-19T13:51:56+00:00\" \/>\n<meta property=\"article:modified_time\" content=\"2022-08-19T13:52:05+00:00\" \/>\n<meta property=\"og:image\" content=\"https:\/\/lospoliticosveracruz.com\/wp-content\/uploads\/2016\/07\/Logo-Dor.jpg\" \/>\n\t<meta property=\"og:image:width\" content=\"200\" \/>\n\t<meta property=\"og:image:height\" content=\"200\" \/>\n\t<meta property=\"og:image:type\" content=\"image\/jpeg\" \/>\n<meta name=\"author\" content=\"Lo viste en Los Pol\u00edticos\" \/>\n<meta name=\"twitter:card\" content=\"summary_large_image\" \/>\n<meta name=\"twitter:creator\" content=\"@LosPoliticosVer\" \/>\n<meta name=\"twitter:site\" content=\"@LosPoliticosVer\" \/>\n<meta name=\"twitter:label1\" content=\"Escrito por\" \/>\n\t<meta name=\"twitter:data1\" content=\"Lo viste en Los Pol\u00edticos\" \/>\n\t<meta name=\"twitter:label2\" content=\"Tiempo de lectura\" \/>\n\t<meta name=\"twitter:data2\" content=\"3 minutos\" \/>\n<script type=\"application\/ld+json\" class=\"yoast-schema-graph\">{\"@context\":\"https:\\\/\\\/schema.org\",\"@graph\":[{\"@type\":\"Article\",\"@id\":\"https:\\\/\\\/lospoliticosveracruz.com\\\/?p=94196#article\",\"isPartOf\":{\"@id\":\"https:\\\/\\\/lospoliticosveracruz.com\\\/?p=94196\"},\"author\":{\"name\":\"Lo viste en Los Pol\u00edticos\",\"@id\":\"https:\\\/\\\/lospoliticosveracruz.com\\\/#\\\/schema\\\/person\\\/b8702bb0e538456e6efd07080bf2a4a2\"},\"headline\":\"Citlali para 2024\",\"datePublished\":\"2022-08-19T13:51:56+00:00\",\"dateModified\":\"2022-08-19T13:52:05+00:00\",\"mainEntityOfPage\":{\"@id\":\"https:\\\/\\\/lospoliticosveracruz.com\\\/?p=94196\"},\"wordCount\":635,\"publisher\":{\"@id\":\"https:\\\/\\\/lospoliticosveracruz.com\\\/#organization\"},\"keywords\":[\"Carlos Aceves Amezcua\",\"Carlos Aceves del Olmo\",\"Citlali Medell\u00edn Careaga\",\"Omar Z\u00fa\u00f1iga\"],\"articleSection\":[\"De Opini\u00f3n\"],\"inLanguage\":\"es\"},{\"@type\":\"WebPage\",\"@id\":\"https:\\\/\\\/lospoliticosveracruz.com\\\/?p=94196\",\"url\":\"https:\\\/\\\/lospoliticosveracruz.com\\\/?p=94196\",\"name\":\"Citlali para 2024 - Los pol\u00edticos Veracruz\",\"isPartOf\":{\"@id\":\"https:\\\/\\\/lospoliticosveracruz.com\\\/#website\"},\"datePublished\":\"2022-08-19T13:51:56+00:00\",\"dateModified\":\"2022-08-19T13:52:05+00:00\",\"breadcrumb\":{\"@id\":\"https:\\\/\\\/lospoliticosveracruz.com\\\/?p=94196#breadcrumb\"},\"inLanguage\":\"es\",\"potentialAction\":[{\"@type\":\"ReadAction\",\"target\":[\"https:\\\/\\\/lospoliticosveracruz.com\\\/?p=94196\"]}]},{\"@type\":\"BreadcrumbList\",\"@id\":\"https:\\\/\\\/lospoliticosveracruz.com\\\/?p=94196#breadcrumb\",\"itemListElement\":[{\"@type\":\"ListItem\",\"position\":1,\"name\":\"Portada\",\"item\":\"https:\\\/\\\/lospoliticosveracruz.com\\\/\"},{\"@type\":\"ListItem\",\"position\":2,\"name\":\"Citlali para 2024\"}]},{\"@type\":\"WebSite\",\"@id\":\"https:\\\/\\\/lospoliticosveracruz.com\\\/#website\",\"url\":\"https:\\\/\\\/lospoliticosveracruz.com\\\/\",\"name\":\"Los pol\u00edticos Veracruz\",\"description\":\"\",\"publisher\":{\"@id\":\"https:\\\/\\\/lospoliticosveracruz.com\\\/#organization\"},\"potentialAction\":[{\"@type\":\"SearchAction\",\"target\":{\"@type\":\"EntryPoint\",\"urlTemplate\":\"https:\\\/\\\/lospoliticosveracruz.com\\\/?s={search_term_string}\"},\"query-input\":{\"@type\":\"PropertyValueSpecification\",\"valueRequired\":true,\"valueName\":\"search_term_string\"}}],\"inLanguage\":\"es\"},{\"@type\":\"Organization\",\"@id\":\"https:\\\/\\\/lospoliticosveracruz.com\\\/#organization\",\"name\":\"Los pol\u00edticos Veracruz\",\"url\":\"https:\\\/\\\/lospoliticosveracruz.com\\\/\",\"logo\":{\"@type\":\"ImageObject\",\"inLanguage\":\"es\",\"@id\":\"https:\\\/\\\/lospoliticosveracruz.com\\\/#\\\/schema\\\/logo\\\/image\\\/\",\"url\":\"https:\\\/\\\/lospoliticosveracruz.com\\\/wp-content\\\/uploads\\\/2025\\\/12\\\/Logo-Nuevo-LOS-POLITICOS-1.jpg\",\"contentUrl\":\"https:\\\/\\\/lospoliticosveracruz.com\\\/wp-content\\\/uploads\\\/2025\\\/12\\\/Logo-Nuevo-LOS-POLITICOS-1.jpg\",\"width\":260,\"height\":70,\"caption\":\"Los pol\u00edticos Veracruz\"},\"image\":{\"@id\":\"https:\\\/\\\/lospoliticosveracruz.com\\\/#\\\/schema\\\/logo\\\/image\\\/\"},\"sameAs\":[\"https:\\\/\\\/www.facebook.com\\\/people\\\/Notimemes-de-los-Polticos\\\/61565672886568\\\/\",\"https:\\\/\\\/x.com\\\/LosPoliticosVer\"]},{\"@type\":\"Person\",\"@id\":\"https:\\\/\\\/lospoliticosveracruz.com\\\/#\\\/schema\\\/person\\\/b8702bb0e538456e6efd07080bf2a4a2\",\"name\":\"Lo viste en Los Pol\u00edticos\",\"image\":{\"@type\":\"ImageObject\",\"inLanguage\":\"es\",\"@id\":\"https:\\\/\\\/secure.gravatar.com\\\/avatar\\\/3a8de04a2656d44082be478bd6c086daa447c4651605818287b9532d3d0bd435?s=96&d=mm&r=g\",\"url\":\"https:\\\/\\\/secure.gravatar.com\\\/avatar\\\/3a8de04a2656d44082be478bd6c086daa447c4651605818287b9532d3d0bd435?s=96&d=mm&r=g\",\"contentUrl\":\"https:\\\/\\\/secure.gravatar.com\\\/avatar\\\/3a8de04a2656d44082be478bd6c086daa447c4651605818287b9532d3d0bd435?s=96&d=mm&r=g\",\"caption\":\"Lo viste en Los Pol\u00edticos\"},\"url\":\"https:\\\/\\\/lospoliticosveracruz.com\\\/?author=2\"}]}<\/script>\n<!-- \/ Yoast SEO plugin. -->","yoast_head_json":{"title":"Citlali para 2024 - Los pol\u00edticos Veracruz","robots":{"index":"index","follow":"follow","max-snippet":"max-snippet:-1","max-image-preview":"max-image-preview:large","max-video-preview":"max-video-preview:-1"},"canonical":"https:\/\/lospoliticosveracruz.com\/?p=94196","og_locale":"es_ES","og_type":"article","og_title":"Citlali para 2024 - Los pol\u00edticos Veracruz","og_description":"Omar Z\u00fa\u00f1igaDe Primera Mano Taj\u00edn El mi\u00e9rcoles pasado en la Ciudad de M\u00e9xico, la diputada del PVEM al Congreso de Veracruz, Citlali Medell\u00edn Careaga, fue distinguida con el encargo de los trabajos legislativos de la Federaci\u00f3n Latinoamericana de Ciudades, Municipios y Asociaciones de Gobiernos Locales (FLACMA), cargo en el que repite por segundo periodo consecutivo [&hellip;]","og_url":"https:\/\/lospoliticosveracruz.com\/?p=94196","og_site_name":"Los pol\u00edticos Veracruz","article_publisher":"https:\/\/www.facebook.com\/people\/Notimemes-de-los-Polticos\/61565672886568\/","article_published_time":"2022-08-19T13:51:56+00:00","article_modified_time":"2022-08-19T13:52:05+00:00","og_image":[{"width":200,"height":200,"url":"https:\/\/lospoliticosveracruz.com\/wp-content\/uploads\/2016\/07\/Logo-Dor.jpg","type":"image\/jpeg"}],"author":"Lo viste en Los Pol\u00edticos","twitter_card":"summary_large_image","twitter_creator":"@LosPoliticosVer","twitter_site":"@LosPoliticosVer","twitter_misc":{"Escrito por":"Lo viste en Los Pol\u00edticos","Tiempo de lectura":"3 minutos"},"schema":{"@context":"https:\/\/schema.org","@graph":[{"@type":"Article","@id":"https:\/\/lospoliticosveracruz.com\/?p=94196#article","isPartOf":{"@id":"https:\/\/lospoliticosveracruz.com\/?p=94196"},"author":{"name":"Lo viste en Los Pol\u00edticos","@id":"https:\/\/lospoliticosveracruz.com\/#\/schema\/person\/b8702bb0e538456e6efd07080bf2a4a2"},"headline":"Citlali para 2024","datePublished":"2022-08-19T13:51:56+00:00","dateModified":"2022-08-19T13:52:05+00:00","mainEntityOfPage":{"@id":"https:\/\/lospoliticosveracruz.com\/?p=94196"},"wordCount":635,"publisher":{"@id":"https:\/\/lospoliticosveracruz.com\/#organization"},"keywords":["Carlos Aceves Amezcua","Carlos Aceves del Olmo","Citlali Medell\u00edn Careaga","Omar Z\u00fa\u00f1iga"],"articleSection":["De Opini\u00f3n"],"inLanguage":"es"},{"@type":"WebPage","@id":"https:\/\/lospoliticosveracruz.com\/?p=94196","url":"https:\/\/lospoliticosveracruz.com\/?p=94196","name":"Citlali para 2024 - Los pol\u00edticos Veracruz","isPartOf":{"@id":"https:\/\/lospoliticosveracruz.com\/#website"},"datePublished":"2022-08-19T13:51:56+00:00","dateModified":"2022-08-19T13:52:05+00:00","breadcrumb":{"@id":"https:\/\/lospoliticosveracruz.com\/?p=94196#breadcrumb"},"inLanguage":"es","potentialAction":[{"@type":"ReadAction","target":["https:\/\/lospoliticosveracruz.com\/?p=94196"]}]},{"@type":"BreadcrumbList","@id":"https:\/\/lospoliticosveracruz.com\/?p=94196#breadcrumb","itemListElement":[{"@type":"ListItem","position":1,"name":"Portada","item":"https:\/\/lospoliticosveracruz.com\/"},{"@type":"ListItem","position":2,"name":"Citlali para 2024"}]},{"@type":"WebSite","@id":"https:\/\/lospoliticosveracruz.com\/#website","url":"https:\/\/lospoliticosveracruz.com\/","name":"Los pol\u00edticos Veracruz","description":"","publisher":{"@id":"https:\/\/lospoliticosveracruz.com\/#organization"},"potentialAction":[{"@type":"SearchAction","target":{"@type":"EntryPoint","urlTemplate":"https:\/\/lospoliticosveracruz.com\/?s={search_term_string}"},"query-input":{"@type":"PropertyValueSpecification","valueRequired":true,"valueName":"search_term_string"}}],"inLanguage":"es"},{"@type":"Organization","@id":"https:\/\/lospoliticosveracruz.com\/#organization","name":"Los pol\u00edticos Veracruz","url":"https:\/\/lospoliticosveracruz.com\/","logo":{"@type":"ImageObject","inLanguage":"es","@id":"https:\/\/lospoliticosveracruz.com\/#\/schema\/logo\/image\/","url":"https:\/\/lospoliticosveracruz.com\/wp-content\/uploads\/2025\/12\/Logo-Nuevo-LOS-POLITICOS-1.jpg","contentUrl":"https:\/\/lospoliticosveracruz.com\/wp-content\/uploads\/2025\/12\/Logo-Nuevo-LOS-POLITICOS-1.jpg","width":260,"height":70,"caption":"Los pol\u00edticos Veracruz"},"image":{"@id":"https:\/\/lospoliticosveracruz.com\/#\/schema\/logo\/image\/"},"sameAs":["https:\/\/www.facebook.com\/people\/Notimemes-de-los-Polticos\/61565672886568\/","https:\/\/x.com\/LosPoliticosVer"]},{"@type":"Person","@id":"https:\/\/lospoliticosveracruz.com\/#\/schema\/person\/b8702bb0e538456e6efd07080bf2a4a2","name":"Lo viste en Los Pol\u00edticos","image":{"@type":"ImageObject","inLanguage":"es","@id":"https:\/\/secure.gravatar.com\/avatar\/3a8de04a2656d44082be478bd6c086daa447c4651605818287b9532d3d0bd435?s=96&d=mm&r=g","url":"https:\/\/secure.gravatar.com\/avatar\/3a8de04a2656d44082be478bd6c086daa447c4651605818287b9532d3d0bd435?s=96&d=mm&r=g","contentUrl":"https:\/\/secure.gravatar.com\/avatar\/3a8de04a2656d44082be478bd6c086daa447c4651605818287b9532d3d0bd435?s=96&d=mm&r=g","caption":"Lo viste en Los Pol\u00edticos"},"url":"https:\/\/lospoliticosveracruz.com\/?author=2"}]}},"_links":{"self":[{"href":"https:\/\/lospoliticosveracruz.com\/index.php?rest_route=\/wp\/v2\/posts\/94196","targetHints":{"allow":["GET"]}}],"collection":[{"href":"https:\/\/lospoliticosveracruz.com\/index.php?rest_route=\/wp\/v2\/posts"}],"about":[{"href":"https:\/\/lospoliticosveracruz.com\/index.php?rest_route=\/wp\/v2\/types\/post"}],"author":[{"embeddable":true,"href":"https:\/\/lospoliticosveracruz.com\/index.php?rest_route=\/wp\/v2\/users\/2"}],"replies":[{"embeddable":true,"href":"https:\/\/lospoliticosveracruz.com\/index.php?rest_route=%2Fwp%2Fv2%2Fcomments&post=94196"}],"version-history":[{"count":1,"href":"https:\/\/lospoliticosveracruz.com\/index.php?rest_route=\/wp\/v2\/posts\/94196\/revisions"}],"predecessor-version":[{"id":94198,"href":"https:\/\/lospoliticosveracruz.com\/index.php?rest_route=\/wp\/v2\/posts\/94196\/revisions\/94198"}],"wp:attachment":[{"href":"https:\/\/lospoliticosveracruz.com\/index.php?rest_route=%2Fwp%2Fv2%2Fmedia&parent=94196"}],"wp:term":[{"taxonomy":"category","embeddable":true,"href":"https:\/\/lospoliticosveracruz.com\/index.php?rest_route=%2Fwp%2Fv2%2Fcategories&post=94196"},{"taxonomy":"post_tag","embeddable":true,"href":"https:\/\/lospoliticosveracruz.com\/index.php?rest_route=%2Fwp%2Fv2%2Ftags&post=94196"}],"curies":[{"name":"wp","href":"https:\/\/api.w.org\/{rel}","templated":true}]}}