{"id":94345,"date":"2022-08-23T07:55:18","date_gmt":"2022-08-23T12:55:18","guid":{"rendered":"https:\/\/lospoliticosveracruz.com.mx\/?p=94345"},"modified":"2022-08-23T07:55:25","modified_gmt":"2022-08-23T12:55:25","slug":"verdad-historica-unidad-partidista","status":"publish","type":"post","link":"https:\/\/lospoliticosveracruz.com\/?p=94345","title":{"rendered":"Verdad hist\u00f3rica; unidad partidista"},"content":{"rendered":"\n<p><strong>Yair Ademar Dom\u00ednguez<\/strong><br><em>Punto y Coma<\/em><\/p>\n\n\n\n<p>Reabrir el caso Ayotzinapa, para que se conozca lo que sucedi\u00f3 realmente con el destino de esos 43 j\u00f3venes normalistas, es un acto profundo de justicia para sus familias, quienes merecen una explicaci\u00f3n. La detenci\u00f3n del ex procurador Jes\u00fas Murillo Karam ha sido parte de este desvelamiento que est\u00e1 haciendo el gobierno del presidente Andr\u00e9s Manuel L\u00f3pez Obrador de quienes pretendieron construir con ficci\u00f3n una \u201cverdad hist\u00f3rica\u201d.<\/p>\n\n\n\n<figure class=\"wp-block-embed is-type-video is-provider-youtube wp-block-embed-youtube wp-embed-aspect-16-9 wp-has-aspect-ratio\"><div class=\"wp-block-embed__wrapper\">\n<iframe loading=\"lazy\" title=\"Cluster Coworking\" width=\"696\" height=\"392\" src=\"https:\/\/www.youtube.com\/embed\/Nxe-vxf8GuY?feature=oembed\" frameborder=\"0\" allow=\"accelerometer; autoplay; clipboard-write; encrypted-media; gyroscope; picture-in-picture; web-share\" referrerpolicy=\"strict-origin-when-cross-origin\" allowfullscreen><\/iframe>\n<\/div><\/figure>\n\n\n\n<p>Fue en el gobierno de Enrique Pe\u00f1a Nieto en donde se manose\u00f3 hasta la saciedad este caso, en donde \u201cfueron armando toda esta falsedad, incluso torturando personas, fabricando declaraciones\u201d, indic\u00f3 el mandatario mexicano en conferencia de prensa este lunes.<\/p>\n\n\n\n<p>El caso el ex procurador y todo el tema, legal, puntualiz\u00f3 el presidente, lo tendr\u00e1 que resolver el juez. \u201cLo m\u00e1s doloroso es la situaci\u00f3n de las familias de los muchachos, pero al mismo tiempo ejemplar. Doloroso pero ejemplar, porque no se rindieron, no se han rendido. Son excepcionales\u201d, destac\u00f3.<\/p>\n\n\n\n<p>Una vez m\u00e1s, el jefe de las instituciones del pa\u00eds ha salido a desenmascarar asuntos de vital importancia para nuestro pa\u00eds, en donde el papel de las instancias procuradoras de justicia han dado mucho qu\u00e9 desear. El mensaje es muy claro y contundente: quienes pensaban que los delitos cometidos en nombre del Estado mexicano, quedaban en la impunidad, se equivocaron y la prueba est\u00e1 a la vista.<\/p>\n\n\n\n<p>El estudio y la investigaci\u00f3n que pidi\u00f3 que se realizara sobre el caso tiene dos partes muy importantes que conviene conocer: la descripci\u00f3n detallada sobre lo sucedido en la desaparici\u00f3n de los j\u00f3venes de Ayotzinapa y el comportamiento y actuaci\u00f3n de todas las autoridades involucradas.<\/p>\n\n\n\n<p>\u201cEste \u0301 es uno de los hechos m\u00e1s vergonzosos, lamentables, dolorosos. Hay que ventilar, evidenciarlo (\u2026) Se tienen declaraciones de quienes participaron en la ejecuci\u00f3n de los j\u00f3venes. Hay declaraciones mucho muy fuertes sobre c\u00f3mo se deshicieron de los j\u00f3venes. Eso est\u00e1 ah\u00ed. Hay declaraciones de c\u00f3mo planearon irlos moviendo del lugar\u201d, revel\u00f3.<\/p>\n\n\n\n<p>El camino de la transformaci\u00f3n de nuestro pa\u00eds tiene que pasar por estas revelaciones, por dar a conocer los cr\u00edmenes que se cometieron en nombre del estado, llevando a la justicia a los culpables, a quienes estuvieron detr\u00e1s o participaron, ejecutando las \u00f3rdenes o maquillando lo sucedido.<\/p>\n\n\n\n<p><strong>Unidad en la diversidad<\/strong><\/p>\n\n\n\n<p>Como los dedos de una mano, lo hemos dicho en otras ocasiones, as\u00ed se conforman las fuerzas del Movimiento de Regeneraci\u00f3n Nacional en el pa\u00eds. No hay uno solo que se parezca al otro, pero en la diversidad radica nuestra fortaleza. Aunque muchos apuestan a que esta diversidad se convierta en debilidad, en realidad nos enriquece y fortalece.<\/p>\n\n\n\n<p>Hay quienes pretenden promover la divisi\u00f3n al interior de MORENA y hay quienes quieren vender esa idea, pero se equivocan, porque aqu\u00ed ya no caben los grupos de intereses creados, porque ahora el \u00fanico amo de este pa\u00eds, como lo ha dicho el presidente Andr\u00e9s Manuel L\u00f3pez Obrador, es el pueblo de M\u00e9xico. Ah\u00ed, en las bases, en la diversidad, en cada voz de hombre y mujer libre, est\u00e1 la fuerza de este movimiento. As\u00ed, con esa realidad a cuestas, caminamos en los procesos internos de este partido que tiene como destino transformar la vida pol\u00edtica de nuestro pa\u00eds.<\/p>\n\n\n\n<p><em>Comentarios: Facebook Yair Ademar Dominguez Twitter @YairAdemar<\/em><\/p>\n","protected":false},"excerpt":{"rendered":"<p>Yair Ademar Dom\u00ednguezPunto y Coma Reabrir el caso Ayotzinapa, para que se conozca lo que sucedi\u00f3 realmente con el destino de esos 43 j\u00f3venes normalistas, es un acto profundo de justicia para sus familias, quienes merecen una explicaci\u00f3n. La detenci\u00f3n del ex procurador Jes\u00fas Murillo Karam ha sido parte de este desvelamiento que est\u00e1 haciendo [&hellip;]<\/p>\n","protected":false},"author":2,"featured_media":0,"comment_status":"closed","ping_status":"closed","sticky":false,"template":"","format":"standard","meta":{"tdm_status":"","tdm_grid_status":"","footnotes":""},"categories":[70],"tags":[101,34699,887],"class_list":{"0":"post-94345","1":"post","2":"type-post","3":"status-publish","4":"format-standard","6":"category-de-opinion","7":"tag-ayotzinapa","8":"tag-ex-procurador-jesus-murillo-karam","9":"tag-jesus-murillo-karam"},"yoast_head":"<!-- This site is optimized with the Yoast SEO plugin v27.4 - https:\/\/yoast.com\/product\/yoast-seo-wordpress\/ -->\n<title>Verdad hist\u00f3rica; unidad partidista - Los pol\u00edticos Veracruz<\/title>\n<meta name=\"robots\" content=\"index, follow, max-snippet:-1, max-image-preview:large, max-video-preview:-1\" \/>\n<link rel=\"canonical\" href=\"https:\/\/lospoliticosveracruz.com\/?p=94345\" \/>\n<meta property=\"og:locale\" content=\"es_ES\" \/>\n<meta property=\"og:type\" content=\"article\" \/>\n<meta property=\"og:title\" content=\"Verdad hist\u00f3rica; unidad partidista - Los pol\u00edticos Veracruz\" \/>\n<meta property=\"og:description\" content=\"Yair Ademar Dom\u00ednguezPunto y Coma Reabrir el caso Ayotzinapa, para que se conozca lo que sucedi\u00f3 realmente con el destino de esos 43 j\u00f3venes normalistas, es un acto profundo de justicia para sus familias, quienes merecen una explicaci\u00f3n. La detenci\u00f3n del ex procurador Jes\u00fas Murillo Karam ha sido parte de este desvelamiento que est\u00e1 haciendo [&hellip;]\" \/>\n<meta property=\"og:url\" content=\"https:\/\/lospoliticosveracruz.com\/?p=94345\" \/>\n<meta property=\"og:site_name\" content=\"Los pol\u00edticos Veracruz\" \/>\n<meta property=\"article:publisher\" content=\"https:\/\/www.facebook.com\/people\/Notimemes-de-los-Polticos\/61565672886568\/\" \/>\n<meta property=\"article:published_time\" content=\"2022-08-23T12:55:18+00:00\" \/>\n<meta property=\"article:modified_time\" content=\"2022-08-23T12:55:25+00:00\" \/>\n<meta property=\"og:image\" content=\"https:\/\/lospoliticosveracruz.com\/wp-content\/uploads\/2016\/07\/Logo-Dor.jpg\" \/>\n\t<meta property=\"og:image:width\" content=\"200\" \/>\n\t<meta property=\"og:image:height\" content=\"200\" \/>\n\t<meta property=\"og:image:type\" content=\"image\/jpeg\" \/>\n<meta name=\"author\" content=\"Lo viste en Los Pol\u00edticos\" \/>\n<meta name=\"twitter:card\" content=\"summary_large_image\" \/>\n<meta name=\"twitter:creator\" content=\"@LosPoliticosVer\" \/>\n<meta name=\"twitter:site\" content=\"@LosPoliticosVer\" \/>\n<meta name=\"twitter:label1\" content=\"Escrito por\" \/>\n\t<meta name=\"twitter:data1\" content=\"Lo viste en Los Pol\u00edticos\" \/>\n\t<meta name=\"twitter:label2\" content=\"Tiempo de lectura\" \/>\n\t<meta name=\"twitter:data2\" content=\"3 minutos\" \/>\n<script type=\"application\/ld+json\" class=\"yoast-schema-graph\">{\"@context\":\"https:\\\/\\\/schema.org\",\"@graph\":[{\"@type\":\"Article\",\"@id\":\"https:\\\/\\\/lospoliticosveracruz.com\\\/?p=94345#article\",\"isPartOf\":{\"@id\":\"https:\\\/\\\/lospoliticosveracruz.com\\\/?p=94345\"},\"author\":{\"name\":\"Lo viste en Los Pol\u00edticos\",\"@id\":\"https:\\\/\\\/lospoliticosveracruz.com\\\/#\\\/schema\\\/person\\\/b8702bb0e538456e6efd07080bf2a4a2\"},\"headline\":\"Verdad hist\u00f3rica; unidad partidista\",\"datePublished\":\"2022-08-23T12:55:18+00:00\",\"dateModified\":\"2022-08-23T12:55:25+00:00\",\"mainEntityOfPage\":{\"@id\":\"https:\\\/\\\/lospoliticosveracruz.com\\\/?p=94345\"},\"wordCount\":588,\"publisher\":{\"@id\":\"https:\\\/\\\/lospoliticosveracruz.com\\\/#organization\"},\"keywords\":[\"Ayotzinapa\",\"ex procurador Jes\u00fas Murillo Karam\",\"Jes\u00fas Murillo Karam\"],\"articleSection\":[\"De Opini\u00f3n\"],\"inLanguage\":\"es\"},{\"@type\":\"WebPage\",\"@id\":\"https:\\\/\\\/lospoliticosveracruz.com\\\/?p=94345\",\"url\":\"https:\\\/\\\/lospoliticosveracruz.com\\\/?p=94345\",\"name\":\"Verdad hist\u00f3rica; unidad partidista - Los pol\u00edticos Veracruz\",\"isPartOf\":{\"@id\":\"https:\\\/\\\/lospoliticosveracruz.com\\\/#website\"},\"datePublished\":\"2022-08-23T12:55:18+00:00\",\"dateModified\":\"2022-08-23T12:55:25+00:00\",\"breadcrumb\":{\"@id\":\"https:\\\/\\\/lospoliticosveracruz.com\\\/?p=94345#breadcrumb\"},\"inLanguage\":\"es\",\"potentialAction\":[{\"@type\":\"ReadAction\",\"target\":[\"https:\\\/\\\/lospoliticosveracruz.com\\\/?p=94345\"]}]},{\"@type\":\"BreadcrumbList\",\"@id\":\"https:\\\/\\\/lospoliticosveracruz.com\\\/?p=94345#breadcrumb\",\"itemListElement\":[{\"@type\":\"ListItem\",\"position\":1,\"name\":\"Portada\",\"item\":\"https:\\\/\\\/lospoliticosveracruz.com\\\/\"},{\"@type\":\"ListItem\",\"position\":2,\"name\":\"Verdad hist\u00f3rica; unidad partidista\"}]},{\"@type\":\"WebSite\",\"@id\":\"https:\\\/\\\/lospoliticosveracruz.com\\\/#website\",\"url\":\"https:\\\/\\\/lospoliticosveracruz.com\\\/\",\"name\":\"Los pol\u00edticos Veracruz\",\"description\":\"\",\"publisher\":{\"@id\":\"https:\\\/\\\/lospoliticosveracruz.com\\\/#organization\"},\"potentialAction\":[{\"@type\":\"SearchAction\",\"target\":{\"@type\":\"EntryPoint\",\"urlTemplate\":\"https:\\\/\\\/lospoliticosveracruz.com\\\/?s={search_term_string}\"},\"query-input\":{\"@type\":\"PropertyValueSpecification\",\"valueRequired\":true,\"valueName\":\"search_term_string\"}}],\"inLanguage\":\"es\"},{\"@type\":\"Organization\",\"@id\":\"https:\\\/\\\/lospoliticosveracruz.com\\\/#organization\",\"name\":\"Los pol\u00edticos Veracruz\",\"url\":\"https:\\\/\\\/lospoliticosveracruz.com\\\/\",\"logo\":{\"@type\":\"ImageObject\",\"inLanguage\":\"es\",\"@id\":\"https:\\\/\\\/lospoliticosveracruz.com\\\/#\\\/schema\\\/logo\\\/image\\\/\",\"url\":\"https:\\\/\\\/lospoliticosveracruz.com\\\/wp-content\\\/uploads\\\/2025\\\/12\\\/Logo-Nuevo-LOS-POLITICOS-1.jpg\",\"contentUrl\":\"https:\\\/\\\/lospoliticosveracruz.com\\\/wp-content\\\/uploads\\\/2025\\\/12\\\/Logo-Nuevo-LOS-POLITICOS-1.jpg\",\"width\":260,\"height\":70,\"caption\":\"Los pol\u00edticos Veracruz\"},\"image\":{\"@id\":\"https:\\\/\\\/lospoliticosveracruz.com\\\/#\\\/schema\\\/logo\\\/image\\\/\"},\"sameAs\":[\"https:\\\/\\\/www.facebook.com\\\/people\\\/Notimemes-de-los-Polticos\\\/61565672886568\\\/\",\"https:\\\/\\\/x.com\\\/LosPoliticosVer\"]},{\"@type\":\"Person\",\"@id\":\"https:\\\/\\\/lospoliticosveracruz.com\\\/#\\\/schema\\\/person\\\/b8702bb0e538456e6efd07080bf2a4a2\",\"name\":\"Lo viste en Los Pol\u00edticos\",\"image\":{\"@type\":\"ImageObject\",\"inLanguage\":\"es\",\"@id\":\"https:\\\/\\\/secure.gravatar.com\\\/avatar\\\/3a8de04a2656d44082be478bd6c086daa447c4651605818287b9532d3d0bd435?s=96&d=mm&r=g\",\"url\":\"https:\\\/\\\/secure.gravatar.com\\\/avatar\\\/3a8de04a2656d44082be478bd6c086daa447c4651605818287b9532d3d0bd435?s=96&d=mm&r=g\",\"contentUrl\":\"https:\\\/\\\/secure.gravatar.com\\\/avatar\\\/3a8de04a2656d44082be478bd6c086daa447c4651605818287b9532d3d0bd435?s=96&d=mm&r=g\",\"caption\":\"Lo viste en Los Pol\u00edticos\"},\"url\":\"https:\\\/\\\/lospoliticosveracruz.com\\\/?author=2\"}]}<\/script>\n<!-- \/ Yoast SEO plugin. -->","yoast_head_json":{"title":"Verdad hist\u00f3rica; unidad partidista - Los pol\u00edticos Veracruz","robots":{"index":"index","follow":"follow","max-snippet":"max-snippet:-1","max-image-preview":"max-image-preview:large","max-video-preview":"max-video-preview:-1"},"canonical":"https:\/\/lospoliticosveracruz.com\/?p=94345","og_locale":"es_ES","og_type":"article","og_title":"Verdad hist\u00f3rica; unidad partidista - Los pol\u00edticos Veracruz","og_description":"Yair Ademar Dom\u00ednguezPunto y Coma Reabrir el caso Ayotzinapa, para que se conozca lo que sucedi\u00f3 realmente con el destino de esos 43 j\u00f3venes normalistas, es un acto profundo de justicia para sus familias, quienes merecen una explicaci\u00f3n. La detenci\u00f3n del ex procurador Jes\u00fas Murillo Karam ha sido parte de este desvelamiento que est\u00e1 haciendo [&hellip;]","og_url":"https:\/\/lospoliticosveracruz.com\/?p=94345","og_site_name":"Los pol\u00edticos Veracruz","article_publisher":"https:\/\/www.facebook.com\/people\/Notimemes-de-los-Polticos\/61565672886568\/","article_published_time":"2022-08-23T12:55:18+00:00","article_modified_time":"2022-08-23T12:55:25+00:00","og_image":[{"width":200,"height":200,"url":"https:\/\/lospoliticosveracruz.com\/wp-content\/uploads\/2016\/07\/Logo-Dor.jpg","type":"image\/jpeg"}],"author":"Lo viste en Los Pol\u00edticos","twitter_card":"summary_large_image","twitter_creator":"@LosPoliticosVer","twitter_site":"@LosPoliticosVer","twitter_misc":{"Escrito por":"Lo viste en Los Pol\u00edticos","Tiempo de lectura":"3 minutos"},"schema":{"@context":"https:\/\/schema.org","@graph":[{"@type":"Article","@id":"https:\/\/lospoliticosveracruz.com\/?p=94345#article","isPartOf":{"@id":"https:\/\/lospoliticosveracruz.com\/?p=94345"},"author":{"name":"Lo viste en Los Pol\u00edticos","@id":"https:\/\/lospoliticosveracruz.com\/#\/schema\/person\/b8702bb0e538456e6efd07080bf2a4a2"},"headline":"Verdad hist\u00f3rica; unidad partidista","datePublished":"2022-08-23T12:55:18+00:00","dateModified":"2022-08-23T12:55:25+00:00","mainEntityOfPage":{"@id":"https:\/\/lospoliticosveracruz.com\/?p=94345"},"wordCount":588,"publisher":{"@id":"https:\/\/lospoliticosveracruz.com\/#organization"},"keywords":["Ayotzinapa","ex procurador Jes\u00fas Murillo Karam","Jes\u00fas Murillo Karam"],"articleSection":["De Opini\u00f3n"],"inLanguage":"es"},{"@type":"WebPage","@id":"https:\/\/lospoliticosveracruz.com\/?p=94345","url":"https:\/\/lospoliticosveracruz.com\/?p=94345","name":"Verdad hist\u00f3rica; unidad partidista - Los pol\u00edticos Veracruz","isPartOf":{"@id":"https:\/\/lospoliticosveracruz.com\/#website"},"datePublished":"2022-08-23T12:55:18+00:00","dateModified":"2022-08-23T12:55:25+00:00","breadcrumb":{"@id":"https:\/\/lospoliticosveracruz.com\/?p=94345#breadcrumb"},"inLanguage":"es","potentialAction":[{"@type":"ReadAction","target":["https:\/\/lospoliticosveracruz.com\/?p=94345"]}]},{"@type":"BreadcrumbList","@id":"https:\/\/lospoliticosveracruz.com\/?p=94345#breadcrumb","itemListElement":[{"@type":"ListItem","position":1,"name":"Portada","item":"https:\/\/lospoliticosveracruz.com\/"},{"@type":"ListItem","position":2,"name":"Verdad hist\u00f3rica; unidad partidista"}]},{"@type":"WebSite","@id":"https:\/\/lospoliticosveracruz.com\/#website","url":"https:\/\/lospoliticosveracruz.com\/","name":"Los pol\u00edticos Veracruz","description":"","publisher":{"@id":"https:\/\/lospoliticosveracruz.com\/#organization"},"potentialAction":[{"@type":"SearchAction","target":{"@type":"EntryPoint","urlTemplate":"https:\/\/lospoliticosveracruz.com\/?s={search_term_string}"},"query-input":{"@type":"PropertyValueSpecification","valueRequired":true,"valueName":"search_term_string"}}],"inLanguage":"es"},{"@type":"Organization","@id":"https:\/\/lospoliticosveracruz.com\/#organization","name":"Los pol\u00edticos Veracruz","url":"https:\/\/lospoliticosveracruz.com\/","logo":{"@type":"ImageObject","inLanguage":"es","@id":"https:\/\/lospoliticosveracruz.com\/#\/schema\/logo\/image\/","url":"https:\/\/lospoliticosveracruz.com\/wp-content\/uploads\/2025\/12\/Logo-Nuevo-LOS-POLITICOS-1.jpg","contentUrl":"https:\/\/lospoliticosveracruz.com\/wp-content\/uploads\/2025\/12\/Logo-Nuevo-LOS-POLITICOS-1.jpg","width":260,"height":70,"caption":"Los pol\u00edticos Veracruz"},"image":{"@id":"https:\/\/lospoliticosveracruz.com\/#\/schema\/logo\/image\/"},"sameAs":["https:\/\/www.facebook.com\/people\/Notimemes-de-los-Polticos\/61565672886568\/","https:\/\/x.com\/LosPoliticosVer"]},{"@type":"Person","@id":"https:\/\/lospoliticosveracruz.com\/#\/schema\/person\/b8702bb0e538456e6efd07080bf2a4a2","name":"Lo viste en Los Pol\u00edticos","image":{"@type":"ImageObject","inLanguage":"es","@id":"https:\/\/secure.gravatar.com\/avatar\/3a8de04a2656d44082be478bd6c086daa447c4651605818287b9532d3d0bd435?s=96&d=mm&r=g","url":"https:\/\/secure.gravatar.com\/avatar\/3a8de04a2656d44082be478bd6c086daa447c4651605818287b9532d3d0bd435?s=96&d=mm&r=g","contentUrl":"https:\/\/secure.gravatar.com\/avatar\/3a8de04a2656d44082be478bd6c086daa447c4651605818287b9532d3d0bd435?s=96&d=mm&r=g","caption":"Lo viste en Los Pol\u00edticos"},"url":"https:\/\/lospoliticosveracruz.com\/?author=2"}]}},"_links":{"self":[{"href":"https:\/\/lospoliticosveracruz.com\/index.php?rest_route=\/wp\/v2\/posts\/94345","targetHints":{"allow":["GET"]}}],"collection":[{"href":"https:\/\/lospoliticosveracruz.com\/index.php?rest_route=\/wp\/v2\/posts"}],"about":[{"href":"https:\/\/lospoliticosveracruz.com\/index.php?rest_route=\/wp\/v2\/types\/post"}],"author":[{"embeddable":true,"href":"https:\/\/lospoliticosveracruz.com\/index.php?rest_route=\/wp\/v2\/users\/2"}],"replies":[{"embeddable":true,"href":"https:\/\/lospoliticosveracruz.com\/index.php?rest_route=%2Fwp%2Fv2%2Fcomments&post=94345"}],"version-history":[{"count":1,"href":"https:\/\/lospoliticosveracruz.com\/index.php?rest_route=\/wp\/v2\/posts\/94345\/revisions"}],"predecessor-version":[{"id":94347,"href":"https:\/\/lospoliticosveracruz.com\/index.php?rest_route=\/wp\/v2\/posts\/94345\/revisions\/94347"}],"wp:attachment":[{"href":"https:\/\/lospoliticosveracruz.com\/index.php?rest_route=%2Fwp%2Fv2%2Fmedia&parent=94345"}],"wp:term":[{"taxonomy":"category","embeddable":true,"href":"https:\/\/lospoliticosveracruz.com\/index.php?rest_route=%2Fwp%2Fv2%2Fcategories&post=94345"},{"taxonomy":"post_tag","embeddable":true,"href":"https:\/\/lospoliticosveracruz.com\/index.php?rest_route=%2Fwp%2Fv2%2Ftags&post=94345"}],"curies":[{"name":"wp","href":"https:\/\/api.w.org\/{rel}","templated":true}]}}