{"id":94351,"date":"2022-08-23T10:07:07","date_gmt":"2022-08-23T15:07:07","guid":{"rendered":"https:\/\/lospoliticosveracruz.com.mx\/?p=94351"},"modified":"2022-08-23T10:07:13","modified_gmt":"2022-08-23T15:07:13","slug":"no-es-la-cuarta-son-las-cuatro-2","status":"publish","type":"post","link":"https:\/\/lospoliticosveracruz.com\/?p=94351","title":{"rendered":"No es la Cuarta, \u00a1son las cuatro! \/2"},"content":{"rendered":"\n<p><strong>Sergio Gonz\u00e1lez Levet<\/strong><br><em>Sin tacto<\/em><\/p>\n\n\n\n<p>Sigo explicando por qu\u00e9 la \u201cCuarta Transformaci\u00f3n\u201d est\u00e1 tratando de ser convertida en las \u201cCuatro Transformaciones\u201d y de qu\u00e9 manera el discurso de L\u00f3pez Obrador es cada d\u00eda m\u00e1s radical y tiende hacia la idea de que su \u201cmovimiento\u201d es lo mejor que le ha pasado a M\u00e9xico en su historia (incluidas las gestas heroicas de Hidalgo y Morelos, de Ju\u00e1rez, de Villa y Zapata). Por ello, dice en su mensaje incendiario que todos los mexicanos debemos acogernos a sus bendiciones y beneficios, porque no hacerlo significa una \u201ctraici\u00f3n a la patria\u201d. De este tama\u00f1o.<br>\u200bYa dije ayer que a partir del nuevo modelo educativo que est\u00e1n proponiendo para la curr\u00edcula de la educaci\u00f3n inicial intentan adoctrinar a los ni\u00f1os y los j\u00f3venes estudiantes mexicanos, de modo tal que, por ejemplo, el lopezobradorismo nos va a sacar del colonialismo, y va a \u201cdecolonizar\u201d (\u00a1recontrauf!) la educaci\u00f3n que reciben las nuevas generaciones. Es decir, que nos va a sacar de la Colonia, esa misma que termin\u00f3 el 27 de septiembre de 1821 con la Independencia de M\u00e9xico, pero que AMLO y sus seguidores m\u00e1s cercanos consideran que ha seguido viva en su dominaci\u00f3n.<br>\u200bEstos \u201csalvadores de la patria\u201d tambi\u00e9n van a ahondar y ahora s\u00ed vencer en la lucha entre liberales y conservadores, que todos cre\u00edamos que hab\u00eda ganado don Benito Ju\u00e1rez pero que continua viva en el discurso diario de Andr\u00e9s Manuel, quien fustiga a todo aquel que est\u00e9 en contra de la 4T y que no siga fan\u00e1ticamente sus ideas y ocurrencias, con el anatema de llamarlos \u201cconservadores\u201d (o sus sin\u00f3nimos \u201cadversarios\u201d, \u201cfif\u00eds\u201d, \u201ctraidores\u201d, \u201cchayoteros\u201d, \u201cmafia del poder\u201d). As\u00ed, una vez que impongan su voluntad en todos los \u00f3rdenes de la vida nacional, vencer\u00e1n a la derecha diab\u00f3lica con la pureza de la izquierda angelical. Y de esa manera la 4T conseguir\u00e1 completar la segunda transformaci\u00f3n.<br>\u200bCon la tercera transformaci\u00f3n promueven la idea de que llegaron al poder no por medio de una elecci\u00f3n democr\u00e1tica y un partido pol\u00edtico, sino que lo hicieron a trav\u00e9s de una insurrecci\u00f3n popular, una \u201crevoluci\u00f3n\u201d. Por eso es que insiste tanto su Patriarca en que Morena no es un partido sino un movimiento. De esa manera, pretenden que no hubo una llegada al poder administrativo a trav\u00e9s del voto popular sino una toma del poder con la fuerza del pueblo, y as\u00ed pueden desaparecer todas las instituciones que no permiten la \u201cdictadura del proletariado\u201d. De esa manera conseguir\u00e1n por fin el triunfo de la Revoluci\u00f3n de 1910.<br>\u200bLa 4T, entonces, es presentada por su Mes\u00edas tropical como el \u00fanico cambio verdadero y real que ha tenido el pa\u00eds, y a partir de esta falsa premisa piensa que todos los mexicanos deben agachar la cabeza y seguir sus divinas indicaciones, so pena de ser lanzados al infierno de la ignominia.<br>\u200bPero hay un pueblo bueno y honrado que no quiere ninguna revoluci\u00f3n en este momento, que cree en la democracia y persistir\u00e1 en que las cosas mejoren desde ese modelo. Y nunca desde el comunismo, como se atrevi\u00f3 a exigir ayer, p\u00fablica y graciosamente, el Subsecretario de Educaci\u00f3n Superior Luciano Concheiro B\u00f3rquez.<br>\u200bHay que verlos nom\u00e1s.<\/p>\n\n\n\n<p>sglevet@gmail.com<\/p>\n","protected":false},"excerpt":{"rendered":"<p>Sergio Gonz\u00e1lez LevetSin tacto Sigo explicando por qu\u00e9 la \u201cCuarta Transformaci\u00f3n\u201d est\u00e1 tratando de ser convertida en las \u201cCuatro Transformaciones\u201d y de qu\u00e9 manera el discurso de L\u00f3pez Obrador es cada d\u00eda m\u00e1s radical y tiende hacia la idea de que su \u201cmovimiento\u201d es lo mejor que le ha pasado a M\u00e9xico en su historia [&hellip;]<\/p>\n","protected":false},"author":2,"featured_media":0,"comment_status":"closed","ping_status":"closed","sticky":false,"template":"","format":"standard","meta":{"tdm_status":"","tdm_grid_status":"","footnotes":""},"categories":[70],"tags":[618,1026,1282],"class_list":{"0":"post-94351","1":"post","2":"type-post","3":"status-publish","4":"format-standard","6":"category-de-opinion","7":"tag-andres-manuel-lopez-obrador","8":"tag-morena","9":"tag-sergio-gonzalez-levet"},"yoast_head":"<!-- This site is optimized with the Yoast SEO plugin v27.4 - https:\/\/yoast.com\/product\/yoast-seo-wordpress\/ -->\n<title>No es la Cuarta, \u00a1son las cuatro! \/2 - Los pol\u00edticos Veracruz<\/title>\n<meta name=\"robots\" content=\"index, follow, max-snippet:-1, max-image-preview:large, max-video-preview:-1\" \/>\n<link rel=\"canonical\" href=\"https:\/\/lospoliticosveracruz.com\/?p=94351\" \/>\n<meta property=\"og:locale\" content=\"es_ES\" \/>\n<meta property=\"og:type\" content=\"article\" \/>\n<meta property=\"og:title\" content=\"No es la Cuarta, \u00a1son las cuatro! \/2 - Los pol\u00edticos Veracruz\" \/>\n<meta property=\"og:description\" content=\"Sergio Gonz\u00e1lez LevetSin tacto Sigo explicando por qu\u00e9 la \u201cCuarta Transformaci\u00f3n\u201d est\u00e1 tratando de ser convertida en las \u201cCuatro Transformaciones\u201d y de qu\u00e9 manera el discurso de L\u00f3pez Obrador es cada d\u00eda m\u00e1s radical y tiende hacia la idea de que su \u201cmovimiento\u201d es lo mejor que le ha pasado a M\u00e9xico en su historia [&hellip;]\" \/>\n<meta property=\"og:url\" content=\"https:\/\/lospoliticosveracruz.com\/?p=94351\" \/>\n<meta property=\"og:site_name\" content=\"Los pol\u00edticos Veracruz\" \/>\n<meta property=\"article:publisher\" content=\"https:\/\/www.facebook.com\/people\/Notimemes-de-los-Polticos\/61565672886568\/\" \/>\n<meta property=\"article:published_time\" content=\"2022-08-23T15:07:07+00:00\" \/>\n<meta property=\"article:modified_time\" content=\"2022-08-23T15:07:13+00:00\" \/>\n<meta property=\"og:image\" content=\"https:\/\/lospoliticosveracruz.com\/wp-content\/uploads\/2016\/07\/Logo-Dor.jpg\" \/>\n\t<meta property=\"og:image:width\" content=\"200\" \/>\n\t<meta property=\"og:image:height\" content=\"200\" \/>\n\t<meta property=\"og:image:type\" content=\"image\/jpeg\" \/>\n<meta name=\"author\" content=\"Lo viste en Los Pol\u00edticos\" \/>\n<meta name=\"twitter:card\" content=\"summary_large_image\" \/>\n<meta name=\"twitter:creator\" content=\"@LosPoliticosVer\" \/>\n<meta name=\"twitter:site\" content=\"@LosPoliticosVer\" \/>\n<meta name=\"twitter:label1\" content=\"Escrito por\" \/>\n\t<meta name=\"twitter:data1\" content=\"Lo viste en Los Pol\u00edticos\" \/>\n\t<meta name=\"twitter:label2\" content=\"Tiempo de lectura\" \/>\n\t<meta name=\"twitter:data2\" content=\"3 minutos\" \/>\n<script type=\"application\/ld+json\" class=\"yoast-schema-graph\">{\"@context\":\"https:\\\/\\\/schema.org\",\"@graph\":[{\"@type\":\"Article\",\"@id\":\"https:\\\/\\\/lospoliticosveracruz.com\\\/?p=94351#article\",\"isPartOf\":{\"@id\":\"https:\\\/\\\/lospoliticosveracruz.com\\\/?p=94351\"},\"author\":{\"name\":\"Lo viste en Los Pol\u00edticos\",\"@id\":\"https:\\\/\\\/lospoliticosveracruz.com\\\/#\\\/schema\\\/person\\\/b8702bb0e538456e6efd07080bf2a4a2\"},\"headline\":\"No es la Cuarta, \u00a1son las cuatro! \\\/2\",\"datePublished\":\"2022-08-23T15:07:07+00:00\",\"dateModified\":\"2022-08-23T15:07:13+00:00\",\"mainEntityOfPage\":{\"@id\":\"https:\\\/\\\/lospoliticosveracruz.com\\\/?p=94351\"},\"wordCount\":580,\"publisher\":{\"@id\":\"https:\\\/\\\/lospoliticosveracruz.com\\\/#organization\"},\"keywords\":[\"Andr\u00e9s Manuel L\u00f3pez Obrador\",\"Morena\",\"Sergio Gonz\u00e1lez Levet\"],\"articleSection\":[\"De Opini\u00f3n\"],\"inLanguage\":\"es\"},{\"@type\":\"WebPage\",\"@id\":\"https:\\\/\\\/lospoliticosveracruz.com\\\/?p=94351\",\"url\":\"https:\\\/\\\/lospoliticosveracruz.com\\\/?p=94351\",\"name\":\"No es la Cuarta, \u00a1son las cuatro! \\\/2 - Los pol\u00edticos Veracruz\",\"isPartOf\":{\"@id\":\"https:\\\/\\\/lospoliticosveracruz.com\\\/#website\"},\"datePublished\":\"2022-08-23T15:07:07+00:00\",\"dateModified\":\"2022-08-23T15:07:13+00:00\",\"breadcrumb\":{\"@id\":\"https:\\\/\\\/lospoliticosveracruz.com\\\/?p=94351#breadcrumb\"},\"inLanguage\":\"es\",\"potentialAction\":[{\"@type\":\"ReadAction\",\"target\":[\"https:\\\/\\\/lospoliticosveracruz.com\\\/?p=94351\"]}]},{\"@type\":\"BreadcrumbList\",\"@id\":\"https:\\\/\\\/lospoliticosveracruz.com\\\/?p=94351#breadcrumb\",\"itemListElement\":[{\"@type\":\"ListItem\",\"position\":1,\"name\":\"Portada\",\"item\":\"https:\\\/\\\/lospoliticosveracruz.com\\\/\"},{\"@type\":\"ListItem\",\"position\":2,\"name\":\"No es la Cuarta, \u00a1son las cuatro! \\\/2\"}]},{\"@type\":\"WebSite\",\"@id\":\"https:\\\/\\\/lospoliticosveracruz.com\\\/#website\",\"url\":\"https:\\\/\\\/lospoliticosveracruz.com\\\/\",\"name\":\"Los pol\u00edticos Veracruz\",\"description\":\"\",\"publisher\":{\"@id\":\"https:\\\/\\\/lospoliticosveracruz.com\\\/#organization\"},\"potentialAction\":[{\"@type\":\"SearchAction\",\"target\":{\"@type\":\"EntryPoint\",\"urlTemplate\":\"https:\\\/\\\/lospoliticosveracruz.com\\\/?s={search_term_string}\"},\"query-input\":{\"@type\":\"PropertyValueSpecification\",\"valueRequired\":true,\"valueName\":\"search_term_string\"}}],\"inLanguage\":\"es\"},{\"@type\":\"Organization\",\"@id\":\"https:\\\/\\\/lospoliticosveracruz.com\\\/#organization\",\"name\":\"Los pol\u00edticos Veracruz\",\"url\":\"https:\\\/\\\/lospoliticosveracruz.com\\\/\",\"logo\":{\"@type\":\"ImageObject\",\"inLanguage\":\"es\",\"@id\":\"https:\\\/\\\/lospoliticosveracruz.com\\\/#\\\/schema\\\/logo\\\/image\\\/\",\"url\":\"https:\\\/\\\/lospoliticosveracruz.com\\\/wp-content\\\/uploads\\\/2025\\\/12\\\/Logo-Nuevo-LOS-POLITICOS-1.jpg\",\"contentUrl\":\"https:\\\/\\\/lospoliticosveracruz.com\\\/wp-content\\\/uploads\\\/2025\\\/12\\\/Logo-Nuevo-LOS-POLITICOS-1.jpg\",\"width\":260,\"height\":70,\"caption\":\"Los pol\u00edticos Veracruz\"},\"image\":{\"@id\":\"https:\\\/\\\/lospoliticosveracruz.com\\\/#\\\/schema\\\/logo\\\/image\\\/\"},\"sameAs\":[\"https:\\\/\\\/www.facebook.com\\\/people\\\/Notimemes-de-los-Polticos\\\/61565672886568\\\/\",\"https:\\\/\\\/x.com\\\/LosPoliticosVer\"]},{\"@type\":\"Person\",\"@id\":\"https:\\\/\\\/lospoliticosveracruz.com\\\/#\\\/schema\\\/person\\\/b8702bb0e538456e6efd07080bf2a4a2\",\"name\":\"Lo viste en Los Pol\u00edticos\",\"image\":{\"@type\":\"ImageObject\",\"inLanguage\":\"es\",\"@id\":\"https:\\\/\\\/secure.gravatar.com\\\/avatar\\\/3a8de04a2656d44082be478bd6c086daa447c4651605818287b9532d3d0bd435?s=96&d=mm&r=g\",\"url\":\"https:\\\/\\\/secure.gravatar.com\\\/avatar\\\/3a8de04a2656d44082be478bd6c086daa447c4651605818287b9532d3d0bd435?s=96&d=mm&r=g\",\"contentUrl\":\"https:\\\/\\\/secure.gravatar.com\\\/avatar\\\/3a8de04a2656d44082be478bd6c086daa447c4651605818287b9532d3d0bd435?s=96&d=mm&r=g\",\"caption\":\"Lo viste en Los Pol\u00edticos\"},\"url\":\"https:\\\/\\\/lospoliticosveracruz.com\\\/?author=2\"}]}<\/script>\n<!-- \/ Yoast SEO plugin. -->","yoast_head_json":{"title":"No es la Cuarta, \u00a1son las cuatro! \/2 - Los pol\u00edticos Veracruz","robots":{"index":"index","follow":"follow","max-snippet":"max-snippet:-1","max-image-preview":"max-image-preview:large","max-video-preview":"max-video-preview:-1"},"canonical":"https:\/\/lospoliticosveracruz.com\/?p=94351","og_locale":"es_ES","og_type":"article","og_title":"No es la Cuarta, \u00a1son las cuatro! \/2 - Los pol\u00edticos Veracruz","og_description":"Sergio Gonz\u00e1lez LevetSin tacto Sigo explicando por qu\u00e9 la \u201cCuarta Transformaci\u00f3n\u201d est\u00e1 tratando de ser convertida en las \u201cCuatro Transformaciones\u201d y de qu\u00e9 manera el discurso de L\u00f3pez Obrador es cada d\u00eda m\u00e1s radical y tiende hacia la idea de que su \u201cmovimiento\u201d es lo mejor que le ha pasado a M\u00e9xico en su historia [&hellip;]","og_url":"https:\/\/lospoliticosveracruz.com\/?p=94351","og_site_name":"Los pol\u00edticos Veracruz","article_publisher":"https:\/\/www.facebook.com\/people\/Notimemes-de-los-Polticos\/61565672886568\/","article_published_time":"2022-08-23T15:07:07+00:00","article_modified_time":"2022-08-23T15:07:13+00:00","og_image":[{"width":200,"height":200,"url":"https:\/\/lospoliticosveracruz.com\/wp-content\/uploads\/2016\/07\/Logo-Dor.jpg","type":"image\/jpeg"}],"author":"Lo viste en Los Pol\u00edticos","twitter_card":"summary_large_image","twitter_creator":"@LosPoliticosVer","twitter_site":"@LosPoliticosVer","twitter_misc":{"Escrito por":"Lo viste en Los Pol\u00edticos","Tiempo de lectura":"3 minutos"},"schema":{"@context":"https:\/\/schema.org","@graph":[{"@type":"Article","@id":"https:\/\/lospoliticosveracruz.com\/?p=94351#article","isPartOf":{"@id":"https:\/\/lospoliticosveracruz.com\/?p=94351"},"author":{"name":"Lo viste en Los Pol\u00edticos","@id":"https:\/\/lospoliticosveracruz.com\/#\/schema\/person\/b8702bb0e538456e6efd07080bf2a4a2"},"headline":"No es la Cuarta, \u00a1son las cuatro! \/2","datePublished":"2022-08-23T15:07:07+00:00","dateModified":"2022-08-23T15:07:13+00:00","mainEntityOfPage":{"@id":"https:\/\/lospoliticosveracruz.com\/?p=94351"},"wordCount":580,"publisher":{"@id":"https:\/\/lospoliticosveracruz.com\/#organization"},"keywords":["Andr\u00e9s Manuel L\u00f3pez Obrador","Morena","Sergio Gonz\u00e1lez Levet"],"articleSection":["De Opini\u00f3n"],"inLanguage":"es"},{"@type":"WebPage","@id":"https:\/\/lospoliticosveracruz.com\/?p=94351","url":"https:\/\/lospoliticosveracruz.com\/?p=94351","name":"No es la Cuarta, \u00a1son las cuatro! \/2 - Los pol\u00edticos Veracruz","isPartOf":{"@id":"https:\/\/lospoliticosveracruz.com\/#website"},"datePublished":"2022-08-23T15:07:07+00:00","dateModified":"2022-08-23T15:07:13+00:00","breadcrumb":{"@id":"https:\/\/lospoliticosveracruz.com\/?p=94351#breadcrumb"},"inLanguage":"es","potentialAction":[{"@type":"ReadAction","target":["https:\/\/lospoliticosveracruz.com\/?p=94351"]}]},{"@type":"BreadcrumbList","@id":"https:\/\/lospoliticosveracruz.com\/?p=94351#breadcrumb","itemListElement":[{"@type":"ListItem","position":1,"name":"Portada","item":"https:\/\/lospoliticosveracruz.com\/"},{"@type":"ListItem","position":2,"name":"No es la Cuarta, \u00a1son las cuatro! \/2"}]},{"@type":"WebSite","@id":"https:\/\/lospoliticosveracruz.com\/#website","url":"https:\/\/lospoliticosveracruz.com\/","name":"Los pol\u00edticos Veracruz","description":"","publisher":{"@id":"https:\/\/lospoliticosveracruz.com\/#organization"},"potentialAction":[{"@type":"SearchAction","target":{"@type":"EntryPoint","urlTemplate":"https:\/\/lospoliticosveracruz.com\/?s={search_term_string}"},"query-input":{"@type":"PropertyValueSpecification","valueRequired":true,"valueName":"search_term_string"}}],"inLanguage":"es"},{"@type":"Organization","@id":"https:\/\/lospoliticosveracruz.com\/#organization","name":"Los pol\u00edticos Veracruz","url":"https:\/\/lospoliticosveracruz.com\/","logo":{"@type":"ImageObject","inLanguage":"es","@id":"https:\/\/lospoliticosveracruz.com\/#\/schema\/logo\/image\/","url":"https:\/\/lospoliticosveracruz.com\/wp-content\/uploads\/2025\/12\/Logo-Nuevo-LOS-POLITICOS-1.jpg","contentUrl":"https:\/\/lospoliticosveracruz.com\/wp-content\/uploads\/2025\/12\/Logo-Nuevo-LOS-POLITICOS-1.jpg","width":260,"height":70,"caption":"Los pol\u00edticos Veracruz"},"image":{"@id":"https:\/\/lospoliticosveracruz.com\/#\/schema\/logo\/image\/"},"sameAs":["https:\/\/www.facebook.com\/people\/Notimemes-de-los-Polticos\/61565672886568\/","https:\/\/x.com\/LosPoliticosVer"]},{"@type":"Person","@id":"https:\/\/lospoliticosveracruz.com\/#\/schema\/person\/b8702bb0e538456e6efd07080bf2a4a2","name":"Lo viste en Los Pol\u00edticos","image":{"@type":"ImageObject","inLanguage":"es","@id":"https:\/\/secure.gravatar.com\/avatar\/3a8de04a2656d44082be478bd6c086daa447c4651605818287b9532d3d0bd435?s=96&d=mm&r=g","url":"https:\/\/secure.gravatar.com\/avatar\/3a8de04a2656d44082be478bd6c086daa447c4651605818287b9532d3d0bd435?s=96&d=mm&r=g","contentUrl":"https:\/\/secure.gravatar.com\/avatar\/3a8de04a2656d44082be478bd6c086daa447c4651605818287b9532d3d0bd435?s=96&d=mm&r=g","caption":"Lo viste en Los Pol\u00edticos"},"url":"https:\/\/lospoliticosveracruz.com\/?author=2"}]}},"_links":{"self":[{"href":"https:\/\/lospoliticosveracruz.com\/index.php?rest_route=\/wp\/v2\/posts\/94351","targetHints":{"allow":["GET"]}}],"collection":[{"href":"https:\/\/lospoliticosveracruz.com\/index.php?rest_route=\/wp\/v2\/posts"}],"about":[{"href":"https:\/\/lospoliticosveracruz.com\/index.php?rest_route=\/wp\/v2\/types\/post"}],"author":[{"embeddable":true,"href":"https:\/\/lospoliticosveracruz.com\/index.php?rest_route=\/wp\/v2\/users\/2"}],"replies":[{"embeddable":true,"href":"https:\/\/lospoliticosveracruz.com\/index.php?rest_route=%2Fwp%2Fv2%2Fcomments&post=94351"}],"version-history":[{"count":1,"href":"https:\/\/lospoliticosveracruz.com\/index.php?rest_route=\/wp\/v2\/posts\/94351\/revisions"}],"predecessor-version":[{"id":94352,"href":"https:\/\/lospoliticosveracruz.com\/index.php?rest_route=\/wp\/v2\/posts\/94351\/revisions\/94352"}],"wp:attachment":[{"href":"https:\/\/lospoliticosveracruz.com\/index.php?rest_route=%2Fwp%2Fv2%2Fmedia&parent=94351"}],"wp:term":[{"taxonomy":"category","embeddable":true,"href":"https:\/\/lospoliticosveracruz.com\/index.php?rest_route=%2Fwp%2Fv2%2Fcategories&post=94351"},{"taxonomy":"post_tag","embeddable":true,"href":"https:\/\/lospoliticosveracruz.com\/index.php?rest_route=%2Fwp%2Fv2%2Ftags&post=94351"}],"curies":[{"name":"wp","href":"https:\/\/api.w.org\/{rel}","templated":true}]}}