{"id":94353,"date":"2022-08-23T10:13:51","date_gmt":"2022-08-23T15:13:51","guid":{"rendered":"https:\/\/lospoliticosveracruz.com.mx\/?p=94353"},"modified":"2022-08-23T10:13:59","modified_gmt":"2022-08-23T15:13:59","slug":"la-extorsion-en-veracruz","status":"publish","type":"post","link":"https:\/\/lospoliticosveracruz.com\/?p=94353","title":{"rendered":"La extorsi\u00f3n en Veracruz"},"content":{"rendered":"\n<p><\/p>\n\n\n\n<p><strong>Luis Alberto Romero<br><\/strong><em>Hora cero<\/em><\/p>\n\n\n\n<p>En el marco de las Jornadas de oraci\u00f3n para la paz, que anunci\u00f3 la Iglesia Cat\u00f3lica, la Arquidi\u00f3cesis de Xalapa dio a conocer que en todas sus parroquias se ofrecer\u00edan oraciones por las personas que son v\u00edctimas de extorsiones en Veracruz.<\/p>\n\n\n<div class=\"wp-block-image\">\n<figure class=\"alignleft size-full is-resized\"><a href=\"https:\/\/lospoliticosveracruz.com.mx\/wp-content\/uploads\/2021\/10\/Zacauilt.jpg\"><img loading=\"lazy\" decoding=\"async\" src=\"https:\/\/lospoliticosveracruz.com.mx\/wp-content\/uploads\/2021\/10\/Zacauilt.jpg\" alt=\"\" class=\"wp-image-80558\" width=\"175\" height=\"350\"\/><\/a><\/figure>\n<\/div>\n\n\n<p>La extorsi\u00f3n es un delito que pocas veces se denuncia; la llamada cifra negra es alt\u00edsima, debido al miedo a la delincuencia y a sus represalias, y muy probablemente a la desconfianza en las autoridades de procuraci\u00f3n e impartici\u00f3n de justicia.<\/p>\n\n\n\n<p>El Secretariado Ejecutivo del Sistema Nacional de Seguridad P\u00fablica inform\u00f3 hace unos d\u00edas que en la entidad veracruzana s\u00f3lo se integraron 483 carpetas de investigaci\u00f3n por este delito en el periodo comprendido entre enero y julio del presente a\u00f1o.<\/p>\n\n\n\n<p>Sin embargo, las quejas de comerciantes y empresarios son frecuentes; tanto, que la Fiscal\u00eda General del Estado habilit\u00f3 un portal de internet para que las v\u00edctimas presenten denuncias.<\/p>\n\n\n\n<p>En junio pasado, el SNSP dio a conocer que la entidad veracruzana ocupaba el segundo lugar en casos de extorsi\u00f3n (el primero lo tiene el Estado de M\u00e9xico).<\/p>\n\n\n\n<p>Los municipios veracruzanos con m\u00e1s casos son Xalapa, Veracruz, Coatzacoalcos, Mart\u00ednez de la Torre y Boca del R\u00edo.<\/p>\n\n\n\n<p>El problema es que a pesar de la p\u00e1gina para la denuncia a distancia, habilitada por la Fiscal\u00eda, y de la campa\u00f1a de prevenci\u00f3n \u201cNo + enga\u00f1os\u201d, presentada por la Secretar\u00eda de Seguridad P\u00fablica, a trav\u00e9s del Centro de Control, Comando, Comunicaciones y C\u00f3mputo (C4), este delito sigue con una incidencia alta en la entidad.<\/p>\n\n\n\n<p>En Orizaba, por ejemplo, hace poco m\u00e1s de una semana los empresarios afiliados a la C\u00e1mara Mexicana de la Industria de la Construcci\u00f3n, en voz de Jorge Rafael Alard\u00edn C\u00f3rdova, se\u00f1alaron que hay reportes de robo de maquinaria y extorsiones en el sector, zonas norte, sur y centro de la entidad, as\u00ed como en la regi\u00f3n de Veracruz-Boca del R\u00edo.<\/p>\n\n\n\n<p>Las denuncias, incluso, han alcanzado a presuntos elementos polic\u00edacos; hace un mes, el 20 de julio, la Secretar\u00eda de Seguridad P\u00fablica del gobierno estatal tuvo que aclarar que las recientes denuncias de propietarios de bares que acusan extorsi\u00f3n por parte de un elemento de la corporaci\u00f3n eran investigadas; que el responsable de esas conductas delictivas ya estaba identificado; y que no pertenec\u00eda a la polic\u00eda veracruzana.<\/p>\n\n\n\n<p>Es un tema que preocupa a los empresarios, comerciantes y profesionistas veracruzanos, dato que los datos m\u00e1s recientes del SNSP indican que \u00fanicamente durante julio pasado se denunciaron ante la fiscal\u00eda estatal 69 casos de extorsi\u00f3n; es decir, dos cada d\u00eda.<\/p>\n\n\n\n<p>Entre diciembre de 2018, arranque de la actual administraci\u00f3n, y julio de 2022, 2 mil 768 veracruzanos han denunciado extorsiones.<\/p>\n\n\n\n<p>Eso sin contar las m\u00e1s de 22 mil carpetas de investigaci\u00f3n integradas en la fiscal\u00eda veracruzana, en los 44 meses que lleva la actual administraci\u00f3n, s\u00f3lo por el delito de robo a negocio.<\/p>\n\n\n\n<p>Precisamente por esos datos, la Arquidi\u00f3cesis de Xalapa puso sobre la mesa un tema que se relaciona con la inseguridad y la incidencia delictiva, dado que la extorsi\u00f3n, a pesar de las campa\u00f1as preventivas de diferentes instancias de gobierno, sigue como una preocupaci\u00f3n de los sectores productivos de Veracruz. @luisromero85<\/p>\n","protected":false},"excerpt":{"rendered":"<p>Luis Alberto RomeroHora cero En el marco de las Jornadas de oraci\u00f3n para la paz, que anunci\u00f3 la Iglesia Cat\u00f3lica, la Arquidi\u00f3cesis de Xalapa dio a conocer que en todas sus parroquias se ofrecer\u00edan oraciones por las personas que son v\u00edctimas de extorsiones en Veracruz. La extorsi\u00f3n es un delito que pocas veces se denuncia; [&hellip;]<\/p>\n","protected":false},"author":2,"featured_media":0,"comment_status":"closed","ping_status":"closed","sticky":false,"template":"","format":"standard","meta":{"tdm_status":"","tdm_grid_status":"","footnotes":""},"categories":[70],"tags":[1406,370,627,4116,2669,4555,1056],"class_list":{"0":"post-94353","1":"post","2":"type-post","3":"status-publish","4":"format-standard","6":"category-de-opinion","7":"tag-arquidiocesis-de-xalapa","8":"tag-c4","9":"tag-extorsion","10":"tag-fiscalia-general-del-estado","11":"tag-luis-alberto-romero","12":"tag-secretaria-de-seguridad-publica","13":"tag-sistema-nacional-de-seguridad-publica"},"yoast_head":"<!-- This site is optimized with the Yoast SEO plugin v27.4 - https:\/\/yoast.com\/product\/yoast-seo-wordpress\/ -->\n<title>La extorsi\u00f3n en Veracruz - Los pol\u00edticos Veracruz<\/title>\n<meta name=\"robots\" content=\"index, follow, max-snippet:-1, max-image-preview:large, max-video-preview:-1\" \/>\n<link rel=\"canonical\" href=\"https:\/\/lospoliticosveracruz.com\/?p=94353\" \/>\n<meta property=\"og:locale\" content=\"es_ES\" \/>\n<meta property=\"og:type\" content=\"article\" \/>\n<meta property=\"og:title\" content=\"La extorsi\u00f3n en Veracruz - Los pol\u00edticos Veracruz\" \/>\n<meta property=\"og:description\" content=\"Luis Alberto RomeroHora cero En el marco de las Jornadas de oraci\u00f3n para la paz, que anunci\u00f3 la Iglesia Cat\u00f3lica, la Arquidi\u00f3cesis de Xalapa dio a conocer que en todas sus parroquias se ofrecer\u00edan oraciones por las personas que son v\u00edctimas de extorsiones en Veracruz. La extorsi\u00f3n es un delito que pocas veces se denuncia; [&hellip;]\" \/>\n<meta property=\"og:url\" content=\"https:\/\/lospoliticosveracruz.com\/?p=94353\" \/>\n<meta property=\"og:site_name\" content=\"Los pol\u00edticos Veracruz\" \/>\n<meta property=\"article:publisher\" content=\"https:\/\/www.facebook.com\/people\/Notimemes-de-los-Polticos\/61565672886568\/\" \/>\n<meta property=\"article:published_time\" content=\"2022-08-23T15:13:51+00:00\" \/>\n<meta property=\"article:modified_time\" content=\"2022-08-23T15:13:59+00:00\" \/>\n<meta property=\"og:image\" content=\"https:\/\/lospoliticosveracruz.com.mx\/wp-content\/uploads\/2021\/10\/Zacauilt.jpg\" \/>\n<meta name=\"author\" content=\"Lo viste en Los Pol\u00edticos\" \/>\n<meta name=\"twitter:card\" content=\"summary_large_image\" \/>\n<meta name=\"twitter:creator\" content=\"@LosPoliticosVer\" \/>\n<meta name=\"twitter:site\" content=\"@LosPoliticosVer\" \/>\n<meta name=\"twitter:label1\" content=\"Escrito por\" \/>\n\t<meta name=\"twitter:data1\" content=\"Lo viste en Los Pol\u00edticos\" \/>\n\t<meta name=\"twitter:label2\" content=\"Tiempo de lectura\" \/>\n\t<meta name=\"twitter:data2\" content=\"3 minutos\" \/>\n<script type=\"application\/ld+json\" class=\"yoast-schema-graph\">{\"@context\":\"https:\\\/\\\/schema.org\",\"@graph\":[{\"@type\":\"Article\",\"@id\":\"https:\\\/\\\/lospoliticosveracruz.com\\\/?p=94353#article\",\"isPartOf\":{\"@id\":\"https:\\\/\\\/lospoliticosveracruz.com\\\/?p=94353\"},\"author\":{\"name\":\"Lo viste en Los Pol\u00edticos\",\"@id\":\"https:\\\/\\\/lospoliticosveracruz.com\\\/#\\\/schema\\\/person\\\/b8702bb0e538456e6efd07080bf2a4a2\"},\"headline\":\"La extorsi\u00f3n en Veracruz\",\"datePublished\":\"2022-08-23T15:13:51+00:00\",\"dateModified\":\"2022-08-23T15:13:59+00:00\",\"mainEntityOfPage\":{\"@id\":\"https:\\\/\\\/lospoliticosveracruz.com\\\/?p=94353\"},\"wordCount\":579,\"publisher\":{\"@id\":\"https:\\\/\\\/lospoliticosveracruz.com\\\/#organization\"},\"image\":{\"@id\":\"https:\\\/\\\/lospoliticosveracruz.com\\\/?p=94353#primaryimage\"},\"thumbnailUrl\":\"https:\\\/\\\/lospoliticosveracruz.com.mx\\\/wp-content\\\/uploads\\\/2021\\\/10\\\/Zacauilt.jpg\",\"keywords\":[\"Arquidi\u00f3cesis de Xalapa\",\"C4\",\"extorsi\u00f3n\",\"Fiscal\u00eda General del Estado\",\"Luis Alberto Romero\",\"Secretar\u00eda de Seguridad P\u00fablica\",\"Sistema Nacional de Seguridad P\u00fablica\"],\"articleSection\":[\"De Opini\u00f3n\"],\"inLanguage\":\"es\"},{\"@type\":\"WebPage\",\"@id\":\"https:\\\/\\\/lospoliticosveracruz.com\\\/?p=94353\",\"url\":\"https:\\\/\\\/lospoliticosveracruz.com\\\/?p=94353\",\"name\":\"La extorsi\u00f3n en Veracruz - Los pol\u00edticos Veracruz\",\"isPartOf\":{\"@id\":\"https:\\\/\\\/lospoliticosveracruz.com\\\/#website\"},\"primaryImageOfPage\":{\"@id\":\"https:\\\/\\\/lospoliticosveracruz.com\\\/?p=94353#primaryimage\"},\"image\":{\"@id\":\"https:\\\/\\\/lospoliticosveracruz.com\\\/?p=94353#primaryimage\"},\"thumbnailUrl\":\"https:\\\/\\\/lospoliticosveracruz.com.mx\\\/wp-content\\\/uploads\\\/2021\\\/10\\\/Zacauilt.jpg\",\"datePublished\":\"2022-08-23T15:13:51+00:00\",\"dateModified\":\"2022-08-23T15:13:59+00:00\",\"breadcrumb\":{\"@id\":\"https:\\\/\\\/lospoliticosveracruz.com\\\/?p=94353#breadcrumb\"},\"inLanguage\":\"es\",\"potentialAction\":[{\"@type\":\"ReadAction\",\"target\":[\"https:\\\/\\\/lospoliticosveracruz.com\\\/?p=94353\"]}]},{\"@type\":\"ImageObject\",\"inLanguage\":\"es\",\"@id\":\"https:\\\/\\\/lospoliticosveracruz.com\\\/?p=94353#primaryimage\",\"url\":\"https:\\\/\\\/lospoliticosveracruz.com.mx\\\/wp-content\\\/uploads\\\/2021\\\/10\\\/Zacauilt.jpg\",\"contentUrl\":\"https:\\\/\\\/lospoliticosveracruz.com.mx\\\/wp-content\\\/uploads\\\/2021\\\/10\\\/Zacauilt.jpg\"},{\"@type\":\"BreadcrumbList\",\"@id\":\"https:\\\/\\\/lospoliticosveracruz.com\\\/?p=94353#breadcrumb\",\"itemListElement\":[{\"@type\":\"ListItem\",\"position\":1,\"name\":\"Portada\",\"item\":\"https:\\\/\\\/lospoliticosveracruz.com\\\/\"},{\"@type\":\"ListItem\",\"position\":2,\"name\":\"La extorsi\u00f3n en Veracruz\"}]},{\"@type\":\"WebSite\",\"@id\":\"https:\\\/\\\/lospoliticosveracruz.com\\\/#website\",\"url\":\"https:\\\/\\\/lospoliticosveracruz.com\\\/\",\"name\":\"Los pol\u00edticos Veracruz\",\"description\":\"\",\"publisher\":{\"@id\":\"https:\\\/\\\/lospoliticosveracruz.com\\\/#organization\"},\"potentialAction\":[{\"@type\":\"SearchAction\",\"target\":{\"@type\":\"EntryPoint\",\"urlTemplate\":\"https:\\\/\\\/lospoliticosveracruz.com\\\/?s={search_term_string}\"},\"query-input\":{\"@type\":\"PropertyValueSpecification\",\"valueRequired\":true,\"valueName\":\"search_term_string\"}}],\"inLanguage\":\"es\"},{\"@type\":\"Organization\",\"@id\":\"https:\\\/\\\/lospoliticosveracruz.com\\\/#organization\",\"name\":\"Los pol\u00edticos Veracruz\",\"url\":\"https:\\\/\\\/lospoliticosveracruz.com\\\/\",\"logo\":{\"@type\":\"ImageObject\",\"inLanguage\":\"es\",\"@id\":\"https:\\\/\\\/lospoliticosveracruz.com\\\/#\\\/schema\\\/logo\\\/image\\\/\",\"url\":\"https:\\\/\\\/lospoliticosveracruz.com\\\/wp-content\\\/uploads\\\/2025\\\/12\\\/Logo-Nuevo-LOS-POLITICOS-1.jpg\",\"contentUrl\":\"https:\\\/\\\/lospoliticosveracruz.com\\\/wp-content\\\/uploads\\\/2025\\\/12\\\/Logo-Nuevo-LOS-POLITICOS-1.jpg\",\"width\":260,\"height\":70,\"caption\":\"Los pol\u00edticos Veracruz\"},\"image\":{\"@id\":\"https:\\\/\\\/lospoliticosveracruz.com\\\/#\\\/schema\\\/logo\\\/image\\\/\"},\"sameAs\":[\"https:\\\/\\\/www.facebook.com\\\/people\\\/Notimemes-de-los-Polticos\\\/61565672886568\\\/\",\"https:\\\/\\\/x.com\\\/LosPoliticosVer\"]},{\"@type\":\"Person\",\"@id\":\"https:\\\/\\\/lospoliticosveracruz.com\\\/#\\\/schema\\\/person\\\/b8702bb0e538456e6efd07080bf2a4a2\",\"name\":\"Lo viste en Los Pol\u00edticos\",\"image\":{\"@type\":\"ImageObject\",\"inLanguage\":\"es\",\"@id\":\"https:\\\/\\\/secure.gravatar.com\\\/avatar\\\/3a8de04a2656d44082be478bd6c086daa447c4651605818287b9532d3d0bd435?s=96&d=mm&r=g\",\"url\":\"https:\\\/\\\/secure.gravatar.com\\\/avatar\\\/3a8de04a2656d44082be478bd6c086daa447c4651605818287b9532d3d0bd435?s=96&d=mm&r=g\",\"contentUrl\":\"https:\\\/\\\/secure.gravatar.com\\\/avatar\\\/3a8de04a2656d44082be478bd6c086daa447c4651605818287b9532d3d0bd435?s=96&d=mm&r=g\",\"caption\":\"Lo viste en Los Pol\u00edticos\"},\"url\":\"https:\\\/\\\/lospoliticosveracruz.com\\\/?author=2\"}]}<\/script>\n<!-- \/ Yoast SEO plugin. -->","yoast_head_json":{"title":"La extorsi\u00f3n en Veracruz - Los pol\u00edticos Veracruz","robots":{"index":"index","follow":"follow","max-snippet":"max-snippet:-1","max-image-preview":"max-image-preview:large","max-video-preview":"max-video-preview:-1"},"canonical":"https:\/\/lospoliticosveracruz.com\/?p=94353","og_locale":"es_ES","og_type":"article","og_title":"La extorsi\u00f3n en Veracruz - Los pol\u00edticos Veracruz","og_description":"Luis Alberto RomeroHora cero En el marco de las Jornadas de oraci\u00f3n para la paz, que anunci\u00f3 la Iglesia Cat\u00f3lica, la Arquidi\u00f3cesis de Xalapa dio a conocer que en todas sus parroquias se ofrecer\u00edan oraciones por las personas que son v\u00edctimas de extorsiones en Veracruz. La extorsi\u00f3n es un delito que pocas veces se denuncia; [&hellip;]","og_url":"https:\/\/lospoliticosveracruz.com\/?p=94353","og_site_name":"Los pol\u00edticos Veracruz","article_publisher":"https:\/\/www.facebook.com\/people\/Notimemes-de-los-Polticos\/61565672886568\/","article_published_time":"2022-08-23T15:13:51+00:00","article_modified_time":"2022-08-23T15:13:59+00:00","og_image":[{"url":"https:\/\/lospoliticosveracruz.com.mx\/wp-content\/uploads\/2021\/10\/Zacauilt.jpg","type":"","width":"","height":""}],"author":"Lo viste en Los Pol\u00edticos","twitter_card":"summary_large_image","twitter_creator":"@LosPoliticosVer","twitter_site":"@LosPoliticosVer","twitter_misc":{"Escrito por":"Lo viste en Los Pol\u00edticos","Tiempo de lectura":"3 minutos"},"schema":{"@context":"https:\/\/schema.org","@graph":[{"@type":"Article","@id":"https:\/\/lospoliticosveracruz.com\/?p=94353#article","isPartOf":{"@id":"https:\/\/lospoliticosveracruz.com\/?p=94353"},"author":{"name":"Lo viste en Los Pol\u00edticos","@id":"https:\/\/lospoliticosveracruz.com\/#\/schema\/person\/b8702bb0e538456e6efd07080bf2a4a2"},"headline":"La extorsi\u00f3n en Veracruz","datePublished":"2022-08-23T15:13:51+00:00","dateModified":"2022-08-23T15:13:59+00:00","mainEntityOfPage":{"@id":"https:\/\/lospoliticosveracruz.com\/?p=94353"},"wordCount":579,"publisher":{"@id":"https:\/\/lospoliticosveracruz.com\/#organization"},"image":{"@id":"https:\/\/lospoliticosveracruz.com\/?p=94353#primaryimage"},"thumbnailUrl":"https:\/\/lospoliticosveracruz.com.mx\/wp-content\/uploads\/2021\/10\/Zacauilt.jpg","keywords":["Arquidi\u00f3cesis de Xalapa","C4","extorsi\u00f3n","Fiscal\u00eda General del Estado","Luis Alberto Romero","Secretar\u00eda de Seguridad P\u00fablica","Sistema Nacional de Seguridad P\u00fablica"],"articleSection":["De Opini\u00f3n"],"inLanguage":"es"},{"@type":"WebPage","@id":"https:\/\/lospoliticosveracruz.com\/?p=94353","url":"https:\/\/lospoliticosveracruz.com\/?p=94353","name":"La extorsi\u00f3n en Veracruz - Los pol\u00edticos Veracruz","isPartOf":{"@id":"https:\/\/lospoliticosveracruz.com\/#website"},"primaryImageOfPage":{"@id":"https:\/\/lospoliticosveracruz.com\/?p=94353#primaryimage"},"image":{"@id":"https:\/\/lospoliticosveracruz.com\/?p=94353#primaryimage"},"thumbnailUrl":"https:\/\/lospoliticosveracruz.com.mx\/wp-content\/uploads\/2021\/10\/Zacauilt.jpg","datePublished":"2022-08-23T15:13:51+00:00","dateModified":"2022-08-23T15:13:59+00:00","breadcrumb":{"@id":"https:\/\/lospoliticosveracruz.com\/?p=94353#breadcrumb"},"inLanguage":"es","potentialAction":[{"@type":"ReadAction","target":["https:\/\/lospoliticosveracruz.com\/?p=94353"]}]},{"@type":"ImageObject","inLanguage":"es","@id":"https:\/\/lospoliticosveracruz.com\/?p=94353#primaryimage","url":"https:\/\/lospoliticosveracruz.com.mx\/wp-content\/uploads\/2021\/10\/Zacauilt.jpg","contentUrl":"https:\/\/lospoliticosveracruz.com.mx\/wp-content\/uploads\/2021\/10\/Zacauilt.jpg"},{"@type":"BreadcrumbList","@id":"https:\/\/lospoliticosveracruz.com\/?p=94353#breadcrumb","itemListElement":[{"@type":"ListItem","position":1,"name":"Portada","item":"https:\/\/lospoliticosveracruz.com\/"},{"@type":"ListItem","position":2,"name":"La extorsi\u00f3n en Veracruz"}]},{"@type":"WebSite","@id":"https:\/\/lospoliticosveracruz.com\/#website","url":"https:\/\/lospoliticosveracruz.com\/","name":"Los pol\u00edticos Veracruz","description":"","publisher":{"@id":"https:\/\/lospoliticosveracruz.com\/#organization"},"potentialAction":[{"@type":"SearchAction","target":{"@type":"EntryPoint","urlTemplate":"https:\/\/lospoliticosveracruz.com\/?s={search_term_string}"},"query-input":{"@type":"PropertyValueSpecification","valueRequired":true,"valueName":"search_term_string"}}],"inLanguage":"es"},{"@type":"Organization","@id":"https:\/\/lospoliticosveracruz.com\/#organization","name":"Los pol\u00edticos Veracruz","url":"https:\/\/lospoliticosveracruz.com\/","logo":{"@type":"ImageObject","inLanguage":"es","@id":"https:\/\/lospoliticosveracruz.com\/#\/schema\/logo\/image\/","url":"https:\/\/lospoliticosveracruz.com\/wp-content\/uploads\/2025\/12\/Logo-Nuevo-LOS-POLITICOS-1.jpg","contentUrl":"https:\/\/lospoliticosveracruz.com\/wp-content\/uploads\/2025\/12\/Logo-Nuevo-LOS-POLITICOS-1.jpg","width":260,"height":70,"caption":"Los pol\u00edticos Veracruz"},"image":{"@id":"https:\/\/lospoliticosveracruz.com\/#\/schema\/logo\/image\/"},"sameAs":["https:\/\/www.facebook.com\/people\/Notimemes-de-los-Polticos\/61565672886568\/","https:\/\/x.com\/LosPoliticosVer"]},{"@type":"Person","@id":"https:\/\/lospoliticosveracruz.com\/#\/schema\/person\/b8702bb0e538456e6efd07080bf2a4a2","name":"Lo viste en Los Pol\u00edticos","image":{"@type":"ImageObject","inLanguage":"es","@id":"https:\/\/secure.gravatar.com\/avatar\/3a8de04a2656d44082be478bd6c086daa447c4651605818287b9532d3d0bd435?s=96&d=mm&r=g","url":"https:\/\/secure.gravatar.com\/avatar\/3a8de04a2656d44082be478bd6c086daa447c4651605818287b9532d3d0bd435?s=96&d=mm&r=g","contentUrl":"https:\/\/secure.gravatar.com\/avatar\/3a8de04a2656d44082be478bd6c086daa447c4651605818287b9532d3d0bd435?s=96&d=mm&r=g","caption":"Lo viste en Los Pol\u00edticos"},"url":"https:\/\/lospoliticosveracruz.com\/?author=2"}]}},"_links":{"self":[{"href":"https:\/\/lospoliticosveracruz.com\/index.php?rest_route=\/wp\/v2\/posts\/94353","targetHints":{"allow":["GET"]}}],"collection":[{"href":"https:\/\/lospoliticosveracruz.com\/index.php?rest_route=\/wp\/v2\/posts"}],"about":[{"href":"https:\/\/lospoliticosveracruz.com\/index.php?rest_route=\/wp\/v2\/types\/post"}],"author":[{"embeddable":true,"href":"https:\/\/lospoliticosveracruz.com\/index.php?rest_route=\/wp\/v2\/users\/2"}],"replies":[{"embeddable":true,"href":"https:\/\/lospoliticosveracruz.com\/index.php?rest_route=%2Fwp%2Fv2%2Fcomments&post=94353"}],"version-history":[{"count":1,"href":"https:\/\/lospoliticosveracruz.com\/index.php?rest_route=\/wp\/v2\/posts\/94353\/revisions"}],"predecessor-version":[{"id":94355,"href":"https:\/\/lospoliticosveracruz.com\/index.php?rest_route=\/wp\/v2\/posts\/94353\/revisions\/94355"}],"wp:attachment":[{"href":"https:\/\/lospoliticosveracruz.com\/index.php?rest_route=%2Fwp%2Fv2%2Fmedia&parent=94353"}],"wp:term":[{"taxonomy":"category","embeddable":true,"href":"https:\/\/lospoliticosveracruz.com\/index.php?rest_route=%2Fwp%2Fv2%2Fcategories&post=94353"},{"taxonomy":"post_tag","embeddable":true,"href":"https:\/\/lospoliticosveracruz.com\/index.php?rest_route=%2Fwp%2Fv2%2Ftags&post=94353"}],"curies":[{"name":"wp","href":"https:\/\/api.w.org\/{rel}","templated":true}]}}