{"id":94384,"date":"2022-08-23T16:57:25","date_gmt":"2022-08-23T21:57:25","guid":{"rendered":"https:\/\/lospoliticosveracruz.com.mx\/?p=94384"},"modified":"2022-08-23T16:57:30","modified_gmt":"2022-08-23T21:57:30","slug":"de-que-hablamos-cuando-hablamos","status":"publish","type":"post","link":"https:\/\/lospoliticosveracruz.com\/?p=94384","title":{"rendered":"DE QU\u00c9 HABLAMOS CUANDO HABLAMOS?"},"content":{"rendered":"\n<p><\/p>\n\n\n\n<p><br><strong>Jorge Arturo Rodr\u00edguez<\/strong><br><em>Tierra de Babel<\/em><\/p>\n\n\n\n<p>Aperitivo: Los m\u00e9dicos estamos acostumbrados a recibir llamadas a cualquier hora. Una noche, un hombre al que conoc\u00eda llam\u00f3 y me despert\u00f3.<br>-Lamento molestarlo a estas horas \u2013dijo-, pero creo que mi esposa tiene apendicitis.<br>Todav\u00eda medio dormido, le record\u00e9 que le hab\u00eda extirpado el ap\u00e9ndice inflamado a su esposa un par de a\u00f1os atr\u00e1s.<\/p>\n\n\n<div class=\"wp-block-image\">\n<figure class=\"alignleft size-medium\"><a href=\"https:\/\/lospoliticosveracruz.com.mx\/wp-content\/uploads\/2021\/10\/Zacauilt.jpg\"><img decoding=\"async\" src=\"https:\/\/lospoliticosveracruz.com.mx\/wp-content\/uploads\/2021\/10\/Zacauilt-150x300.jpg\" alt=\"\" class=\"wp-image-80558\"\/><\/a><\/figure>\n<\/div>\n\n\n<p><br>-\u00bfHa escuchado de alguien que tenga un segundo ap\u00e9ndice? -pregunt\u00e9.<br>-Tal vez no haya usted escuchado nunca de un caso de segundo ap\u00e9ndice -respondi\u00f3-, pero seguramente si habr\u00e1 o\u00eddo hablar de casos de una segunda esposa.<\/p>\n\n\n\n<p>Nos saturan o nos suturan con tanta informaci\u00f3n, cierta o falsa da igual; pareciera que la intenci\u00f3n es, mal\u00e9vola o no, que pensemos y sintamos como si no pasara nada alarmante; as\u00ed es la vida. Vaya usted a saber. Me descuelgo, cual mono \u2013nada de viruela- para andar en las calles y me doy cuenta, ente muchas otras cosas, que con m\u00e1s empleo o no, proliferan el llamado empleo informal, el ambulantaje, los limosneros \u2013con o sin garrotes-, las desigualdades. \u00bfEs un c\u00e1ncer\u2026 social? \u00bfO es que no hemos podido solucionarlo, aunque M\u00e9xico sea rico en todos los \u00e1mbitos? Creo que nos han chingado o nos importa un bledo y continuamos ching\u00e1ndonos mutuamente, ahora m\u00e1s calladitos porque as\u00ed nos vemos mejor.<br>Hace muchos a\u00f1os, Herbert Spencer escribi\u00f3: \u201cSi los hombres emplean su libertad de tal manera que renuncian a \u00e9sta, \u00bfpuede consider\u00e1rseles por ello menos esclavos? Si el pueblo elige por un plebiscito a un d\u00e9spota para gobernarlo, \u00bfsigue siendo libre por el hecho de que el despotismo ha sido su propia obra?\u201d \u00a1Madres!<br>Hablando de empleos, el escritor italiano Pitigrilli mencion\u00f3 que los funcionarios son los empleados que el ciudadano paga para ser la v\u00edctima de su insolente vejaci\u00f3n. \u00bfA poco? Y Sim\u00f3n Bol\u00edvar asest\u00f3: \u201cLos empleos p\u00fablicos pertenecen al Estado; no son patrimonio de particulares. Ninguno que no tenga probidad, aptitudes y merecimientos es digno de ellos.\u201d \u00bfEs posible esto?<br>Toda proporci\u00f3n guardada, estoy con Ronald Reagan: \u201cRecesi\u00f3n es cuando tu vecino se queda sin empleo; depresi\u00f3n es cuando lo pierdes t\u00fa.\u201d \u00a1Aguas! Tons, mejor:<\/p>\n\n\n\n<p>\u201cEn una agencia de empleo:<br>-Hola, \u00bftiene alg\u00fan trabajo para m\u00ed?<br>-Mmm, puede ser, \u00bfle interesa de jardinero?<br>-\u00bfDejar dinero? \u00a1Pero si yo busco que me lo den!\u201d<\/p>\n\n\n\n<p><strong>Los d\u00edas y los temas<\/strong><\/p>\n\n\n\n<p>Me entero que en el Museo de las Constituciones (MuCo) de la Ciudad de M\u00e9xico, est\u00e1 la exposici\u00f3n temporal (del 20 de agosto al 18 de diciembre de 2022) Mafalda: Miradas a \u201clo femenino\u201d. Espero visitarla. Mientras, dice mi inolvidable Mafalda (ah, mi querido Quino, siempre vivo):<\/p>\n\n\n\n<p>*Mam\u00e1, \u00bfvos qu\u00e9 futuro le ves a ese movimiento por la liberaci\u00f3n de la mujer\u2026? No, nada, d\u00e9jalo.<br>*Claro\u2026 Lo malo es que la mujer en vez de jugar un papel, ha jugado un trapo en la historia de la humanidad.<br>*Mejor vayan a echar un vistazo, y si hay libertad, justicia y esas cosas, me despiertan, sea el mundo de n\u00famero que sea, \u00bfestamos?<br>*La capacidad para triunfar o fracasar en la vida \u00bfes hereditaria?<br>*Me pregunto por qu\u00e9 una mujer no puede ser presidente de la Naci\u00f3n, por ejemplo<br>Mam\u00e1, \u00bfqu\u00e9 te gustar\u00eda ser si vivieras?<\/p>\n\n\n\n<p>De cinismo y anexas<\/p>\n\n\n\n<p>Bien, bien, bien. Ah\u00ed les van unas de las tantas frases de Mar\u00eda F\u00e9lix. Digo, son sus palabras\u2026<\/p>\n\n\n\n<p>*En un mundo de hombres como este, quiero avisarles que tengan cuidado, ah\u00ed viene la revancha de las mujeres, cuando seamos mayor\u00eda vamos a mandar y para mandar hay que estar informadas y aprender y estar preparadas.<br>*Hay maridos que utilizan la violencia f\u00edsica con sus esposas. Yo hago un voto: que la justicia sea m\u00e1s severa para estos verdugos dom\u00e9sticos.<br>*No le tengo miedo ni a las canas ni a las arrugas, sino a la falta de inter\u00e9s por la vida. No le tengo miedo a que me caigan encima los a\u00f1os, sino a caerme yo misma.<br>*Protesten, qu\u00e9jense, no se dejen, prep\u00e1rense, hagan de su vida lo que ustedes desean y no lo que sus hombres les permitan ser. Amen y h\u00e1ganse amar. No se conformen con poco. Este ser\u00e1 de hoy en adelante un pa\u00eds de mujeres. Ahora nos toca.<br>*El dinero no es la felicidad, pero siempre es mejor llorar en un Ferrari.<br>*A un hombre hay que llorarle tres d\u00edas\u2026 Y al cuarto, te pones tacones y ropa nueva.<br>*Nunca he querido a nadie como me quiero yo a m\u00ed misma, entonces nadie ha podido hacerme sufrir.<br>*Yo nunca he criticado a las lesbianas ni a los gays. Lo que hacen las gentes de la cintura para abajo son sus historias, no las m\u00edas.<br>*Me parece rid\u00edculo tener que hablar de los maridos que yo tuve. A ustedes les interesa saber, pero a m\u00ed no me interesa contar.<br>*Mujeres como yo hay muchas, pero est\u00e1n escondidas.<br>*Se fatiga uno de encontrarse siempre a los mismos hombres, las mismas frases y se termina por no querer conocer ni a uno m\u00e1s.<br>*Hasta la mujer m\u00e1s enamorada se cansa de dar todo por un hombre que no le da nada.<br>*Mis besos no los compras con un anillo. Yo los doy cuando me nacen.<br>*Yo puedo tener mis veleidades y mis caprichos sin afectar a nadie. Pero las veleidades de un se\u00f1or presidente pueden arruinar un pa\u00eds.<br>*Si no te quiere como t\u00fa quieres, pues que le vaya bien.<br>*Si agacho la cabeza frente a ti, es porque es m\u00e1s interesante ver el suelo.<br>*Un hombre siempre he tenido cerca\u2026 uno o dos. \u00bfY cu\u00e1l es el defecto de andar con tres o cuatro?<br>*\u00bfPelear por un hombre? \u00bfPara qu\u00e9? \u00a1Hay tantos!<\/p>\n\n\n\n<pre class=\"wp-block-code\"><code>Quien tenga o\u00eddos\u2026 Ah\u00ed se ven.<\/code><\/pre>\n","protected":false},"excerpt":{"rendered":"<p>Jorge Arturo Rodr\u00edguezTierra de Babel Aperitivo: Los m\u00e9dicos estamos acostumbrados a recibir llamadas a cualquier hora. Una noche, un hombre al que conoc\u00eda llam\u00f3 y me despert\u00f3.-Lamento molestarlo a estas horas \u2013dijo-, pero creo que mi esposa tiene apendicitis.Todav\u00eda medio dormido, le record\u00e9 que le hab\u00eda extirpado el ap\u00e9ndice inflamado a su esposa un par [&hellip;]<\/p>\n","protected":false},"author":2,"featured_media":0,"comment_status":"closed","ping_status":"closed","sticky":false,"template":"","format":"standard","meta":{"tdm_status":"","tdm_grid_status":"","footnotes":""},"categories":[70],"tags":[6960,17083,34714,34716,34715,17562],"class_list":{"0":"post-94384","1":"post","2":"type-post","3":"status-publish","4":"format-standard","6":"category-de-opinion","7":"tag-dialogo","8":"tag-informacion-falsa","9":"tag-italiano-pitigrilli","10":"tag-muco","11":"tag-museo-de-las-constituciones","12":"tag-noticias-falsas"},"yoast_head":"<!-- This site is optimized with the Yoast SEO plugin v27.4 - https:\/\/yoast.com\/product\/yoast-seo-wordpress\/ -->\n<title>DE QU\u00c9 HABLAMOS CUANDO HABLAMOS? - Los pol\u00edticos Veracruz<\/title>\n<meta name=\"robots\" content=\"index, follow, max-snippet:-1, max-image-preview:large, max-video-preview:-1\" \/>\n<link rel=\"canonical\" href=\"https:\/\/lospoliticosveracruz.com\/?p=94384\" \/>\n<meta property=\"og:locale\" content=\"es_ES\" \/>\n<meta property=\"og:type\" content=\"article\" \/>\n<meta property=\"og:title\" content=\"DE QU\u00c9 HABLAMOS CUANDO HABLAMOS? - Los pol\u00edticos Veracruz\" \/>\n<meta property=\"og:description\" content=\"Jorge Arturo Rodr\u00edguezTierra de Babel Aperitivo: Los m\u00e9dicos estamos acostumbrados a recibir llamadas a cualquier hora. Una noche, un hombre al que conoc\u00eda llam\u00f3 y me despert\u00f3.-Lamento molestarlo a estas horas \u2013dijo-, pero creo que mi esposa tiene apendicitis.Todav\u00eda medio dormido, le record\u00e9 que le hab\u00eda extirpado el ap\u00e9ndice inflamado a su esposa un par [&hellip;]\" \/>\n<meta property=\"og:url\" content=\"https:\/\/lospoliticosveracruz.com\/?p=94384\" \/>\n<meta property=\"og:site_name\" content=\"Los pol\u00edticos Veracruz\" \/>\n<meta property=\"article:publisher\" content=\"https:\/\/www.facebook.com\/people\/Notimemes-de-los-Polticos\/61565672886568\/\" \/>\n<meta property=\"article:published_time\" content=\"2022-08-23T21:57:25+00:00\" \/>\n<meta property=\"article:modified_time\" content=\"2022-08-23T21:57:30+00:00\" \/>\n<meta property=\"og:image\" content=\"https:\/\/lospoliticosveracruz.com.mx\/wp-content\/uploads\/2021\/10\/Zacauilt-150x300.jpg\" \/>\n<meta name=\"author\" content=\"Lo viste en Los Pol\u00edticos\" \/>\n<meta name=\"twitter:card\" content=\"summary_large_image\" \/>\n<meta name=\"twitter:creator\" content=\"@LosPoliticosVer\" \/>\n<meta name=\"twitter:site\" content=\"@LosPoliticosVer\" \/>\n<meta name=\"twitter:label1\" content=\"Escrito por\" \/>\n\t<meta name=\"twitter:data1\" content=\"Lo viste en Los Pol\u00edticos\" \/>\n\t<meta name=\"twitter:label2\" content=\"Tiempo de lectura\" \/>\n\t<meta name=\"twitter:data2\" content=\"5 minutos\" \/>\n<script type=\"application\/ld+json\" class=\"yoast-schema-graph\">{\"@context\":\"https:\\\/\\\/schema.org\",\"@graph\":[{\"@type\":\"Article\",\"@id\":\"https:\\\/\\\/lospoliticosveracruz.com\\\/?p=94384#article\",\"isPartOf\":{\"@id\":\"https:\\\/\\\/lospoliticosveracruz.com\\\/?p=94384\"},\"author\":{\"name\":\"Lo viste en Los Pol\u00edticos\",\"@id\":\"https:\\\/\\\/lospoliticosveracruz.com\\\/#\\\/schema\\\/person\\\/b8702bb0e538456e6efd07080bf2a4a2\"},\"headline\":\"DE QU\u00c9 HABLAMOS CUANDO HABLAMOS?\",\"datePublished\":\"2022-08-23T21:57:25+00:00\",\"dateModified\":\"2022-08-23T21:57:30+00:00\",\"mainEntityOfPage\":{\"@id\":\"https:\\\/\\\/lospoliticosveracruz.com\\\/?p=94384\"},\"wordCount\":1004,\"publisher\":{\"@id\":\"https:\\\/\\\/lospoliticosveracruz.com\\\/#organization\"},\"image\":{\"@id\":\"https:\\\/\\\/lospoliticosveracruz.com\\\/?p=94384#primaryimage\"},\"thumbnailUrl\":\"https:\\\/\\\/lospoliticosveracruz.com.mx\\\/wp-content\\\/uploads\\\/2021\\\/10\\\/Zacauilt-150x300.jpg\",\"keywords\":[\"Di\u00e1logo\",\"informaci\u00f3n falsa\",\"italiano Pitigrilli\",\"MuCo\",\"Museo de las Constituciones\",\"noticias falsas\"],\"articleSection\":[\"De Opini\u00f3n\"],\"inLanguage\":\"es\"},{\"@type\":\"WebPage\",\"@id\":\"https:\\\/\\\/lospoliticosveracruz.com\\\/?p=94384\",\"url\":\"https:\\\/\\\/lospoliticosveracruz.com\\\/?p=94384\",\"name\":\"DE QU\u00c9 HABLAMOS CUANDO HABLAMOS? - Los pol\u00edticos Veracruz\",\"isPartOf\":{\"@id\":\"https:\\\/\\\/lospoliticosveracruz.com\\\/#website\"},\"primaryImageOfPage\":{\"@id\":\"https:\\\/\\\/lospoliticosveracruz.com\\\/?p=94384#primaryimage\"},\"image\":{\"@id\":\"https:\\\/\\\/lospoliticosveracruz.com\\\/?p=94384#primaryimage\"},\"thumbnailUrl\":\"https:\\\/\\\/lospoliticosveracruz.com.mx\\\/wp-content\\\/uploads\\\/2021\\\/10\\\/Zacauilt-150x300.jpg\",\"datePublished\":\"2022-08-23T21:57:25+00:00\",\"dateModified\":\"2022-08-23T21:57:30+00:00\",\"breadcrumb\":{\"@id\":\"https:\\\/\\\/lospoliticosveracruz.com\\\/?p=94384#breadcrumb\"},\"inLanguage\":\"es\",\"potentialAction\":[{\"@type\":\"ReadAction\",\"target\":[\"https:\\\/\\\/lospoliticosveracruz.com\\\/?p=94384\"]}]},{\"@type\":\"ImageObject\",\"inLanguage\":\"es\",\"@id\":\"https:\\\/\\\/lospoliticosveracruz.com\\\/?p=94384#primaryimage\",\"url\":\"https:\\\/\\\/lospoliticosveracruz.com.mx\\\/wp-content\\\/uploads\\\/2021\\\/10\\\/Zacauilt-150x300.jpg\",\"contentUrl\":\"https:\\\/\\\/lospoliticosveracruz.com.mx\\\/wp-content\\\/uploads\\\/2021\\\/10\\\/Zacauilt-150x300.jpg\"},{\"@type\":\"BreadcrumbList\",\"@id\":\"https:\\\/\\\/lospoliticosveracruz.com\\\/?p=94384#breadcrumb\",\"itemListElement\":[{\"@type\":\"ListItem\",\"position\":1,\"name\":\"Portada\",\"item\":\"https:\\\/\\\/lospoliticosveracruz.com\\\/\"},{\"@type\":\"ListItem\",\"position\":2,\"name\":\"DE QU\u00c9 HABLAMOS CUANDO HABLAMOS?\"}]},{\"@type\":\"WebSite\",\"@id\":\"https:\\\/\\\/lospoliticosveracruz.com\\\/#website\",\"url\":\"https:\\\/\\\/lospoliticosveracruz.com\\\/\",\"name\":\"Los pol\u00edticos Veracruz\",\"description\":\"\",\"publisher\":{\"@id\":\"https:\\\/\\\/lospoliticosveracruz.com\\\/#organization\"},\"potentialAction\":[{\"@type\":\"SearchAction\",\"target\":{\"@type\":\"EntryPoint\",\"urlTemplate\":\"https:\\\/\\\/lospoliticosveracruz.com\\\/?s={search_term_string}\"},\"query-input\":{\"@type\":\"PropertyValueSpecification\",\"valueRequired\":true,\"valueName\":\"search_term_string\"}}],\"inLanguage\":\"es\"},{\"@type\":\"Organization\",\"@id\":\"https:\\\/\\\/lospoliticosveracruz.com\\\/#organization\",\"name\":\"Los pol\u00edticos Veracruz\",\"url\":\"https:\\\/\\\/lospoliticosveracruz.com\\\/\",\"logo\":{\"@type\":\"ImageObject\",\"inLanguage\":\"es\",\"@id\":\"https:\\\/\\\/lospoliticosveracruz.com\\\/#\\\/schema\\\/logo\\\/image\\\/\",\"url\":\"https:\\\/\\\/lospoliticosveracruz.com\\\/wp-content\\\/uploads\\\/2025\\\/12\\\/Logo-Nuevo-LOS-POLITICOS-1.jpg\",\"contentUrl\":\"https:\\\/\\\/lospoliticosveracruz.com\\\/wp-content\\\/uploads\\\/2025\\\/12\\\/Logo-Nuevo-LOS-POLITICOS-1.jpg\",\"width\":260,\"height\":70,\"caption\":\"Los pol\u00edticos Veracruz\"},\"image\":{\"@id\":\"https:\\\/\\\/lospoliticosveracruz.com\\\/#\\\/schema\\\/logo\\\/image\\\/\"},\"sameAs\":[\"https:\\\/\\\/www.facebook.com\\\/people\\\/Notimemes-de-los-Polticos\\\/61565672886568\\\/\",\"https:\\\/\\\/x.com\\\/LosPoliticosVer\"]},{\"@type\":\"Person\",\"@id\":\"https:\\\/\\\/lospoliticosveracruz.com\\\/#\\\/schema\\\/person\\\/b8702bb0e538456e6efd07080bf2a4a2\",\"name\":\"Lo viste en Los Pol\u00edticos\",\"image\":{\"@type\":\"ImageObject\",\"inLanguage\":\"es\",\"@id\":\"https:\\\/\\\/secure.gravatar.com\\\/avatar\\\/3a8de04a2656d44082be478bd6c086daa447c4651605818287b9532d3d0bd435?s=96&d=mm&r=g\",\"url\":\"https:\\\/\\\/secure.gravatar.com\\\/avatar\\\/3a8de04a2656d44082be478bd6c086daa447c4651605818287b9532d3d0bd435?s=96&d=mm&r=g\",\"contentUrl\":\"https:\\\/\\\/secure.gravatar.com\\\/avatar\\\/3a8de04a2656d44082be478bd6c086daa447c4651605818287b9532d3d0bd435?s=96&d=mm&r=g\",\"caption\":\"Lo viste en Los Pol\u00edticos\"},\"url\":\"https:\\\/\\\/lospoliticosveracruz.com\\\/?author=2\"}]}<\/script>\n<!-- \/ Yoast SEO plugin. -->","yoast_head_json":{"title":"DE QU\u00c9 HABLAMOS CUANDO HABLAMOS? - Los pol\u00edticos Veracruz","robots":{"index":"index","follow":"follow","max-snippet":"max-snippet:-1","max-image-preview":"max-image-preview:large","max-video-preview":"max-video-preview:-1"},"canonical":"https:\/\/lospoliticosveracruz.com\/?p=94384","og_locale":"es_ES","og_type":"article","og_title":"DE QU\u00c9 HABLAMOS CUANDO HABLAMOS? - Los pol\u00edticos Veracruz","og_description":"Jorge Arturo Rodr\u00edguezTierra de Babel Aperitivo: Los m\u00e9dicos estamos acostumbrados a recibir llamadas a cualquier hora. Una noche, un hombre al que conoc\u00eda llam\u00f3 y me despert\u00f3.-Lamento molestarlo a estas horas \u2013dijo-, pero creo que mi esposa tiene apendicitis.Todav\u00eda medio dormido, le record\u00e9 que le hab\u00eda extirpado el ap\u00e9ndice inflamado a su esposa un par [&hellip;]","og_url":"https:\/\/lospoliticosveracruz.com\/?p=94384","og_site_name":"Los pol\u00edticos Veracruz","article_publisher":"https:\/\/www.facebook.com\/people\/Notimemes-de-los-Polticos\/61565672886568\/","article_published_time":"2022-08-23T21:57:25+00:00","article_modified_time":"2022-08-23T21:57:30+00:00","og_image":[{"url":"https:\/\/lospoliticosveracruz.com.mx\/wp-content\/uploads\/2021\/10\/Zacauilt-150x300.jpg","type":"","width":"","height":""}],"author":"Lo viste en Los Pol\u00edticos","twitter_card":"summary_large_image","twitter_creator":"@LosPoliticosVer","twitter_site":"@LosPoliticosVer","twitter_misc":{"Escrito por":"Lo viste en Los Pol\u00edticos","Tiempo de lectura":"5 minutos"},"schema":{"@context":"https:\/\/schema.org","@graph":[{"@type":"Article","@id":"https:\/\/lospoliticosveracruz.com\/?p=94384#article","isPartOf":{"@id":"https:\/\/lospoliticosveracruz.com\/?p=94384"},"author":{"name":"Lo viste en Los Pol\u00edticos","@id":"https:\/\/lospoliticosveracruz.com\/#\/schema\/person\/b8702bb0e538456e6efd07080bf2a4a2"},"headline":"DE QU\u00c9 HABLAMOS CUANDO HABLAMOS?","datePublished":"2022-08-23T21:57:25+00:00","dateModified":"2022-08-23T21:57:30+00:00","mainEntityOfPage":{"@id":"https:\/\/lospoliticosveracruz.com\/?p=94384"},"wordCount":1004,"publisher":{"@id":"https:\/\/lospoliticosveracruz.com\/#organization"},"image":{"@id":"https:\/\/lospoliticosveracruz.com\/?p=94384#primaryimage"},"thumbnailUrl":"https:\/\/lospoliticosveracruz.com.mx\/wp-content\/uploads\/2021\/10\/Zacauilt-150x300.jpg","keywords":["Di\u00e1logo","informaci\u00f3n falsa","italiano Pitigrilli","MuCo","Museo de las Constituciones","noticias falsas"],"articleSection":["De Opini\u00f3n"],"inLanguage":"es"},{"@type":"WebPage","@id":"https:\/\/lospoliticosveracruz.com\/?p=94384","url":"https:\/\/lospoliticosveracruz.com\/?p=94384","name":"DE QU\u00c9 HABLAMOS CUANDO HABLAMOS? - Los pol\u00edticos Veracruz","isPartOf":{"@id":"https:\/\/lospoliticosveracruz.com\/#website"},"primaryImageOfPage":{"@id":"https:\/\/lospoliticosveracruz.com\/?p=94384#primaryimage"},"image":{"@id":"https:\/\/lospoliticosveracruz.com\/?p=94384#primaryimage"},"thumbnailUrl":"https:\/\/lospoliticosveracruz.com.mx\/wp-content\/uploads\/2021\/10\/Zacauilt-150x300.jpg","datePublished":"2022-08-23T21:57:25+00:00","dateModified":"2022-08-23T21:57:30+00:00","breadcrumb":{"@id":"https:\/\/lospoliticosveracruz.com\/?p=94384#breadcrumb"},"inLanguage":"es","potentialAction":[{"@type":"ReadAction","target":["https:\/\/lospoliticosveracruz.com\/?p=94384"]}]},{"@type":"ImageObject","inLanguage":"es","@id":"https:\/\/lospoliticosveracruz.com\/?p=94384#primaryimage","url":"https:\/\/lospoliticosveracruz.com.mx\/wp-content\/uploads\/2021\/10\/Zacauilt-150x300.jpg","contentUrl":"https:\/\/lospoliticosveracruz.com.mx\/wp-content\/uploads\/2021\/10\/Zacauilt-150x300.jpg"},{"@type":"BreadcrumbList","@id":"https:\/\/lospoliticosveracruz.com\/?p=94384#breadcrumb","itemListElement":[{"@type":"ListItem","position":1,"name":"Portada","item":"https:\/\/lospoliticosveracruz.com\/"},{"@type":"ListItem","position":2,"name":"DE QU\u00c9 HABLAMOS CUANDO HABLAMOS?"}]},{"@type":"WebSite","@id":"https:\/\/lospoliticosveracruz.com\/#website","url":"https:\/\/lospoliticosveracruz.com\/","name":"Los pol\u00edticos Veracruz","description":"","publisher":{"@id":"https:\/\/lospoliticosveracruz.com\/#organization"},"potentialAction":[{"@type":"SearchAction","target":{"@type":"EntryPoint","urlTemplate":"https:\/\/lospoliticosveracruz.com\/?s={search_term_string}"},"query-input":{"@type":"PropertyValueSpecification","valueRequired":true,"valueName":"search_term_string"}}],"inLanguage":"es"},{"@type":"Organization","@id":"https:\/\/lospoliticosveracruz.com\/#organization","name":"Los pol\u00edticos Veracruz","url":"https:\/\/lospoliticosveracruz.com\/","logo":{"@type":"ImageObject","inLanguage":"es","@id":"https:\/\/lospoliticosveracruz.com\/#\/schema\/logo\/image\/","url":"https:\/\/lospoliticosveracruz.com\/wp-content\/uploads\/2025\/12\/Logo-Nuevo-LOS-POLITICOS-1.jpg","contentUrl":"https:\/\/lospoliticosveracruz.com\/wp-content\/uploads\/2025\/12\/Logo-Nuevo-LOS-POLITICOS-1.jpg","width":260,"height":70,"caption":"Los pol\u00edticos Veracruz"},"image":{"@id":"https:\/\/lospoliticosveracruz.com\/#\/schema\/logo\/image\/"},"sameAs":["https:\/\/www.facebook.com\/people\/Notimemes-de-los-Polticos\/61565672886568\/","https:\/\/x.com\/LosPoliticosVer"]},{"@type":"Person","@id":"https:\/\/lospoliticosveracruz.com\/#\/schema\/person\/b8702bb0e538456e6efd07080bf2a4a2","name":"Lo viste en Los Pol\u00edticos","image":{"@type":"ImageObject","inLanguage":"es","@id":"https:\/\/secure.gravatar.com\/avatar\/3a8de04a2656d44082be478bd6c086daa447c4651605818287b9532d3d0bd435?s=96&d=mm&r=g","url":"https:\/\/secure.gravatar.com\/avatar\/3a8de04a2656d44082be478bd6c086daa447c4651605818287b9532d3d0bd435?s=96&d=mm&r=g","contentUrl":"https:\/\/secure.gravatar.com\/avatar\/3a8de04a2656d44082be478bd6c086daa447c4651605818287b9532d3d0bd435?s=96&d=mm&r=g","caption":"Lo viste en Los Pol\u00edticos"},"url":"https:\/\/lospoliticosveracruz.com\/?author=2"}]}},"_links":{"self":[{"href":"https:\/\/lospoliticosveracruz.com\/index.php?rest_route=\/wp\/v2\/posts\/94384","targetHints":{"allow":["GET"]}}],"collection":[{"href":"https:\/\/lospoliticosveracruz.com\/index.php?rest_route=\/wp\/v2\/posts"}],"about":[{"href":"https:\/\/lospoliticosveracruz.com\/index.php?rest_route=\/wp\/v2\/types\/post"}],"author":[{"embeddable":true,"href":"https:\/\/lospoliticosveracruz.com\/index.php?rest_route=\/wp\/v2\/users\/2"}],"replies":[{"embeddable":true,"href":"https:\/\/lospoliticosveracruz.com\/index.php?rest_route=%2Fwp%2Fv2%2Fcomments&post=94384"}],"version-history":[{"count":1,"href":"https:\/\/lospoliticosveracruz.com\/index.php?rest_route=\/wp\/v2\/posts\/94384\/revisions"}],"predecessor-version":[{"id":94386,"href":"https:\/\/lospoliticosveracruz.com\/index.php?rest_route=\/wp\/v2\/posts\/94384\/revisions\/94386"}],"wp:attachment":[{"href":"https:\/\/lospoliticosveracruz.com\/index.php?rest_route=%2Fwp%2Fv2%2Fmedia&parent=94384"}],"wp:term":[{"taxonomy":"category","embeddable":true,"href":"https:\/\/lospoliticosveracruz.com\/index.php?rest_route=%2Fwp%2Fv2%2Fcategories&post=94384"},{"taxonomy":"post_tag","embeddable":true,"href":"https:\/\/lospoliticosveracruz.com\/index.php?rest_route=%2Fwp%2Fv2%2Ftags&post=94384"}],"curies":[{"name":"wp","href":"https:\/\/api.w.org\/{rel}","templated":true}]}}