{"id":94404,"date":"2022-08-24T08:49:18","date_gmt":"2022-08-24T13:49:18","guid":{"rendered":"https:\/\/lospoliticosveracruz.com.mx\/?p=94404"},"modified":"2022-08-24T08:49:43","modified_gmt":"2022-08-24T13:49:43","slug":"finanzas-publicas-superar-desorganizacion-y-depredacion","status":"publish","type":"post","link":"https:\/\/lospoliticosveracruz.com\/?p=94404","title":{"rendered":"FINANZAS P\u00daBLICAS: superar desorganizaci\u00f3n y depredaci\u00f3n"},"content":{"rendered":"\n<p><\/p>\n\n\n\n<p><strong>Rafael Arias Hern\u00e1ndez<\/strong><\/p>\n\n\n\n<p><em>Mutatis mutandis<\/em><\/p>\n\n\n\n<p>Incre\u00edble pero cierto y comprobable. \u00bfHasta d\u00f3nde vamos a llegar?<\/p>\n\n\n\n<p>Continua crisis econ\u00f3mica incomprendida y mal atendida, que incrementa pobreza, malestar e inconformidad.<\/p>\n\n\n\n<p>En n\u00fameros aproximados, en la actualidad en M\u00e9xico hablamos, de 7 billones de pesos de presupuesto federal (con casi 1 bill\u00f3n de d\u00e9ficit); 13 billones de deuda p\u00fablica financiera en aumento; un PIB de casi 27 billones; una inflaci\u00f3n promedio anual de 8.2%, la mayor en casi 20 a\u00f1os; la informalidad de m\u00e1s de 31 millones de trabajadores sin plenos derechos laborales, ni condiciones y prestaciones, representando casi 57.0% del total.<\/p>\n\n\n\n<p>No hay duda, se debe enfrentar la realidad y revisar temas centrales, cuya conceptualizaci\u00f3n, estructura y funciones ya no responden a la nueva realidad. Identificar y aprovechar lo bueno, y enfrentar y erradicar lo malo. Actualizar y mejorar es el reto.<\/p>\n\n\n\n<p>Tal es el caso de las finanzas p\u00fablicas, que hay que conocer m\u00e1s, administrar mejor y aprovechar para bien de todos; mismas de las que, en gran parte, se ignora o mal entiende su verdadera integraci\u00f3n y ejercicio, su uso y abuso que siempre termina en d\u00e9ficit, endeudamiento y hasta condenables subejercicios y disposiciones que favorecen su desaparici\u00f3n, injustificada devoluci\u00f3n o su ocurrente e improvisada aplicaci\u00f3n.<\/p>\n\n\n\n<p>Excepciones aparte, poco o nada se responsabiliza y reclama, a quienes manejan y son responsables del mal uso o abuso de las finanzas p\u00fablicas. Eso s\u00ed, predomina la simulaci\u00f3n de transparencia y rendici\u00f3n de cuentas; y la farsa de fiscalizaci\u00f3n y evaluaci\u00f3n, acompa\u00f1ada de entretenimiento y distracci\u00f3n, pues siempre se anuncia que a dos o tres insignificantes se les se\u00f1ala y denuncia, e incluso hasta se les castiga, todo para hacer como que se hace y en realidad el manejo vaya de mal en peor.<\/p>\n\n\n\n<p>As\u00ed, lo que si se sabe es que los presupuestos aumentan y llegan a cifras impresionantes; aunque tambi\u00e9n de inmediato se sabe que lo presupuestado no alcanza, que hay que pedir prestado y ah\u00ed viene el aumento de deuda p\u00fablica; sobresaliendo tambi\u00e9n, los grandes negocios financieros, como los de supuesta asesor\u00eda y apoyo profesional, que se concretan con las llamadas negociaciones, reestructuraciones o la simple gesti\u00f3n del endeudamiento y sus formas de pago.<\/p>\n\n\n\n<p>Ah\u00ed est\u00e1 la Econom\u00eda mal entendida y peor atendida, con finanzas p\u00fablicas deficitarias, endeudadoras y desquiciadas, fuente de m\u00e1s, compromisos, problemas y da\u00f1os.<\/p>\n\n\n\n<p>Punto importante en la conformaci\u00f3n del esclavismo financiero que dejaremos a las pr\u00f3ximas generaciones, a seres humanos que todav\u00eda no nacen y ya est\u00e1n endeudados y esclavizados de por vida.<\/p>\n\n\n\n<p>La verdad se sabe y trasciende. A la insuficiente capacidad de respuesta gubernamental, la agravaron las derivaciones de la pandemia padecida, as\u00ed como los efectos de la guerra desatada en Ucrania. Pero tambi\u00e9n es verdad que los pocos aciertos y los contados logros, deben adjudicarse a pol\u00edticas fiscales y acciones gubernamentales, que contaron con un reconocido margen de efectividad.<\/p>\n\n\n\n<p>Mucho que aprender, tanto de lo bueno como de lo malo. Sobresale sin duda, que debe aceptarse que la pol\u00edtica fiscal debe ser revalorada y fortalecida de todas las formas posibles, para que se le aseguren, tanto m\u00e1s cobertura como mayor efectividad, en el auxilio, apoyo y respaldo al desarrollo que posibilite y garantice mejores niveles de bienestar social.<\/p>\n\n\n\n<p>A prop\u00f3sito, de este tema de indudable actualidad. Dentro de las fuentes disponibles, es oportuno citar a Gita Bhatt, Editor en Jefe, Finanzas y Desarrollo del FMI, quien en la presentaci\u00f3n de la reciente edici\u00f3n del primer trimestre de 2022, expreso que: \u201cHace casi un siglo, Joseph Schumpeter escribi\u00f3: \u00abEl esp\u00edritu de un pueblo, su nivel cultural, su estructura social&#8230; todo esto y m\u00e1s est\u00e1 escrito en su historia fiscal&#8230;. Las finanzas p\u00fablicas son uno de los mejores puntos de partida para una investigaci\u00f3n de la sociedad\u00bb.<\/p>\n\n\n\n<p>En este breve texto introductorio, menciona diversos autores que en sus correspondientes aportaciones resaltan la importancia de la pol\u00edtica fiscal, pero sobre todo se\u00f1alan algunos de los aspectos, en los que es posible actualizar, fortalecer y reestructurar dicha pol\u00edtica, para mejorar tanto la administraci\u00f3n gubernamental, como el buen uso de las finanzas p\u00fablicas.<\/p>\n\n\n\n<p>Precisando al respecto. Lo fiscal y lo financiero, con buena administraci\u00f3n p\u00fablica, hacen que se conviertan en un preciado y \u00fatil instrumento, de pol\u00edticas y acciones que favorezcan el impulso al desarrollo econ\u00f3mico en sus m\u00faltiples aspectos, as\u00ed como al bienestar social y, en general los servicios b\u00e1sicos que satisfagan necesidades sociales prioritarias y faciliten resolver viejos y nuevos problemas.<\/p>\n\n\n\n<p>En contraste, con los grandes esfuerzos y sacrificios que hace la poblaci\u00f3n, que todo lo padece, soporta y tiene que pagar. Salvo excepciones, gobernantes, funcionarios y servidores p\u00fablicos, son responsables de lo poco o nada que se hace al respecto, pues se dedican m\u00e1s a la simulaci\u00f3n y burocratizaci\u00f3n, a la distracci\u00f3n y el entretenimiento.<\/p>\n\n\n\n<p>En fin, sigue crisis econ\u00f3mica con m\u00e1s inflaci\u00f3n, mayor pobreza, creciente delincuencia e inseguridad p\u00fablica, dentro y fuera de los gobiernos.<\/p>\n\n\n\n<p>El reto es actualizar y renovar cuanto antes la pol\u00edtica fiscal, para dotarla de mayor alcance y efectividad, y favorecer tambi\u00e9n otras pol\u00edticas y acciones gubernamentales.<\/p>\n\n\n\n<p>Se debe por tanto revisar la estructura y funciones de la administraci\u00f3n de las finanzas p\u00fablicas, para fortalecerlas tanto en lo federal, estatal, municipal y descentralizado. Insistir en la importancia de disponer, en todo caso, de finanzas sanas, equilibradas y crecientes. Nada f\u00e1cil porque la nueva e innovada pol\u00edtica fiscal tiene y debe ser m\u00e1s amplia y efectiva, m\u00e1s sana y equilibrada. Tanto en las fuentes de recursos y los alcances del presupuesto, como en el manejo de la deuda, su monto, plazo, intereses, gastos y otras disposiciones; incluyendo lo referente a los d\u00e9ficits, las tasas de inter\u00e9s, as\u00ed como la obligada transparencia y el garantizado acceso a la informaci\u00f3n p\u00fablica, la puntual rendici\u00f3n de cuentas y la verdadera fiscalizaci\u00f3n, e incluso la necesaria contralor\u00eda social.<\/p>\n\n\n\n<p>Todo lo anterior y m\u00e1s, para poder enfrentar la desigualdad con impuestos progresivos e ingresos gubernamentales crecientes, con impulso al bienestar y la ampliaci\u00f3n permanente de oportunidades disponibles.<\/p>\n\n\n\n<p>Finanzas p\u00fablicas, con mas participaci\u00f3n ciudadana y social.<\/p>\n\n\n\n<p>-Academico.IIESESUV @RafaelAriasH,Facebook:VeracruzHoydeRafaelAriasH<\/p>\n","protected":false},"excerpt":{"rendered":"<p>Rafael Arias Hern\u00e1ndez Mutatis mutandis Incre\u00edble pero cierto y comprobable. \u00bfHasta d\u00f3nde vamos a llegar? Continua crisis econ\u00f3mica incomprendida y mal atendida, que incrementa pobreza, malestar e inconformidad. En n\u00fameros aproximados, en la actualidad en M\u00e9xico hablamos, de 7 billones de pesos de presupuesto federal (con casi 1 bill\u00f3n de d\u00e9ficit); 13 billones de deuda [&hellip;]<\/p>\n","protected":false},"author":2,"featured_media":0,"comment_status":"closed","ping_status":"closed","sticky":false,"template":"","format":"standard","meta":{"tdm_status":"","tdm_grid_status":"","footnotes":""},"categories":[70],"tags":[2228,111,27553,8032],"class_list":{"0":"post-94404","1":"post","2":"type-post","3":"status-publish","4":"format-standard","6":"category-de-opinion","7":"tag-economia","8":"tag-finanzas","9":"tag-inflacion","10":"tag-rafael-arias-hernandez"},"yoast_head":"<!-- This site is optimized with the Yoast SEO plugin v27.4 - https:\/\/yoast.com\/product\/yoast-seo-wordpress\/ -->\n<title>FINANZAS P\u00daBLICAS: superar desorganizaci\u00f3n y depredaci\u00f3n - Los pol\u00edticos Veracruz<\/title>\n<meta name=\"robots\" content=\"index, follow, max-snippet:-1, max-image-preview:large, max-video-preview:-1\" \/>\n<link rel=\"canonical\" href=\"https:\/\/lospoliticosveracruz.com\/?p=94404\" \/>\n<meta property=\"og:locale\" content=\"es_ES\" \/>\n<meta property=\"og:type\" content=\"article\" \/>\n<meta property=\"og:title\" content=\"FINANZAS P\u00daBLICAS: superar desorganizaci\u00f3n y depredaci\u00f3n - Los pol\u00edticos Veracruz\" \/>\n<meta property=\"og:description\" content=\"Rafael Arias Hern\u00e1ndez Mutatis mutandis Incre\u00edble pero cierto y comprobable. \u00bfHasta d\u00f3nde vamos a llegar? Continua crisis econ\u00f3mica incomprendida y mal atendida, que incrementa pobreza, malestar e inconformidad. En n\u00fameros aproximados, en la actualidad en M\u00e9xico hablamos, de 7 billones de pesos de presupuesto federal (con casi 1 bill\u00f3n de d\u00e9ficit); 13 billones de deuda [&hellip;]\" \/>\n<meta property=\"og:url\" content=\"https:\/\/lospoliticosveracruz.com\/?p=94404\" \/>\n<meta property=\"og:site_name\" content=\"Los pol\u00edticos Veracruz\" \/>\n<meta property=\"article:publisher\" content=\"https:\/\/www.facebook.com\/people\/Notimemes-de-los-Polticos\/61565672886568\/\" \/>\n<meta property=\"article:published_time\" content=\"2022-08-24T13:49:18+00:00\" \/>\n<meta property=\"article:modified_time\" content=\"2022-08-24T13:49:43+00:00\" \/>\n<meta property=\"og:image\" content=\"https:\/\/lospoliticosveracruz.com\/wp-content\/uploads\/2016\/07\/Logo-Dor.jpg\" \/>\n\t<meta property=\"og:image:width\" content=\"200\" \/>\n\t<meta property=\"og:image:height\" content=\"200\" \/>\n\t<meta property=\"og:image:type\" content=\"image\/jpeg\" \/>\n<meta name=\"author\" content=\"Lo viste en Los Pol\u00edticos\" \/>\n<meta name=\"twitter:card\" content=\"summary_large_image\" \/>\n<meta name=\"twitter:creator\" content=\"@LosPoliticosVer\" \/>\n<meta name=\"twitter:site\" content=\"@LosPoliticosVer\" \/>\n<meta name=\"twitter:label1\" content=\"Escrito por\" \/>\n\t<meta name=\"twitter:data1\" content=\"Lo viste en Los Pol\u00edticos\" \/>\n\t<meta name=\"twitter:label2\" content=\"Tiempo de lectura\" \/>\n\t<meta name=\"twitter:data2\" content=\"5 minutos\" \/>\n<script type=\"application\/ld+json\" class=\"yoast-schema-graph\">{\"@context\":\"https:\\\/\\\/schema.org\",\"@graph\":[{\"@type\":\"Article\",\"@id\":\"https:\\\/\\\/lospoliticosveracruz.com\\\/?p=94404#article\",\"isPartOf\":{\"@id\":\"https:\\\/\\\/lospoliticosveracruz.com\\\/?p=94404\"},\"author\":{\"name\":\"Lo viste en Los Pol\u00edticos\",\"@id\":\"https:\\\/\\\/lospoliticosveracruz.com\\\/#\\\/schema\\\/person\\\/b8702bb0e538456e6efd07080bf2a4a2\"},\"headline\":\"FINANZAS P\u00daBLICAS: superar desorganizaci\u00f3n y depredaci\u00f3n\",\"datePublished\":\"2022-08-24T13:49:18+00:00\",\"dateModified\":\"2022-08-24T13:49:43+00:00\",\"mainEntityOfPage\":{\"@id\":\"https:\\\/\\\/lospoliticosveracruz.com\\\/?p=94404\"},\"wordCount\":1097,\"publisher\":{\"@id\":\"https:\\\/\\\/lospoliticosveracruz.com\\\/#organization\"},\"keywords\":[\"Econom\u00eda\",\"Finanzas\",\"Inflaci\u00f3n\",\"Rafael Arias Hern\u00e1ndez\"],\"articleSection\":[\"De Opini\u00f3n\"],\"inLanguage\":\"es\"},{\"@type\":\"WebPage\",\"@id\":\"https:\\\/\\\/lospoliticosveracruz.com\\\/?p=94404\",\"url\":\"https:\\\/\\\/lospoliticosveracruz.com\\\/?p=94404\",\"name\":\"FINANZAS P\u00daBLICAS: superar desorganizaci\u00f3n y depredaci\u00f3n - Los pol\u00edticos Veracruz\",\"isPartOf\":{\"@id\":\"https:\\\/\\\/lospoliticosveracruz.com\\\/#website\"},\"datePublished\":\"2022-08-24T13:49:18+00:00\",\"dateModified\":\"2022-08-24T13:49:43+00:00\",\"breadcrumb\":{\"@id\":\"https:\\\/\\\/lospoliticosveracruz.com\\\/?p=94404#breadcrumb\"},\"inLanguage\":\"es\",\"potentialAction\":[{\"@type\":\"ReadAction\",\"target\":[\"https:\\\/\\\/lospoliticosveracruz.com\\\/?p=94404\"]}]},{\"@type\":\"BreadcrumbList\",\"@id\":\"https:\\\/\\\/lospoliticosveracruz.com\\\/?p=94404#breadcrumb\",\"itemListElement\":[{\"@type\":\"ListItem\",\"position\":1,\"name\":\"Portada\",\"item\":\"https:\\\/\\\/lospoliticosveracruz.com\\\/\"},{\"@type\":\"ListItem\",\"position\":2,\"name\":\"FINANZAS P\u00daBLICAS: superar desorganizaci\u00f3n y depredaci\u00f3n\"}]},{\"@type\":\"WebSite\",\"@id\":\"https:\\\/\\\/lospoliticosveracruz.com\\\/#website\",\"url\":\"https:\\\/\\\/lospoliticosveracruz.com\\\/\",\"name\":\"Los pol\u00edticos Veracruz\",\"description\":\"\",\"publisher\":{\"@id\":\"https:\\\/\\\/lospoliticosveracruz.com\\\/#organization\"},\"potentialAction\":[{\"@type\":\"SearchAction\",\"target\":{\"@type\":\"EntryPoint\",\"urlTemplate\":\"https:\\\/\\\/lospoliticosveracruz.com\\\/?s={search_term_string}\"},\"query-input\":{\"@type\":\"PropertyValueSpecification\",\"valueRequired\":true,\"valueName\":\"search_term_string\"}}],\"inLanguage\":\"es\"},{\"@type\":\"Organization\",\"@id\":\"https:\\\/\\\/lospoliticosveracruz.com\\\/#organization\",\"name\":\"Los pol\u00edticos Veracruz\",\"url\":\"https:\\\/\\\/lospoliticosveracruz.com\\\/\",\"logo\":{\"@type\":\"ImageObject\",\"inLanguage\":\"es\",\"@id\":\"https:\\\/\\\/lospoliticosveracruz.com\\\/#\\\/schema\\\/logo\\\/image\\\/\",\"url\":\"https:\\\/\\\/lospoliticosveracruz.com\\\/wp-content\\\/uploads\\\/2025\\\/12\\\/Logo-Nuevo-LOS-POLITICOS-1.jpg\",\"contentUrl\":\"https:\\\/\\\/lospoliticosveracruz.com\\\/wp-content\\\/uploads\\\/2025\\\/12\\\/Logo-Nuevo-LOS-POLITICOS-1.jpg\",\"width\":260,\"height\":70,\"caption\":\"Los pol\u00edticos Veracruz\"},\"image\":{\"@id\":\"https:\\\/\\\/lospoliticosveracruz.com\\\/#\\\/schema\\\/logo\\\/image\\\/\"},\"sameAs\":[\"https:\\\/\\\/www.facebook.com\\\/people\\\/Notimemes-de-los-Polticos\\\/61565672886568\\\/\",\"https:\\\/\\\/x.com\\\/LosPoliticosVer\"]},{\"@type\":\"Person\",\"@id\":\"https:\\\/\\\/lospoliticosveracruz.com\\\/#\\\/schema\\\/person\\\/b8702bb0e538456e6efd07080bf2a4a2\",\"name\":\"Lo viste en Los Pol\u00edticos\",\"image\":{\"@type\":\"ImageObject\",\"inLanguage\":\"es\",\"@id\":\"https:\\\/\\\/secure.gravatar.com\\\/avatar\\\/3a8de04a2656d44082be478bd6c086daa447c4651605818287b9532d3d0bd435?s=96&d=mm&r=g\",\"url\":\"https:\\\/\\\/secure.gravatar.com\\\/avatar\\\/3a8de04a2656d44082be478bd6c086daa447c4651605818287b9532d3d0bd435?s=96&d=mm&r=g\",\"contentUrl\":\"https:\\\/\\\/secure.gravatar.com\\\/avatar\\\/3a8de04a2656d44082be478bd6c086daa447c4651605818287b9532d3d0bd435?s=96&d=mm&r=g\",\"caption\":\"Lo viste en Los Pol\u00edticos\"},\"url\":\"https:\\\/\\\/lospoliticosveracruz.com\\\/?author=2\"}]}<\/script>\n<!-- \/ Yoast SEO plugin. -->","yoast_head_json":{"title":"FINANZAS P\u00daBLICAS: superar desorganizaci\u00f3n y depredaci\u00f3n - Los pol\u00edticos Veracruz","robots":{"index":"index","follow":"follow","max-snippet":"max-snippet:-1","max-image-preview":"max-image-preview:large","max-video-preview":"max-video-preview:-1"},"canonical":"https:\/\/lospoliticosveracruz.com\/?p=94404","og_locale":"es_ES","og_type":"article","og_title":"FINANZAS P\u00daBLICAS: superar desorganizaci\u00f3n y depredaci\u00f3n - Los pol\u00edticos Veracruz","og_description":"Rafael Arias Hern\u00e1ndez Mutatis mutandis Incre\u00edble pero cierto y comprobable. \u00bfHasta d\u00f3nde vamos a llegar? Continua crisis econ\u00f3mica incomprendida y mal atendida, que incrementa pobreza, malestar e inconformidad. En n\u00fameros aproximados, en la actualidad en M\u00e9xico hablamos, de 7 billones de pesos de presupuesto federal (con casi 1 bill\u00f3n de d\u00e9ficit); 13 billones de deuda [&hellip;]","og_url":"https:\/\/lospoliticosveracruz.com\/?p=94404","og_site_name":"Los pol\u00edticos Veracruz","article_publisher":"https:\/\/www.facebook.com\/people\/Notimemes-de-los-Polticos\/61565672886568\/","article_published_time":"2022-08-24T13:49:18+00:00","article_modified_time":"2022-08-24T13:49:43+00:00","og_image":[{"width":200,"height":200,"url":"https:\/\/lospoliticosveracruz.com\/wp-content\/uploads\/2016\/07\/Logo-Dor.jpg","type":"image\/jpeg"}],"author":"Lo viste en Los Pol\u00edticos","twitter_card":"summary_large_image","twitter_creator":"@LosPoliticosVer","twitter_site":"@LosPoliticosVer","twitter_misc":{"Escrito por":"Lo viste en Los Pol\u00edticos","Tiempo de lectura":"5 minutos"},"schema":{"@context":"https:\/\/schema.org","@graph":[{"@type":"Article","@id":"https:\/\/lospoliticosveracruz.com\/?p=94404#article","isPartOf":{"@id":"https:\/\/lospoliticosveracruz.com\/?p=94404"},"author":{"name":"Lo viste en Los Pol\u00edticos","@id":"https:\/\/lospoliticosveracruz.com\/#\/schema\/person\/b8702bb0e538456e6efd07080bf2a4a2"},"headline":"FINANZAS P\u00daBLICAS: superar desorganizaci\u00f3n y depredaci\u00f3n","datePublished":"2022-08-24T13:49:18+00:00","dateModified":"2022-08-24T13:49:43+00:00","mainEntityOfPage":{"@id":"https:\/\/lospoliticosveracruz.com\/?p=94404"},"wordCount":1097,"publisher":{"@id":"https:\/\/lospoliticosveracruz.com\/#organization"},"keywords":["Econom\u00eda","Finanzas","Inflaci\u00f3n","Rafael Arias Hern\u00e1ndez"],"articleSection":["De Opini\u00f3n"],"inLanguage":"es"},{"@type":"WebPage","@id":"https:\/\/lospoliticosveracruz.com\/?p=94404","url":"https:\/\/lospoliticosveracruz.com\/?p=94404","name":"FINANZAS P\u00daBLICAS: superar desorganizaci\u00f3n y depredaci\u00f3n - Los pol\u00edticos Veracruz","isPartOf":{"@id":"https:\/\/lospoliticosveracruz.com\/#website"},"datePublished":"2022-08-24T13:49:18+00:00","dateModified":"2022-08-24T13:49:43+00:00","breadcrumb":{"@id":"https:\/\/lospoliticosveracruz.com\/?p=94404#breadcrumb"},"inLanguage":"es","potentialAction":[{"@type":"ReadAction","target":["https:\/\/lospoliticosveracruz.com\/?p=94404"]}]},{"@type":"BreadcrumbList","@id":"https:\/\/lospoliticosveracruz.com\/?p=94404#breadcrumb","itemListElement":[{"@type":"ListItem","position":1,"name":"Portada","item":"https:\/\/lospoliticosveracruz.com\/"},{"@type":"ListItem","position":2,"name":"FINANZAS P\u00daBLICAS: superar desorganizaci\u00f3n y depredaci\u00f3n"}]},{"@type":"WebSite","@id":"https:\/\/lospoliticosveracruz.com\/#website","url":"https:\/\/lospoliticosveracruz.com\/","name":"Los pol\u00edticos Veracruz","description":"","publisher":{"@id":"https:\/\/lospoliticosveracruz.com\/#organization"},"potentialAction":[{"@type":"SearchAction","target":{"@type":"EntryPoint","urlTemplate":"https:\/\/lospoliticosveracruz.com\/?s={search_term_string}"},"query-input":{"@type":"PropertyValueSpecification","valueRequired":true,"valueName":"search_term_string"}}],"inLanguage":"es"},{"@type":"Organization","@id":"https:\/\/lospoliticosveracruz.com\/#organization","name":"Los pol\u00edticos Veracruz","url":"https:\/\/lospoliticosveracruz.com\/","logo":{"@type":"ImageObject","inLanguage":"es","@id":"https:\/\/lospoliticosveracruz.com\/#\/schema\/logo\/image\/","url":"https:\/\/lospoliticosveracruz.com\/wp-content\/uploads\/2025\/12\/Logo-Nuevo-LOS-POLITICOS-1.jpg","contentUrl":"https:\/\/lospoliticosveracruz.com\/wp-content\/uploads\/2025\/12\/Logo-Nuevo-LOS-POLITICOS-1.jpg","width":260,"height":70,"caption":"Los pol\u00edticos Veracruz"},"image":{"@id":"https:\/\/lospoliticosveracruz.com\/#\/schema\/logo\/image\/"},"sameAs":["https:\/\/www.facebook.com\/people\/Notimemes-de-los-Polticos\/61565672886568\/","https:\/\/x.com\/LosPoliticosVer"]},{"@type":"Person","@id":"https:\/\/lospoliticosveracruz.com\/#\/schema\/person\/b8702bb0e538456e6efd07080bf2a4a2","name":"Lo viste en Los Pol\u00edticos","image":{"@type":"ImageObject","inLanguage":"es","@id":"https:\/\/secure.gravatar.com\/avatar\/3a8de04a2656d44082be478bd6c086daa447c4651605818287b9532d3d0bd435?s=96&d=mm&r=g","url":"https:\/\/secure.gravatar.com\/avatar\/3a8de04a2656d44082be478bd6c086daa447c4651605818287b9532d3d0bd435?s=96&d=mm&r=g","contentUrl":"https:\/\/secure.gravatar.com\/avatar\/3a8de04a2656d44082be478bd6c086daa447c4651605818287b9532d3d0bd435?s=96&d=mm&r=g","caption":"Lo viste en Los Pol\u00edticos"},"url":"https:\/\/lospoliticosveracruz.com\/?author=2"}]}},"_links":{"self":[{"href":"https:\/\/lospoliticosveracruz.com\/index.php?rest_route=\/wp\/v2\/posts\/94404","targetHints":{"allow":["GET"]}}],"collection":[{"href":"https:\/\/lospoliticosveracruz.com\/index.php?rest_route=\/wp\/v2\/posts"}],"about":[{"href":"https:\/\/lospoliticosveracruz.com\/index.php?rest_route=\/wp\/v2\/types\/post"}],"author":[{"embeddable":true,"href":"https:\/\/lospoliticosveracruz.com\/index.php?rest_route=\/wp\/v2\/users\/2"}],"replies":[{"embeddable":true,"href":"https:\/\/lospoliticosveracruz.com\/index.php?rest_route=%2Fwp%2Fv2%2Fcomments&post=94404"}],"version-history":[{"count":1,"href":"https:\/\/lospoliticosveracruz.com\/index.php?rest_route=\/wp\/v2\/posts\/94404\/revisions"}],"predecessor-version":[{"id":94406,"href":"https:\/\/lospoliticosveracruz.com\/index.php?rest_route=\/wp\/v2\/posts\/94404\/revisions\/94406"}],"wp:attachment":[{"href":"https:\/\/lospoliticosveracruz.com\/index.php?rest_route=%2Fwp%2Fv2%2Fmedia&parent=94404"}],"wp:term":[{"taxonomy":"category","embeddable":true,"href":"https:\/\/lospoliticosveracruz.com\/index.php?rest_route=%2Fwp%2Fv2%2Fcategories&post=94404"},{"taxonomy":"post_tag","embeddable":true,"href":"https:\/\/lospoliticosveracruz.com\/index.php?rest_route=%2Fwp%2Fv2%2Ftags&post=94404"}],"curies":[{"name":"wp","href":"https:\/\/api.w.org\/{rel}","templated":true}]}}