{"id":94532,"date":"2022-08-26T15:34:00","date_gmt":"2022-08-26T20:34:00","guid":{"rendered":"https:\/\/lospoliticosveracruz.com.mx\/?p=94532"},"modified":"2022-08-26T15:34:08","modified_gmt":"2022-08-26T20:34:08","slug":"corrupcion-al-alza-o-a-la-baja","status":"publish","type":"post","link":"https:\/\/lospoliticosveracruz.com\/?p=94532","title":{"rendered":"CORRUPCI\u00d3N, \u00bfAL ALZA O A LA BAJA?"},"content":{"rendered":"\n<p><strong>Brenda Caballero<\/strong>\u00a0<\/p>\n\n\n\n<p><em>N\u00fameros Rojos<\/em>\u00a0<\/p>\n\n\n\n<p><\/p>\n\n\n\n<p>\u00bfCree usted que la corrupci\u00f3n ha disminuido? \u00bfPiensa que \u00fanicamente aplicaba a los gobiernos anteriores? Le pregunto esto porque vamos para 4 a\u00f1os con una cuarta transformaci\u00f3n y con un gobierno que dice y se maneja diferente. Pero \u00bfqu\u00e9 pasa con la corrupci\u00f3n? \u00bfSe ha erradicado?\u00a0<br><\/p>\n\n\n\n<figure class=\"wp-block-embed is-type-video is-provider-youtube wp-block-embed-youtube wp-embed-aspect-16-9 wp-has-aspect-ratio\"><div class=\"wp-block-embed__wrapper\">\n<iframe loading=\"lazy\" title=\"Cluster Coworking\" width=\"696\" height=\"392\" src=\"https:\/\/www.youtube.com\/embed\/Nxe-vxf8GuY?feature=oembed\" frameborder=\"0\" allow=\"accelerometer; autoplay; clipboard-write; encrypted-media; gyroscope; picture-in-picture; web-share\" referrerpolicy=\"strict-origin-when-cross-origin\" allowfullscreen><\/iframe>\n<\/div><\/figure>\n\n\n\n<p>A principios del pasado agosto, la encuestadora Parametr\u00eda hizo una investigaci\u00f3n con datos de la Encuesta Nacional de Calidad e Impacto Gubernamental (ENCIG) 2021 del INEGI, respecto a la Corrupci\u00f3n en nuestro pa\u00eds, a la que titul\u00f3: La corrupci\u00f3n no distingue gobiernos.&nbsp;<\/p>\n\n\n\n<p>El mismo t\u00edtulo indica que la corrupci\u00f3n se hace presente en todos los niveles de gobierno: municipal, estatal y federal, pero adem\u00e1s no distingue colores ni partidos.&nbsp;<\/p>\n\n\n\n<p>Incluso, a la pregunta expresa: \u00bfusted dir\u00eda que la corrupci\u00f3n en su&nbsp; municipio aument\u00f3 o disminuy\u00f3? Pensando en los pr\u00f3ximos 12 meses, el 51 por ciento de los encuestados se\u00f1alaron que a nivel municipal la corrupci\u00f3n ha aumentado durante los \u00faltimos 12 meses, por un 31 por ciento que manifest\u00f3 que hab\u00eda disminuido.&nbsp;Es importante se\u00f1alar que es la percepci\u00f3n que tienen los ciudadanos no est\u00e1 basada en testimonios.<\/p>\n\n\n\n<p>Ahora bien, si hablamos de los testimonios de corrupci\u00f3n, la encuesta indica que han ido disminuyendo desde el 2013, cuando el INEGI empez\u00f3 a realizar la encuesta Nacional de Calidad e Impacto Gubernamental.&nbsp;<\/p>\n\n\n\n<p>Qu\u00e9 pasa entonces\u2026hay menos casos declarados de corrupci\u00f3n, pero la percepci\u00f3n ciudadana sigue siendo mayor?<\/p>\n\n\n\n<p>Desde el inicio de la administraci\u00f3n del Presidente Andr\u00e9s Manuel L\u00f3pez Obrador, \u00e9ste asegur\u00f3 que \u201cbarrer\u00eda la corrupci\u00f3n de arriba hacia abajo\u201d; sin embargo, hay casos como el de Segalmex que deja mucho que desear pues Ignacio Ovalle Fern\u00e1ndez, fundador de Segalmex, fue colaborador de la entonces Conasupo cuando estaba al frente Ra\u00fal Salinas de Gortari.<\/p>\n\n\n\n<p>Ser\u00e1 acaso que durante estos casi 4 a\u00f1os los&nbsp;&nbsp;ciudadanos no sienten que se est\u00e9 barriendo desde arriba?<\/p>\n\n\n\n<p>Faltan 2 a\u00f1os para que los mexicanos que somos tan perceptivos, sintamos que ahora s\u00ed ya no hay corrupci\u00f3n.<\/p>\n\n\n\n<p>Twiter: @NumerosRojos_BC&nbsp;<\/p>\n\n\n\n<p>caballero_brenda@hotmail.com<\/p>\n","protected":false},"excerpt":{"rendered":"<p>Brenda Caballero\u00a0 N\u00fameros Rojos\u00a0 \u00bfCree usted que la corrupci\u00f3n ha disminuido? \u00bfPiensa que \u00fanicamente aplicaba a los gobiernos anteriores? Le pregunto esto porque vamos para 4 a\u00f1os con una cuarta transformaci\u00f3n y con un gobierno que dice y se maneja diferente. Pero \u00bfqu\u00e9 pasa con la corrupci\u00f3n? \u00bfSe ha erradicado?\u00a0 A principios del pasado agosto, [&hellip;]<\/p>\n","protected":false},"author":2,"featured_media":0,"comment_status":"closed","ping_status":"closed","sticky":false,"template":"","format":"standard","meta":{"tdm_status":"","tdm_grid_status":"","footnotes":""},"categories":[70],"tags":[618,2687,282,34818,1026,23869],"class_list":{"0":"post-94532","1":"post","2":"type-post","3":"status-publish","4":"format-standard","6":"category-de-opinion","7":"tag-andres-manuel-lopez-obrador","8":"tag-brenda-caballero","9":"tag-corrupcion","10":"tag-ignacio-ovalle-fernandez","11":"tag-morena","12":"tag-segalmex"},"yoast_head":"<!-- This site is optimized with the Yoast SEO plugin v27.4 - https:\/\/yoast.com\/product\/yoast-seo-wordpress\/ -->\n<title>CORRUPCI\u00d3N, \u00bfAL ALZA O A LA BAJA? - Los pol\u00edticos Veracruz<\/title>\n<meta name=\"robots\" content=\"index, follow, max-snippet:-1, max-image-preview:large, max-video-preview:-1\" \/>\n<link rel=\"canonical\" href=\"https:\/\/lospoliticosveracruz.com\/?p=94532\" \/>\n<meta property=\"og:locale\" content=\"es_ES\" \/>\n<meta property=\"og:type\" content=\"article\" \/>\n<meta property=\"og:title\" content=\"CORRUPCI\u00d3N, \u00bfAL ALZA O A LA BAJA? - Los pol\u00edticos Veracruz\" \/>\n<meta property=\"og:description\" content=\"Brenda Caballero\u00a0 N\u00fameros Rojos\u00a0 \u00bfCree usted que la corrupci\u00f3n ha disminuido? \u00bfPiensa que \u00fanicamente aplicaba a los gobiernos anteriores? Le pregunto esto porque vamos para 4 a\u00f1os con una cuarta transformaci\u00f3n y con un gobierno que dice y se maneja diferente. Pero \u00bfqu\u00e9 pasa con la corrupci\u00f3n? \u00bfSe ha erradicado?\u00a0 A principios del pasado agosto, [&hellip;]\" \/>\n<meta property=\"og:url\" content=\"https:\/\/lospoliticosveracruz.com\/?p=94532\" \/>\n<meta property=\"og:site_name\" content=\"Los pol\u00edticos Veracruz\" \/>\n<meta property=\"article:publisher\" content=\"https:\/\/www.facebook.com\/people\/Notimemes-de-los-Polticos\/61565672886568\/\" \/>\n<meta property=\"article:published_time\" content=\"2022-08-26T20:34:00+00:00\" \/>\n<meta property=\"article:modified_time\" content=\"2022-08-26T20:34:08+00:00\" \/>\n<meta property=\"og:image\" content=\"https:\/\/lospoliticosveracruz.com\/wp-content\/uploads\/2016\/07\/Logo-Dor.jpg\" \/>\n\t<meta property=\"og:image:width\" content=\"200\" \/>\n\t<meta property=\"og:image:height\" content=\"200\" \/>\n\t<meta property=\"og:image:type\" content=\"image\/jpeg\" \/>\n<meta name=\"author\" content=\"Lo viste en Los Pol\u00edticos\" \/>\n<meta name=\"twitter:card\" content=\"summary_large_image\" \/>\n<meta name=\"twitter:creator\" content=\"@LosPoliticosVer\" \/>\n<meta name=\"twitter:site\" content=\"@LosPoliticosVer\" \/>\n<meta name=\"twitter:label1\" content=\"Escrito por\" \/>\n\t<meta name=\"twitter:data1\" content=\"Lo viste en Los Pol\u00edticos\" \/>\n\t<meta name=\"twitter:label2\" content=\"Tiempo de lectura\" \/>\n\t<meta name=\"twitter:data2\" content=\"2 minutos\" \/>\n<script type=\"application\/ld+json\" class=\"yoast-schema-graph\">{\"@context\":\"https:\\\/\\\/schema.org\",\"@graph\":[{\"@type\":\"Article\",\"@id\":\"https:\\\/\\\/lospoliticosveracruz.com\\\/?p=94532#article\",\"isPartOf\":{\"@id\":\"https:\\\/\\\/lospoliticosveracruz.com\\\/?p=94532\"},\"author\":{\"name\":\"Lo viste en Los Pol\u00edticos\",\"@id\":\"https:\\\/\\\/lospoliticosveracruz.com\\\/#\\\/schema\\\/person\\\/b8702bb0e538456e6efd07080bf2a4a2\"},\"headline\":\"CORRUPCI\u00d3N, \u00bfAL ALZA O A LA BAJA?\",\"datePublished\":\"2022-08-26T20:34:00+00:00\",\"dateModified\":\"2022-08-26T20:34:08+00:00\",\"mainEntityOfPage\":{\"@id\":\"https:\\\/\\\/lospoliticosveracruz.com\\\/?p=94532\"},\"wordCount\":383,\"publisher\":{\"@id\":\"https:\\\/\\\/lospoliticosveracruz.com\\\/#organization\"},\"keywords\":[\"Andr\u00e9s Manuel L\u00f3pez Obrador\",\"Brenda Caballero\",\"corrupci\u00f3n\",\"Ignacio Ovalle Fern\u00e1ndez\",\"Morena\",\"SEGALMEX\"],\"articleSection\":[\"De Opini\u00f3n\"],\"inLanguage\":\"es\"},{\"@type\":\"WebPage\",\"@id\":\"https:\\\/\\\/lospoliticosveracruz.com\\\/?p=94532\",\"url\":\"https:\\\/\\\/lospoliticosveracruz.com\\\/?p=94532\",\"name\":\"CORRUPCI\u00d3N, \u00bfAL ALZA O A LA BAJA? - Los pol\u00edticos Veracruz\",\"isPartOf\":{\"@id\":\"https:\\\/\\\/lospoliticosveracruz.com\\\/#website\"},\"datePublished\":\"2022-08-26T20:34:00+00:00\",\"dateModified\":\"2022-08-26T20:34:08+00:00\",\"breadcrumb\":{\"@id\":\"https:\\\/\\\/lospoliticosveracruz.com\\\/?p=94532#breadcrumb\"},\"inLanguage\":\"es\",\"potentialAction\":[{\"@type\":\"ReadAction\",\"target\":[\"https:\\\/\\\/lospoliticosveracruz.com\\\/?p=94532\"]}]},{\"@type\":\"BreadcrumbList\",\"@id\":\"https:\\\/\\\/lospoliticosveracruz.com\\\/?p=94532#breadcrumb\",\"itemListElement\":[{\"@type\":\"ListItem\",\"position\":1,\"name\":\"Portada\",\"item\":\"https:\\\/\\\/lospoliticosveracruz.com\\\/\"},{\"@type\":\"ListItem\",\"position\":2,\"name\":\"CORRUPCI\u00d3N, \u00bfAL ALZA O A LA BAJA?\"}]},{\"@type\":\"WebSite\",\"@id\":\"https:\\\/\\\/lospoliticosveracruz.com\\\/#website\",\"url\":\"https:\\\/\\\/lospoliticosveracruz.com\\\/\",\"name\":\"Los pol\u00edticos Veracruz\",\"description\":\"\",\"publisher\":{\"@id\":\"https:\\\/\\\/lospoliticosveracruz.com\\\/#organization\"},\"potentialAction\":[{\"@type\":\"SearchAction\",\"target\":{\"@type\":\"EntryPoint\",\"urlTemplate\":\"https:\\\/\\\/lospoliticosveracruz.com\\\/?s={search_term_string}\"},\"query-input\":{\"@type\":\"PropertyValueSpecification\",\"valueRequired\":true,\"valueName\":\"search_term_string\"}}],\"inLanguage\":\"es\"},{\"@type\":\"Organization\",\"@id\":\"https:\\\/\\\/lospoliticosveracruz.com\\\/#organization\",\"name\":\"Los pol\u00edticos Veracruz\",\"url\":\"https:\\\/\\\/lospoliticosveracruz.com\\\/\",\"logo\":{\"@type\":\"ImageObject\",\"inLanguage\":\"es\",\"@id\":\"https:\\\/\\\/lospoliticosveracruz.com\\\/#\\\/schema\\\/logo\\\/image\\\/\",\"url\":\"https:\\\/\\\/lospoliticosveracruz.com\\\/wp-content\\\/uploads\\\/2025\\\/12\\\/Logo-Nuevo-LOS-POLITICOS-1.jpg\",\"contentUrl\":\"https:\\\/\\\/lospoliticosveracruz.com\\\/wp-content\\\/uploads\\\/2025\\\/12\\\/Logo-Nuevo-LOS-POLITICOS-1.jpg\",\"width\":260,\"height\":70,\"caption\":\"Los pol\u00edticos Veracruz\"},\"image\":{\"@id\":\"https:\\\/\\\/lospoliticosveracruz.com\\\/#\\\/schema\\\/logo\\\/image\\\/\"},\"sameAs\":[\"https:\\\/\\\/www.facebook.com\\\/people\\\/Notimemes-de-los-Polticos\\\/61565672886568\\\/\",\"https:\\\/\\\/x.com\\\/LosPoliticosVer\"]},{\"@type\":\"Person\",\"@id\":\"https:\\\/\\\/lospoliticosveracruz.com\\\/#\\\/schema\\\/person\\\/b8702bb0e538456e6efd07080bf2a4a2\",\"name\":\"Lo viste en Los Pol\u00edticos\",\"image\":{\"@type\":\"ImageObject\",\"inLanguage\":\"es\",\"@id\":\"https:\\\/\\\/secure.gravatar.com\\\/avatar\\\/3a8de04a2656d44082be478bd6c086daa447c4651605818287b9532d3d0bd435?s=96&d=mm&r=g\",\"url\":\"https:\\\/\\\/secure.gravatar.com\\\/avatar\\\/3a8de04a2656d44082be478bd6c086daa447c4651605818287b9532d3d0bd435?s=96&d=mm&r=g\",\"contentUrl\":\"https:\\\/\\\/secure.gravatar.com\\\/avatar\\\/3a8de04a2656d44082be478bd6c086daa447c4651605818287b9532d3d0bd435?s=96&d=mm&r=g\",\"caption\":\"Lo viste en Los Pol\u00edticos\"},\"url\":\"https:\\\/\\\/lospoliticosveracruz.com\\\/?author=2\"}]}<\/script>\n<!-- \/ Yoast SEO plugin. -->","yoast_head_json":{"title":"CORRUPCI\u00d3N, \u00bfAL ALZA O A LA BAJA? - Los pol\u00edticos Veracruz","robots":{"index":"index","follow":"follow","max-snippet":"max-snippet:-1","max-image-preview":"max-image-preview:large","max-video-preview":"max-video-preview:-1"},"canonical":"https:\/\/lospoliticosveracruz.com\/?p=94532","og_locale":"es_ES","og_type":"article","og_title":"CORRUPCI\u00d3N, \u00bfAL ALZA O A LA BAJA? - Los pol\u00edticos Veracruz","og_description":"Brenda Caballero\u00a0 N\u00fameros Rojos\u00a0 \u00bfCree usted que la corrupci\u00f3n ha disminuido? \u00bfPiensa que \u00fanicamente aplicaba a los gobiernos anteriores? Le pregunto esto porque vamos para 4 a\u00f1os con una cuarta transformaci\u00f3n y con un gobierno que dice y se maneja diferente. Pero \u00bfqu\u00e9 pasa con la corrupci\u00f3n? \u00bfSe ha erradicado?\u00a0 A principios del pasado agosto, [&hellip;]","og_url":"https:\/\/lospoliticosveracruz.com\/?p=94532","og_site_name":"Los pol\u00edticos Veracruz","article_publisher":"https:\/\/www.facebook.com\/people\/Notimemes-de-los-Polticos\/61565672886568\/","article_published_time":"2022-08-26T20:34:00+00:00","article_modified_time":"2022-08-26T20:34:08+00:00","og_image":[{"width":200,"height":200,"url":"https:\/\/lospoliticosveracruz.com\/wp-content\/uploads\/2016\/07\/Logo-Dor.jpg","type":"image\/jpeg"}],"author":"Lo viste en Los Pol\u00edticos","twitter_card":"summary_large_image","twitter_creator":"@LosPoliticosVer","twitter_site":"@LosPoliticosVer","twitter_misc":{"Escrito por":"Lo viste en Los Pol\u00edticos","Tiempo de lectura":"2 minutos"},"schema":{"@context":"https:\/\/schema.org","@graph":[{"@type":"Article","@id":"https:\/\/lospoliticosveracruz.com\/?p=94532#article","isPartOf":{"@id":"https:\/\/lospoliticosveracruz.com\/?p=94532"},"author":{"name":"Lo viste en Los Pol\u00edticos","@id":"https:\/\/lospoliticosveracruz.com\/#\/schema\/person\/b8702bb0e538456e6efd07080bf2a4a2"},"headline":"CORRUPCI\u00d3N, \u00bfAL ALZA O A LA BAJA?","datePublished":"2022-08-26T20:34:00+00:00","dateModified":"2022-08-26T20:34:08+00:00","mainEntityOfPage":{"@id":"https:\/\/lospoliticosveracruz.com\/?p=94532"},"wordCount":383,"publisher":{"@id":"https:\/\/lospoliticosveracruz.com\/#organization"},"keywords":["Andr\u00e9s Manuel L\u00f3pez Obrador","Brenda Caballero","corrupci\u00f3n","Ignacio Ovalle Fern\u00e1ndez","Morena","SEGALMEX"],"articleSection":["De Opini\u00f3n"],"inLanguage":"es"},{"@type":"WebPage","@id":"https:\/\/lospoliticosveracruz.com\/?p=94532","url":"https:\/\/lospoliticosveracruz.com\/?p=94532","name":"CORRUPCI\u00d3N, \u00bfAL ALZA O A LA BAJA? - Los pol\u00edticos Veracruz","isPartOf":{"@id":"https:\/\/lospoliticosveracruz.com\/#website"},"datePublished":"2022-08-26T20:34:00+00:00","dateModified":"2022-08-26T20:34:08+00:00","breadcrumb":{"@id":"https:\/\/lospoliticosveracruz.com\/?p=94532#breadcrumb"},"inLanguage":"es","potentialAction":[{"@type":"ReadAction","target":["https:\/\/lospoliticosveracruz.com\/?p=94532"]}]},{"@type":"BreadcrumbList","@id":"https:\/\/lospoliticosveracruz.com\/?p=94532#breadcrumb","itemListElement":[{"@type":"ListItem","position":1,"name":"Portada","item":"https:\/\/lospoliticosveracruz.com\/"},{"@type":"ListItem","position":2,"name":"CORRUPCI\u00d3N, \u00bfAL ALZA O A LA BAJA?"}]},{"@type":"WebSite","@id":"https:\/\/lospoliticosveracruz.com\/#website","url":"https:\/\/lospoliticosveracruz.com\/","name":"Los pol\u00edticos Veracruz","description":"","publisher":{"@id":"https:\/\/lospoliticosveracruz.com\/#organization"},"potentialAction":[{"@type":"SearchAction","target":{"@type":"EntryPoint","urlTemplate":"https:\/\/lospoliticosveracruz.com\/?s={search_term_string}"},"query-input":{"@type":"PropertyValueSpecification","valueRequired":true,"valueName":"search_term_string"}}],"inLanguage":"es"},{"@type":"Organization","@id":"https:\/\/lospoliticosveracruz.com\/#organization","name":"Los pol\u00edticos Veracruz","url":"https:\/\/lospoliticosveracruz.com\/","logo":{"@type":"ImageObject","inLanguage":"es","@id":"https:\/\/lospoliticosveracruz.com\/#\/schema\/logo\/image\/","url":"https:\/\/lospoliticosveracruz.com\/wp-content\/uploads\/2025\/12\/Logo-Nuevo-LOS-POLITICOS-1.jpg","contentUrl":"https:\/\/lospoliticosveracruz.com\/wp-content\/uploads\/2025\/12\/Logo-Nuevo-LOS-POLITICOS-1.jpg","width":260,"height":70,"caption":"Los pol\u00edticos Veracruz"},"image":{"@id":"https:\/\/lospoliticosveracruz.com\/#\/schema\/logo\/image\/"},"sameAs":["https:\/\/www.facebook.com\/people\/Notimemes-de-los-Polticos\/61565672886568\/","https:\/\/x.com\/LosPoliticosVer"]},{"@type":"Person","@id":"https:\/\/lospoliticosveracruz.com\/#\/schema\/person\/b8702bb0e538456e6efd07080bf2a4a2","name":"Lo viste en Los Pol\u00edticos","image":{"@type":"ImageObject","inLanguage":"es","@id":"https:\/\/secure.gravatar.com\/avatar\/3a8de04a2656d44082be478bd6c086daa447c4651605818287b9532d3d0bd435?s=96&d=mm&r=g","url":"https:\/\/secure.gravatar.com\/avatar\/3a8de04a2656d44082be478bd6c086daa447c4651605818287b9532d3d0bd435?s=96&d=mm&r=g","contentUrl":"https:\/\/secure.gravatar.com\/avatar\/3a8de04a2656d44082be478bd6c086daa447c4651605818287b9532d3d0bd435?s=96&d=mm&r=g","caption":"Lo viste en Los Pol\u00edticos"},"url":"https:\/\/lospoliticosveracruz.com\/?author=2"}]}},"_links":{"self":[{"href":"https:\/\/lospoliticosveracruz.com\/index.php?rest_route=\/wp\/v2\/posts\/94532","targetHints":{"allow":["GET"]}}],"collection":[{"href":"https:\/\/lospoliticosveracruz.com\/index.php?rest_route=\/wp\/v2\/posts"}],"about":[{"href":"https:\/\/lospoliticosveracruz.com\/index.php?rest_route=\/wp\/v2\/types\/post"}],"author":[{"embeddable":true,"href":"https:\/\/lospoliticosveracruz.com\/index.php?rest_route=\/wp\/v2\/users\/2"}],"replies":[{"embeddable":true,"href":"https:\/\/lospoliticosveracruz.com\/index.php?rest_route=%2Fwp%2Fv2%2Fcomments&post=94532"}],"version-history":[{"count":1,"href":"https:\/\/lospoliticosveracruz.com\/index.php?rest_route=\/wp\/v2\/posts\/94532\/revisions"}],"predecessor-version":[{"id":94534,"href":"https:\/\/lospoliticosveracruz.com\/index.php?rest_route=\/wp\/v2\/posts\/94532\/revisions\/94534"}],"wp:attachment":[{"href":"https:\/\/lospoliticosveracruz.com\/index.php?rest_route=%2Fwp%2Fv2%2Fmedia&parent=94532"}],"wp:term":[{"taxonomy":"category","embeddable":true,"href":"https:\/\/lospoliticosveracruz.com\/index.php?rest_route=%2Fwp%2Fv2%2Fcategories&post=94532"},{"taxonomy":"post_tag","embeddable":true,"href":"https:\/\/lospoliticosveracruz.com\/index.php?rest_route=%2Fwp%2Fv2%2Ftags&post=94532"}],"curies":[{"name":"wp","href":"https:\/\/api.w.org\/{rel}","templated":true}]}}