{"id":94625,"date":"2022-08-29T10:00:36","date_gmt":"2022-08-29T15:00:36","guid":{"rendered":"https:\/\/lospoliticosveracruz.com.mx\/?p=94625"},"modified":"2022-08-29T10:03:02","modified_gmt":"2022-08-29T15:03:02","slug":"regreso-a-clases-entre-crisis-de-salud-ausencias-e-inseguridad","status":"publish","type":"post","link":"https:\/\/lospoliticosveracruz.com\/?p=94625","title":{"rendered":"REGRESO A CLASES entre crisis de salud, ausencias e inseguridad"},"content":{"rendered":"\n<p><strong>Valeria Marcial<br><\/strong><em>Matices Pol\u00edticos<\/em><\/p>\n\n\n\n<p>La vuelta a la normalidad, se siente con el regreso a clases presenciales en todos los niveles educativos y con ello la ligera reactivaci\u00f3n de la econom\u00eda que durante algunos meses se contrajo.<br>Estas \u00faltimas semanas se han tornado complicadas en la econom\u00eda nacional ante el embate del incremento de los precios debido a la inflaci\u00f3n y la poca o nula estrategia del gobierno para estabilizar al pa\u00eds en materia econ\u00f3mica as\u00ed como la alarmante violencia e inseguridad en varios estados del pa\u00eds; pues ocupados est\u00e1n en las dadivas para mantener el voto de los que reciben programas de asistencia social y garantizar la continuidad en 2024.<\/p>\n\n\n\n<figure class=\"wp-block-image size-full\"><a href=\"https:\/\/lospoliticosveracruz.com.mx\/wp-content\/uploads\/2022\/05\/Seguro-Julio-Cerecedo.jpg\"><img decoding=\"async\" src=\"https:\/\/lospoliticosveracruz.com.mx\/wp-content\/uploads\/2022\/05\/Seguro-Julio-Cerecedo.jpg\" alt=\"\" class=\"wp-image-90414\"\/><\/a><\/figure>\n\n\n\n<p><br>M\u00e9xico est\u00e1 muy lejos de ser el pa\u00eds en desarrollo que pod\u00eda competir frente a las grandes potencias econ\u00f3micas para ser de los pa\u00edses m\u00e1s atractivos para la inversi\u00f3n extranjera. Las y los mexicanos vivimos en medio de una guerra entre bandas del crimen bien organizado que se mofa de la Guardia Nacional, la Secretar\u00eda de Marina, la Secretar\u00eda de la Defensa Nacional y todas las polic\u00edas del pa\u00eds, porque se ha cobijado y protegido a los narcotraficantes desde el gobierno tanto federal, estatal como en las administraciones municipales.<br>Este lunes 29 de agosto han vuelto a clases, cientos y quiz\u00e1 miles de ni\u00f1os cuyos padres ya no se encuentran ya con vida o permanecen en calidad de desaparecidos. Porque o fueron v\u00edctimas durante la pandemia por COVID19 o fueron asesinados o desaparecidos por el crimen organizado.<br>Esos ni\u00f1os que hoy regresan a la escuela (los que corrieron con mejor suerte) no crecer\u00e1n en un ambiente familiar sano y hasta por llamarlo as\u00ed \u201cnormal\u201d, crecer\u00e1n con la tristeza, la ausencia y el dolor de jam\u00e1s volver a ver a su padre o madre al salir del colegio con la ilusi\u00f3n de platicarle como estuvo su primer d\u00eda de clases.<br>En el sistema educativo p\u00fablico no se cuenta con ayuda psicol\u00f3gica especial en todos los planteles escolares; si no se cuenta en algunos casos con pupitres y ba\u00f1os dignos, ya pedir la asistencia y apoyo de personal capacitado para brindar apoyo psicol\u00f3gico a las y los ni\u00f1os, parece una exageraci\u00f3n.<br>Pero es el estado quien no ha garantizado seguridad y tambi\u00e9n la asistencia en materia de salud. Es el estado que inmerso en pol\u00edticas p\u00fablicas socialistas e interesado en la politiquer\u00eda, ha dejado a la deriva la seguridad y la salud, escud\u00e1ndose en las culpas al pasado.<br>Ya casi se cumplen los cuatro a\u00f1os de gobierno del presidente Andr\u00e9s Manuel L\u00f3pez Obrador y aunque el discurso medi\u00e1tico sobre el pa\u00eds es uno, la realidad de las y los mexicanos es otra. Pues este regreso a clases, miles de escuelas no cuentan con las herramientas suficientes para garantizarles a las y los ni\u00f1os la educaci\u00f3n a la que todos por ley tienen derecho en este pa\u00eds y peor a\u00fan, se ha echado a andar una nueva \u201cestrategia educativa\u201d o modelo escolar en medio de la crisis educativa, sin previo diagn\u00f3stico de la comunidad escolar.<br>En la actual administraci\u00f3n que encabeza el presidente Andr\u00e9s Manuel L\u00f3pez Obrador se redujo el recurso para investigaci\u00f3n, se han aplicado recortes a la educaci\u00f3n y peor a\u00fan, en la construcci\u00f3n, rehabilitaci\u00f3n, restauraci\u00f3n y mejoramientos de las escuelas, lo que m\u00e1s impera es la corrupci\u00f3n y los moches, lo que disminuye la calidad de las obras. Sin olvidar que la Secretaria de Educaci\u00f3n saliente Delfina G\u00f3mez es acusada de pedir moches para las campa\u00f1as.<br>Nuestros ni\u00f1os y ni\u00f1as regresan a clases, queda como padres, reforzar la educaci\u00f3n de nuestros hijos, acudiendo a mecanismos alternativos para el mejoramiento del aprovechamiento escolar.<br>Lo m\u00e1s triste, indignante y preocupante son los miles de ni\u00f1os que no volvieron a clases\u2026 porque murieron en medio de una balacera o porque sus padres o tutores no cuentan con recursos econ\u00f3micos para llevarlos a que estudien. La deserci\u00f3n escolar increment\u00f3 y no se puede ocultar.<br>Habr\u00e1 que aplicarse y analizar si es verdaderamente conveniente continuar el rumbo de la Cuarta Transformaci\u00f3n o desacelerar la locomotora de la 4T, la opci\u00f3n la tiene \u00fanicamente cada ciudadano con el poder del voto en 2024.<br>Twitter: @ValeriaMarcial<br>Facebook e Instagram @Valeria Marcial Informa<br>redaccionmaticespoliticos@gmail.com<\/p>\n","protected":false},"excerpt":{"rendered":"<p>Valeria MarcialMatices Pol\u00edticos La vuelta a la normalidad, se siente con el regreso a clases presenciales en todos los niveles educativos y con ello la ligera reactivaci\u00f3n de la econom\u00eda que durante algunos meses se contrajo.Estas \u00faltimas semanas se han tornado complicadas en la econom\u00eda nacional ante el embate del incremento de los precios debido [&hellip;]<\/p>\n","protected":false},"author":2,"featured_media":0,"comment_status":"closed","ping_status":"closed","sticky":false,"template":"","format":"standard","meta":{"tdm_status":"","tdm_grid_status":"","footnotes":""},"categories":[70],"tags":[17426,618,24197,7622,1026],"class_list":{"0":"post-94625","1":"post","2":"type-post","3":"status-publish","4":"format-standard","6":"category-de-opinion","7":"tag-4t","8":"tag-andres-manuel-lopez-obrador","9":"tag-clases-presenciales","10":"tag-delfina-gomez","11":"tag-morena"},"yoast_head":"<!-- This site is optimized with the Yoast SEO plugin v27.4 - https:\/\/yoast.com\/product\/yoast-seo-wordpress\/ -->\n<title>REGRESO A CLASES entre crisis de salud, ausencias e inseguridad - Los pol\u00edticos Veracruz<\/title>\n<meta name=\"robots\" content=\"index, follow, max-snippet:-1, max-image-preview:large, max-video-preview:-1\" \/>\n<link rel=\"canonical\" href=\"https:\/\/lospoliticosveracruz.com\/?p=94625\" \/>\n<meta property=\"og:locale\" content=\"es_ES\" \/>\n<meta property=\"og:type\" content=\"article\" \/>\n<meta property=\"og:title\" content=\"REGRESO A CLASES entre crisis de salud, ausencias e inseguridad - Los pol\u00edticos Veracruz\" \/>\n<meta property=\"og:description\" content=\"Valeria MarcialMatices Pol\u00edticos La vuelta a la normalidad, se siente con el regreso a clases presenciales en todos los niveles educativos y con ello la ligera reactivaci\u00f3n de la econom\u00eda que durante algunos meses se contrajo.Estas \u00faltimas semanas se han tornado complicadas en la econom\u00eda nacional ante el embate del incremento de los precios debido [&hellip;]\" \/>\n<meta property=\"og:url\" content=\"https:\/\/lospoliticosveracruz.com\/?p=94625\" \/>\n<meta property=\"og:site_name\" content=\"Los pol\u00edticos Veracruz\" \/>\n<meta property=\"article:publisher\" content=\"https:\/\/www.facebook.com\/people\/Notimemes-de-los-Polticos\/61565672886568\/\" \/>\n<meta property=\"article:published_time\" content=\"2022-08-29T15:00:36+00:00\" \/>\n<meta property=\"article:modified_time\" content=\"2022-08-29T15:03:02+00:00\" \/>\n<meta property=\"og:image\" content=\"https:\/\/lospoliticosveracruz.com.mx\/wp-content\/uploads\/2022\/05\/Seguro-Julio-Cerecedo.jpg\" \/>\n<meta name=\"author\" content=\"Lo viste en Los Pol\u00edticos\" \/>\n<meta name=\"twitter:card\" content=\"summary_large_image\" \/>\n<meta name=\"twitter:creator\" content=\"@LosPoliticosVer\" \/>\n<meta name=\"twitter:site\" content=\"@LosPoliticosVer\" \/>\n<meta name=\"twitter:label1\" content=\"Escrito por\" \/>\n\t<meta name=\"twitter:data1\" content=\"Lo viste en Los Pol\u00edticos\" \/>\n\t<meta name=\"twitter:label2\" content=\"Tiempo de lectura\" \/>\n\t<meta name=\"twitter:data2\" content=\"4 minutos\" \/>\n<script type=\"application\/ld+json\" class=\"yoast-schema-graph\">{\"@context\":\"https:\\\/\\\/schema.org\",\"@graph\":[{\"@type\":\"Article\",\"@id\":\"https:\\\/\\\/lospoliticosveracruz.com\\\/?p=94625#article\",\"isPartOf\":{\"@id\":\"https:\\\/\\\/lospoliticosveracruz.com\\\/?p=94625\"},\"author\":{\"name\":\"Lo viste en Los Pol\u00edticos\",\"@id\":\"https:\\\/\\\/lospoliticosveracruz.com\\\/#\\\/schema\\\/person\\\/b8702bb0e538456e6efd07080bf2a4a2\"},\"headline\":\"REGRESO A CLASES entre crisis de salud, ausencias e inseguridad\",\"datePublished\":\"2022-08-29T15:00:36+00:00\",\"dateModified\":\"2022-08-29T15:03:02+00:00\",\"mainEntityOfPage\":{\"@id\":\"https:\\\/\\\/lospoliticosveracruz.com\\\/?p=94625\"},\"wordCount\":776,\"publisher\":{\"@id\":\"https:\\\/\\\/lospoliticosveracruz.com\\\/#organization\"},\"image\":{\"@id\":\"https:\\\/\\\/lospoliticosveracruz.com\\\/?p=94625#primaryimage\"},\"thumbnailUrl\":\"https:\\\/\\\/lospoliticosveracruz.com.mx\\\/wp-content\\\/uploads\\\/2022\\\/05\\\/Seguro-Julio-Cerecedo.jpg\",\"keywords\":[\"4T\",\"Andr\u00e9s Manuel L\u00f3pez Obrador\",\"clases presenciales\",\"Delfina G\u00f3mez\",\"Morena\"],\"articleSection\":[\"De Opini\u00f3n\"],\"inLanguage\":\"es\"},{\"@type\":\"WebPage\",\"@id\":\"https:\\\/\\\/lospoliticosveracruz.com\\\/?p=94625\",\"url\":\"https:\\\/\\\/lospoliticosveracruz.com\\\/?p=94625\",\"name\":\"REGRESO A CLASES entre crisis de salud, ausencias e inseguridad - Los pol\u00edticos Veracruz\",\"isPartOf\":{\"@id\":\"https:\\\/\\\/lospoliticosveracruz.com\\\/#website\"},\"primaryImageOfPage\":{\"@id\":\"https:\\\/\\\/lospoliticosveracruz.com\\\/?p=94625#primaryimage\"},\"image\":{\"@id\":\"https:\\\/\\\/lospoliticosveracruz.com\\\/?p=94625#primaryimage\"},\"thumbnailUrl\":\"https:\\\/\\\/lospoliticosveracruz.com.mx\\\/wp-content\\\/uploads\\\/2022\\\/05\\\/Seguro-Julio-Cerecedo.jpg\",\"datePublished\":\"2022-08-29T15:00:36+00:00\",\"dateModified\":\"2022-08-29T15:03:02+00:00\",\"breadcrumb\":{\"@id\":\"https:\\\/\\\/lospoliticosveracruz.com\\\/?p=94625#breadcrumb\"},\"inLanguage\":\"es\",\"potentialAction\":[{\"@type\":\"ReadAction\",\"target\":[\"https:\\\/\\\/lospoliticosveracruz.com\\\/?p=94625\"]}]},{\"@type\":\"ImageObject\",\"inLanguage\":\"es\",\"@id\":\"https:\\\/\\\/lospoliticosveracruz.com\\\/?p=94625#primaryimage\",\"url\":\"https:\\\/\\\/lospoliticosveracruz.com.mx\\\/wp-content\\\/uploads\\\/2022\\\/05\\\/Seguro-Julio-Cerecedo.jpg\",\"contentUrl\":\"https:\\\/\\\/lospoliticosveracruz.com.mx\\\/wp-content\\\/uploads\\\/2022\\\/05\\\/Seguro-Julio-Cerecedo.jpg\"},{\"@type\":\"BreadcrumbList\",\"@id\":\"https:\\\/\\\/lospoliticosveracruz.com\\\/?p=94625#breadcrumb\",\"itemListElement\":[{\"@type\":\"ListItem\",\"position\":1,\"name\":\"Portada\",\"item\":\"https:\\\/\\\/lospoliticosveracruz.com\\\/\"},{\"@type\":\"ListItem\",\"position\":2,\"name\":\"REGRESO A CLASES entre crisis de salud, ausencias e inseguridad\"}]},{\"@type\":\"WebSite\",\"@id\":\"https:\\\/\\\/lospoliticosveracruz.com\\\/#website\",\"url\":\"https:\\\/\\\/lospoliticosveracruz.com\\\/\",\"name\":\"Los pol\u00edticos Veracruz\",\"description\":\"\",\"publisher\":{\"@id\":\"https:\\\/\\\/lospoliticosveracruz.com\\\/#organization\"},\"potentialAction\":[{\"@type\":\"SearchAction\",\"target\":{\"@type\":\"EntryPoint\",\"urlTemplate\":\"https:\\\/\\\/lospoliticosveracruz.com\\\/?s={search_term_string}\"},\"query-input\":{\"@type\":\"PropertyValueSpecification\",\"valueRequired\":true,\"valueName\":\"search_term_string\"}}],\"inLanguage\":\"es\"},{\"@type\":\"Organization\",\"@id\":\"https:\\\/\\\/lospoliticosveracruz.com\\\/#organization\",\"name\":\"Los pol\u00edticos Veracruz\",\"url\":\"https:\\\/\\\/lospoliticosveracruz.com\\\/\",\"logo\":{\"@type\":\"ImageObject\",\"inLanguage\":\"es\",\"@id\":\"https:\\\/\\\/lospoliticosveracruz.com\\\/#\\\/schema\\\/logo\\\/image\\\/\",\"url\":\"https:\\\/\\\/lospoliticosveracruz.com\\\/wp-content\\\/uploads\\\/2025\\\/12\\\/Logo-Nuevo-LOS-POLITICOS-1.jpg\",\"contentUrl\":\"https:\\\/\\\/lospoliticosveracruz.com\\\/wp-content\\\/uploads\\\/2025\\\/12\\\/Logo-Nuevo-LOS-POLITICOS-1.jpg\",\"width\":260,\"height\":70,\"caption\":\"Los pol\u00edticos Veracruz\"},\"image\":{\"@id\":\"https:\\\/\\\/lospoliticosveracruz.com\\\/#\\\/schema\\\/logo\\\/image\\\/\"},\"sameAs\":[\"https:\\\/\\\/www.facebook.com\\\/people\\\/Notimemes-de-los-Polticos\\\/61565672886568\\\/\",\"https:\\\/\\\/x.com\\\/LosPoliticosVer\"]},{\"@type\":\"Person\",\"@id\":\"https:\\\/\\\/lospoliticosveracruz.com\\\/#\\\/schema\\\/person\\\/b8702bb0e538456e6efd07080bf2a4a2\",\"name\":\"Lo viste en Los Pol\u00edticos\",\"image\":{\"@type\":\"ImageObject\",\"inLanguage\":\"es\",\"@id\":\"https:\\\/\\\/secure.gravatar.com\\\/avatar\\\/3a8de04a2656d44082be478bd6c086daa447c4651605818287b9532d3d0bd435?s=96&d=mm&r=g\",\"url\":\"https:\\\/\\\/secure.gravatar.com\\\/avatar\\\/3a8de04a2656d44082be478bd6c086daa447c4651605818287b9532d3d0bd435?s=96&d=mm&r=g\",\"contentUrl\":\"https:\\\/\\\/secure.gravatar.com\\\/avatar\\\/3a8de04a2656d44082be478bd6c086daa447c4651605818287b9532d3d0bd435?s=96&d=mm&r=g\",\"caption\":\"Lo viste en Los Pol\u00edticos\"},\"url\":\"https:\\\/\\\/lospoliticosveracruz.com\\\/?author=2\"}]}<\/script>\n<!-- \/ Yoast SEO plugin. -->","yoast_head_json":{"title":"REGRESO A CLASES entre crisis de salud, ausencias e inseguridad - Los pol\u00edticos Veracruz","robots":{"index":"index","follow":"follow","max-snippet":"max-snippet:-1","max-image-preview":"max-image-preview:large","max-video-preview":"max-video-preview:-1"},"canonical":"https:\/\/lospoliticosveracruz.com\/?p=94625","og_locale":"es_ES","og_type":"article","og_title":"REGRESO A CLASES entre crisis de salud, ausencias e inseguridad - Los pol\u00edticos Veracruz","og_description":"Valeria MarcialMatices Pol\u00edticos La vuelta a la normalidad, se siente con el regreso a clases presenciales en todos los niveles educativos y con ello la ligera reactivaci\u00f3n de la econom\u00eda que durante algunos meses se contrajo.Estas \u00faltimas semanas se han tornado complicadas en la econom\u00eda nacional ante el embate del incremento de los precios debido [&hellip;]","og_url":"https:\/\/lospoliticosveracruz.com\/?p=94625","og_site_name":"Los pol\u00edticos Veracruz","article_publisher":"https:\/\/www.facebook.com\/people\/Notimemes-de-los-Polticos\/61565672886568\/","article_published_time":"2022-08-29T15:00:36+00:00","article_modified_time":"2022-08-29T15:03:02+00:00","og_image":[{"url":"https:\/\/lospoliticosveracruz.com.mx\/wp-content\/uploads\/2022\/05\/Seguro-Julio-Cerecedo.jpg","type":"","width":"","height":""}],"author":"Lo viste en Los Pol\u00edticos","twitter_card":"summary_large_image","twitter_creator":"@LosPoliticosVer","twitter_site":"@LosPoliticosVer","twitter_misc":{"Escrito por":"Lo viste en Los Pol\u00edticos","Tiempo de lectura":"4 minutos"},"schema":{"@context":"https:\/\/schema.org","@graph":[{"@type":"Article","@id":"https:\/\/lospoliticosveracruz.com\/?p=94625#article","isPartOf":{"@id":"https:\/\/lospoliticosveracruz.com\/?p=94625"},"author":{"name":"Lo viste en Los Pol\u00edticos","@id":"https:\/\/lospoliticosveracruz.com\/#\/schema\/person\/b8702bb0e538456e6efd07080bf2a4a2"},"headline":"REGRESO A CLASES entre crisis de salud, ausencias e inseguridad","datePublished":"2022-08-29T15:00:36+00:00","dateModified":"2022-08-29T15:03:02+00:00","mainEntityOfPage":{"@id":"https:\/\/lospoliticosveracruz.com\/?p=94625"},"wordCount":776,"publisher":{"@id":"https:\/\/lospoliticosveracruz.com\/#organization"},"image":{"@id":"https:\/\/lospoliticosveracruz.com\/?p=94625#primaryimage"},"thumbnailUrl":"https:\/\/lospoliticosveracruz.com.mx\/wp-content\/uploads\/2022\/05\/Seguro-Julio-Cerecedo.jpg","keywords":["4T","Andr\u00e9s Manuel L\u00f3pez Obrador","clases presenciales","Delfina G\u00f3mez","Morena"],"articleSection":["De Opini\u00f3n"],"inLanguage":"es"},{"@type":"WebPage","@id":"https:\/\/lospoliticosveracruz.com\/?p=94625","url":"https:\/\/lospoliticosveracruz.com\/?p=94625","name":"REGRESO A CLASES entre crisis de salud, ausencias e inseguridad - Los pol\u00edticos Veracruz","isPartOf":{"@id":"https:\/\/lospoliticosveracruz.com\/#website"},"primaryImageOfPage":{"@id":"https:\/\/lospoliticosveracruz.com\/?p=94625#primaryimage"},"image":{"@id":"https:\/\/lospoliticosveracruz.com\/?p=94625#primaryimage"},"thumbnailUrl":"https:\/\/lospoliticosveracruz.com.mx\/wp-content\/uploads\/2022\/05\/Seguro-Julio-Cerecedo.jpg","datePublished":"2022-08-29T15:00:36+00:00","dateModified":"2022-08-29T15:03:02+00:00","breadcrumb":{"@id":"https:\/\/lospoliticosveracruz.com\/?p=94625#breadcrumb"},"inLanguage":"es","potentialAction":[{"@type":"ReadAction","target":["https:\/\/lospoliticosveracruz.com\/?p=94625"]}]},{"@type":"ImageObject","inLanguage":"es","@id":"https:\/\/lospoliticosveracruz.com\/?p=94625#primaryimage","url":"https:\/\/lospoliticosveracruz.com.mx\/wp-content\/uploads\/2022\/05\/Seguro-Julio-Cerecedo.jpg","contentUrl":"https:\/\/lospoliticosveracruz.com.mx\/wp-content\/uploads\/2022\/05\/Seguro-Julio-Cerecedo.jpg"},{"@type":"BreadcrumbList","@id":"https:\/\/lospoliticosveracruz.com\/?p=94625#breadcrumb","itemListElement":[{"@type":"ListItem","position":1,"name":"Portada","item":"https:\/\/lospoliticosveracruz.com\/"},{"@type":"ListItem","position":2,"name":"REGRESO A CLASES entre crisis de salud, ausencias e inseguridad"}]},{"@type":"WebSite","@id":"https:\/\/lospoliticosveracruz.com\/#website","url":"https:\/\/lospoliticosveracruz.com\/","name":"Los pol\u00edticos Veracruz","description":"","publisher":{"@id":"https:\/\/lospoliticosveracruz.com\/#organization"},"potentialAction":[{"@type":"SearchAction","target":{"@type":"EntryPoint","urlTemplate":"https:\/\/lospoliticosveracruz.com\/?s={search_term_string}"},"query-input":{"@type":"PropertyValueSpecification","valueRequired":true,"valueName":"search_term_string"}}],"inLanguage":"es"},{"@type":"Organization","@id":"https:\/\/lospoliticosveracruz.com\/#organization","name":"Los pol\u00edticos Veracruz","url":"https:\/\/lospoliticosveracruz.com\/","logo":{"@type":"ImageObject","inLanguage":"es","@id":"https:\/\/lospoliticosveracruz.com\/#\/schema\/logo\/image\/","url":"https:\/\/lospoliticosveracruz.com\/wp-content\/uploads\/2025\/12\/Logo-Nuevo-LOS-POLITICOS-1.jpg","contentUrl":"https:\/\/lospoliticosveracruz.com\/wp-content\/uploads\/2025\/12\/Logo-Nuevo-LOS-POLITICOS-1.jpg","width":260,"height":70,"caption":"Los pol\u00edticos Veracruz"},"image":{"@id":"https:\/\/lospoliticosveracruz.com\/#\/schema\/logo\/image\/"},"sameAs":["https:\/\/www.facebook.com\/people\/Notimemes-de-los-Polticos\/61565672886568\/","https:\/\/x.com\/LosPoliticosVer"]},{"@type":"Person","@id":"https:\/\/lospoliticosveracruz.com\/#\/schema\/person\/b8702bb0e538456e6efd07080bf2a4a2","name":"Lo viste en Los Pol\u00edticos","image":{"@type":"ImageObject","inLanguage":"es","@id":"https:\/\/secure.gravatar.com\/avatar\/3a8de04a2656d44082be478bd6c086daa447c4651605818287b9532d3d0bd435?s=96&d=mm&r=g","url":"https:\/\/secure.gravatar.com\/avatar\/3a8de04a2656d44082be478bd6c086daa447c4651605818287b9532d3d0bd435?s=96&d=mm&r=g","contentUrl":"https:\/\/secure.gravatar.com\/avatar\/3a8de04a2656d44082be478bd6c086daa447c4651605818287b9532d3d0bd435?s=96&d=mm&r=g","caption":"Lo viste en Los Pol\u00edticos"},"url":"https:\/\/lospoliticosveracruz.com\/?author=2"}]}},"_links":{"self":[{"href":"https:\/\/lospoliticosveracruz.com\/index.php?rest_route=\/wp\/v2\/posts\/94625","targetHints":{"allow":["GET"]}}],"collection":[{"href":"https:\/\/lospoliticosveracruz.com\/index.php?rest_route=\/wp\/v2\/posts"}],"about":[{"href":"https:\/\/lospoliticosveracruz.com\/index.php?rest_route=\/wp\/v2\/types\/post"}],"author":[{"embeddable":true,"href":"https:\/\/lospoliticosveracruz.com\/index.php?rest_route=\/wp\/v2\/users\/2"}],"replies":[{"embeddable":true,"href":"https:\/\/lospoliticosveracruz.com\/index.php?rest_route=%2Fwp%2Fv2%2Fcomments&post=94625"}],"version-history":[{"count":1,"href":"https:\/\/lospoliticosveracruz.com\/index.php?rest_route=\/wp\/v2\/posts\/94625\/revisions"}],"predecessor-version":[{"id":94626,"href":"https:\/\/lospoliticosveracruz.com\/index.php?rest_route=\/wp\/v2\/posts\/94625\/revisions\/94626"}],"wp:attachment":[{"href":"https:\/\/lospoliticosveracruz.com\/index.php?rest_route=%2Fwp%2Fv2%2Fmedia&parent=94625"}],"wp:term":[{"taxonomy":"category","embeddable":true,"href":"https:\/\/lospoliticosveracruz.com\/index.php?rest_route=%2Fwp%2Fv2%2Fcategories&post=94625"},{"taxonomy":"post_tag","embeddable":true,"href":"https:\/\/lospoliticosveracruz.com\/index.php?rest_route=%2Fwp%2Fv2%2Ftags&post=94625"}],"curies":[{"name":"wp","href":"https:\/\/api.w.org\/{rel}","templated":true}]}}