{"id":94703,"date":"2022-08-30T07:57:45","date_gmt":"2022-08-30T12:57:45","guid":{"rendered":"https:\/\/lospoliticosveracruz.com.mx\/?p=94703"},"modified":"2022-08-30T07:57:53","modified_gmt":"2022-08-30T12:57:53","slug":"cuitlahuac-deberia-hacer-su-guardadito","status":"publish","type":"post","link":"https:\/\/lospoliticosveracruz.com\/?p=94703","title":{"rendered":"CUITL\u00c1HUAC DEBER\u00cdA HACER SU GUARDADITO"},"content":{"rendered":"\n<p><strong>Bernardo Guti\u00e9rrez Parra<br><\/strong><em>Desde el Caf\u00e9<\/em><\/p>\n\n\n\n<p>La declaraci\u00f3n patrimonial de los funcionarios p\u00fablicos es una jalada que no ha servido para nada. Por aqu\u00ed entran con una mano atr\u00e1s y otra adelante como responsables de una dependencia, y por ac\u00e1 salen forrados de millones de pesos y bienes muebles e inmuebles que nunca empatan con el sueldo que devengaron.<\/p>\n\n\n\n<figure class=\"wp-block-image size-full\"><a href=\"https:\/\/lospoliticosveracruz.com.mx\/wp-content\/uploads\/2022\/05\/Seguro-Julio-Cerecedo.jpg\"><img decoding=\"async\" src=\"https:\/\/lospoliticosveracruz.com.mx\/wp-content\/uploads\/2022\/05\/Seguro-Julio-Cerecedo.jpg\" alt=\"\" class=\"wp-image-90414\"\/><\/a><\/figure>\n\n\n\n<p>Si lo vimos por a\u00f1os con ladrones tricolores, azules y amarillos, lo seguimos viendo con los honestos e impolutos funcionarios de la 4T que a pesar de que visten guayaberas compradas en el tianguis y traen los zapatos gastados de los tacones, de han hecho de millones de pesos y de propiedades que jam\u00e1s so\u00f1aron, por mucho que se empe\u00f1en en negarlo.<\/p>\n\n\n\n<p>Para acallar esos se\u00f1alamientos, el pasado el 12 de agosto y en un evento donde estuvieron la titular de la Contralor\u00eda, Mercedes Santoyo Dom\u00ednguez y la presidenta del IVAI, Naldy Patricia Rodr\u00edguez Lagunes, el gobernador Cuitl\u00e1huac Garc\u00eda anunci\u00f3 que se har\u00edan p\u00fablicas las declaraciones patrimoniales de los servidores p\u00fablicos.<\/p>\n\n\n\n<p>Y como siempre fue m\u00e1s all\u00e1: \u201cQueremos dar garant\u00eda de que los recursos p\u00fablicos nunca m\u00e1s lleguen a los bolsillos de los funcionarios de manera ilegal. Ya no m\u00e1s gobernadores que construyan fortunas con el dinero p\u00fablico\u201d.<\/p>\n\n\n\n<p>\u00bfQu\u00e9 pensar\u00edan do\u00f1a Mercedes y Naldy al escuchar semejante sandez?<\/p>\n\n\n\n<p>Pero se le revir\u00f3 el chicote a Cuitl\u00e1huac.<\/p>\n\n\n\n<p>D\u00edas antes de su perorata, el portal de noticias Infobae M\u00e9xico solicit\u00f3 a la Contralor\u00eda conocer la situaci\u00f3n patrimonial del mandatario estatal y el 9 de agosto le entregaron la informaci\u00f3n pero testada, es decir, con datos de su patrimonio censurados, con el argumento de que se trata de informaci\u00f3n confidencial.<\/p>\n\n\n\n<p>De acuerdo con el mismo Infobae, Jos\u00e9 David Hern\u00e1ndez Ortiz, director general de Responsabilidad Administrativas de la Contralor\u00eda, fue quien solicit\u00f3 la reserva de la informaci\u00f3n del gobernador porque \u201crepresenta un riesgo a su vida como servidor p\u00fablico\u201d.<\/p>\n\n\n\n<p>Qu\u00e9 bueno que lo protejan, pero \u00bfpor qu\u00e9 dejar en la indefensi\u00f3n a los dem\u00e1s servidores al hacer p\u00fablicas sus declaraciones patrimoniales en estos tiempos violentos e inseguros?<\/p>\n\n\n\n<p>Imagina lector que se sepa que Fulanito de tal tiene una peque\u00f1a fortuna de 400 millones de pesos, dos mansioncitas, tres ranchitos de 200 hect\u00e1reas cada uno, tres Mercedes, dos BMW y una Durango en la que la muchacha va al mercado a comprar todas las cosas del mandado, eso es una invitaci\u00f3n al secuestro.<\/p>\n\n\n\n<p>Una cosa es que se les exija la in\u00fatil declaraci\u00f3n patrimonial y otra bien diferente y peligrosa es balconearlos.<\/p>\n\n\n\n<p>Tras la petici\u00f3n del Infobae y quiz\u00e1 para curarse en salud, Cuitl\u00e1huac sali\u00f3 a decir. \u201cNo he comprado ranchos, no tengo casas en el extranjero, ni tengo c\u00f3mo adquirirlos; mi ingreso est\u00e1 plenamente justificado con lo que gasto y con lo que he adquirido. Estoy viendo si me da para un poquito m\u00e1s; empezar ya a construir una casa porque ahorita vivo de prestado, as\u00ed les digo\u2026 yo no uso ni prestanombres, ni amigos ni familiares\u201d.<\/p>\n\n\n\n<p>Esto \u00faltimo que se lo crean en la casa donde vive de prestado.<\/p>\n\n\n\n<p>Mal har\u00e1 Cuitl\u00e1huac si no tiene un patrimonio que lo ayude a sortear lo que se le vendr\u00e1 despu\u00e9s del 2024.<\/p>\n\n\n\n<p>Durante estos cuatro a\u00f1os vaya que se ha hecho de enemigos, algunos pertenecen a los m\u00e1s de 2 mil que envi\u00f3 a prisi\u00f3n acusados de ultrajes a la autoridad, otros son pol\u00edticos resentidos y empresarios defraudados a los que se las debe y se la van a cobrar.<\/p>\n\n\n\n<p>Cuitl\u00e1huac ha creado muchos enconos por sus abusos de autoridad y las demandas penales le llover\u00e1n quiz\u00e1 por docenas apenas deje el cargo.<\/p>\n\n\n\n<p>De ah\u00ed la necesidad de que se haga de un guardadito porque los abogados defensores cuestan y cuestan caro. Sobre todo, cuando tienen que sacar a su defendido de la c\u00e1rcel.<\/p>\n\n\n\n<p>bernardogup@hotmail.com<\/p>\n","protected":false},"excerpt":{"rendered":"<p>Bernardo Guti\u00e9rrez ParraDesde el Caf\u00e9 La declaraci\u00f3n patrimonial de los funcionarios p\u00fablicos es una jalada que no ha servido para nada. Por aqu\u00ed entran con una mano atr\u00e1s y otra adelante como responsables de una dependencia, y por ac\u00e1 salen forrados de millones de pesos y bienes muebles e inmuebles que nunca empatan con el [&hellip;]<\/p>\n","protected":false},"author":2,"featured_media":0,"comment_status":"closed","ping_status":"closed","sticky":false,"template":"","format":"standard","meta":{"tdm_status":"","tdm_grid_status":"","footnotes":""},"categories":[70],"tags":[34206,1563,34861,985,5584,1026,5578,195],"class_list":{"0":"post-94703","1":"post","2":"type-post","3":"status-publish","4":"format-standard","6":"category-de-opinion","7":"tag-bernardo-gutierrez-parra","8":"tag-cuitlahuac-garcia-jimenez","9":"tag-infobae","10":"tag-ivai","11":"tag-mercedes-santoyo-dominguez","12":"tag-morena","13":"tag-naldy-patricia-rodriguez-lagunes","14":"tag-veracruz"},"yoast_head":"<!-- This site is optimized with the Yoast SEO plugin v27.4 - https:\/\/yoast.com\/product\/yoast-seo-wordpress\/ -->\n<title>CUITL\u00c1HUAC DEBER\u00cdA HACER SU GUARDADITO - Los pol\u00edticos Veracruz<\/title>\n<meta name=\"robots\" content=\"index, follow, max-snippet:-1, max-image-preview:large, max-video-preview:-1\" \/>\n<link rel=\"canonical\" href=\"https:\/\/lospoliticosveracruz.com\/?p=94703\" \/>\n<meta property=\"og:locale\" content=\"es_ES\" \/>\n<meta property=\"og:type\" content=\"article\" \/>\n<meta property=\"og:title\" content=\"CUITL\u00c1HUAC DEBER\u00cdA HACER SU GUARDADITO - Los pol\u00edticos Veracruz\" \/>\n<meta property=\"og:description\" content=\"Bernardo Guti\u00e9rrez ParraDesde el Caf\u00e9 La declaraci\u00f3n patrimonial de los funcionarios p\u00fablicos es una jalada que no ha servido para nada. Por aqu\u00ed entran con una mano atr\u00e1s y otra adelante como responsables de una dependencia, y por ac\u00e1 salen forrados de millones de pesos y bienes muebles e inmuebles que nunca empatan con el [&hellip;]\" \/>\n<meta property=\"og:url\" content=\"https:\/\/lospoliticosveracruz.com\/?p=94703\" \/>\n<meta property=\"og:site_name\" content=\"Los pol\u00edticos Veracruz\" \/>\n<meta property=\"article:publisher\" content=\"https:\/\/www.facebook.com\/people\/Notimemes-de-los-Polticos\/61565672886568\/\" \/>\n<meta property=\"article:published_time\" content=\"2022-08-30T12:57:45+00:00\" \/>\n<meta property=\"article:modified_time\" content=\"2022-08-30T12:57:53+00:00\" \/>\n<meta property=\"og:image\" content=\"https:\/\/lospoliticosveracruz.com.mx\/wp-content\/uploads\/2022\/05\/Seguro-Julio-Cerecedo.jpg\" \/>\n<meta name=\"author\" content=\"Lo viste en Los Pol\u00edticos\" \/>\n<meta name=\"twitter:card\" content=\"summary_large_image\" \/>\n<meta name=\"twitter:creator\" content=\"@LosPoliticosVer\" \/>\n<meta name=\"twitter:site\" content=\"@LosPoliticosVer\" \/>\n<meta name=\"twitter:label1\" content=\"Escrito por\" \/>\n\t<meta name=\"twitter:data1\" content=\"Lo viste en Los Pol\u00edticos\" \/>\n\t<meta name=\"twitter:label2\" content=\"Tiempo de lectura\" \/>\n\t<meta name=\"twitter:data2\" content=\"3 minutos\" \/>\n<script type=\"application\/ld+json\" class=\"yoast-schema-graph\">{\"@context\":\"https:\\\/\\\/schema.org\",\"@graph\":[{\"@type\":\"Article\",\"@id\":\"https:\\\/\\\/lospoliticosveracruz.com\\\/?p=94703#article\",\"isPartOf\":{\"@id\":\"https:\\\/\\\/lospoliticosveracruz.com\\\/?p=94703\"},\"author\":{\"name\":\"Lo viste en Los Pol\u00edticos\",\"@id\":\"https:\\\/\\\/lospoliticosveracruz.com\\\/#\\\/schema\\\/person\\\/b8702bb0e538456e6efd07080bf2a4a2\"},\"headline\":\"CUITL\u00c1HUAC DEBER\u00cdA HACER SU GUARDADITO\",\"datePublished\":\"2022-08-30T12:57:45+00:00\",\"dateModified\":\"2022-08-30T12:57:53+00:00\",\"mainEntityOfPage\":{\"@id\":\"https:\\\/\\\/lospoliticosveracruz.com\\\/?p=94703\"},\"wordCount\":689,\"publisher\":{\"@id\":\"https:\\\/\\\/lospoliticosveracruz.com\\\/#organization\"},\"image\":{\"@id\":\"https:\\\/\\\/lospoliticosveracruz.com\\\/?p=94703#primaryimage\"},\"thumbnailUrl\":\"https:\\\/\\\/lospoliticosveracruz.com.mx\\\/wp-content\\\/uploads\\\/2022\\\/05\\\/Seguro-Julio-Cerecedo.jpg\",\"keywords\":[\"Bernardo Guti\u00e9rrez Parra\",\"Cuitl\u00e1huac Garc\u00eda Jim\u00e9nez\",\"Infobae\",\"IVAI\",\"Mercedes Santoyo Dom\u00ednguez\",\"Morena\",\"Naldy Patricia Rodr\u00edguez Lagunes\",\"Veracruz\"],\"articleSection\":[\"De Opini\u00f3n\"],\"inLanguage\":\"es\"},{\"@type\":\"WebPage\",\"@id\":\"https:\\\/\\\/lospoliticosveracruz.com\\\/?p=94703\",\"url\":\"https:\\\/\\\/lospoliticosveracruz.com\\\/?p=94703\",\"name\":\"CUITL\u00c1HUAC DEBER\u00cdA HACER SU GUARDADITO - Los pol\u00edticos Veracruz\",\"isPartOf\":{\"@id\":\"https:\\\/\\\/lospoliticosveracruz.com\\\/#website\"},\"primaryImageOfPage\":{\"@id\":\"https:\\\/\\\/lospoliticosveracruz.com\\\/?p=94703#primaryimage\"},\"image\":{\"@id\":\"https:\\\/\\\/lospoliticosveracruz.com\\\/?p=94703#primaryimage\"},\"thumbnailUrl\":\"https:\\\/\\\/lospoliticosveracruz.com.mx\\\/wp-content\\\/uploads\\\/2022\\\/05\\\/Seguro-Julio-Cerecedo.jpg\",\"datePublished\":\"2022-08-30T12:57:45+00:00\",\"dateModified\":\"2022-08-30T12:57:53+00:00\",\"breadcrumb\":{\"@id\":\"https:\\\/\\\/lospoliticosveracruz.com\\\/?p=94703#breadcrumb\"},\"inLanguage\":\"es\",\"potentialAction\":[{\"@type\":\"ReadAction\",\"target\":[\"https:\\\/\\\/lospoliticosveracruz.com\\\/?p=94703\"]}]},{\"@type\":\"ImageObject\",\"inLanguage\":\"es\",\"@id\":\"https:\\\/\\\/lospoliticosveracruz.com\\\/?p=94703#primaryimage\",\"url\":\"https:\\\/\\\/lospoliticosveracruz.com.mx\\\/wp-content\\\/uploads\\\/2022\\\/05\\\/Seguro-Julio-Cerecedo.jpg\",\"contentUrl\":\"https:\\\/\\\/lospoliticosveracruz.com.mx\\\/wp-content\\\/uploads\\\/2022\\\/05\\\/Seguro-Julio-Cerecedo.jpg\"},{\"@type\":\"BreadcrumbList\",\"@id\":\"https:\\\/\\\/lospoliticosveracruz.com\\\/?p=94703#breadcrumb\",\"itemListElement\":[{\"@type\":\"ListItem\",\"position\":1,\"name\":\"Portada\",\"item\":\"https:\\\/\\\/lospoliticosveracruz.com\\\/\"},{\"@type\":\"ListItem\",\"position\":2,\"name\":\"CUITL\u00c1HUAC DEBER\u00cdA HACER SU GUARDADITO\"}]},{\"@type\":\"WebSite\",\"@id\":\"https:\\\/\\\/lospoliticosveracruz.com\\\/#website\",\"url\":\"https:\\\/\\\/lospoliticosveracruz.com\\\/\",\"name\":\"Los pol\u00edticos Veracruz\",\"description\":\"\",\"publisher\":{\"@id\":\"https:\\\/\\\/lospoliticosveracruz.com\\\/#organization\"},\"potentialAction\":[{\"@type\":\"SearchAction\",\"target\":{\"@type\":\"EntryPoint\",\"urlTemplate\":\"https:\\\/\\\/lospoliticosveracruz.com\\\/?s={search_term_string}\"},\"query-input\":{\"@type\":\"PropertyValueSpecification\",\"valueRequired\":true,\"valueName\":\"search_term_string\"}}],\"inLanguage\":\"es\"},{\"@type\":\"Organization\",\"@id\":\"https:\\\/\\\/lospoliticosveracruz.com\\\/#organization\",\"name\":\"Los pol\u00edticos Veracruz\",\"url\":\"https:\\\/\\\/lospoliticosveracruz.com\\\/\",\"logo\":{\"@type\":\"ImageObject\",\"inLanguage\":\"es\",\"@id\":\"https:\\\/\\\/lospoliticosveracruz.com\\\/#\\\/schema\\\/logo\\\/image\\\/\",\"url\":\"https:\\\/\\\/lospoliticosveracruz.com\\\/wp-content\\\/uploads\\\/2025\\\/12\\\/Logo-Nuevo-LOS-POLITICOS-1.jpg\",\"contentUrl\":\"https:\\\/\\\/lospoliticosveracruz.com\\\/wp-content\\\/uploads\\\/2025\\\/12\\\/Logo-Nuevo-LOS-POLITICOS-1.jpg\",\"width\":260,\"height\":70,\"caption\":\"Los pol\u00edticos Veracruz\"},\"image\":{\"@id\":\"https:\\\/\\\/lospoliticosveracruz.com\\\/#\\\/schema\\\/logo\\\/image\\\/\"},\"sameAs\":[\"https:\\\/\\\/www.facebook.com\\\/people\\\/Notimemes-de-los-Polticos\\\/61565672886568\\\/\",\"https:\\\/\\\/x.com\\\/LosPoliticosVer\"]},{\"@type\":\"Person\",\"@id\":\"https:\\\/\\\/lospoliticosveracruz.com\\\/#\\\/schema\\\/person\\\/b8702bb0e538456e6efd07080bf2a4a2\",\"name\":\"Lo viste en Los Pol\u00edticos\",\"image\":{\"@type\":\"ImageObject\",\"inLanguage\":\"es\",\"@id\":\"https:\\\/\\\/secure.gravatar.com\\\/avatar\\\/3a8de04a2656d44082be478bd6c086daa447c4651605818287b9532d3d0bd435?s=96&d=mm&r=g\",\"url\":\"https:\\\/\\\/secure.gravatar.com\\\/avatar\\\/3a8de04a2656d44082be478bd6c086daa447c4651605818287b9532d3d0bd435?s=96&d=mm&r=g\",\"contentUrl\":\"https:\\\/\\\/secure.gravatar.com\\\/avatar\\\/3a8de04a2656d44082be478bd6c086daa447c4651605818287b9532d3d0bd435?s=96&d=mm&r=g\",\"caption\":\"Lo viste en Los Pol\u00edticos\"},\"url\":\"https:\\\/\\\/lospoliticosveracruz.com\\\/?author=2\"}]}<\/script>\n<!-- \/ Yoast SEO plugin. -->","yoast_head_json":{"title":"CUITL\u00c1HUAC DEBER\u00cdA HACER SU GUARDADITO - Los pol\u00edticos Veracruz","robots":{"index":"index","follow":"follow","max-snippet":"max-snippet:-1","max-image-preview":"max-image-preview:large","max-video-preview":"max-video-preview:-1"},"canonical":"https:\/\/lospoliticosveracruz.com\/?p=94703","og_locale":"es_ES","og_type":"article","og_title":"CUITL\u00c1HUAC DEBER\u00cdA HACER SU GUARDADITO - Los pol\u00edticos Veracruz","og_description":"Bernardo Guti\u00e9rrez ParraDesde el Caf\u00e9 La declaraci\u00f3n patrimonial de los funcionarios p\u00fablicos es una jalada que no ha servido para nada. Por aqu\u00ed entran con una mano atr\u00e1s y otra adelante como responsables de una dependencia, y por ac\u00e1 salen forrados de millones de pesos y bienes muebles e inmuebles que nunca empatan con el [&hellip;]","og_url":"https:\/\/lospoliticosveracruz.com\/?p=94703","og_site_name":"Los pol\u00edticos Veracruz","article_publisher":"https:\/\/www.facebook.com\/people\/Notimemes-de-los-Polticos\/61565672886568\/","article_published_time":"2022-08-30T12:57:45+00:00","article_modified_time":"2022-08-30T12:57:53+00:00","og_image":[{"url":"https:\/\/lospoliticosveracruz.com.mx\/wp-content\/uploads\/2022\/05\/Seguro-Julio-Cerecedo.jpg","type":"","width":"","height":""}],"author":"Lo viste en Los Pol\u00edticos","twitter_card":"summary_large_image","twitter_creator":"@LosPoliticosVer","twitter_site":"@LosPoliticosVer","twitter_misc":{"Escrito por":"Lo viste en Los Pol\u00edticos","Tiempo de lectura":"3 minutos"},"schema":{"@context":"https:\/\/schema.org","@graph":[{"@type":"Article","@id":"https:\/\/lospoliticosveracruz.com\/?p=94703#article","isPartOf":{"@id":"https:\/\/lospoliticosveracruz.com\/?p=94703"},"author":{"name":"Lo viste en Los Pol\u00edticos","@id":"https:\/\/lospoliticosveracruz.com\/#\/schema\/person\/b8702bb0e538456e6efd07080bf2a4a2"},"headline":"CUITL\u00c1HUAC DEBER\u00cdA HACER SU GUARDADITO","datePublished":"2022-08-30T12:57:45+00:00","dateModified":"2022-08-30T12:57:53+00:00","mainEntityOfPage":{"@id":"https:\/\/lospoliticosveracruz.com\/?p=94703"},"wordCount":689,"publisher":{"@id":"https:\/\/lospoliticosveracruz.com\/#organization"},"image":{"@id":"https:\/\/lospoliticosveracruz.com\/?p=94703#primaryimage"},"thumbnailUrl":"https:\/\/lospoliticosveracruz.com.mx\/wp-content\/uploads\/2022\/05\/Seguro-Julio-Cerecedo.jpg","keywords":["Bernardo Guti\u00e9rrez Parra","Cuitl\u00e1huac Garc\u00eda Jim\u00e9nez","Infobae","IVAI","Mercedes Santoyo Dom\u00ednguez","Morena","Naldy Patricia Rodr\u00edguez Lagunes","Veracruz"],"articleSection":["De Opini\u00f3n"],"inLanguage":"es"},{"@type":"WebPage","@id":"https:\/\/lospoliticosveracruz.com\/?p=94703","url":"https:\/\/lospoliticosveracruz.com\/?p=94703","name":"CUITL\u00c1HUAC DEBER\u00cdA HACER SU GUARDADITO - Los pol\u00edticos Veracruz","isPartOf":{"@id":"https:\/\/lospoliticosveracruz.com\/#website"},"primaryImageOfPage":{"@id":"https:\/\/lospoliticosveracruz.com\/?p=94703#primaryimage"},"image":{"@id":"https:\/\/lospoliticosveracruz.com\/?p=94703#primaryimage"},"thumbnailUrl":"https:\/\/lospoliticosveracruz.com.mx\/wp-content\/uploads\/2022\/05\/Seguro-Julio-Cerecedo.jpg","datePublished":"2022-08-30T12:57:45+00:00","dateModified":"2022-08-30T12:57:53+00:00","breadcrumb":{"@id":"https:\/\/lospoliticosveracruz.com\/?p=94703#breadcrumb"},"inLanguage":"es","potentialAction":[{"@type":"ReadAction","target":["https:\/\/lospoliticosveracruz.com\/?p=94703"]}]},{"@type":"ImageObject","inLanguage":"es","@id":"https:\/\/lospoliticosveracruz.com\/?p=94703#primaryimage","url":"https:\/\/lospoliticosveracruz.com.mx\/wp-content\/uploads\/2022\/05\/Seguro-Julio-Cerecedo.jpg","contentUrl":"https:\/\/lospoliticosveracruz.com.mx\/wp-content\/uploads\/2022\/05\/Seguro-Julio-Cerecedo.jpg"},{"@type":"BreadcrumbList","@id":"https:\/\/lospoliticosveracruz.com\/?p=94703#breadcrumb","itemListElement":[{"@type":"ListItem","position":1,"name":"Portada","item":"https:\/\/lospoliticosveracruz.com\/"},{"@type":"ListItem","position":2,"name":"CUITL\u00c1HUAC DEBER\u00cdA HACER SU GUARDADITO"}]},{"@type":"WebSite","@id":"https:\/\/lospoliticosveracruz.com\/#website","url":"https:\/\/lospoliticosveracruz.com\/","name":"Los pol\u00edticos Veracruz","description":"","publisher":{"@id":"https:\/\/lospoliticosveracruz.com\/#organization"},"potentialAction":[{"@type":"SearchAction","target":{"@type":"EntryPoint","urlTemplate":"https:\/\/lospoliticosveracruz.com\/?s={search_term_string}"},"query-input":{"@type":"PropertyValueSpecification","valueRequired":true,"valueName":"search_term_string"}}],"inLanguage":"es"},{"@type":"Organization","@id":"https:\/\/lospoliticosveracruz.com\/#organization","name":"Los pol\u00edticos Veracruz","url":"https:\/\/lospoliticosveracruz.com\/","logo":{"@type":"ImageObject","inLanguage":"es","@id":"https:\/\/lospoliticosveracruz.com\/#\/schema\/logo\/image\/","url":"https:\/\/lospoliticosveracruz.com\/wp-content\/uploads\/2025\/12\/Logo-Nuevo-LOS-POLITICOS-1.jpg","contentUrl":"https:\/\/lospoliticosveracruz.com\/wp-content\/uploads\/2025\/12\/Logo-Nuevo-LOS-POLITICOS-1.jpg","width":260,"height":70,"caption":"Los pol\u00edticos Veracruz"},"image":{"@id":"https:\/\/lospoliticosveracruz.com\/#\/schema\/logo\/image\/"},"sameAs":["https:\/\/www.facebook.com\/people\/Notimemes-de-los-Polticos\/61565672886568\/","https:\/\/x.com\/LosPoliticosVer"]},{"@type":"Person","@id":"https:\/\/lospoliticosveracruz.com\/#\/schema\/person\/b8702bb0e538456e6efd07080bf2a4a2","name":"Lo viste en Los Pol\u00edticos","image":{"@type":"ImageObject","inLanguage":"es","@id":"https:\/\/secure.gravatar.com\/avatar\/3a8de04a2656d44082be478bd6c086daa447c4651605818287b9532d3d0bd435?s=96&d=mm&r=g","url":"https:\/\/secure.gravatar.com\/avatar\/3a8de04a2656d44082be478bd6c086daa447c4651605818287b9532d3d0bd435?s=96&d=mm&r=g","contentUrl":"https:\/\/secure.gravatar.com\/avatar\/3a8de04a2656d44082be478bd6c086daa447c4651605818287b9532d3d0bd435?s=96&d=mm&r=g","caption":"Lo viste en Los Pol\u00edticos"},"url":"https:\/\/lospoliticosveracruz.com\/?author=2"}]}},"_links":{"self":[{"href":"https:\/\/lospoliticosveracruz.com\/index.php?rest_route=\/wp\/v2\/posts\/94703","targetHints":{"allow":["GET"]}}],"collection":[{"href":"https:\/\/lospoliticosveracruz.com\/index.php?rest_route=\/wp\/v2\/posts"}],"about":[{"href":"https:\/\/lospoliticosveracruz.com\/index.php?rest_route=\/wp\/v2\/types\/post"}],"author":[{"embeddable":true,"href":"https:\/\/lospoliticosveracruz.com\/index.php?rest_route=\/wp\/v2\/users\/2"}],"replies":[{"embeddable":true,"href":"https:\/\/lospoliticosveracruz.com\/index.php?rest_route=%2Fwp%2Fv2%2Fcomments&post=94703"}],"version-history":[{"count":1,"href":"https:\/\/lospoliticosveracruz.com\/index.php?rest_route=\/wp\/v2\/posts\/94703\/revisions"}],"predecessor-version":[{"id":94704,"href":"https:\/\/lospoliticosveracruz.com\/index.php?rest_route=\/wp\/v2\/posts\/94703\/revisions\/94704"}],"wp:attachment":[{"href":"https:\/\/lospoliticosveracruz.com\/index.php?rest_route=%2Fwp%2Fv2%2Fmedia&parent=94703"}],"wp:term":[{"taxonomy":"category","embeddable":true,"href":"https:\/\/lospoliticosveracruz.com\/index.php?rest_route=%2Fwp%2Fv2%2Fcategories&post=94703"},{"taxonomy":"post_tag","embeddable":true,"href":"https:\/\/lospoliticosveracruz.com\/index.php?rest_route=%2Fwp%2Fv2%2Ftags&post=94703"}],"curies":[{"name":"wp","href":"https:\/\/api.w.org\/{rel}","templated":true}]}}