{"id":94886,"date":"2022-09-02T07:26:58","date_gmt":"2022-09-02T12:26:58","guid":{"rendered":"https:\/\/lospoliticosveracruz.com.mx\/?p=94886"},"modified":"2022-09-02T07:27:04","modified_gmt":"2022-09-02T12:27:04","slug":"amlo-y-veracruz","status":"publish","type":"post","link":"https:\/\/lospoliticosveracruz.com\/?p=94886","title":{"rendered":"AMLO Y VERACRUZ"},"content":{"rendered":"\n<p><strong>Ricardo Ch\u00faa<\/strong><\/p>\n\n\n\n<p><em>Sale y Vale<\/em><\/p>\n\n\n\n<p>Pese a todos los datos que emitieron en el Cuarto Informe de Gobierno de Andr\u00e9s Manuel L\u00f3pez Obrador&#8230; Los cuales se comentar\u00e1n seguramente en muchos otros espacios de medios de comunicaci\u00f3n&#8230; Lo trascendente es ver que el Presidente de M\u00e9xico, el principal activo de MORENA en Veracruz, en la entidad que gobierna este partido en la persona de Cuitl\u00e1huac Garc\u00eda&#8230; AMLO est\u00e1 en su nivel m\u00e1s BAJO de POPULARIDAD en este 2022, con s\u00f3lo 52 por ciento de aprobaci\u00f3n cuando hace meses andaba en el 65 por ciento&#8230;\u00a0<\/p>\n\n\n<div class=\"wp-block-image\">\n<figure class=\"alignleft size-medium\"><a href=\"https:\/\/lospoliticosveracruz.com.mx\/wp-content\/uploads\/2021\/10\/WhatsApp-Image-2021-10-02-at-15.20.25.jpeg\"><img loading=\"lazy\" decoding=\"async\" width=\"212\" height=\"300\" src=\"https:\/\/lospoliticosveracruz.com.mx\/wp-content\/uploads\/2021\/10\/WhatsApp-Image-2021-10-02-at-15.20.25-212x300.jpeg\" alt=\"\" class=\"wp-image-80177\" srcset=\"https:\/\/lospoliticosveracruz.com\/wp-content\/uploads\/2021\/10\/WhatsApp-Image-2021-10-02-at-15.20.25-212x300.jpeg 212w, https:\/\/lospoliticosveracruz.com\/wp-content\/uploads\/2021\/10\/WhatsApp-Image-2021-10-02-at-15.20.25-724x1024.jpeg 724w, https:\/\/lospoliticosveracruz.com\/wp-content\/uploads\/2021\/10\/WhatsApp-Image-2021-10-02-at-15.20.25-768x1086.jpeg 768w, https:\/\/lospoliticosveracruz.com\/wp-content\/uploads\/2021\/10\/WhatsApp-Image-2021-10-02-at-15.20.25.jpeg 905w\" sizes=\"auto, (max-width: 212px) 100vw, 212px\" \/><\/a><\/figure>\n<\/div>\n\n\n<p>Una ca\u00edda libre, normal por el desgaste pol\u00edtico y medi\u00e1tico, que \u00e9l mismo realiza con su gobierno en cada \u00abMa\u00f1anera\u00bb&#8230; Las encuestas las tiene Palacio de Gobierno en Xalapa y saben bien que la figura Presidencial entre sus gobernados veracruzanos&#8230; No tiene el mismo efecto que tuvo en 2018 donde cas\u00ed alcanzaba el 80 por ciento de aprobaci\u00f3n entre su poblaci\u00f3n&#8230; A pesar de que estos n\u00fameros del 52 por ciento se pueden considerar altos&#8230; En MORENA saben que esto es parte de la \u00abcurva descendente\u00bb del poder&#8230; VA PARA ABAJO&#8230;&nbsp;<\/p>\n\n\n\n<p>Sobre todo porque en Veracruz, no ayuda en nada a AMLO la figura del gobierno estatal, ni la de Cuitl\u00e1huac Garc\u00eda.. El Presidente tiene que llevar toda la \u00abcarga\u00bb de la 4T en la entidad&#8230; Y hay momentos donde no se resiste m\u00e1s y el nivel de desaprobaci\u00f3n de sus gobiernos empieza&#8230; Sobre todo porque los reclamos sobre la violencia, inseguridad, crisis sanitaria y la falta de crecimiento econ\u00f3mico&#8230; As\u00ed como el \u00abvac\u00edo\u00bb de poder que proyecta el gobernador&#8230; Son evidentes y hace que el \u00abpueblo bueno y sabio\u00bb pierda la confianza en ellos&#8230; DIF\u00cdCIL CASO<\/p>\n\n\n\n<p>Si bien es cierto, en este 2022, los n\u00famero de AMLO en Veracruz pueden considerarse regulares y sostenibles.. Lo grave para la figura del Presidente, su gobierno federal y la administraci\u00f3n estatal comandada por MORENA&#8230; Vendr\u00e1n este 2023 cuando la poblaci\u00f3n veracruzana empiece a sentir los efectos de la INFLACI\u00d3N en M\u00e9xico&#8230; Los reclamos de las distintas clases sociales vendr\u00e1n en \u00abcascada\u00bb contra estos gobiernos y ah\u00ed no hay resistencia que valga.. Les van a dar con todo&#8230; Poniendo en peligro la sucesi\u00f3n estatal del 2024&#8230;<\/p>\n\n\n\n<p>Ya que en 2023, por mucho que diga en sus \u00abma\u00f1aneras\u00bb o en sus informes, el Presidente no podr\u00e1 hacer nada para enfrentar la crisis econ\u00f3mica que le viene al pa\u00eds&#8230; Pero sobre todo estados que la resentir\u00e1n con todos sus efectos como lo es Veracruz&#8230; Y lo ca\u00f3tico para su proyecto de la 4T en la entidad, es que un a\u00f1o despu\u00e9s habr\u00e1 elecciones para renovar Congreso Local y gobernador&#8230; La ciudadan\u00eda enojada hasta al m\u00e1ximo por esta crisis&#8230; Le puede dar la \u00abespalda\u00bb al candidato de MORENA&#8230; Quien quiera que este sea&#8230;&nbsp;<\/p>\n\n\n\n<p>L\u00f3pez Obrador no le podr\u00e1 decir a los veracruzanos: \u00abAguanten que viene lo mejor\u00bb&#8230; Los reclamos sociales por la crisis econ\u00f3mica estar\u00e1n a la orden del d\u00eda&#8230; Tan s\u00f3lo un dato, para que vean la magnitud de estos escenarios, si la gasolina no estuviera subsidiada en el pa\u00eds&#8230;. La inflaci\u00f3n estar\u00eda en un 14 por ciento&#8230; Que ser\u00eda la \u00abquiebra\u00bb econ\u00f3mica del gobierno de M\u00e9xico y del pa\u00eds en general&#8230; Muchos sectores de la sociedad no tendr\u00edan ni para alimentar a sus familias&#8230; As\u00ed de grave&#8230;.&nbsp;<\/p>\n\n\n\n<p>Con estos escenarios para el 2024&#8230; La figura de L\u00f3pez Obrador junto con la de Cuitl\u00e1huac Garc\u00eda en Veracruz&#8230; Est\u00e1n m\u00e1s que \u00abliquidadas\u00bb pol\u00edticamente&#8230; A eso hay que AGREGARLE los \u00abquiebres\u00bb pol\u00edticos que tendr\u00e1 al interior de MORENA, no s\u00f3lo en M\u00e9xico sino en Veracruz&#8230; S\u00f3lo hay que observar la \u00abREBELI\u00d3N\u00bb de Ricardo Monreal para imaginarse los escenarios similares que pueden pasar en cada uno de los 9 estados del pa\u00eds donde habr\u00e1 elecciones locales en 2024&#8230;&nbsp;<\/p>\n\n\n\n<p>Adem\u00e1s con estos hechos palpables de la inseguridad p\u00fablica y la inflaci\u00f3n en 2023 en Veracruz.. En cuesti\u00f3n pol\u00edtica, nadie podr\u00e1 negar que el crecimiento de los partidos de oposici\u00f3n a partir del pr\u00f3ximo a\u00f1o, ser\u00e1 inminente&#8230; No s\u00f3lo van a crecer el PAN, PRD o PRI sino tambi\u00e9n Movimiento Ciudadano&#8230; Eso pondr\u00e1 en peligro para MORENA la sucesi\u00f3n estatal&#8230;. M\u00e1s si el partido en el poder pierde el Estado de M\u00e9xico y Coahuila&#8230; Lo dem\u00e1s viene \u00aben cascada\u00bb&#8230; Ese es el gran riesgo de perder fuerza, de tener crisis de inseguridad y econ\u00f3mica&#8230;&nbsp;&nbsp;<\/p>\n\n\n\n<p>El gobierno de AMLO est\u00e1 ya \u00abmarcado\u00bb por el tema de la tragedia de los Mineros en Sabinas, Coahuila&#8230; Le echan la culpa al gobierno federal, no al estatal.. Los casos de corrupci\u00f3n dentro de su administraci\u00f3n&#8230; Los conflictos de su gabinete y la lucha sucesoria Presidencial adelantada&#8230; Har\u00e1 que esta \u00abimplosi\u00f3n\u00bb llegue a los estados donde habr\u00e1 elecciones como Veracruz y luego un gobernador que no tiene fama de estadista pol\u00edtico y que le ser\u00e1 dif\u00edcil ganar elecciones sin la figura Presidencial&#8230; Lo \u00absaca de la jugada\u00bb&#8230; AMEN&#8230;&nbsp;&nbsp;<\/p>\n\n\n\n<p>EL INVITADO SERGIO GUTI\u00c9RREZ.. El hecho que el diputado federal minatitleco, Sergio Guti\u00e9rrez Luna, fuera el \u00fanico legislador invitado al mensaje que dio Andr\u00e9s Manuel L\u00f3pez Obrador por su \u00abCuarto Informe de Gobierno\u00bb en Palacio&nbsp;&nbsp;Nacional&#8230; Obvio fue objeto de comentarios en Veracruz, por la sucesi\u00f3n estatal del 2024&#8230; No hay otro motivo que esto fuera trascendente&#8230; Guti\u00e9rrez Luna sigue en la \u00abbaraja\u00bb para Veracruz junto con Roc\u00edo Nahle&#8230; Ambos tienen cercan\u00eda con el Presidente, los conoce y sabe quienes son&#8230;&nbsp;<\/p>\n\n\n\n<p>Al final, tanto Sergio Guti\u00e9rrez como todos los dem\u00e1s aspirantes a gobernador por MORENA.. Buscan la nominaci\u00f3n de parte de L\u00f3pez Obrador, que es la que vale&#8230; Pero el Presidente ya dio muestra, despu\u00e9s de lo que le hizo Ricardo Monreal en el Senado, el pasado mi\u00e9rcoles&#8230; Que no va a dejar que se \u00abfracturen\u00bb, ni que hagan la \u00abguerra\u00bb dentro de MORENA en Veracruz de todos contra todos&#8230; Y qui\u00e9n ARRIESGUE electoralmente su proyecto se queda fuera de la \u00abjugada\u00bb en la sucesi\u00f3n estatal&#8230; Para darle paso al que tiene posibilidades&#8230;<\/p>\n\n\n\n<p>Andr\u00e9s Manuel ya demostr\u00f3 que PRIMERO SU PROYECTO Y LUEGO SU \u00abCORAZ\u00d3N\u00bb&#8230; El Presidente VA IR CON QUIEN LE CONVENGA y pueda sacar adelante su continuidad&#8230; As\u00ed se llame Sergio Guti\u00e9rrez, Roc\u00edo Nahle, Zenyazen Escobar o Juan Javier G\u00f3mez Cazar\u00edn.. Y si eso har\u00e1 con la sucesi\u00f3n a la gubernatura en Veracruz&#8230; Lo mismo har\u00e1 con la sucesi\u00f3n Presidencial&#8230; Y quienes tienen apertura al di\u00e1logo y la negociaci\u00f3n son Marcelo Ebrard, Ricardo Monreal y Ad\u00e1n Augusto L\u00f3pez&#8230; As\u00ed que no hay nada definido a\u00fan&#8230;&nbsp;&nbsp;AMEN&#8230;<\/p>\n","protected":false},"excerpt":{"rendered":"<p>Ricardo Ch\u00faa Sale y Vale Pese a todos los datos que emitieron en el Cuarto Informe de Gobierno de Andr\u00e9s Manuel L\u00f3pez Obrador&#8230; Los cuales se comentar\u00e1n seguramente en muchos otros espacios de medios de comunicaci\u00f3n&#8230; Lo trascendente es ver que el Presidente de M\u00e9xico, el principal activo de MORENA en Veracruz, en la entidad [&hellip;]<\/p>\n","protected":false},"author":2,"featured_media":0,"comment_status":"closed","ping_status":"closed","sticky":false,"template":"","format":"standard","meta":{"tdm_status":"","tdm_grid_status":"","footnotes":""},"categories":[70],"tags":[618,2355,1563,4345,14270,34935,1026,195],"class_list":{"0":"post-94886","1":"post","2":"type-post","3":"status-publish","4":"format-standard","6":"category-de-opinion","7":"tag-andres-manuel-lopez-obrador","8":"tag-coahuila","9":"tag-cuitlahuac-garcia-jimenez","10":"tag-informe-de-gobierno","11":"tag-mananera","12":"tag-mineros-en-sabinas","13":"tag-morena","14":"tag-veracruz"},"yoast_head":"<!-- This site is optimized with the Yoast SEO plugin v27.4 - https:\/\/yoast.com\/product\/yoast-seo-wordpress\/ -->\n<title>AMLO Y VERACRUZ - Los pol\u00edticos Veracruz<\/title>\n<meta name=\"robots\" content=\"index, follow, max-snippet:-1, max-image-preview:large, max-video-preview:-1\" \/>\n<link rel=\"canonical\" href=\"https:\/\/lospoliticosveracruz.com\/?p=94886\" \/>\n<meta property=\"og:locale\" content=\"es_ES\" \/>\n<meta property=\"og:type\" content=\"article\" \/>\n<meta property=\"og:title\" content=\"AMLO Y VERACRUZ - Los pol\u00edticos Veracruz\" \/>\n<meta property=\"og:description\" content=\"Ricardo Ch\u00faa Sale y Vale Pese a todos los datos que emitieron en el Cuarto Informe de Gobierno de Andr\u00e9s Manuel L\u00f3pez Obrador&#8230; Los cuales se comentar\u00e1n seguramente en muchos otros espacios de medios de comunicaci\u00f3n&#8230; Lo trascendente es ver que el Presidente de M\u00e9xico, el principal activo de MORENA en Veracruz, en la entidad [&hellip;]\" \/>\n<meta property=\"og:url\" content=\"https:\/\/lospoliticosveracruz.com\/?p=94886\" \/>\n<meta property=\"og:site_name\" content=\"Los pol\u00edticos Veracruz\" \/>\n<meta property=\"article:publisher\" content=\"https:\/\/www.facebook.com\/people\/Notimemes-de-los-Polticos\/61565672886568\/\" \/>\n<meta property=\"article:published_time\" content=\"2022-09-02T12:26:58+00:00\" \/>\n<meta property=\"article:modified_time\" content=\"2022-09-02T12:27:04+00:00\" \/>\n<meta property=\"og:image\" content=\"https:\/\/lospoliticosveracruz.com.mx\/wp-content\/uploads\/2021\/10\/WhatsApp-Image-2021-10-02-at-15.20.25-212x300.jpeg\" \/>\n<meta name=\"author\" content=\"Lo viste en Los Pol\u00edticos\" \/>\n<meta name=\"twitter:card\" content=\"summary_large_image\" \/>\n<meta name=\"twitter:creator\" content=\"@LosPoliticosVer\" \/>\n<meta name=\"twitter:site\" content=\"@LosPoliticosVer\" \/>\n<meta name=\"twitter:label1\" content=\"Escrito por\" \/>\n\t<meta name=\"twitter:data1\" content=\"Lo viste en Los Pol\u00edticos\" \/>\n\t<meta name=\"twitter:label2\" content=\"Tiempo de lectura\" \/>\n\t<meta name=\"twitter:data2\" content=\"6 minutos\" \/>\n<script type=\"application\/ld+json\" class=\"yoast-schema-graph\">{\"@context\":\"https:\\\/\\\/schema.org\",\"@graph\":[{\"@type\":\"Article\",\"@id\":\"https:\\\/\\\/lospoliticosveracruz.com\\\/?p=94886#article\",\"isPartOf\":{\"@id\":\"https:\\\/\\\/lospoliticosveracruz.com\\\/?p=94886\"},\"author\":{\"name\":\"Lo viste en Los Pol\u00edticos\",\"@id\":\"https:\\\/\\\/lospoliticosveracruz.com\\\/#\\\/schema\\\/person\\\/b8702bb0e538456e6efd07080bf2a4a2\"},\"headline\":\"AMLO Y VERACRUZ\",\"datePublished\":\"2022-09-02T12:26:58+00:00\",\"dateModified\":\"2022-09-02T12:27:04+00:00\",\"mainEntityOfPage\":{\"@id\":\"https:\\\/\\\/lospoliticosveracruz.com\\\/?p=94886\"},\"wordCount\":1180,\"publisher\":{\"@id\":\"https:\\\/\\\/lospoliticosveracruz.com\\\/#organization\"},\"image\":{\"@id\":\"https:\\\/\\\/lospoliticosveracruz.com\\\/?p=94886#primaryimage\"},\"thumbnailUrl\":\"https:\\\/\\\/lospoliticosveracruz.com.mx\\\/wp-content\\\/uploads\\\/2021\\\/10\\\/WhatsApp-Image-2021-10-02-at-15.20.25-212x300.jpeg\",\"keywords\":[\"Andr\u00e9s Manuel L\u00f3pez Obrador\",\"Coahuila\",\"Cuitl\u00e1huac Garc\u00eda Jim\u00e9nez\",\"Informe de Gobierno\",\"ma\u00f1anera\",\"Mineros en Sabinas\",\"Morena\",\"Veracruz\"],\"articleSection\":[\"De Opini\u00f3n\"],\"inLanguage\":\"es\"},{\"@type\":\"WebPage\",\"@id\":\"https:\\\/\\\/lospoliticosveracruz.com\\\/?p=94886\",\"url\":\"https:\\\/\\\/lospoliticosveracruz.com\\\/?p=94886\",\"name\":\"AMLO Y VERACRUZ - Los pol\u00edticos Veracruz\",\"isPartOf\":{\"@id\":\"https:\\\/\\\/lospoliticosveracruz.com\\\/#website\"},\"primaryImageOfPage\":{\"@id\":\"https:\\\/\\\/lospoliticosveracruz.com\\\/?p=94886#primaryimage\"},\"image\":{\"@id\":\"https:\\\/\\\/lospoliticosveracruz.com\\\/?p=94886#primaryimage\"},\"thumbnailUrl\":\"https:\\\/\\\/lospoliticosveracruz.com.mx\\\/wp-content\\\/uploads\\\/2021\\\/10\\\/WhatsApp-Image-2021-10-02-at-15.20.25-212x300.jpeg\",\"datePublished\":\"2022-09-02T12:26:58+00:00\",\"dateModified\":\"2022-09-02T12:27:04+00:00\",\"breadcrumb\":{\"@id\":\"https:\\\/\\\/lospoliticosveracruz.com\\\/?p=94886#breadcrumb\"},\"inLanguage\":\"es\",\"potentialAction\":[{\"@type\":\"ReadAction\",\"target\":[\"https:\\\/\\\/lospoliticosveracruz.com\\\/?p=94886\"]}]},{\"@type\":\"ImageObject\",\"inLanguage\":\"es\",\"@id\":\"https:\\\/\\\/lospoliticosveracruz.com\\\/?p=94886#primaryimage\",\"url\":\"https:\\\/\\\/lospoliticosveracruz.com.mx\\\/wp-content\\\/uploads\\\/2021\\\/10\\\/WhatsApp-Image-2021-10-02-at-15.20.25-212x300.jpeg\",\"contentUrl\":\"https:\\\/\\\/lospoliticosveracruz.com.mx\\\/wp-content\\\/uploads\\\/2021\\\/10\\\/WhatsApp-Image-2021-10-02-at-15.20.25-212x300.jpeg\"},{\"@type\":\"BreadcrumbList\",\"@id\":\"https:\\\/\\\/lospoliticosveracruz.com\\\/?p=94886#breadcrumb\",\"itemListElement\":[{\"@type\":\"ListItem\",\"position\":1,\"name\":\"Portada\",\"item\":\"https:\\\/\\\/lospoliticosveracruz.com\\\/\"},{\"@type\":\"ListItem\",\"position\":2,\"name\":\"AMLO Y VERACRUZ\"}]},{\"@type\":\"WebSite\",\"@id\":\"https:\\\/\\\/lospoliticosveracruz.com\\\/#website\",\"url\":\"https:\\\/\\\/lospoliticosveracruz.com\\\/\",\"name\":\"Los pol\u00edticos Veracruz\",\"description\":\"\",\"publisher\":{\"@id\":\"https:\\\/\\\/lospoliticosveracruz.com\\\/#organization\"},\"potentialAction\":[{\"@type\":\"SearchAction\",\"target\":{\"@type\":\"EntryPoint\",\"urlTemplate\":\"https:\\\/\\\/lospoliticosveracruz.com\\\/?s={search_term_string}\"},\"query-input\":{\"@type\":\"PropertyValueSpecification\",\"valueRequired\":true,\"valueName\":\"search_term_string\"}}],\"inLanguage\":\"es\"},{\"@type\":\"Organization\",\"@id\":\"https:\\\/\\\/lospoliticosveracruz.com\\\/#organization\",\"name\":\"Los pol\u00edticos Veracruz\",\"url\":\"https:\\\/\\\/lospoliticosveracruz.com\\\/\",\"logo\":{\"@type\":\"ImageObject\",\"inLanguage\":\"es\",\"@id\":\"https:\\\/\\\/lospoliticosveracruz.com\\\/#\\\/schema\\\/logo\\\/image\\\/\",\"url\":\"https:\\\/\\\/lospoliticosveracruz.com\\\/wp-content\\\/uploads\\\/2025\\\/12\\\/Logo-Nuevo-LOS-POLITICOS-1.jpg\",\"contentUrl\":\"https:\\\/\\\/lospoliticosveracruz.com\\\/wp-content\\\/uploads\\\/2025\\\/12\\\/Logo-Nuevo-LOS-POLITICOS-1.jpg\",\"width\":260,\"height\":70,\"caption\":\"Los pol\u00edticos Veracruz\"},\"image\":{\"@id\":\"https:\\\/\\\/lospoliticosveracruz.com\\\/#\\\/schema\\\/logo\\\/image\\\/\"},\"sameAs\":[\"https:\\\/\\\/www.facebook.com\\\/people\\\/Notimemes-de-los-Polticos\\\/61565672886568\\\/\",\"https:\\\/\\\/x.com\\\/LosPoliticosVer\"]},{\"@type\":\"Person\",\"@id\":\"https:\\\/\\\/lospoliticosveracruz.com\\\/#\\\/schema\\\/person\\\/b8702bb0e538456e6efd07080bf2a4a2\",\"name\":\"Lo viste en Los Pol\u00edticos\",\"image\":{\"@type\":\"ImageObject\",\"inLanguage\":\"es\",\"@id\":\"https:\\\/\\\/secure.gravatar.com\\\/avatar\\\/3a8de04a2656d44082be478bd6c086daa447c4651605818287b9532d3d0bd435?s=96&d=mm&r=g\",\"url\":\"https:\\\/\\\/secure.gravatar.com\\\/avatar\\\/3a8de04a2656d44082be478bd6c086daa447c4651605818287b9532d3d0bd435?s=96&d=mm&r=g\",\"contentUrl\":\"https:\\\/\\\/secure.gravatar.com\\\/avatar\\\/3a8de04a2656d44082be478bd6c086daa447c4651605818287b9532d3d0bd435?s=96&d=mm&r=g\",\"caption\":\"Lo viste en Los Pol\u00edticos\"},\"url\":\"https:\\\/\\\/lospoliticosveracruz.com\\\/?author=2\"}]}<\/script>\n<!-- \/ Yoast SEO plugin. -->","yoast_head_json":{"title":"AMLO Y VERACRUZ - Los pol\u00edticos Veracruz","robots":{"index":"index","follow":"follow","max-snippet":"max-snippet:-1","max-image-preview":"max-image-preview:large","max-video-preview":"max-video-preview:-1"},"canonical":"https:\/\/lospoliticosveracruz.com\/?p=94886","og_locale":"es_ES","og_type":"article","og_title":"AMLO Y VERACRUZ - Los pol\u00edticos Veracruz","og_description":"Ricardo Ch\u00faa Sale y Vale Pese a todos los datos que emitieron en el Cuarto Informe de Gobierno de Andr\u00e9s Manuel L\u00f3pez Obrador&#8230; Los cuales se comentar\u00e1n seguramente en muchos otros espacios de medios de comunicaci\u00f3n&#8230; Lo trascendente es ver que el Presidente de M\u00e9xico, el principal activo de MORENA en Veracruz, en la entidad [&hellip;]","og_url":"https:\/\/lospoliticosveracruz.com\/?p=94886","og_site_name":"Los pol\u00edticos Veracruz","article_publisher":"https:\/\/www.facebook.com\/people\/Notimemes-de-los-Polticos\/61565672886568\/","article_published_time":"2022-09-02T12:26:58+00:00","article_modified_time":"2022-09-02T12:27:04+00:00","og_image":[{"url":"https:\/\/lospoliticosveracruz.com.mx\/wp-content\/uploads\/2021\/10\/WhatsApp-Image-2021-10-02-at-15.20.25-212x300.jpeg","type":"","width":"","height":""}],"author":"Lo viste en Los Pol\u00edticos","twitter_card":"summary_large_image","twitter_creator":"@LosPoliticosVer","twitter_site":"@LosPoliticosVer","twitter_misc":{"Escrito por":"Lo viste en Los Pol\u00edticos","Tiempo de lectura":"6 minutos"},"schema":{"@context":"https:\/\/schema.org","@graph":[{"@type":"Article","@id":"https:\/\/lospoliticosveracruz.com\/?p=94886#article","isPartOf":{"@id":"https:\/\/lospoliticosveracruz.com\/?p=94886"},"author":{"name":"Lo viste en Los Pol\u00edticos","@id":"https:\/\/lospoliticosveracruz.com\/#\/schema\/person\/b8702bb0e538456e6efd07080bf2a4a2"},"headline":"AMLO Y VERACRUZ","datePublished":"2022-09-02T12:26:58+00:00","dateModified":"2022-09-02T12:27:04+00:00","mainEntityOfPage":{"@id":"https:\/\/lospoliticosveracruz.com\/?p=94886"},"wordCount":1180,"publisher":{"@id":"https:\/\/lospoliticosveracruz.com\/#organization"},"image":{"@id":"https:\/\/lospoliticosveracruz.com\/?p=94886#primaryimage"},"thumbnailUrl":"https:\/\/lospoliticosveracruz.com.mx\/wp-content\/uploads\/2021\/10\/WhatsApp-Image-2021-10-02-at-15.20.25-212x300.jpeg","keywords":["Andr\u00e9s Manuel L\u00f3pez Obrador","Coahuila","Cuitl\u00e1huac Garc\u00eda Jim\u00e9nez","Informe de Gobierno","ma\u00f1anera","Mineros en Sabinas","Morena","Veracruz"],"articleSection":["De Opini\u00f3n"],"inLanguage":"es"},{"@type":"WebPage","@id":"https:\/\/lospoliticosveracruz.com\/?p=94886","url":"https:\/\/lospoliticosveracruz.com\/?p=94886","name":"AMLO Y VERACRUZ - Los pol\u00edticos Veracruz","isPartOf":{"@id":"https:\/\/lospoliticosveracruz.com\/#website"},"primaryImageOfPage":{"@id":"https:\/\/lospoliticosveracruz.com\/?p=94886#primaryimage"},"image":{"@id":"https:\/\/lospoliticosveracruz.com\/?p=94886#primaryimage"},"thumbnailUrl":"https:\/\/lospoliticosveracruz.com.mx\/wp-content\/uploads\/2021\/10\/WhatsApp-Image-2021-10-02-at-15.20.25-212x300.jpeg","datePublished":"2022-09-02T12:26:58+00:00","dateModified":"2022-09-02T12:27:04+00:00","breadcrumb":{"@id":"https:\/\/lospoliticosveracruz.com\/?p=94886#breadcrumb"},"inLanguage":"es","potentialAction":[{"@type":"ReadAction","target":["https:\/\/lospoliticosveracruz.com\/?p=94886"]}]},{"@type":"ImageObject","inLanguage":"es","@id":"https:\/\/lospoliticosveracruz.com\/?p=94886#primaryimage","url":"https:\/\/lospoliticosveracruz.com.mx\/wp-content\/uploads\/2021\/10\/WhatsApp-Image-2021-10-02-at-15.20.25-212x300.jpeg","contentUrl":"https:\/\/lospoliticosveracruz.com.mx\/wp-content\/uploads\/2021\/10\/WhatsApp-Image-2021-10-02-at-15.20.25-212x300.jpeg"},{"@type":"BreadcrumbList","@id":"https:\/\/lospoliticosveracruz.com\/?p=94886#breadcrumb","itemListElement":[{"@type":"ListItem","position":1,"name":"Portada","item":"https:\/\/lospoliticosveracruz.com\/"},{"@type":"ListItem","position":2,"name":"AMLO Y VERACRUZ"}]},{"@type":"WebSite","@id":"https:\/\/lospoliticosveracruz.com\/#website","url":"https:\/\/lospoliticosveracruz.com\/","name":"Los pol\u00edticos Veracruz","description":"","publisher":{"@id":"https:\/\/lospoliticosveracruz.com\/#organization"},"potentialAction":[{"@type":"SearchAction","target":{"@type":"EntryPoint","urlTemplate":"https:\/\/lospoliticosveracruz.com\/?s={search_term_string}"},"query-input":{"@type":"PropertyValueSpecification","valueRequired":true,"valueName":"search_term_string"}}],"inLanguage":"es"},{"@type":"Organization","@id":"https:\/\/lospoliticosveracruz.com\/#organization","name":"Los pol\u00edticos Veracruz","url":"https:\/\/lospoliticosveracruz.com\/","logo":{"@type":"ImageObject","inLanguage":"es","@id":"https:\/\/lospoliticosveracruz.com\/#\/schema\/logo\/image\/","url":"https:\/\/lospoliticosveracruz.com\/wp-content\/uploads\/2025\/12\/Logo-Nuevo-LOS-POLITICOS-1.jpg","contentUrl":"https:\/\/lospoliticosveracruz.com\/wp-content\/uploads\/2025\/12\/Logo-Nuevo-LOS-POLITICOS-1.jpg","width":260,"height":70,"caption":"Los pol\u00edticos Veracruz"},"image":{"@id":"https:\/\/lospoliticosveracruz.com\/#\/schema\/logo\/image\/"},"sameAs":["https:\/\/www.facebook.com\/people\/Notimemes-de-los-Polticos\/61565672886568\/","https:\/\/x.com\/LosPoliticosVer"]},{"@type":"Person","@id":"https:\/\/lospoliticosveracruz.com\/#\/schema\/person\/b8702bb0e538456e6efd07080bf2a4a2","name":"Lo viste en Los Pol\u00edticos","image":{"@type":"ImageObject","inLanguage":"es","@id":"https:\/\/secure.gravatar.com\/avatar\/3a8de04a2656d44082be478bd6c086daa447c4651605818287b9532d3d0bd435?s=96&d=mm&r=g","url":"https:\/\/secure.gravatar.com\/avatar\/3a8de04a2656d44082be478bd6c086daa447c4651605818287b9532d3d0bd435?s=96&d=mm&r=g","contentUrl":"https:\/\/secure.gravatar.com\/avatar\/3a8de04a2656d44082be478bd6c086daa447c4651605818287b9532d3d0bd435?s=96&d=mm&r=g","caption":"Lo viste en Los Pol\u00edticos"},"url":"https:\/\/lospoliticosveracruz.com\/?author=2"}]}},"_links":{"self":[{"href":"https:\/\/lospoliticosveracruz.com\/index.php?rest_route=\/wp\/v2\/posts\/94886","targetHints":{"allow":["GET"]}}],"collection":[{"href":"https:\/\/lospoliticosveracruz.com\/index.php?rest_route=\/wp\/v2\/posts"}],"about":[{"href":"https:\/\/lospoliticosveracruz.com\/index.php?rest_route=\/wp\/v2\/types\/post"}],"author":[{"embeddable":true,"href":"https:\/\/lospoliticosveracruz.com\/index.php?rest_route=\/wp\/v2\/users\/2"}],"replies":[{"embeddable":true,"href":"https:\/\/lospoliticosveracruz.com\/index.php?rest_route=%2Fwp%2Fv2%2Fcomments&post=94886"}],"version-history":[{"count":1,"href":"https:\/\/lospoliticosveracruz.com\/index.php?rest_route=\/wp\/v2\/posts\/94886\/revisions"}],"predecessor-version":[{"id":94888,"href":"https:\/\/lospoliticosveracruz.com\/index.php?rest_route=\/wp\/v2\/posts\/94886\/revisions\/94888"}],"wp:attachment":[{"href":"https:\/\/lospoliticosveracruz.com\/index.php?rest_route=%2Fwp%2Fv2%2Fmedia&parent=94886"}],"wp:term":[{"taxonomy":"category","embeddable":true,"href":"https:\/\/lospoliticosveracruz.com\/index.php?rest_route=%2Fwp%2Fv2%2Fcategories&post=94886"},{"taxonomy":"post_tag","embeddable":true,"href":"https:\/\/lospoliticosveracruz.com\/index.php?rest_route=%2Fwp%2Fv2%2Ftags&post=94886"}],"curies":[{"name":"wp","href":"https:\/\/api.w.org\/{rel}","templated":true}]}}