{"id":94949,"date":"2022-09-03T08:49:42","date_gmt":"2022-09-03T13:49:42","guid":{"rendered":"https:\/\/lospoliticosveracruz.com.mx\/?p=94949"},"modified":"2022-09-03T08:49:59","modified_gmt":"2022-09-03T13:49:59","slug":"no-tendra-amlo-algo-menos-peor-para-veracruz","status":"publish","type":"post","link":"https:\/\/lospoliticosveracruz.com\/?p=94949","title":{"rendered":"\u00bfNO TENDR\u00c1 AMLO algo menos peor para Veracruz?&nbsp;"},"content":{"rendered":"\n<p><strong>Bernardo Guti\u00e9rrez Parra<\/strong>\u00a0<\/p>\n\n\n\n<p><em>Desde el Caf\u00e9\u00a0<\/em><\/p>\n\n\n\n<p>En d\u00edas pasados, ese modelo de caballerosidad y decencia con las mujeres llamado Manuel Huerta Ladr\u00f3n de Guevara, titular de los Programas de Bienestar, manifest\u00f3 su deseo de contender por la gubernatura como parte de su aporte \u2013dijo- a la transformaci\u00f3n del pa\u00eds. \u201cMis aspiraciones por gobernar Veracruz son leg\u00edtimas por lo que esperar\u00e9 los tiempos correspondientes\u201d.\u00a0<br><\/p>\n\n\n\n<figure class=\"wp-block-image size-full\"><a href=\"https:\/\/lospoliticosveracruz.com.mx\/wp-content\/uploads\/2022\/05\/Seguro-Julio-Cerecedo.jpg\"><img decoding=\"async\" src=\"https:\/\/lospoliticosveracruz.com.mx\/wp-content\/uploads\/2022\/05\/Seguro-Julio-Cerecedo.jpg\" alt=\"\" class=\"wp-image-90414\"\/><\/a><\/figure>\n\n\n\n<p>Pero en Palacio de Gobierno no lo dejaron esperar los tiempos y le dieron una ligera zarandeada.<\/p>\n\n\n\n<p>El gobernador Cuitl\u00e1huac Garc\u00eda dijo que Manuel Huerta tiene todo el derecho del mundo de buscar la candidatura como cualquier otro servidor p\u00fablico, \u201csiempre y cuando no desv\u00ede recursos ni realice proselitismo en horarios laborales\u201d.<\/p>\n\n\n\n<p>\u00bfLe sabr\u00e1 algo? En una de esas s\u00ed. Pero como para remachar que no lo quiere como aspirante y menos de candidato, indic\u00f3 que ser\u00e1 una encuesta la que defina las candidaturas. Y esto debi\u00f3 traerle malos recuerdos a Manuel que en ese sentido ha tenido amargas experiencias.&nbsp;<\/p>\n\n\n\n<p>En junio del 2015, cuando era diputado federal y lo conoc\u00edan m\u00e1s que a Cuitl\u00e1huac, manifest\u00f3 su intenci\u00f3n de buscar la gubernatura. En ese entonces el gobierno de Javier Duarte (al que le faltaba a\u00f1o y medio para concluir) ya se hab\u00eda ido a pique y Huerta aprovech\u00f3 la coyuntura para manifestar: \u201cTengo condiciones para enderezar el barco\u201d.&nbsp;<\/p>\n\n\n\n<p>Pero una \u201cencuesta\u201d sac\u00f3 del anonimato a Cuitl\u00e1huac Garc\u00eda para entronizarlo como candidato y Huerta se qued\u00f3 en la orilla.&nbsp;&nbsp;En 2018 otra \u201cencuesta\u201d volvi\u00f3 a favorecer a Cuitl\u00e1huac y a la postre lo llev\u00f3 a Palacio de Gobierno. Pero esta vez Andr\u00e9s Manuel L\u00f3pez Obrador calm\u00f3 el enojo de su amigo Manuel y le ofreci\u00f3 la s\u00faper delegaci\u00f3n del Bienestar, con la promesa de que \u201chablar\u00edan\u201d antes del 2024 sobre su candidatura a la gubernatura.&nbsp;<\/p>\n\n\n\n<p>Una versi\u00f3n dice que como en Morena ya todo mundo se anda moviendo y a Huerta no le han hablado, se fue por la libre y se destap\u00f3 por su cuenta.&nbsp;<\/p>\n\n\n\n<p>Otra asegura que le dieron luz verde desde Palacio Nacional.&nbsp;<\/p>\n\n\n\n<p>Quiz\u00e1 por eso este jueves se levant\u00f3 engallado y le mand\u00f3 un mensaje al gobernador. \u201cEl pueblo de Veracruz decidir\u00e1 al candidato o candidata de Morena para a la gubernatura en el proceso electoral 2023- 2024. Y en esa encuesta estar\u00e1 el nombre de Manuel Huerta Ladr\u00f3n de Guevara\u201d, dijo en tercera persona.<\/p>\n\n\n\n<p>\u00bfEs cre\u00edble esta versi\u00f3n? Muy probablemente. Andr\u00e9s Manuel est\u00e1 furioso porque lo enga\u00f1aron. Roc\u00edo Nahle le dijo que la refiner\u00eda de Dos Bocas costar\u00eda 8 mil millones de d\u00f3lares y ahora resulta que saldr\u00e1 en 20 mil millones de billetes verdes. Aunque el presidente justifica en p\u00fablico tama\u00f1o despilfarro, en privado est\u00e1 que revienta contra la zacatecana.&nbsp;&nbsp;<\/p>\n\n\n\n<p>\u201cDos Bocas es un bodrio que est\u00e1 costando un dineral y para colmo tendr\u00e1 una vida muy corta. Roc\u00edo hizo una p\u00e9sima chamba y defraud\u00f3 al presidente; de ah\u00ed que \u00e9ste le haya dicho a Manuel Huerta que comience a moverse\u201d, me dijo un analista y quiz\u00e1 sea cierto.&nbsp;<\/p>\n\n\n\n<p>Andr\u00e9s Manuel en verdad aprecia a Manuel Huerta. Fue Huerta quien lo apoy\u00f3 a su paso por Veracruz cuando realiz\u00f3 aquellas caminatas de Tabasco al DF. Fue Huerta quien le brind\u00f3 su casa y quien lo acompa\u00f1\u00f3 en sus giras proselitistas por todos los rincones de la entidad.&nbsp;<\/p>\n\n\n\n<p>De los fieles de pura cepa con que cuenta el presidente en Veracruz (que son menos de los que imagina), uno de ellos es Huerta Ladr\u00f3n de Guevara.&nbsp;<\/p>\n\n\n\n<p>Que tenga acusaciones penales por hostigamiento y por presuntos abusos sexuales, por Dios\u2026, el se\u00f1or es 99 por ciento de fidelidad y 1 por ciento de lo dem\u00e1s.&nbsp;<\/p>\n\n\n\n<p>\u201cManuel no se subi\u00f3 al caballo de la candidatura por sus pistolas; tuvo que recibir forzosamente el visto bueno de Andr\u00e9s Manuel y puede que sea su plan B\u201d agreg\u00f3 el analista.&nbsp;<\/p>\n\n\n\n<p>\u00bfRoc\u00edo el plan A y Manuel el plan B? Pasumechas \u00bfqu\u00e9 no tendr\u00e1 el se\u00f1or algo menos peor para Veracruz?<\/p>\n\n\n\n<p>Alguien deber\u00eda decirle que el 2024 no ser\u00e1 como el 2018. En serio lector, si Roc\u00edo Nahle y Manuel Huerta son sus cartas fuertes para la gubernatura \u00a1aguas! Puede que la oposici\u00f3n (que hasta hoy ni pinta ni da color) gane hasta con una vaca de candidata.&nbsp;<\/p>\n\n\n\n<p>Por el bien de su movimiento en Veracruz, ojal\u00e1 el presidente no tiente a la suerte.&nbsp;<\/p>\n\n\n\n<p>bernardogup@hotmail.com<\/p>\n","protected":false},"excerpt":{"rendered":"<p>Bernardo Guti\u00e9rrez Parra\u00a0 Desde el Caf\u00e9\u00a0 En d\u00edas pasados, ese modelo de caballerosidad y decencia con las mujeres llamado Manuel Huerta Ladr\u00f3n de Guevara, titular de los Programas de Bienestar, manifest\u00f3 su deseo de contender por la gubernatura como parte de su aporte \u2013dijo- a la transformaci\u00f3n del pa\u00eds. \u201cMis aspiraciones por gobernar Veracruz son [&hellip;]<\/p>\n","protected":false},"author":2,"featured_media":0,"comment_status":"closed","ping_status":"closed","sticky":false,"template":"","format":"standard","meta":{"tdm_status":"","tdm_grid_status":"","footnotes":""},"categories":[70],"tags":[618,34206,1850,195],"class_list":{"0":"post-94949","1":"post","2":"type-post","3":"status-publish","4":"format-standard","6":"category-de-opinion","7":"tag-andres-manuel-lopez-obrador","8":"tag-bernardo-gutierrez-parra","9":"tag-manuel-huerta-ladron-de-guevara","10":"tag-veracruz"},"yoast_head":"<!-- This site is optimized with the Yoast SEO plugin v27.4 - https:\/\/yoast.com\/product\/yoast-seo-wordpress\/ -->\n<title>\u00bfNO TENDR\u00c1 AMLO algo menos peor para Veracruz?&nbsp; - Los pol\u00edticos Veracruz<\/title>\n<meta name=\"robots\" content=\"index, follow, max-snippet:-1, max-image-preview:large, max-video-preview:-1\" \/>\n<link rel=\"canonical\" href=\"https:\/\/lospoliticosveracruz.com\/?p=94949\" \/>\n<meta property=\"og:locale\" content=\"es_ES\" \/>\n<meta property=\"og:type\" content=\"article\" \/>\n<meta property=\"og:title\" content=\"\u00bfNO TENDR\u00c1 AMLO algo menos peor para Veracruz?&nbsp; - Los pol\u00edticos Veracruz\" \/>\n<meta property=\"og:description\" content=\"Bernardo Guti\u00e9rrez Parra\u00a0 Desde el Caf\u00e9\u00a0 En d\u00edas pasados, ese modelo de caballerosidad y decencia con las mujeres llamado Manuel Huerta Ladr\u00f3n de Guevara, titular de los Programas de Bienestar, manifest\u00f3 su deseo de contender por la gubernatura como parte de su aporte \u2013dijo- a la transformaci\u00f3n del pa\u00eds. \u201cMis aspiraciones por gobernar Veracruz son [&hellip;]\" \/>\n<meta property=\"og:url\" content=\"https:\/\/lospoliticosveracruz.com\/?p=94949\" \/>\n<meta property=\"og:site_name\" content=\"Los pol\u00edticos Veracruz\" \/>\n<meta property=\"article:publisher\" content=\"https:\/\/www.facebook.com\/people\/Notimemes-de-los-Polticos\/61565672886568\/\" \/>\n<meta property=\"article:published_time\" content=\"2022-09-03T13:49:42+00:00\" \/>\n<meta property=\"article:modified_time\" content=\"2022-09-03T13:49:59+00:00\" \/>\n<meta property=\"og:image\" content=\"https:\/\/lospoliticosveracruz.com.mx\/wp-content\/uploads\/2022\/05\/Seguro-Julio-Cerecedo.jpg\" \/>\n<meta name=\"author\" content=\"Lo viste en Los Pol\u00edticos\" \/>\n<meta name=\"twitter:card\" content=\"summary_large_image\" \/>\n<meta name=\"twitter:creator\" content=\"@LosPoliticosVer\" \/>\n<meta name=\"twitter:site\" content=\"@LosPoliticosVer\" \/>\n<meta name=\"twitter:label1\" content=\"Escrito por\" \/>\n\t<meta name=\"twitter:data1\" content=\"Lo viste en Los Pol\u00edticos\" \/>\n\t<meta name=\"twitter:label2\" content=\"Tiempo de lectura\" \/>\n\t<meta name=\"twitter:data2\" content=\"4 minutos\" \/>\n<script type=\"application\/ld+json\" class=\"yoast-schema-graph\">{\"@context\":\"https:\\\/\\\/schema.org\",\"@graph\":[{\"@type\":\"Article\",\"@id\":\"https:\\\/\\\/lospoliticosveracruz.com\\\/?p=94949#article\",\"isPartOf\":{\"@id\":\"https:\\\/\\\/lospoliticosveracruz.com\\\/?p=94949\"},\"author\":{\"name\":\"Lo viste en Los Pol\u00edticos\",\"@id\":\"https:\\\/\\\/lospoliticosveracruz.com\\\/#\\\/schema\\\/person\\\/b8702bb0e538456e6efd07080bf2a4a2\"},\"headline\":\"\u00bfNO TENDR\u00c1 AMLO algo menos peor para Veracruz?&nbsp;\",\"datePublished\":\"2022-09-03T13:49:42+00:00\",\"dateModified\":\"2022-09-03T13:49:59+00:00\",\"mainEntityOfPage\":{\"@id\":\"https:\\\/\\\/lospoliticosveracruz.com\\\/?p=94949\"},\"wordCount\":782,\"publisher\":{\"@id\":\"https:\\\/\\\/lospoliticosveracruz.com\\\/#organization\"},\"image\":{\"@id\":\"https:\\\/\\\/lospoliticosveracruz.com\\\/?p=94949#primaryimage\"},\"thumbnailUrl\":\"https:\\\/\\\/lospoliticosveracruz.com.mx\\\/wp-content\\\/uploads\\\/2022\\\/05\\\/Seguro-Julio-Cerecedo.jpg\",\"keywords\":[\"Andr\u00e9s Manuel L\u00f3pez Obrador\",\"Bernardo Guti\u00e9rrez Parra\",\"Manuel Huerta Ladr\u00f3n de Guevara\",\"Veracruz\"],\"articleSection\":[\"De Opini\u00f3n\"],\"inLanguage\":\"es\"},{\"@type\":\"WebPage\",\"@id\":\"https:\\\/\\\/lospoliticosveracruz.com\\\/?p=94949\",\"url\":\"https:\\\/\\\/lospoliticosveracruz.com\\\/?p=94949\",\"name\":\"\u00bfNO TENDR\u00c1 AMLO algo menos peor para Veracruz?&nbsp; - Los pol\u00edticos Veracruz\",\"isPartOf\":{\"@id\":\"https:\\\/\\\/lospoliticosveracruz.com\\\/#website\"},\"primaryImageOfPage\":{\"@id\":\"https:\\\/\\\/lospoliticosveracruz.com\\\/?p=94949#primaryimage\"},\"image\":{\"@id\":\"https:\\\/\\\/lospoliticosveracruz.com\\\/?p=94949#primaryimage\"},\"thumbnailUrl\":\"https:\\\/\\\/lospoliticosveracruz.com.mx\\\/wp-content\\\/uploads\\\/2022\\\/05\\\/Seguro-Julio-Cerecedo.jpg\",\"datePublished\":\"2022-09-03T13:49:42+00:00\",\"dateModified\":\"2022-09-03T13:49:59+00:00\",\"breadcrumb\":{\"@id\":\"https:\\\/\\\/lospoliticosveracruz.com\\\/?p=94949#breadcrumb\"},\"inLanguage\":\"es\",\"potentialAction\":[{\"@type\":\"ReadAction\",\"target\":[\"https:\\\/\\\/lospoliticosveracruz.com\\\/?p=94949\"]}]},{\"@type\":\"ImageObject\",\"inLanguage\":\"es\",\"@id\":\"https:\\\/\\\/lospoliticosveracruz.com\\\/?p=94949#primaryimage\",\"url\":\"https:\\\/\\\/lospoliticosveracruz.com.mx\\\/wp-content\\\/uploads\\\/2022\\\/05\\\/Seguro-Julio-Cerecedo.jpg\",\"contentUrl\":\"https:\\\/\\\/lospoliticosveracruz.com.mx\\\/wp-content\\\/uploads\\\/2022\\\/05\\\/Seguro-Julio-Cerecedo.jpg\"},{\"@type\":\"BreadcrumbList\",\"@id\":\"https:\\\/\\\/lospoliticosveracruz.com\\\/?p=94949#breadcrumb\",\"itemListElement\":[{\"@type\":\"ListItem\",\"position\":1,\"name\":\"Portada\",\"item\":\"https:\\\/\\\/lospoliticosveracruz.com\\\/\"},{\"@type\":\"ListItem\",\"position\":2,\"name\":\"\u00bfNO TENDR\u00c1 AMLO algo menos peor para Veracruz?&nbsp;\"}]},{\"@type\":\"WebSite\",\"@id\":\"https:\\\/\\\/lospoliticosveracruz.com\\\/#website\",\"url\":\"https:\\\/\\\/lospoliticosveracruz.com\\\/\",\"name\":\"Los pol\u00edticos Veracruz\",\"description\":\"\",\"publisher\":{\"@id\":\"https:\\\/\\\/lospoliticosveracruz.com\\\/#organization\"},\"potentialAction\":[{\"@type\":\"SearchAction\",\"target\":{\"@type\":\"EntryPoint\",\"urlTemplate\":\"https:\\\/\\\/lospoliticosveracruz.com\\\/?s={search_term_string}\"},\"query-input\":{\"@type\":\"PropertyValueSpecification\",\"valueRequired\":true,\"valueName\":\"search_term_string\"}}],\"inLanguage\":\"es\"},{\"@type\":\"Organization\",\"@id\":\"https:\\\/\\\/lospoliticosveracruz.com\\\/#organization\",\"name\":\"Los pol\u00edticos Veracruz\",\"url\":\"https:\\\/\\\/lospoliticosveracruz.com\\\/\",\"logo\":{\"@type\":\"ImageObject\",\"inLanguage\":\"es\",\"@id\":\"https:\\\/\\\/lospoliticosveracruz.com\\\/#\\\/schema\\\/logo\\\/image\\\/\",\"url\":\"https:\\\/\\\/lospoliticosveracruz.com\\\/wp-content\\\/uploads\\\/2025\\\/12\\\/Logo-Nuevo-LOS-POLITICOS-1.jpg\",\"contentUrl\":\"https:\\\/\\\/lospoliticosveracruz.com\\\/wp-content\\\/uploads\\\/2025\\\/12\\\/Logo-Nuevo-LOS-POLITICOS-1.jpg\",\"width\":260,\"height\":70,\"caption\":\"Los pol\u00edticos Veracruz\"},\"image\":{\"@id\":\"https:\\\/\\\/lospoliticosveracruz.com\\\/#\\\/schema\\\/logo\\\/image\\\/\"},\"sameAs\":[\"https:\\\/\\\/www.facebook.com\\\/people\\\/Notimemes-de-los-Polticos\\\/61565672886568\\\/\",\"https:\\\/\\\/x.com\\\/LosPoliticosVer\"]},{\"@type\":\"Person\",\"@id\":\"https:\\\/\\\/lospoliticosveracruz.com\\\/#\\\/schema\\\/person\\\/b8702bb0e538456e6efd07080bf2a4a2\",\"name\":\"Lo viste en Los Pol\u00edticos\",\"image\":{\"@type\":\"ImageObject\",\"inLanguage\":\"es\",\"@id\":\"https:\\\/\\\/secure.gravatar.com\\\/avatar\\\/3a8de04a2656d44082be478bd6c086daa447c4651605818287b9532d3d0bd435?s=96&d=mm&r=g\",\"url\":\"https:\\\/\\\/secure.gravatar.com\\\/avatar\\\/3a8de04a2656d44082be478bd6c086daa447c4651605818287b9532d3d0bd435?s=96&d=mm&r=g\",\"contentUrl\":\"https:\\\/\\\/secure.gravatar.com\\\/avatar\\\/3a8de04a2656d44082be478bd6c086daa447c4651605818287b9532d3d0bd435?s=96&d=mm&r=g\",\"caption\":\"Lo viste en Los Pol\u00edticos\"},\"url\":\"https:\\\/\\\/lospoliticosveracruz.com\\\/?author=2\"}]}<\/script>\n<!-- \/ Yoast SEO plugin. -->","yoast_head_json":{"title":"\u00bfNO TENDR\u00c1 AMLO algo menos peor para Veracruz?&nbsp; - Los pol\u00edticos Veracruz","robots":{"index":"index","follow":"follow","max-snippet":"max-snippet:-1","max-image-preview":"max-image-preview:large","max-video-preview":"max-video-preview:-1"},"canonical":"https:\/\/lospoliticosveracruz.com\/?p=94949","og_locale":"es_ES","og_type":"article","og_title":"\u00bfNO TENDR\u00c1 AMLO algo menos peor para Veracruz?&nbsp; - Los pol\u00edticos Veracruz","og_description":"Bernardo Guti\u00e9rrez Parra\u00a0 Desde el Caf\u00e9\u00a0 En d\u00edas pasados, ese modelo de caballerosidad y decencia con las mujeres llamado Manuel Huerta Ladr\u00f3n de Guevara, titular de los Programas de Bienestar, manifest\u00f3 su deseo de contender por la gubernatura como parte de su aporte \u2013dijo- a la transformaci\u00f3n del pa\u00eds. \u201cMis aspiraciones por gobernar Veracruz son [&hellip;]","og_url":"https:\/\/lospoliticosveracruz.com\/?p=94949","og_site_name":"Los pol\u00edticos Veracruz","article_publisher":"https:\/\/www.facebook.com\/people\/Notimemes-de-los-Polticos\/61565672886568\/","article_published_time":"2022-09-03T13:49:42+00:00","article_modified_time":"2022-09-03T13:49:59+00:00","og_image":[{"url":"https:\/\/lospoliticosveracruz.com.mx\/wp-content\/uploads\/2022\/05\/Seguro-Julio-Cerecedo.jpg","type":"","width":"","height":""}],"author":"Lo viste en Los Pol\u00edticos","twitter_card":"summary_large_image","twitter_creator":"@LosPoliticosVer","twitter_site":"@LosPoliticosVer","twitter_misc":{"Escrito por":"Lo viste en Los Pol\u00edticos","Tiempo de lectura":"4 minutos"},"schema":{"@context":"https:\/\/schema.org","@graph":[{"@type":"Article","@id":"https:\/\/lospoliticosveracruz.com\/?p=94949#article","isPartOf":{"@id":"https:\/\/lospoliticosveracruz.com\/?p=94949"},"author":{"name":"Lo viste en Los Pol\u00edticos","@id":"https:\/\/lospoliticosveracruz.com\/#\/schema\/person\/b8702bb0e538456e6efd07080bf2a4a2"},"headline":"\u00bfNO TENDR\u00c1 AMLO algo menos peor para Veracruz?&nbsp;","datePublished":"2022-09-03T13:49:42+00:00","dateModified":"2022-09-03T13:49:59+00:00","mainEntityOfPage":{"@id":"https:\/\/lospoliticosveracruz.com\/?p=94949"},"wordCount":782,"publisher":{"@id":"https:\/\/lospoliticosveracruz.com\/#organization"},"image":{"@id":"https:\/\/lospoliticosveracruz.com\/?p=94949#primaryimage"},"thumbnailUrl":"https:\/\/lospoliticosveracruz.com.mx\/wp-content\/uploads\/2022\/05\/Seguro-Julio-Cerecedo.jpg","keywords":["Andr\u00e9s Manuel L\u00f3pez Obrador","Bernardo Guti\u00e9rrez Parra","Manuel Huerta Ladr\u00f3n de Guevara","Veracruz"],"articleSection":["De Opini\u00f3n"],"inLanguage":"es"},{"@type":"WebPage","@id":"https:\/\/lospoliticosveracruz.com\/?p=94949","url":"https:\/\/lospoliticosveracruz.com\/?p=94949","name":"\u00bfNO TENDR\u00c1 AMLO algo menos peor para Veracruz?&nbsp; - Los pol\u00edticos Veracruz","isPartOf":{"@id":"https:\/\/lospoliticosveracruz.com\/#website"},"primaryImageOfPage":{"@id":"https:\/\/lospoliticosveracruz.com\/?p=94949#primaryimage"},"image":{"@id":"https:\/\/lospoliticosveracruz.com\/?p=94949#primaryimage"},"thumbnailUrl":"https:\/\/lospoliticosveracruz.com.mx\/wp-content\/uploads\/2022\/05\/Seguro-Julio-Cerecedo.jpg","datePublished":"2022-09-03T13:49:42+00:00","dateModified":"2022-09-03T13:49:59+00:00","breadcrumb":{"@id":"https:\/\/lospoliticosveracruz.com\/?p=94949#breadcrumb"},"inLanguage":"es","potentialAction":[{"@type":"ReadAction","target":["https:\/\/lospoliticosveracruz.com\/?p=94949"]}]},{"@type":"ImageObject","inLanguage":"es","@id":"https:\/\/lospoliticosveracruz.com\/?p=94949#primaryimage","url":"https:\/\/lospoliticosveracruz.com.mx\/wp-content\/uploads\/2022\/05\/Seguro-Julio-Cerecedo.jpg","contentUrl":"https:\/\/lospoliticosveracruz.com.mx\/wp-content\/uploads\/2022\/05\/Seguro-Julio-Cerecedo.jpg"},{"@type":"BreadcrumbList","@id":"https:\/\/lospoliticosveracruz.com\/?p=94949#breadcrumb","itemListElement":[{"@type":"ListItem","position":1,"name":"Portada","item":"https:\/\/lospoliticosveracruz.com\/"},{"@type":"ListItem","position":2,"name":"\u00bfNO TENDR\u00c1 AMLO algo menos peor para Veracruz?&nbsp;"}]},{"@type":"WebSite","@id":"https:\/\/lospoliticosveracruz.com\/#website","url":"https:\/\/lospoliticosveracruz.com\/","name":"Los pol\u00edticos Veracruz","description":"","publisher":{"@id":"https:\/\/lospoliticosveracruz.com\/#organization"},"potentialAction":[{"@type":"SearchAction","target":{"@type":"EntryPoint","urlTemplate":"https:\/\/lospoliticosveracruz.com\/?s={search_term_string}"},"query-input":{"@type":"PropertyValueSpecification","valueRequired":true,"valueName":"search_term_string"}}],"inLanguage":"es"},{"@type":"Organization","@id":"https:\/\/lospoliticosveracruz.com\/#organization","name":"Los pol\u00edticos Veracruz","url":"https:\/\/lospoliticosveracruz.com\/","logo":{"@type":"ImageObject","inLanguage":"es","@id":"https:\/\/lospoliticosveracruz.com\/#\/schema\/logo\/image\/","url":"https:\/\/lospoliticosveracruz.com\/wp-content\/uploads\/2025\/12\/Logo-Nuevo-LOS-POLITICOS-1.jpg","contentUrl":"https:\/\/lospoliticosveracruz.com\/wp-content\/uploads\/2025\/12\/Logo-Nuevo-LOS-POLITICOS-1.jpg","width":260,"height":70,"caption":"Los pol\u00edticos Veracruz"},"image":{"@id":"https:\/\/lospoliticosveracruz.com\/#\/schema\/logo\/image\/"},"sameAs":["https:\/\/www.facebook.com\/people\/Notimemes-de-los-Polticos\/61565672886568\/","https:\/\/x.com\/LosPoliticosVer"]},{"@type":"Person","@id":"https:\/\/lospoliticosveracruz.com\/#\/schema\/person\/b8702bb0e538456e6efd07080bf2a4a2","name":"Lo viste en Los Pol\u00edticos","image":{"@type":"ImageObject","inLanguage":"es","@id":"https:\/\/secure.gravatar.com\/avatar\/3a8de04a2656d44082be478bd6c086daa447c4651605818287b9532d3d0bd435?s=96&d=mm&r=g","url":"https:\/\/secure.gravatar.com\/avatar\/3a8de04a2656d44082be478bd6c086daa447c4651605818287b9532d3d0bd435?s=96&d=mm&r=g","contentUrl":"https:\/\/secure.gravatar.com\/avatar\/3a8de04a2656d44082be478bd6c086daa447c4651605818287b9532d3d0bd435?s=96&d=mm&r=g","caption":"Lo viste en Los Pol\u00edticos"},"url":"https:\/\/lospoliticosveracruz.com\/?author=2"}]}},"_links":{"self":[{"href":"https:\/\/lospoliticosveracruz.com\/index.php?rest_route=\/wp\/v2\/posts\/94949","targetHints":{"allow":["GET"]}}],"collection":[{"href":"https:\/\/lospoliticosveracruz.com\/index.php?rest_route=\/wp\/v2\/posts"}],"about":[{"href":"https:\/\/lospoliticosveracruz.com\/index.php?rest_route=\/wp\/v2\/types\/post"}],"author":[{"embeddable":true,"href":"https:\/\/lospoliticosveracruz.com\/index.php?rest_route=\/wp\/v2\/users\/2"}],"replies":[{"embeddable":true,"href":"https:\/\/lospoliticosveracruz.com\/index.php?rest_route=%2Fwp%2Fv2%2Fcomments&post=94949"}],"version-history":[{"count":1,"href":"https:\/\/lospoliticosveracruz.com\/index.php?rest_route=\/wp\/v2\/posts\/94949\/revisions"}],"predecessor-version":[{"id":94950,"href":"https:\/\/lospoliticosveracruz.com\/index.php?rest_route=\/wp\/v2\/posts\/94949\/revisions\/94950"}],"wp:attachment":[{"href":"https:\/\/lospoliticosveracruz.com\/index.php?rest_route=%2Fwp%2Fv2%2Fmedia&parent=94949"}],"wp:term":[{"taxonomy":"category","embeddable":true,"href":"https:\/\/lospoliticosveracruz.com\/index.php?rest_route=%2Fwp%2Fv2%2Fcategories&post=94949"},{"taxonomy":"post_tag","embeddable":true,"href":"https:\/\/lospoliticosveracruz.com\/index.php?rest_route=%2Fwp%2Fv2%2Ftags&post=94949"}],"curies":[{"name":"wp","href":"https:\/\/api.w.org\/{rel}","templated":true}]}}