{"id":95099,"date":"2022-09-07T07:35:46","date_gmt":"2022-09-07T12:35:46","guid":{"rendered":"https:\/\/lospoliticosveracruz.com.mx\/?p=95099"},"modified":"2022-09-07T07:35:51","modified_gmt":"2022-09-07T12:35:51","slug":"gana-amlo-pero-tambien-pepe-yunes","status":"publish","type":"post","link":"https:\/\/lospoliticosveracruz.com\/?p=95099","title":{"rendered":"GANA AMLO PERO TAMBI\u00c9N PEPE YUNES"},"content":{"rendered":"\n<p><strong>Bernardo Guti\u00e9rrez Parra<\/strong>\u00a0<\/p>\n\n\n\n<p><em>Desde el Caf\u00e9\u00a0<\/em><\/p>\n\n\n\n<p>Esta semana comenz\u00f3 calientita en el Congreso de la Uni\u00f3n con el tema de la Guardia Nacional y su incorporaci\u00f3n a las Fuerzas Armadas, un tema en el que los priistas (a excepci\u00f3n de uno) salieron muy raspados entre otras cosas porque su matrimonio por conveniencia con el PAN y el PRD est\u00e1 en proceso de divorcio. Se acab\u00f3 la alianza para el 2024.<\/p>\n\n\n<div class=\"wp-block-image\">\n<figure class=\"alignleft size-medium\"><a href=\"https:\/\/lospoliticosveracruz.com.mx\/wp-content\/uploads\/2021\/10\/Zacauilt.jpg\"><img decoding=\"async\" src=\"https:\/\/lospoliticosveracruz.com.mx\/wp-content\/uploads\/2021\/10\/Zacauilt-150x300.jpg\" alt=\"\" class=\"wp-image-80558\"\/><\/a><\/figure>\n<\/div>\n\n\n<p>La propuesta por supuesto, vino del presidente L\u00f3pez Obrador que con esto mand\u00f3 al diablo su promesa de que la Guardia Nacional estar\u00eda siempre bajo el mando de una autoridad civil, aunque solo sea en el papel.&nbsp;<\/p>\n\n\n\n<p>El primero en pegar de gritos fue el l\u00edder del PRI, Alejandro \u201cAlito\u201d Moreno que dijo que su partido jam\u00e1s apoyar\u00eda una aberraci\u00f3n de esa naturaleza por anticonstitucional y antidemocr\u00e1tica. Pero mientras Alito pegaba de berridos, la diputada priista Yolanda de la Torre present\u00f3 una iniciativa para ampliar del 2024 al 2028 la presencia de las Fuerzas Armadas en tareas de seguridad, y nadie le quita de la cabeza a panistas y perredistas que el PRI se vendi\u00f3 a Morena.&nbsp;<\/p>\n\n\n\n<p>M\u00e1s tard\u00f3 do\u00f1a Yola en presentar su iniciativa, que en desatarse el rumor de que el coordinador de Morena, Ignacio Mier, habr\u00eda ofrecido a los priistas \u201cacomodar\u201d los cargos en la Secci\u00f3n Instructora y evitar con ello el desafuero de Alito. Y algo de cierto ha de haber donde Layda Sansores anunci\u00f3 que retiraba los cargos contra el l\u00edder del tricolor (es decir, ya no habr\u00e1 desafuero), despu\u00e9s de que Yolanda presentara la iniciativa.&nbsp;<\/p>\n\n\n\n<p>Tras esto vino el numerito de la \u201cunidad partidista\u201d. Los priistas emitieron un comunicado que dice en su parte medular: \u201cLos legisladores priistas Yolanda de la Torre, Ildefonso Guajardo, Carlos Iriarte, Frinn\u00e9 Azuara, Melissa Vargas, Jos\u00e9 Francisco Yunes y Adriana Campos refrendaron su propuesta de ampliar hasta 2028 el periodo en que el Presidente de la Rep\u00fablica podr\u00e1 disponer de las Fuerzas Armadas para tareas de seguridad p\u00fablica, al argumentar que la iniciativa es una medida enfocada en resolver los problemas de inseguridad que se enfrentan en el pa\u00eds\u201d.<\/p>\n\n\n\n<p>Aunque unidad unidad, lo que se dice unidad, pues como que no la hubo. Quien se desmarc\u00f3 de inmediato fue diputado Jos\u00e9 Francisco Yunes Zorrilla al hacerle ver al coordinador de su bancada, Rub\u00e9n Moreira, que nunca respald\u00f3 esa iniciativa. Y tan no la respald\u00f3 que escribi\u00f3 en sus redes: \u201cEl debate respecto a la propuesta de extender la presencia de las Fuerzas Armadas en la Guardia Nacional debe realizarse a finales de la Legislatura, ante la desastrosa gesti\u00f3n en seguridad del gobierno y el incumplimiento en la formaci\u00f3n de nuevos polic\u00edas. \u00c9ste no es el momento para votar modificaciones\u201d.&nbsp;<\/p>\n\n\n\n<p>M\u00e1s adelante dijo a sus compa\u00f1eros legisladores, pero para que lo oyeran los veracruzanos: \u201cSi se somete a votaci\u00f3n en estos momentos la reforma al transitorio para prolongar la presencia de las fuerzas armadas hasta el 2028, yo votar\u00e9 en contra\u201d.<\/p>\n\n\n\n<p>Y los veracruzanos debieron aplaudirle cuando agreg\u00f3: \u201cSi al final de este gobierno se hace evidente que no se hizo lo necesario para conformar una polic\u00eda totalmente civil, entonces s\u00ed discutiremos la posibilidad de ampliar el plazo, pero una vez que haya quedado en evidencia el fracaso del proyecto de seguridad de este gobierno, y s\u00f3lo para no dejar al pa\u00eds en manos de la delincuencia\u201d.<\/p>\n\n\n\n<p>Ojo lector, es bueno subrayar que nadie est\u00e1 en contra de que el Ej\u00e9rcito y la Marina, que son las instituciones mejor calificadas por los mexicanos, se sigan encargando de su seguridad y protecci\u00f3n, sobre todo en municipios flagelados por la violencia. Ese no es el punto.&nbsp;<\/p>\n\n\n\n<p>Lo que est\u00e1 a discusi\u00f3n es el cisma pol\u00edtico y social que est\u00e1 provocando la decisi\u00f3n de Andr\u00e9s Manuel de fusionar a la Guardia Nacional con las Fuerzas Armadas y que ocasion\u00f3 (porque ya sucedi\u00f3), la separaci\u00f3n entre el PAN y el PRI y su inevitable divorcio.&nbsp;<\/p>\n\n\n\n<p>Marko Cort\u00e9s fue muy \u00e1cido: \u201cYo espero que (los priistas) corrijan, que retiren la iniciativa o que la voten en contra. Porque de no hacerlo, el PRI cargar\u00eda con la responsabilidad y tendr\u00eda que explicar el porqu\u00e9 de que no pueda continuar la coalici\u00f3n Va por M\u00e9xico ni en lo legislativo, ni mucho menos en lo electoral\u201d.&nbsp;<\/p>\n\n\n\n<p>Un engallado Alito Moreno le contest\u00f3 mediante un tuit con la soberbia de quien piensa que su partido a\u00fan es hegem\u00f3nico: \u201cEl PRI no recibe ultim\u00e1tum ni acepta \u00f3rdenes de aliados o de adversarios\u201d.&nbsp;<\/p>\n\n\n\n<p>Hoy mi\u00e9rcoles, Alito ofrecer\u00e1 una conferencia donde sacar\u00e1 de la chistera las razones de su apoyo a la iniciativa de Yolanda de la Torre, (en realidad su apoyo es para L\u00f3pez Obrador que lo tiene bien apergollado de los\u2026 de ah\u00ed, lector), con lo que le dar\u00e1 el tiro de gracia a la alianza y (ahora s\u00ed) terminar\u00e1 de fragmentar a su partido.&nbsp;<\/p>\n\n\n\n<p>\u00bfQui\u00e9n pierde con este embrollo? Pierden los mexicanos que deseaban ver liquidado a Morena en el 24 lo que no ser\u00e1 posible sin la alianza opositora. Pierde el PRI porque lo vendieron por la libertad de Alito; pierde el PAN porque no har\u00e1 mucho en solitario y pierde el PRD (quiz\u00e1 hasta el registro) porque depende de esos dos partidos para respirar.&nbsp;<\/p>\n\n\n\n<p>\u00bfQui\u00e9n gana? Gana Andr\u00e9s Manuel que pulveriz\u00f3 la alianza PAN, PRI, PRD lo que despeja el camino a su candidato o candidata para el 24. Gana porque se sali\u00f3 con suya y la GN pasar\u00e1 a manos del Ej\u00e9rcito. Gana Alito porque ya no lo metieron al bote (al menos por ahora). Gana Morena que ya se est\u00e1 frotando las manos con los estados de Coahuila y el Estado de M\u00e9xico que ser\u00e1n suyos el pr\u00f3ximo a\u00f1o. Pero adem\u00e1s\u2026<\/p>\n\n\n\n<p>Gana Jos\u00e9 Francisco Yunes Zorrilla porque al mantener la firmeza de sus convicciones, sali\u00f3 de este diferendo con su dignidad y su reputaci\u00f3n sin m\u00e1cula. Y m\u00e1s fuerte, pol\u00edticamente hablando.&nbsp;<\/p>\n\n\n\n<p>bernardogup@hotmail.com<\/p>\n","protected":false},"excerpt":{"rendered":"<p>Bernardo Guti\u00e9rrez Parra\u00a0 Desde el Caf\u00e9\u00a0 Esta semana comenz\u00f3 calientita en el Congreso de la Uni\u00f3n con el tema de la Guardia Nacional y su incorporaci\u00f3n a las Fuerzas Armadas, un tema en el que los priistas (a excepci\u00f3n de uno) salieron muy raspados entre otras cosas porque su matrimonio por conveniencia con el PAN [&hellip;]<\/p>\n","protected":false},"author":2,"featured_media":0,"comment_status":"closed","ping_status":"closed","sticky":false,"template":"","format":"standard","meta":{"tdm_status":"","tdm_grid_status":"","footnotes":""},"categories":[70],"tags":[618,34206,31231,1026,246,463],"class_list":{"0":"post-95099","1":"post","2":"type-post","3":"status-publish","4":"format-standard","6":"category-de-opinion","7":"tag-andres-manuel-lopez-obrador","8":"tag-bernardo-gutierrez-parra","9":"tag-ignacio-mier","10":"tag-morena","11":"tag-pepe-yunes-zorrilla","12":"tag-violencia"},"yoast_head":"<!-- This site is optimized with the Yoast SEO plugin v27.4 - https:\/\/yoast.com\/product\/yoast-seo-wordpress\/ -->\n<title>GANA AMLO PERO TAMBI\u00c9N PEPE YUNES - Los pol\u00edticos Veracruz<\/title>\n<meta name=\"robots\" content=\"index, follow, max-snippet:-1, max-image-preview:large, max-video-preview:-1\" \/>\n<link rel=\"canonical\" href=\"https:\/\/lospoliticosveracruz.com\/?p=95099\" \/>\n<meta property=\"og:locale\" content=\"es_ES\" \/>\n<meta property=\"og:type\" content=\"article\" \/>\n<meta property=\"og:title\" content=\"GANA AMLO PERO TAMBI\u00c9N PEPE YUNES - Los pol\u00edticos Veracruz\" \/>\n<meta property=\"og:description\" content=\"Bernardo Guti\u00e9rrez Parra\u00a0 Desde el Caf\u00e9\u00a0 Esta semana comenz\u00f3 calientita en el Congreso de la Uni\u00f3n con el tema de la Guardia Nacional y su incorporaci\u00f3n a las Fuerzas Armadas, un tema en el que los priistas (a excepci\u00f3n de uno) salieron muy raspados entre otras cosas porque su matrimonio por conveniencia con el PAN [&hellip;]\" \/>\n<meta property=\"og:url\" content=\"https:\/\/lospoliticosveracruz.com\/?p=95099\" \/>\n<meta property=\"og:site_name\" content=\"Los pol\u00edticos Veracruz\" \/>\n<meta property=\"article:publisher\" content=\"https:\/\/www.facebook.com\/people\/Notimemes-de-los-Polticos\/61565672886568\/\" \/>\n<meta property=\"article:published_time\" content=\"2022-09-07T12:35:46+00:00\" \/>\n<meta property=\"article:modified_time\" content=\"2022-09-07T12:35:51+00:00\" \/>\n<meta property=\"og:image\" content=\"https:\/\/lospoliticosveracruz.com.mx\/wp-content\/uploads\/2021\/10\/Zacauilt-150x300.jpg\" \/>\n<meta name=\"author\" content=\"Lo viste en Los Pol\u00edticos\" \/>\n<meta name=\"twitter:card\" content=\"summary_large_image\" \/>\n<meta name=\"twitter:creator\" content=\"@LosPoliticosVer\" \/>\n<meta name=\"twitter:site\" content=\"@LosPoliticosVer\" \/>\n<meta name=\"twitter:label1\" content=\"Escrito por\" \/>\n\t<meta name=\"twitter:data1\" content=\"Lo viste en Los Pol\u00edticos\" \/>\n\t<meta name=\"twitter:label2\" content=\"Tiempo de lectura\" \/>\n\t<meta name=\"twitter:data2\" content=\"5 minutos\" \/>\n<script type=\"application\/ld+json\" class=\"yoast-schema-graph\">{\"@context\":\"https:\\\/\\\/schema.org\",\"@graph\":[{\"@type\":\"Article\",\"@id\":\"https:\\\/\\\/lospoliticosveracruz.com\\\/?p=95099#article\",\"isPartOf\":{\"@id\":\"https:\\\/\\\/lospoliticosveracruz.com\\\/?p=95099\"},\"author\":{\"name\":\"Lo viste en Los Pol\u00edticos\",\"@id\":\"https:\\\/\\\/lospoliticosveracruz.com\\\/#\\\/schema\\\/person\\\/b8702bb0e538456e6efd07080bf2a4a2\"},\"headline\":\"GANA AMLO PERO TAMBI\u00c9N PEPE YUNES\",\"datePublished\":\"2022-09-07T12:35:46+00:00\",\"dateModified\":\"2022-09-07T12:35:51+00:00\",\"mainEntityOfPage\":{\"@id\":\"https:\\\/\\\/lospoliticosveracruz.com\\\/?p=95099\"},\"wordCount\":1050,\"publisher\":{\"@id\":\"https:\\\/\\\/lospoliticosveracruz.com\\\/#organization\"},\"image\":{\"@id\":\"https:\\\/\\\/lospoliticosveracruz.com\\\/?p=95099#primaryimage\"},\"thumbnailUrl\":\"https:\\\/\\\/lospoliticosveracruz.com.mx\\\/wp-content\\\/uploads\\\/2021\\\/10\\\/Zacauilt-150x300.jpg\",\"keywords\":[\"Andr\u00e9s Manuel L\u00f3pez Obrador\",\"Bernardo Guti\u00e9rrez Parra\",\"Ignacio Mier\",\"Morena\",\"Pepe Yunes Zorrilla\",\"violencia\"],\"articleSection\":[\"De Opini\u00f3n\"],\"inLanguage\":\"es\"},{\"@type\":\"WebPage\",\"@id\":\"https:\\\/\\\/lospoliticosveracruz.com\\\/?p=95099\",\"url\":\"https:\\\/\\\/lospoliticosveracruz.com\\\/?p=95099\",\"name\":\"GANA AMLO PERO TAMBI\u00c9N PEPE YUNES - Los pol\u00edticos Veracruz\",\"isPartOf\":{\"@id\":\"https:\\\/\\\/lospoliticosveracruz.com\\\/#website\"},\"primaryImageOfPage\":{\"@id\":\"https:\\\/\\\/lospoliticosveracruz.com\\\/?p=95099#primaryimage\"},\"image\":{\"@id\":\"https:\\\/\\\/lospoliticosveracruz.com\\\/?p=95099#primaryimage\"},\"thumbnailUrl\":\"https:\\\/\\\/lospoliticosveracruz.com.mx\\\/wp-content\\\/uploads\\\/2021\\\/10\\\/Zacauilt-150x300.jpg\",\"datePublished\":\"2022-09-07T12:35:46+00:00\",\"dateModified\":\"2022-09-07T12:35:51+00:00\",\"breadcrumb\":{\"@id\":\"https:\\\/\\\/lospoliticosveracruz.com\\\/?p=95099#breadcrumb\"},\"inLanguage\":\"es\",\"potentialAction\":[{\"@type\":\"ReadAction\",\"target\":[\"https:\\\/\\\/lospoliticosveracruz.com\\\/?p=95099\"]}]},{\"@type\":\"ImageObject\",\"inLanguage\":\"es\",\"@id\":\"https:\\\/\\\/lospoliticosveracruz.com\\\/?p=95099#primaryimage\",\"url\":\"https:\\\/\\\/lospoliticosveracruz.com.mx\\\/wp-content\\\/uploads\\\/2021\\\/10\\\/Zacauilt-150x300.jpg\",\"contentUrl\":\"https:\\\/\\\/lospoliticosveracruz.com.mx\\\/wp-content\\\/uploads\\\/2021\\\/10\\\/Zacauilt-150x300.jpg\"},{\"@type\":\"BreadcrumbList\",\"@id\":\"https:\\\/\\\/lospoliticosveracruz.com\\\/?p=95099#breadcrumb\",\"itemListElement\":[{\"@type\":\"ListItem\",\"position\":1,\"name\":\"Portada\",\"item\":\"https:\\\/\\\/lospoliticosveracruz.com\\\/\"},{\"@type\":\"ListItem\",\"position\":2,\"name\":\"GANA AMLO PERO TAMBI\u00c9N PEPE YUNES\"}]},{\"@type\":\"WebSite\",\"@id\":\"https:\\\/\\\/lospoliticosveracruz.com\\\/#website\",\"url\":\"https:\\\/\\\/lospoliticosveracruz.com\\\/\",\"name\":\"Los pol\u00edticos Veracruz\",\"description\":\"\",\"publisher\":{\"@id\":\"https:\\\/\\\/lospoliticosveracruz.com\\\/#organization\"},\"potentialAction\":[{\"@type\":\"SearchAction\",\"target\":{\"@type\":\"EntryPoint\",\"urlTemplate\":\"https:\\\/\\\/lospoliticosveracruz.com\\\/?s={search_term_string}\"},\"query-input\":{\"@type\":\"PropertyValueSpecification\",\"valueRequired\":true,\"valueName\":\"search_term_string\"}}],\"inLanguage\":\"es\"},{\"@type\":\"Organization\",\"@id\":\"https:\\\/\\\/lospoliticosveracruz.com\\\/#organization\",\"name\":\"Los pol\u00edticos Veracruz\",\"url\":\"https:\\\/\\\/lospoliticosveracruz.com\\\/\",\"logo\":{\"@type\":\"ImageObject\",\"inLanguage\":\"es\",\"@id\":\"https:\\\/\\\/lospoliticosveracruz.com\\\/#\\\/schema\\\/logo\\\/image\\\/\",\"url\":\"https:\\\/\\\/lospoliticosveracruz.com\\\/wp-content\\\/uploads\\\/2025\\\/12\\\/Logo-Nuevo-LOS-POLITICOS-1.jpg\",\"contentUrl\":\"https:\\\/\\\/lospoliticosveracruz.com\\\/wp-content\\\/uploads\\\/2025\\\/12\\\/Logo-Nuevo-LOS-POLITICOS-1.jpg\",\"width\":260,\"height\":70,\"caption\":\"Los pol\u00edticos Veracruz\"},\"image\":{\"@id\":\"https:\\\/\\\/lospoliticosveracruz.com\\\/#\\\/schema\\\/logo\\\/image\\\/\"},\"sameAs\":[\"https:\\\/\\\/www.facebook.com\\\/people\\\/Notimemes-de-los-Polticos\\\/61565672886568\\\/\",\"https:\\\/\\\/x.com\\\/LosPoliticosVer\"]},{\"@type\":\"Person\",\"@id\":\"https:\\\/\\\/lospoliticosveracruz.com\\\/#\\\/schema\\\/person\\\/b8702bb0e538456e6efd07080bf2a4a2\",\"name\":\"Lo viste en Los Pol\u00edticos\",\"image\":{\"@type\":\"ImageObject\",\"inLanguage\":\"es\",\"@id\":\"https:\\\/\\\/secure.gravatar.com\\\/avatar\\\/3a8de04a2656d44082be478bd6c086daa447c4651605818287b9532d3d0bd435?s=96&d=mm&r=g\",\"url\":\"https:\\\/\\\/secure.gravatar.com\\\/avatar\\\/3a8de04a2656d44082be478bd6c086daa447c4651605818287b9532d3d0bd435?s=96&d=mm&r=g\",\"contentUrl\":\"https:\\\/\\\/secure.gravatar.com\\\/avatar\\\/3a8de04a2656d44082be478bd6c086daa447c4651605818287b9532d3d0bd435?s=96&d=mm&r=g\",\"caption\":\"Lo viste en Los Pol\u00edticos\"},\"url\":\"https:\\\/\\\/lospoliticosveracruz.com\\\/?author=2\"}]}<\/script>\n<!-- \/ Yoast SEO plugin. -->","yoast_head_json":{"title":"GANA AMLO PERO TAMBI\u00c9N PEPE YUNES - Los pol\u00edticos Veracruz","robots":{"index":"index","follow":"follow","max-snippet":"max-snippet:-1","max-image-preview":"max-image-preview:large","max-video-preview":"max-video-preview:-1"},"canonical":"https:\/\/lospoliticosveracruz.com\/?p=95099","og_locale":"es_ES","og_type":"article","og_title":"GANA AMLO PERO TAMBI\u00c9N PEPE YUNES - Los pol\u00edticos Veracruz","og_description":"Bernardo Guti\u00e9rrez Parra\u00a0 Desde el Caf\u00e9\u00a0 Esta semana comenz\u00f3 calientita en el Congreso de la Uni\u00f3n con el tema de la Guardia Nacional y su incorporaci\u00f3n a las Fuerzas Armadas, un tema en el que los priistas (a excepci\u00f3n de uno) salieron muy raspados entre otras cosas porque su matrimonio por conveniencia con el PAN [&hellip;]","og_url":"https:\/\/lospoliticosveracruz.com\/?p=95099","og_site_name":"Los pol\u00edticos Veracruz","article_publisher":"https:\/\/www.facebook.com\/people\/Notimemes-de-los-Polticos\/61565672886568\/","article_published_time":"2022-09-07T12:35:46+00:00","article_modified_time":"2022-09-07T12:35:51+00:00","og_image":[{"url":"https:\/\/lospoliticosveracruz.com.mx\/wp-content\/uploads\/2021\/10\/Zacauilt-150x300.jpg","type":"","width":"","height":""}],"author":"Lo viste en Los Pol\u00edticos","twitter_card":"summary_large_image","twitter_creator":"@LosPoliticosVer","twitter_site":"@LosPoliticosVer","twitter_misc":{"Escrito por":"Lo viste en Los Pol\u00edticos","Tiempo de lectura":"5 minutos"},"schema":{"@context":"https:\/\/schema.org","@graph":[{"@type":"Article","@id":"https:\/\/lospoliticosveracruz.com\/?p=95099#article","isPartOf":{"@id":"https:\/\/lospoliticosveracruz.com\/?p=95099"},"author":{"name":"Lo viste en Los Pol\u00edticos","@id":"https:\/\/lospoliticosveracruz.com\/#\/schema\/person\/b8702bb0e538456e6efd07080bf2a4a2"},"headline":"GANA AMLO PERO TAMBI\u00c9N PEPE YUNES","datePublished":"2022-09-07T12:35:46+00:00","dateModified":"2022-09-07T12:35:51+00:00","mainEntityOfPage":{"@id":"https:\/\/lospoliticosveracruz.com\/?p=95099"},"wordCount":1050,"publisher":{"@id":"https:\/\/lospoliticosveracruz.com\/#organization"},"image":{"@id":"https:\/\/lospoliticosveracruz.com\/?p=95099#primaryimage"},"thumbnailUrl":"https:\/\/lospoliticosveracruz.com.mx\/wp-content\/uploads\/2021\/10\/Zacauilt-150x300.jpg","keywords":["Andr\u00e9s Manuel L\u00f3pez Obrador","Bernardo Guti\u00e9rrez Parra","Ignacio Mier","Morena","Pepe Yunes Zorrilla","violencia"],"articleSection":["De Opini\u00f3n"],"inLanguage":"es"},{"@type":"WebPage","@id":"https:\/\/lospoliticosveracruz.com\/?p=95099","url":"https:\/\/lospoliticosveracruz.com\/?p=95099","name":"GANA AMLO PERO TAMBI\u00c9N PEPE YUNES - Los pol\u00edticos Veracruz","isPartOf":{"@id":"https:\/\/lospoliticosveracruz.com\/#website"},"primaryImageOfPage":{"@id":"https:\/\/lospoliticosveracruz.com\/?p=95099#primaryimage"},"image":{"@id":"https:\/\/lospoliticosveracruz.com\/?p=95099#primaryimage"},"thumbnailUrl":"https:\/\/lospoliticosveracruz.com.mx\/wp-content\/uploads\/2021\/10\/Zacauilt-150x300.jpg","datePublished":"2022-09-07T12:35:46+00:00","dateModified":"2022-09-07T12:35:51+00:00","breadcrumb":{"@id":"https:\/\/lospoliticosveracruz.com\/?p=95099#breadcrumb"},"inLanguage":"es","potentialAction":[{"@type":"ReadAction","target":["https:\/\/lospoliticosveracruz.com\/?p=95099"]}]},{"@type":"ImageObject","inLanguage":"es","@id":"https:\/\/lospoliticosveracruz.com\/?p=95099#primaryimage","url":"https:\/\/lospoliticosveracruz.com.mx\/wp-content\/uploads\/2021\/10\/Zacauilt-150x300.jpg","contentUrl":"https:\/\/lospoliticosveracruz.com.mx\/wp-content\/uploads\/2021\/10\/Zacauilt-150x300.jpg"},{"@type":"BreadcrumbList","@id":"https:\/\/lospoliticosveracruz.com\/?p=95099#breadcrumb","itemListElement":[{"@type":"ListItem","position":1,"name":"Portada","item":"https:\/\/lospoliticosveracruz.com\/"},{"@type":"ListItem","position":2,"name":"GANA AMLO PERO TAMBI\u00c9N PEPE YUNES"}]},{"@type":"WebSite","@id":"https:\/\/lospoliticosveracruz.com\/#website","url":"https:\/\/lospoliticosveracruz.com\/","name":"Los pol\u00edticos Veracruz","description":"","publisher":{"@id":"https:\/\/lospoliticosveracruz.com\/#organization"},"potentialAction":[{"@type":"SearchAction","target":{"@type":"EntryPoint","urlTemplate":"https:\/\/lospoliticosveracruz.com\/?s={search_term_string}"},"query-input":{"@type":"PropertyValueSpecification","valueRequired":true,"valueName":"search_term_string"}}],"inLanguage":"es"},{"@type":"Organization","@id":"https:\/\/lospoliticosveracruz.com\/#organization","name":"Los pol\u00edticos Veracruz","url":"https:\/\/lospoliticosveracruz.com\/","logo":{"@type":"ImageObject","inLanguage":"es","@id":"https:\/\/lospoliticosveracruz.com\/#\/schema\/logo\/image\/","url":"https:\/\/lospoliticosveracruz.com\/wp-content\/uploads\/2025\/12\/Logo-Nuevo-LOS-POLITICOS-1.jpg","contentUrl":"https:\/\/lospoliticosveracruz.com\/wp-content\/uploads\/2025\/12\/Logo-Nuevo-LOS-POLITICOS-1.jpg","width":260,"height":70,"caption":"Los pol\u00edticos Veracruz"},"image":{"@id":"https:\/\/lospoliticosveracruz.com\/#\/schema\/logo\/image\/"},"sameAs":["https:\/\/www.facebook.com\/people\/Notimemes-de-los-Polticos\/61565672886568\/","https:\/\/x.com\/LosPoliticosVer"]},{"@type":"Person","@id":"https:\/\/lospoliticosveracruz.com\/#\/schema\/person\/b8702bb0e538456e6efd07080bf2a4a2","name":"Lo viste en Los Pol\u00edticos","image":{"@type":"ImageObject","inLanguage":"es","@id":"https:\/\/secure.gravatar.com\/avatar\/3a8de04a2656d44082be478bd6c086daa447c4651605818287b9532d3d0bd435?s=96&d=mm&r=g","url":"https:\/\/secure.gravatar.com\/avatar\/3a8de04a2656d44082be478bd6c086daa447c4651605818287b9532d3d0bd435?s=96&d=mm&r=g","contentUrl":"https:\/\/secure.gravatar.com\/avatar\/3a8de04a2656d44082be478bd6c086daa447c4651605818287b9532d3d0bd435?s=96&d=mm&r=g","caption":"Lo viste en Los Pol\u00edticos"},"url":"https:\/\/lospoliticosveracruz.com\/?author=2"}]}},"_links":{"self":[{"href":"https:\/\/lospoliticosveracruz.com\/index.php?rest_route=\/wp\/v2\/posts\/95099","targetHints":{"allow":["GET"]}}],"collection":[{"href":"https:\/\/lospoliticosveracruz.com\/index.php?rest_route=\/wp\/v2\/posts"}],"about":[{"href":"https:\/\/lospoliticosveracruz.com\/index.php?rest_route=\/wp\/v2\/types\/post"}],"author":[{"embeddable":true,"href":"https:\/\/lospoliticosveracruz.com\/index.php?rest_route=\/wp\/v2\/users\/2"}],"replies":[{"embeddable":true,"href":"https:\/\/lospoliticosveracruz.com\/index.php?rest_route=%2Fwp%2Fv2%2Fcomments&post=95099"}],"version-history":[{"count":1,"href":"https:\/\/lospoliticosveracruz.com\/index.php?rest_route=\/wp\/v2\/posts\/95099\/revisions"}],"predecessor-version":[{"id":95102,"href":"https:\/\/lospoliticosveracruz.com\/index.php?rest_route=\/wp\/v2\/posts\/95099\/revisions\/95102"}],"wp:attachment":[{"href":"https:\/\/lospoliticosveracruz.com\/index.php?rest_route=%2Fwp%2Fv2%2Fmedia&parent=95099"}],"wp:term":[{"taxonomy":"category","embeddable":true,"href":"https:\/\/lospoliticosveracruz.com\/index.php?rest_route=%2Fwp%2Fv2%2Fcategories&post=95099"},{"taxonomy":"post_tag","embeddable":true,"href":"https:\/\/lospoliticosveracruz.com\/index.php?rest_route=%2Fwp%2Fv2%2Ftags&post=95099"}],"curies":[{"name":"wp","href":"https:\/\/api.w.org\/{rel}","templated":true}]}}