{"id":95135,"date":"2022-09-07T20:43:07","date_gmt":"2022-09-08T01:43:07","guid":{"rendered":"https:\/\/lospoliticosveracruz.com.mx\/?p=95135"},"modified":"2022-09-07T21:43:53","modified_gmt":"2022-09-08T02:43:53","slug":"marko-alito-y-adan","status":"publish","type":"post","link":"https:\/\/lospoliticosveracruz.com\/?p=95135","title":{"rendered":"MARKO, ALITO Y AD\u00c1N"},"content":{"rendered":"\n<p><strong>Salvador Mu\u00f1oz<\/strong><\/p>\n\n\n\n<p><em>Los Pol\u00edticos<\/em><\/p>\n\n\n\n<p>El mensaje de Marko Cort\u00e9s, en lo particular, est\u00e1 fuera de contexto, y en lugar de verlo como una \u201csuspensi\u00f3n temporal de la Alianza\u201d, parece m\u00e1s una \u201cdeclaraci\u00f3n entripada\u201d o \u201cberrinche pol\u00edtico\u201d por el absolutismo que le confiere a Alejandro Moreno: Alito es el PRI.<\/p>\n\n\n\n<p>S\u00ed, a simple vista, la imagen de Alito representa por el cargo de dirigente del partido, los intereses de los militantes, pero creo que en esta ocasi\u00f3n, no necesariamente\u2026 es seguro que muchos de los pri\u00edstas \u201cde coraza\u201d, dijeran en el barrio, les haya ca\u00eddo como patada de mula, la propuesta tricolor que muchos consideran es un traje a la medida para el Presidente y su pretensi\u00f3n de calderonizar al Pa\u00eds\u2026 perd\u00f3n: militarizarlo, o como dijo Alito y su grupo de diputados afines: \u201calargar las labores del Ej\u00e9rcito en materia de seguridad hasta 2028\u201d.<\/p>\n\n\n\n<figure class=\"wp-block-embed is-type-video is-provider-youtube wp-block-embed-youtube wp-embed-aspect-16-9 wp-has-aspect-ratio\"><div class=\"wp-block-embed__wrapper\">\n<iframe loading=\"lazy\" title=\"Cluster Coworking\" width=\"696\" height=\"392\" src=\"https:\/\/www.youtube.com\/embed\/Nxe-vxf8GuY?feature=oembed\" frameborder=\"0\" allow=\"accelerometer; autoplay; clipboard-write; encrypted-media; gyroscope; picture-in-picture; web-share\" referrerpolicy=\"strict-origin-when-cross-origin\" allowfullscreen><\/iframe>\n<\/div><\/figure>\n\n\n\n<p>Luego entonces, qu\u00e9 hubiera pasado si Marko Cort\u00e9s particulariza su declaraci\u00f3n enfocando s\u00f3lo al l\u00edder de bancada y al presidente del partido: Aejandro Moreno, y a la vez, invitar a esos pri\u00edstas que no est\u00e1n de acuerdo con su dirigente, a continuar con la alianza\u2026 creo que all\u00ed se ver\u00eda a los pri\u00edstas que est\u00e1n por convicci\u00f3n con la instituci\u00f3n y no con el hombre\u2026<\/p>\n\n\n\n<p>Hacerlo de ese modo implicar\u00eda ver a Marko como ajedrecista: pones en jaque al Rey pero no tocas al resto de las fichas.<\/p>\n\n\n\n<p>Bueno, quien ya dio el primer paso, fue el panismo, pero el pri\u00edsmo\u2026<\/p>\n\n\n\n<p>La serie de eventos que se desencadenan con esta propuesta del Revolucionario, a todas luces a favor de las pretensiones del Presidente, obligan a los pri\u00edstas nuevamente a reflexionar sobre la permanencia de Alejandro Morena al frente del partido teniendo a la vuelta de la esquina una elecci\u00f3n sumamente relevante como la que se avecina en el 2023 en el Estado de M\u00e9xico.<\/p>\n\n\n\n<p>La posici\u00f3n en que se puso de pechito el mismo Alito, abri\u00f3 un resquicio para voltear al viejo pr\u00edismo\u2026 s\u00ed, porque en s\u00ed, Alejandro Moreno no deja de ser un babysaurio, sobreviviente de los orgullos del pe\u00f1ismo, forjado por el Institucional desde sus cimientos como dirigente juvenil, de los tiempos de Am\u00e9rico Z\u00fa\u00f1iga, Miguel Mac\u00edas, Fofo Ram\u00edrez Arana y otros que hoy ya van ara\u00f1ando la categor\u00eda de \u201cchavo-ruco\u201d.<\/p>\n\n\n\n<p>Entre esos viejos pri\u00edstas que alzan la cara por el partido, ya se vio hace unas semanas, a Beatriz Paredes Rangel y hoy, ese priismo que se resiste a morir en manos de un babysaurio, voltea a ver a Miguel \u00c1ngel Osorio Chong\u2026<\/p>\n\n\n\n<p>Y la pregunta empieza a permear el ambiente: <em>\u00bfOsorio Chong al PRI?<\/em><\/p>\n\n\n\n<p>A Alito le queda todav\u00eda un a\u00f1o al frente del partido, y a como est\u00e1n las cosas electorales, en una de \u00e9sas se la prolonga hasta el 2024\u2026 todo depende\u2026 o depender\u00e1 de la militancia, de esa militancia que va quedando en el otrora Partidazo.<\/p>\n\n\n\n<p>Mientras, a esperar la Calderonizaci\u00f3n del pa\u00eds\u2026 o militarizaci\u00f3n, como guste decirlo\u2026<\/p>\n\n\n\n<p>Es curioso, porque el PAN tiene la gran oportunidad de dar un golpe pol\u00edtico gracias a Alito que lejos de ayudar a su partido, pareciera que lo hunde m\u00e1s\u2026 Si hubiera que resumir la situaci\u00f3n de Marko Cort\u00e9s y Alejandro Moreno en un meme, les dir\u00eda que m\u00e1s que un cuchicheo al o\u00eddo, Ad\u00e1n Augusto L\u00f3pez Hern\u00e1ndez le dio un piquete de costillas a Alito\u2026<\/p>\n\n\n\n<p>smcainito@gmail.com<\/p>\n","protected":false},"excerpt":{"rendered":"<p>Salvador Mu\u00f1oz Los Pol\u00edticos El mensaje de Marko Cort\u00e9s, en lo particular, est\u00e1 fuera de contexto, y en lugar de verlo como una \u201csuspensi\u00f3n temporal de la Alianza\u201d, parece m\u00e1s una \u201cdeclaraci\u00f3n entripada\u201d o \u201cberrinche pol\u00edtico\u201d por el absolutismo que le confiere a Alejandro Moreno: Alito es el PRI. S\u00ed, a simple vista, la imagen [&hellip;]<\/p>\n","protected":false},"author":2,"featured_media":0,"comment_status":"closed","ping_status":"closed","sticky":false,"template":"","format":"standard","meta":{"tdm_status":"","tdm_grid_status":"","footnotes":""},"categories":[70],"tags":[14170,4770,12562,445,10474,246],"class_list":{"0":"post-95135","1":"post","2":"type-post","3":"status-publish","4":"format-standard","6":"category-de-opinion","7":"tag-alejandro-moreno","8":"tag-lorena-pinon-rivera","9":"tag-marko-cortes","10":"tag-miguel-angel-osorio-chong","11":"tag-militarizacion","12":"tag-pepe-yunes-zorrilla"},"yoast_head":"<!-- This site is optimized with the Yoast SEO plugin v27.4 - https:\/\/yoast.com\/product\/yoast-seo-wordpress\/ -->\n<title>MARKO, ALITO Y AD\u00c1N - Los pol\u00edticos Veracruz<\/title>\n<meta name=\"robots\" content=\"index, follow, max-snippet:-1, max-image-preview:large, max-video-preview:-1\" \/>\n<link rel=\"canonical\" href=\"https:\/\/lospoliticosveracruz.com\/?p=95135\" \/>\n<meta property=\"og:locale\" content=\"es_ES\" \/>\n<meta property=\"og:type\" content=\"article\" \/>\n<meta property=\"og:title\" content=\"MARKO, ALITO Y AD\u00c1N - Los pol\u00edticos Veracruz\" \/>\n<meta property=\"og:description\" content=\"Salvador Mu\u00f1oz Los Pol\u00edticos El mensaje de Marko Cort\u00e9s, en lo particular, est\u00e1 fuera de contexto, y en lugar de verlo como una \u201csuspensi\u00f3n temporal de la Alianza\u201d, parece m\u00e1s una \u201cdeclaraci\u00f3n entripada\u201d o \u201cberrinche pol\u00edtico\u201d por el absolutismo que le confiere a Alejandro Moreno: Alito es el PRI. S\u00ed, a simple vista, la imagen [&hellip;]\" \/>\n<meta property=\"og:url\" content=\"https:\/\/lospoliticosveracruz.com\/?p=95135\" \/>\n<meta property=\"og:site_name\" content=\"Los pol\u00edticos Veracruz\" \/>\n<meta property=\"article:publisher\" content=\"https:\/\/www.facebook.com\/people\/Notimemes-de-los-Polticos\/61565672886568\/\" \/>\n<meta property=\"article:published_time\" content=\"2022-09-08T01:43:07+00:00\" \/>\n<meta property=\"article:modified_time\" content=\"2022-09-08T02:43:53+00:00\" \/>\n<meta property=\"og:image\" content=\"https:\/\/lospoliticosveracruz.com\/wp-content\/uploads\/2016\/07\/Logo-Dor.jpg\" \/>\n\t<meta property=\"og:image:width\" content=\"200\" \/>\n\t<meta property=\"og:image:height\" content=\"200\" \/>\n\t<meta property=\"og:image:type\" content=\"image\/jpeg\" \/>\n<meta name=\"author\" content=\"Lo viste en Los Pol\u00edticos\" \/>\n<meta name=\"twitter:card\" content=\"summary_large_image\" \/>\n<meta name=\"twitter:creator\" content=\"@LosPoliticosVer\" \/>\n<meta name=\"twitter:site\" content=\"@LosPoliticosVer\" \/>\n<meta name=\"twitter:label1\" content=\"Escrito por\" \/>\n\t<meta name=\"twitter:data1\" content=\"Lo viste en Los Pol\u00edticos\" \/>\n\t<meta name=\"twitter:label2\" content=\"Tiempo de lectura\" \/>\n\t<meta name=\"twitter:data2\" content=\"3 minutos\" \/>\n<script type=\"application\/ld+json\" class=\"yoast-schema-graph\">{\"@context\":\"https:\\\/\\\/schema.org\",\"@graph\":[{\"@type\":\"Article\",\"@id\":\"https:\\\/\\\/lospoliticosveracruz.com\\\/?p=95135#article\",\"isPartOf\":{\"@id\":\"https:\\\/\\\/lospoliticosveracruz.com\\\/?p=95135\"},\"author\":{\"name\":\"Lo viste en Los Pol\u00edticos\",\"@id\":\"https:\\\/\\\/lospoliticosveracruz.com\\\/#\\\/schema\\\/person\\\/b8702bb0e538456e6efd07080bf2a4a2\"},\"headline\":\"MARKO, ALITO Y AD\u00c1N\",\"datePublished\":\"2022-09-08T01:43:07+00:00\",\"dateModified\":\"2022-09-08T02:43:53+00:00\",\"mainEntityOfPage\":{\"@id\":\"https:\\\/\\\/lospoliticosveracruz.com\\\/?p=95135\"},\"wordCount\":619,\"publisher\":{\"@id\":\"https:\\\/\\\/lospoliticosveracruz.com\\\/#organization\"},\"keywords\":[\"Alejandro Moreno\",\"Lorena Pi\u00f1\u00f3n Rivera\",\"Marko Cort\u00e9s\",\"Miguel \u00c1ngel Osorio Chong\",\"Militarizaci\u00f3n\",\"Pepe Yunes Zorrilla\"],\"articleSection\":[\"De Opini\u00f3n\"],\"inLanguage\":\"es\"},{\"@type\":\"WebPage\",\"@id\":\"https:\\\/\\\/lospoliticosveracruz.com\\\/?p=95135\",\"url\":\"https:\\\/\\\/lospoliticosveracruz.com\\\/?p=95135\",\"name\":\"MARKO, ALITO Y AD\u00c1N - Los pol\u00edticos Veracruz\",\"isPartOf\":{\"@id\":\"https:\\\/\\\/lospoliticosveracruz.com\\\/#website\"},\"datePublished\":\"2022-09-08T01:43:07+00:00\",\"dateModified\":\"2022-09-08T02:43:53+00:00\",\"breadcrumb\":{\"@id\":\"https:\\\/\\\/lospoliticosveracruz.com\\\/?p=95135#breadcrumb\"},\"inLanguage\":\"es\",\"potentialAction\":[{\"@type\":\"ReadAction\",\"target\":[\"https:\\\/\\\/lospoliticosveracruz.com\\\/?p=95135\"]}]},{\"@type\":\"BreadcrumbList\",\"@id\":\"https:\\\/\\\/lospoliticosveracruz.com\\\/?p=95135#breadcrumb\",\"itemListElement\":[{\"@type\":\"ListItem\",\"position\":1,\"name\":\"Portada\",\"item\":\"https:\\\/\\\/lospoliticosveracruz.com\\\/\"},{\"@type\":\"ListItem\",\"position\":2,\"name\":\"MARKO, ALITO Y AD\u00c1N\"}]},{\"@type\":\"WebSite\",\"@id\":\"https:\\\/\\\/lospoliticosveracruz.com\\\/#website\",\"url\":\"https:\\\/\\\/lospoliticosveracruz.com\\\/\",\"name\":\"Los pol\u00edticos Veracruz\",\"description\":\"\",\"publisher\":{\"@id\":\"https:\\\/\\\/lospoliticosveracruz.com\\\/#organization\"},\"potentialAction\":[{\"@type\":\"SearchAction\",\"target\":{\"@type\":\"EntryPoint\",\"urlTemplate\":\"https:\\\/\\\/lospoliticosveracruz.com\\\/?s={search_term_string}\"},\"query-input\":{\"@type\":\"PropertyValueSpecification\",\"valueRequired\":true,\"valueName\":\"search_term_string\"}}],\"inLanguage\":\"es\"},{\"@type\":\"Organization\",\"@id\":\"https:\\\/\\\/lospoliticosveracruz.com\\\/#organization\",\"name\":\"Los pol\u00edticos Veracruz\",\"url\":\"https:\\\/\\\/lospoliticosveracruz.com\\\/\",\"logo\":{\"@type\":\"ImageObject\",\"inLanguage\":\"es\",\"@id\":\"https:\\\/\\\/lospoliticosveracruz.com\\\/#\\\/schema\\\/logo\\\/image\\\/\",\"url\":\"https:\\\/\\\/lospoliticosveracruz.com\\\/wp-content\\\/uploads\\\/2025\\\/12\\\/Logo-Nuevo-LOS-POLITICOS-1.jpg\",\"contentUrl\":\"https:\\\/\\\/lospoliticosveracruz.com\\\/wp-content\\\/uploads\\\/2025\\\/12\\\/Logo-Nuevo-LOS-POLITICOS-1.jpg\",\"width\":260,\"height\":70,\"caption\":\"Los pol\u00edticos Veracruz\"},\"image\":{\"@id\":\"https:\\\/\\\/lospoliticosveracruz.com\\\/#\\\/schema\\\/logo\\\/image\\\/\"},\"sameAs\":[\"https:\\\/\\\/www.facebook.com\\\/people\\\/Notimemes-de-los-Polticos\\\/61565672886568\\\/\",\"https:\\\/\\\/x.com\\\/LosPoliticosVer\"]},{\"@type\":\"Person\",\"@id\":\"https:\\\/\\\/lospoliticosveracruz.com\\\/#\\\/schema\\\/person\\\/b8702bb0e538456e6efd07080bf2a4a2\",\"name\":\"Lo viste en Los Pol\u00edticos\",\"image\":{\"@type\":\"ImageObject\",\"inLanguage\":\"es\",\"@id\":\"https:\\\/\\\/secure.gravatar.com\\\/avatar\\\/3a8de04a2656d44082be478bd6c086daa447c4651605818287b9532d3d0bd435?s=96&d=mm&r=g\",\"url\":\"https:\\\/\\\/secure.gravatar.com\\\/avatar\\\/3a8de04a2656d44082be478bd6c086daa447c4651605818287b9532d3d0bd435?s=96&d=mm&r=g\",\"contentUrl\":\"https:\\\/\\\/secure.gravatar.com\\\/avatar\\\/3a8de04a2656d44082be478bd6c086daa447c4651605818287b9532d3d0bd435?s=96&d=mm&r=g\",\"caption\":\"Lo viste en Los Pol\u00edticos\"},\"url\":\"https:\\\/\\\/lospoliticosveracruz.com\\\/?author=2\"}]}<\/script>\n<!-- \/ Yoast SEO plugin. -->","yoast_head_json":{"title":"MARKO, ALITO Y AD\u00c1N - Los pol\u00edticos Veracruz","robots":{"index":"index","follow":"follow","max-snippet":"max-snippet:-1","max-image-preview":"max-image-preview:large","max-video-preview":"max-video-preview:-1"},"canonical":"https:\/\/lospoliticosveracruz.com\/?p=95135","og_locale":"es_ES","og_type":"article","og_title":"MARKO, ALITO Y AD\u00c1N - Los pol\u00edticos Veracruz","og_description":"Salvador Mu\u00f1oz Los Pol\u00edticos El mensaje de Marko Cort\u00e9s, en lo particular, est\u00e1 fuera de contexto, y en lugar de verlo como una \u201csuspensi\u00f3n temporal de la Alianza\u201d, parece m\u00e1s una \u201cdeclaraci\u00f3n entripada\u201d o \u201cberrinche pol\u00edtico\u201d por el absolutismo que le confiere a Alejandro Moreno: Alito es el PRI. S\u00ed, a simple vista, la imagen [&hellip;]","og_url":"https:\/\/lospoliticosveracruz.com\/?p=95135","og_site_name":"Los pol\u00edticos Veracruz","article_publisher":"https:\/\/www.facebook.com\/people\/Notimemes-de-los-Polticos\/61565672886568\/","article_published_time":"2022-09-08T01:43:07+00:00","article_modified_time":"2022-09-08T02:43:53+00:00","og_image":[{"width":200,"height":200,"url":"https:\/\/lospoliticosveracruz.com\/wp-content\/uploads\/2016\/07\/Logo-Dor.jpg","type":"image\/jpeg"}],"author":"Lo viste en Los Pol\u00edticos","twitter_card":"summary_large_image","twitter_creator":"@LosPoliticosVer","twitter_site":"@LosPoliticosVer","twitter_misc":{"Escrito por":"Lo viste en Los Pol\u00edticos","Tiempo de lectura":"3 minutos"},"schema":{"@context":"https:\/\/schema.org","@graph":[{"@type":"Article","@id":"https:\/\/lospoliticosveracruz.com\/?p=95135#article","isPartOf":{"@id":"https:\/\/lospoliticosveracruz.com\/?p=95135"},"author":{"name":"Lo viste en Los Pol\u00edticos","@id":"https:\/\/lospoliticosveracruz.com\/#\/schema\/person\/b8702bb0e538456e6efd07080bf2a4a2"},"headline":"MARKO, ALITO Y AD\u00c1N","datePublished":"2022-09-08T01:43:07+00:00","dateModified":"2022-09-08T02:43:53+00:00","mainEntityOfPage":{"@id":"https:\/\/lospoliticosveracruz.com\/?p=95135"},"wordCount":619,"publisher":{"@id":"https:\/\/lospoliticosveracruz.com\/#organization"},"keywords":["Alejandro Moreno","Lorena Pi\u00f1\u00f3n Rivera","Marko Cort\u00e9s","Miguel \u00c1ngel Osorio Chong","Militarizaci\u00f3n","Pepe Yunes Zorrilla"],"articleSection":["De Opini\u00f3n"],"inLanguage":"es"},{"@type":"WebPage","@id":"https:\/\/lospoliticosveracruz.com\/?p=95135","url":"https:\/\/lospoliticosveracruz.com\/?p=95135","name":"MARKO, ALITO Y AD\u00c1N - Los pol\u00edticos Veracruz","isPartOf":{"@id":"https:\/\/lospoliticosveracruz.com\/#website"},"datePublished":"2022-09-08T01:43:07+00:00","dateModified":"2022-09-08T02:43:53+00:00","breadcrumb":{"@id":"https:\/\/lospoliticosveracruz.com\/?p=95135#breadcrumb"},"inLanguage":"es","potentialAction":[{"@type":"ReadAction","target":["https:\/\/lospoliticosveracruz.com\/?p=95135"]}]},{"@type":"BreadcrumbList","@id":"https:\/\/lospoliticosveracruz.com\/?p=95135#breadcrumb","itemListElement":[{"@type":"ListItem","position":1,"name":"Portada","item":"https:\/\/lospoliticosveracruz.com\/"},{"@type":"ListItem","position":2,"name":"MARKO, ALITO Y AD\u00c1N"}]},{"@type":"WebSite","@id":"https:\/\/lospoliticosveracruz.com\/#website","url":"https:\/\/lospoliticosveracruz.com\/","name":"Los pol\u00edticos Veracruz","description":"","publisher":{"@id":"https:\/\/lospoliticosveracruz.com\/#organization"},"potentialAction":[{"@type":"SearchAction","target":{"@type":"EntryPoint","urlTemplate":"https:\/\/lospoliticosveracruz.com\/?s={search_term_string}"},"query-input":{"@type":"PropertyValueSpecification","valueRequired":true,"valueName":"search_term_string"}}],"inLanguage":"es"},{"@type":"Organization","@id":"https:\/\/lospoliticosveracruz.com\/#organization","name":"Los pol\u00edticos Veracruz","url":"https:\/\/lospoliticosveracruz.com\/","logo":{"@type":"ImageObject","inLanguage":"es","@id":"https:\/\/lospoliticosveracruz.com\/#\/schema\/logo\/image\/","url":"https:\/\/lospoliticosveracruz.com\/wp-content\/uploads\/2025\/12\/Logo-Nuevo-LOS-POLITICOS-1.jpg","contentUrl":"https:\/\/lospoliticosveracruz.com\/wp-content\/uploads\/2025\/12\/Logo-Nuevo-LOS-POLITICOS-1.jpg","width":260,"height":70,"caption":"Los pol\u00edticos Veracruz"},"image":{"@id":"https:\/\/lospoliticosveracruz.com\/#\/schema\/logo\/image\/"},"sameAs":["https:\/\/www.facebook.com\/people\/Notimemes-de-los-Polticos\/61565672886568\/","https:\/\/x.com\/LosPoliticosVer"]},{"@type":"Person","@id":"https:\/\/lospoliticosveracruz.com\/#\/schema\/person\/b8702bb0e538456e6efd07080bf2a4a2","name":"Lo viste en Los Pol\u00edticos","image":{"@type":"ImageObject","inLanguage":"es","@id":"https:\/\/secure.gravatar.com\/avatar\/3a8de04a2656d44082be478bd6c086daa447c4651605818287b9532d3d0bd435?s=96&d=mm&r=g","url":"https:\/\/secure.gravatar.com\/avatar\/3a8de04a2656d44082be478bd6c086daa447c4651605818287b9532d3d0bd435?s=96&d=mm&r=g","contentUrl":"https:\/\/secure.gravatar.com\/avatar\/3a8de04a2656d44082be478bd6c086daa447c4651605818287b9532d3d0bd435?s=96&d=mm&r=g","caption":"Lo viste en Los Pol\u00edticos"},"url":"https:\/\/lospoliticosveracruz.com\/?author=2"}]}},"_links":{"self":[{"href":"https:\/\/lospoliticosveracruz.com\/index.php?rest_route=\/wp\/v2\/posts\/95135","targetHints":{"allow":["GET"]}}],"collection":[{"href":"https:\/\/lospoliticosveracruz.com\/index.php?rest_route=\/wp\/v2\/posts"}],"about":[{"href":"https:\/\/lospoliticosveracruz.com\/index.php?rest_route=\/wp\/v2\/types\/post"}],"author":[{"embeddable":true,"href":"https:\/\/lospoliticosveracruz.com\/index.php?rest_route=\/wp\/v2\/users\/2"}],"replies":[{"embeddable":true,"href":"https:\/\/lospoliticosveracruz.com\/index.php?rest_route=%2Fwp%2Fv2%2Fcomments&post=95135"}],"version-history":[{"count":2,"href":"https:\/\/lospoliticosveracruz.com\/index.php?rest_route=\/wp\/v2\/posts\/95135\/revisions"}],"predecessor-version":[{"id":95140,"href":"https:\/\/lospoliticosveracruz.com\/index.php?rest_route=\/wp\/v2\/posts\/95135\/revisions\/95140"}],"wp:attachment":[{"href":"https:\/\/lospoliticosveracruz.com\/index.php?rest_route=%2Fwp%2Fv2%2Fmedia&parent=95135"}],"wp:term":[{"taxonomy":"category","embeddable":true,"href":"https:\/\/lospoliticosveracruz.com\/index.php?rest_route=%2Fwp%2Fv2%2Fcategories&post=95135"},{"taxonomy":"post_tag","embeddable":true,"href":"https:\/\/lospoliticosveracruz.com\/index.php?rest_route=%2Fwp%2Fv2%2Ftags&post=95135"}],"curies":[{"name":"wp","href":"https:\/\/api.w.org\/{rel}","templated":true}]}}